{"id":30432,"date":"2014-11-04T04:11:18","date_gmt":"2014-11-04T06:11:18","guid":{"rendered":"http:\/\/www.pedromigao.com.br\/ourodetolo\/?p=30432"},"modified":"2014-11-03T15:40:02","modified_gmt":"2014-11-03T17:40:02","slug":"quatro-decadas-de-vida","status":"publish","type":"post","link":"http:\/\/www.pedromigao.com.br\/ourodetolo\/2014\/11\/quatro-decadas-de-vida\/","title":{"rendered":"Quatro D\u00e9cadas de Vida"},"content":{"rendered":"<p style=\"text-align: justify;\">Eu, Pedro Mig\u00e3o, editor e coordenador desta revista eletr\u00f4nica, completo no dia de hoje 40 anos. Quatro d\u00e9cadas de vida.<\/p>\n<p style=\"text-align: justify;\">De acordo com os recentes progn\u00f3sticos m\u00e9dicos e sociais, 40 anos, quatro d\u00e9cadas, representam aproximadamente a metade da expectativa de vida de uma pessoa aqui no Brasil, pelo menos nas grandes cidades.<\/p>\n<p style=\"text-align: justify;\">Hora de um balan\u00e7o?<\/p>\n<p style=\"text-align: justify;\">Hora de olhar para tr\u00e1s. Muitas vezes nos concentramos em nosso dia a dia e esquecemos de celebrar o que conquistamos. Muitas vezes se precisa de um agente externo para se dar conta disso. Explico.<\/p>\n<p style=\"text-align: justify;\">Semana passada participei da reuni\u00e3o anual da ger\u00eancia onde trabalho. Um dos eventos foi uma a\u00e7\u00e3o social envolvendo alguns funcion\u00e1rios do hotel onde ficamos hospedados: algumas crian\u00e7as, filhas de empregados, ganharam bicicletas de presente, em iniciativa da Cia onde trabalho juntamente com a consultoria que fez parte do trabalho.<\/p>\n<p style=\"text-align: justify;\"><a href=\"http:\/\/www.pedromigao.com.br\/ourodetolo\/2014\/11\/quatro-decadas-de-vida\/20141030_152641\/\" rel=\"attachment wp-att-30471\"><img loading=\"lazy\" decoding=\"async\" class=\"alignleft size-medium wp-image-30471\" src=\"http:\/\/www.pedromigao.com.br\/ourodetolo\/wp-content\/uploads\/2014\/11\/20141030_152641-300x168.jpg\" alt=\"20141030_152641\" width=\"300\" height=\"168\" srcset=\"http:\/\/www.pedromigao.com.br\/ourodetolo\/wp-content\/uploads\/2014\/11\/20141030_152641-300x168.jpg 300w, http:\/\/www.pedromigao.com.br\/ourodetolo\/wp-content\/uploads\/2014\/11\/20141030_152641-550x309.jpg 550w\" sizes=\"auto, (max-width: 300px) 100vw, 300px\" \/><\/a>Coube a mim entregar um dos presentes. E, nas breves palavras que dirigi ao p\u00fablico naquele momento, passou todo um filme da minha vida em flashes. Como disse naquele momento, tive uma inf\u00e2ncia talvez t\u00e3o humilde como a daquelas crian\u00e7as que estavam ali, e com muita perseveran\u00e7a lutei e me esforcei para chegar onde cheguei. N\u00e3o \u00e9 pouca coisa.<\/p>\n<p style=\"text-align: justify;\">Coloquei naquele momento que nunca devemos nos acomodar em nossas condi\u00e7\u00f5es, e sim ousar sonhar, ousar lutar, ousar vencer. Que, se eu conseguira, todos podem conseguir mudar seus destinos. E que o maior orgulho que eu tenho na vida \u00e9 o de poder dar \u00e0s minhas filhas tudo o que n\u00e3o tive em termos materiais.<\/p>\n<p style=\"text-align: justify;\">Costumo dizer que com um microfone na m\u00e3o tenho menos carisma e talento que um tijolo na parede, mas pelas rea\u00e7\u00f5es posteriores dos colegas, acho que consegui meu objetivo, que era exortar aquelas crian\u00e7as e seus pais, por um lado, e tentar despertar os colegas de sua letargia, por outro.<\/p>\n<p style=\"text-align: justify;\">\u00c9 algo a se pensar. O que se conquistou? O que se pode conquistar? D\u00e1 tempo para se recome\u00e7ar?<\/p>\n<p style=\"text-align: justify;\"><a href=\"http:\/\/www.pedromigao.com.br\/ourodetolo\/2014\/11\/quatro-decadas-de-vida\/migao-no-pedro-ii\/\" rel=\"attachment wp-att-30434\"><img loading=\"lazy\" decoding=\"async\" class=\"alignright wp-image-30434 size-medium\" src=\"http:\/\/www.pedromigao.com.br\/ourodetolo\/wp-content\/uploads\/2014\/11\/Mig\u00e3o-no-Pedro-II-300x225.jpg\" alt=\"Mig\u00e3o no Pedro II\" width=\"300\" height=\"225\" srcset=\"http:\/\/www.pedromigao.com.br\/ourodetolo\/wp-content\/uploads\/2014\/11\/Mig\u00e3o-no-Pedro-II-300x225.jpg 300w, http:\/\/www.pedromigao.com.br\/ourodetolo\/wp-content\/uploads\/2014\/11\/Mig\u00e3o-no-Pedro-II-453x340.jpg 453w, http:\/\/www.pedromigao.com.br\/ourodetolo\/wp-content\/uploads\/2014\/11\/Mig\u00e3o-no-Pedro-II.jpg 960w\" sizes=\"auto, (max-width: 300px) 100vw, 300px\" \/><\/a>Eu tinha tudo para dar errado. Era pobre, era feio, era desengon\u00e7ado, n\u00e3o era \u201cpopular\u201d (seja l\u00e1 o que isso represente), tinha um f\u00edsico franzino&#8230; Mas a vida ensina que n\u00e3o se deve acomodar, mas buscar mudar o destino, dentro de suas possibilidades.<\/p>\n<p style=\"text-align: justify;\">Eu n\u00e3o era bom de bola, eu n\u00e3o tinha a menor habilidade manual, eu n\u00e3o era \u201cbom de papo\u201d. Me restava estudar. Ao estudo agarrei-me como a uma t\u00e1bua de salva\u00e7\u00e3o. Em tempos dif\u00edceis, consegui me formar em Economia, reconhe\u00e7o que aos trancos e barrancos \u2013 ainda que em \u00f3tima universidade.<\/p>\n<p style=\"text-align: justify;\">Nunca lamentei minha condi\u00e7\u00e3o financeira nem a utilizei como desculpa para nada. Fui \u00e0 luta para mudar isso. E mudei.<\/p>\n<p style=\"text-align: justify;\">\u00c9 mais uma li\u00e7\u00e3o a se pensar quando se completa metade de uma expectativa de vida: o ser humano pode se arrepender de algumas coisas, mas certamente haver\u00e1 algo a ser celebrado e reconhecido como conquista. Obviamente, alguns destes arrependimentos podem causar uma situa\u00e7\u00e3o de desespero, de urg\u00eancia de tempo, mas certamente h\u00e1 bastante do que se orgulhar.<\/p>\n<p style=\"text-align: justify;\">O que se pode esperar para o futuro?<\/p>\n<p style=\"text-align: justify;\">O per\u00edodo compreendido entre os quarenta e os cinquenta \u00e9 aquele onde a decad\u00eancia f\u00edsica da velhice ainda \u00e9 discreta, por um lado, e por outro temos uma experi\u00eancia que a juventude n\u00e3o desfruta.<\/p>\n<p style=\"text-align: justify;\">Um per\u00edodo de maturidade, talvez?<\/p>\n<p style=\"text-align: justify;\">Muita gente diz que maturidade n\u00e3o tem a ver com a idade, mas, caro leitor: ajuda, e muito. A soma de experi\u00eancias que adquirimos nos torna mais resilientes a certos aspectos, por um lado, e mais seguros de certas posturas, por outro. H\u00e1 mais dados para uma an\u00e1lise mais acurada das situa\u00e7\u00f5es, por outro lado uma maior benevol\u00eancia em outros aspectos.<\/p>\n<p style=\"text-align: justify;\">Vou dar um exemplo, mas podem ser outros: eu sempre condenei os suicidas. Achava uma covardia algu\u00e9m tirar a pr\u00f3pria vida. At\u00e9 que h\u00e1 dois anos passei por uma situa\u00e7\u00e3o que me levou a tal estado de desespero que cheguei a pensar em morrer \u2013 embora, raciocinando friamente, talvez jamais tivesse coragem para fazer isso. Mas este momento me levou a entender o que leva uma pessoa a um ato t\u00e3o extremo destes.<\/p>\n<p style=\"text-align: justify;\"><a href=\"http:\/\/www.pedromigao.com.br\/ourodetolo\/2014\/11\/quatro-decadas-de-vida\/1891225_650248825035198_1710670216_n\/\" rel=\"attachment wp-att-30435\"><img loading=\"lazy\" decoding=\"async\" class=\"alignleft size-medium wp-image-30435\" src=\"http:\/\/www.pedromigao.com.br\/ourodetolo\/wp-content\/uploads\/2014\/11\/1891225_650248825035198_1710670216_n-300x180.jpg\" alt=\"1891225_650248825035198_1710670216_n\" width=\"300\" height=\"180\" srcset=\"http:\/\/www.pedromigao.com.br\/ourodetolo\/wp-content\/uploads\/2014\/11\/1891225_650248825035198_1710670216_n-300x180.jpg 300w, http:\/\/www.pedromigao.com.br\/ourodetolo\/wp-content\/uploads\/2014\/11\/1891225_650248825035198_1710670216_n-550x330.jpg 550w, http:\/\/www.pedromigao.com.br\/ourodetolo\/wp-content\/uploads\/2014\/11\/1891225_650248825035198_1710670216_n.jpg 720w\" sizes=\"auto, (max-width: 300px) 100vw, 300px\" \/><\/a>Este ponto da vida traz uma certa \u201curg\u00eancia do tempo\u201d. Come\u00e7a a aparecer o espectro da velhice no horizonte e aquela sensa\u00e7\u00e3o de que temos pouco tempo para fazer certas coisas e realizar certos sonhos. N\u00e3o chega a ser um \u201cdesespero\u201d, mas \u00e9 algo que talvez todo mundo que chegue a esta idade se preocupe. \u00c9 uma esp\u00e9cie de \u201c\u00faltima chance para recome\u00e7ar\u201d.<\/p>\n<p style=\"text-align: justify;\">Entretanto, leitor, pode ser o ensejo para uma transforma\u00e7\u00e3o. Manter o que parece satisfat\u00f3rio, mudar o que pode ser mudado, aceitar o que n\u00e3o nos depende. D\u00f3i menos. A decad\u00eancia f\u00edsica e de apar\u00eancia certamente vir\u00e1 \u2013 embora particularmente hoje eu me ache melhor que, por exemplo, aos 20 ou 25 anos &#8211; contudo este fen\u00f4meno \u00e9 contrabalan\u00e7ado por uma experi\u00eancia de vida que nos ensina os \u201catalhos\u201d da exist\u00eancia.<\/p>\n<p style=\"text-align: justify;\">A perspectiva de futuro trazida pela experi\u00eancia tamb\u00e9m nos muda certas percep\u00e7\u00f5es da vida. N\u00e3o queira ser famoso ou importante: queira apenas ser respeitado onde quer que esteja. Tamb\u00e9m se sabe que n\u00e3o se pode agradar a todos: uns v\u00e3o nos amar, outros suportar por conveni\u00eancias, outros odiar. Faz parte, caro leitor.<\/p>\n<p style=\"text-align: justify;\">E se n\u00e3o realizamos todos os nossos sonhos at\u00e9 agora, sempre h\u00e1 tempo. Considero-me feliz por j\u00e1 ter realizado v\u00e1rios, alguns deles at\u00e9 que eu achava irrealiz\u00e1veis \u2013 como fazer parte da diretoria da minha escola de samba do cora\u00e7\u00e3o ou ver meu time da NBA jogando ao vivo, por exemplo. Mas ainda temos ao menos outros 40 anos para realizar o que n\u00e3o fizemos.<\/p>\n<p style=\"text-align: justify;\">No fundo, a li\u00e7\u00e3o, se \u00e9 que se pode chamar assim, \u00e9 essa: n\u00e3o existe idade ou falta de condi\u00e7\u00f5es que nos impe\u00e7am de ir em frente. Podemos dar a desculpa que quisermos, mas ser\u00e3o apenas isso: desculpas.<\/p>\n<p style=\"text-align: justify;\"><a href=\"http:\/\/www.pedromigao.com.br\/ourodetolo\/2014\/03\/missao-cumprida-em-azul-e-branco\/20140304_001606\/\" rel=\"attachment wp-att-23876\"><img loading=\"lazy\" decoding=\"async\" class=\"alignright size-medium wp-image-23876\" src=\"http:\/\/www.pedromigao.com.br\/ourodetolo\/wp-content\/uploads\/2014\/03\/20140304_001606-225x300.jpg\" alt=\"20140304_001606\" width=\"225\" height=\"300\" srcset=\"http:\/\/www.pedromigao.com.br\/ourodetolo\/wp-content\/uploads\/2014\/03\/20140304_001606-225x300.jpg 225w, http:\/\/www.pedromigao.com.br\/ourodetolo\/wp-content\/uploads\/2014\/03\/20140304_001606-254x340.jpg 254w\" sizes=\"auto, (max-width: 225px) 100vw, 225px\" \/><\/a>Com o perd\u00e3o da m\u00e1 express\u00e3o, a acomoda\u00e7\u00e3o e a in\u00e9rcia s\u00e3o uma merda \u2013 e nunca \u00e9 tempo para se acomodar, apesar de ser normal certos per\u00edodos assim ap\u00f3s grandes esfor\u00e7os. Seja aos 20, aos 40, aos 60 ou aos 80.<\/p>\n<p style=\"text-align: justify;\">Por raz\u00f5es que n\u00e3o cabem aqui n\u00e3o poderei fazer o que era meu desejo para esta data \u2013 ficou para o ano que vem \u2013 mas isso n\u00e3o \u00e9 importante. O importante \u00e9 que cheguei muito mais longe do que seria esperado, e ainda tenho muito para caminhar.<\/p>\n<p style=\"text-align: justify;\">O leitor tenha certeza: voc\u00ea tamb\u00e9m. Enquanto h\u00e1 vida, h\u00e1 tempo para mudar o nosso destino: basta come\u00e7ar. As \u00fanicas coisas imut\u00e1veis s\u00e3o a morte e a certeza de que todo encontro est\u00e1 fadado \u00e0 separa\u00e7\u00e3o.<\/p>\n<p style=\"text-align: justify;\">Portanto: ousar sonhar, ousar lutar, ousar vencer. Um brinde \u00e0 vida \u2013 com cerveja, \u00e9 claro!<\/p>\n","protected":false},"excerpt":{"rendered":"<p>Eu, Pedro Mig\u00e3o, editor e coordenador desta revista eletr\u00f4nica, completo no dia de hoje 40 anos. Quatro d\u00e9cadas de vida. De acordo com os recentesTour Details<\/p>\n","protected":false},"author":2,"featured_media":0,"comment_status":"open","ping_status":"open","sticky":false,"template":"","format":"standard","meta":{"footnotes":""},"categories":[289],"tags":[7,6],"class_list":["post-30432","post","type-post","status-publish","format-standard","hentry","category-pedro-migao","tag-reflexoes","tag-vida-cotidiana"],"_links":{"self":[{"href":"http:\/\/www.pedromigao.com.br\/ourodetolo\/wp-json\/wp\/v2\/posts\/30432","targetHints":{"allow":["GET"]}}],"collection":[{"href":"http:\/\/www.pedromigao.com.br\/ourodetolo\/wp-json\/wp\/v2\/posts"}],"about":[{"href":"http:\/\/www.pedromigao.com.br\/ourodetolo\/wp-json\/wp\/v2\/types\/post"}],"author":[{"embeddable":true,"href":"http:\/\/www.pedromigao.com.br\/ourodetolo\/wp-json\/wp\/v2\/users\/2"}],"replies":[{"embeddable":true,"href":"http:\/\/www.pedromigao.com.br\/ourodetolo\/wp-json\/wp\/v2\/comments?post=30432"}],"version-history":[{"count":0,"href":"http:\/\/www.pedromigao.com.br\/ourodetolo\/wp-json\/wp\/v2\/posts\/30432\/revisions"}],"wp:attachment":[{"href":"http:\/\/www.pedromigao.com.br\/ourodetolo\/wp-json\/wp\/v2\/media?parent=30432"}],"wp:term":[{"taxonomy":"category","embeddable":true,"href":"http:\/\/www.pedromigao.com.br\/ourodetolo\/wp-json\/wp\/v2\/categories?post=30432"},{"taxonomy":"post_tag","embeddable":true,"href":"http:\/\/www.pedromigao.com.br\/ourodetolo\/wp-json\/wp\/v2\/tags?post=30432"}],"curies":[{"name":"wp","href":"https:\/\/api.w.org\/{rel}","templated":true}]}}