{"id":30290,"date":"2014-10-31T06:05:58","date_gmt":"2014-10-31T08:05:58","guid":{"rendered":"http:\/\/www.pedromigao.com.br\/ourodetolo\/?p=30290"},"modified":"2014-10-29T12:54:04","modified_gmt":"2014-10-29T14:54:04","slug":"tristeza-sem-fim","status":"publish","type":"post","link":"http:\/\/www.pedromigao.com.br\/ourodetolo\/2014\/10\/tristeza-sem-fim\/","title":{"rendered":"Tristeza&#8230; sem fim!"},"content":{"rendered":"<p style=\"text-align: justify;\">E l\u00e1 est\u00e1 ela.. abandonada, triste, maquiagem misturada \u00e0s l\u00e1grimas&#8230;. ningu\u00e9m a quer&#8230;<\/p>\n<p style=\"text-align: justify;\">Usaram, abusaram&#8230; e agora?<\/p>\n<p style=\"text-align: justify;\">A Portuguesa acaba de consumar o cap\u00edtulo mais triste de sua quase centen\u00e1ria hist\u00f3ria. De maneira esp\u00faria, quase bandida, foi rebaixada ao brasileiro da S\u00e9rie C e pior, a D parece mais perto que um retorno digno \u00e0 B. E agora?<\/p>\n<p style=\"text-align: justify;\">O in\u00edcio disso tudo? O j\u00e1 t\u00e3o comentado caso do STJD? Tamb\u00e9m&#8230; mas n\u00e3o s\u00f3 ele&#8230; a burrice e a sem-vergonhice reinam nas alamedas do querido Canind\u00e9. Nesse momento a Lusa, por justi\u00e7a , deveria estar jogando a terceira s\u00e9rie A . Cerca de 75 milh\u00f5es de reais irrigando o caixa do clube e produzindo o prometido pela linda campanha da \u201cBarcelusa\u201d de 2011. (Tr\u00eas anos ficando na A e recome\u00e7ando os investimentos pesados). O p\u00e3o estava quentinho. E agora?<\/p>\n<p style=\"text-align: justify;\"><a href=\"http:\/\/www.pedromigao.com.br\/ourodetolo\/wp-content\/uploads\/2014\/10\/lusa4.jpg\"><img loading=\"lazy\" decoding=\"async\" class=\"size-medium wp-image-30294 alignleft\" src=\"http:\/\/www.pedromigao.com.br\/ourodetolo\/wp-content\/uploads\/2014\/10\/lusa4-300x167.jpg\" alt=\"lusa4\" width=\"300\" height=\"167\" srcset=\"http:\/\/www.pedromigao.com.br\/ourodetolo\/wp-content\/uploads\/2014\/10\/lusa4-300x167.jpg 300w, http:\/\/www.pedromigao.com.br\/ourodetolo\/wp-content\/uploads\/2014\/10\/lusa4-550x307.jpg 550w, http:\/\/www.pedromigao.com.br\/ourodetolo\/wp-content\/uploads\/2014\/10\/lusa4.jpg 640w\" sizes=\"auto, (max-width: 300px) 100vw, 300px\" \/><\/a>Nascida em agosto de 1914, numa reuni\u00e3o de comunidades portuguesas de S\u00e3o Paulo a Lusa fez de sua hist\u00f3ria um paralelo aos imigrantes rubro verdes. Com muito suor e vontade, prosperou na cidade mais rica do pa\u00eds. Nos anos 70, fez um est\u00e1dio \u00e0s margens do Tiet\u00ea, onde nunca ningu\u00e9m achou que ia ganhar f\u00e1cil. Formaram esquadr\u00f5es fant\u00e1sticos que passaram por ali. Nos anos 30, ap\u00f3s se livrar da fus\u00e3o com o Mackenzie a Lusa liderou um movimento separatista que dividiu o futebol paulista. Nos anos 50, com nove jogadores rubro\u2013verdes , a sele\u00e7\u00e3o paulista venceu o campeonato brasileiro de sele\u00e7\u00f5es. No maior time da hist\u00f3ria jogaram, Djalma Santos, Julinho Botelho, Brand\u00e3ozinho, Pinga, Sim\u00e3o e Ipojucan. Minha m\u00e3e sempre me contava, que meu av\u00f4 Pompeu ao saber da goleada em cima do coirm\u00e3o do Parque S\u00e3o Jorge por 7 a 3 em 1951, pegou uma cadeira, uma aguardente, salames cortadas em foi para a porta de casa cumprimentar um a um os fregueses do Armaz\u00e9m Inca. Hist\u00f3ria recheada de emo\u00e7\u00e3o hoje&#8230; e agora?<\/p>\n<p style=\"text-align: justify;\">Nos anos seguintes, Marinho Perez, En\u00e9as, Lu\u00eds Pereira, Zenon, Roberto Dinamite vestiram o pavilh\u00e3o rubro verde e aqui j\u00e1 vem uma curiosidade que muito explica o esc\u00e1rnio das administra\u00e7\u00f5es recentes. Dinamite foi trocado por batatas, cebolas e coisas negociadas com um Joaquim Heleno e o presidente do Vasco \u00e0 \u00e9poca, Cal\u00e7ada. Li isso na Placar. Julgo ser verdade. A Portuguesa sempre teve base forte. Formava muitos garotos bons de bola o que garantia o sustento do clube, assim como sua famosa lista de associados que nos 80 beirava os 80 mil. Corria nos corredores do clube que de domingo \u00e0\u00a0tarde tinha mais gente na piscina do que no est\u00e1dio. Muitas meninas de biqu\u00edni iam dar uma olhada no jogo para del\u00edrio dos Le\u00f5es da Fabulosa, do Imp\u00e9rio Rubro Verde e da famosa bandinha de m\u00fasicas da terrinha que n\u00e3o parava um minuto; e agora?<\/p>\n<p style=\"text-align: justify;\"><a href=\"http:\/\/www.pedromigao.com.br\/ourodetolo\/wp-content\/uploads\/2014\/10\/lusa1.jpg\"><img loading=\"lazy\" decoding=\"async\" class=\"size-full wp-image-30291 alignleft\" src=\"http:\/\/www.pedromigao.com.br\/ourodetolo\/wp-content\/uploads\/2014\/10\/lusa1.jpg\" alt=\"lusa1\" width=\"211\" height=\"238\" \/><\/a>Os anos de ouro . Os 90 chegavam e a Portuguesa montou bons times. Revelou Dener ao mundo. Um garoto que faria o que Neymar faz hoje, acredite&#8230; Ganhou os dois turnos do Paulist\u00e3o de 95 e fez boas campanhas no brasileiro por quatro\u00a0ou cinco\u00a0anos seguidos, com destaque para 96, 97 e 98. O Canind\u00e9 estava sempre cheio. Em 96 disputando t\u00edtulos. Que grande noite&#8230; Achei que o meu pai ia morrer do cora\u00e7\u00e3o. Assistiu ao jogo com Gr\u00eamio em p\u00e9. N\u00e3o deu&#8230; Tenta de novo, oras. Era tudo que o torcedor queria. Uma parceria com a falida C\u00edrio, que envolveria novamente gente da diretoria, chegou a ser anunciada e Edmundo seria a estrela. Grandes tempos. E\u00a0agora?<\/p>\n<p style=\"text-align: justify;\">A Portuguesa \u00e9 um feudo. Fam\u00edlias de vaidade gigante disputam o poder como se fosse uma reuni\u00e3o das padarias paulistanas. Ali\u00e1s, \u00e9 recorrente na arquibancada que gostariam que eles administrassem seus neg\u00f3cios como o fazem no clube. A parte social est\u00e1 podre. A vida moderna da metr\u00f3pole colaborou? Sim. Mas nem tudo. A burrice \u00e9 sistem\u00e1tica e de futuro promissor ali. Em 2011 o time fez linda campanha da S\u00e9rie B. Apelidado de Barcelusa, goleou v\u00e1rios bons times. O Canind\u00e9 mais uma vez enchia toda semana. Fam\u00edlias inteiras iam ser felizes por 90 minutos da vida. Crian\u00e7as vestiam verdes e vermelhas. E agora?<\/p>\n<p style=\"text-align: justify;\">Nesses \u00faltimos dias conversei com gente que frequenta a arquibancada. Gente que sobe na grade para xingar, para aplaudir. Na alegria e na tristeza est\u00e3o l\u00e1&#8230; Sim \u00e9 um casamento&#8230; Muitos est\u00e3o t\u00e3o perplexos pelo futuro certo que nem chorar agora h\u00e1\u00a0pouco conseguiram. Como um doente terminal anunciado, a Lusa hoje s\u00f3 conseguiu gerar d\u00f3 e pena. Todos defendem a imediata ren\u00fancia da pulha que ocupa a presid\u00eancia e a terceiriza\u00e7\u00e3o do futebol para conseguir um folego. Medidas criativas para manter um m\u00ednimo faturamento com a paix\u00e3o do que restar de torcida.<\/p>\n<p style=\"text-align: justify;\">O Fim? Muita gente defende o afastamento da Portuguesa das atividades do futebol, para tentar guardar naquele cantinho empoeirado do museu suas pequenas e inesquec\u00edveis gl\u00f3rias. Outros pensam que nunca acabar\u00e1&#8230; Fazendo uma linha da famosa frase do torcedor e maestro Jo\u00e3o Carlos Martins: \u201cse um dia eu vir na v\u00e1rzea uma camisa da Portuguesa, saibam que estarei ali na grade gritando pelo meu amor\u201d. O sentimento de cora\u00e7\u00e3o partido parece ser esse. Caiu? Levanta, oras. N\u00e3o \u00e9 assim que uma m\u00e3e fala pro filho. Hoje as esperan\u00e7as est\u00e3o pequenas. O t\u00fanel parece n\u00e3o ter luz. Com essa gente l\u00e1 parece n\u00e3o mesmo. E agora?<br \/>\n<a href=\"http:\/\/www.pedromigao.com.br\/ourodetolo\/wp-content\/uploads\/2014\/10\/lusa2.jpg\"><img loading=\"lazy\" decoding=\"async\" class=\"size-full wp-image-30292 alignright\" src=\"http:\/\/www.pedromigao.com.br\/ourodetolo\/wp-content\/uploads\/2014\/10\/lusa2.jpg\" alt=\"lusa2\" width=\"183\" height=\"275\" \/><\/a><\/p>\n<p style=\"text-align: justify;\">Nos pr\u00f3ximos dias , os Higino, os Ab\u00edlio , os Teixeira os Camarinha, os Gomes , os Nicola , os Affonso , os S\u00e3o Pedro , os Manu\u00e9is , os Nascimento , os Joaquins , os Lage , os Burgos , os Magalh\u00e3es e \u00e0s vezes os Braz estar\u00e3o \u00f3rf\u00e3os. Faltar\u00e3o palavras para descrever. Talvez at\u00e9 acompanhadas de algumas l\u00e1grimas. Tristeza sincera. Tristeza eterna. Que um dia, a Cruz da Ordem de Avis, eternizada pro Dom Afonso Henriques na batalha de Aljubarrota volte a brilhar, com for\u00e7a. N\u00e3o parece ser esse o caminho, mas no per\u00edodo da treva, uma fa\u00edsca \u00e0s vezes pode ajudar&#8230;. e agora?<\/p>\n<p style=\"text-align: justify;\">Agora eu quero lembrar o que minha m\u00e3e falava&#8230; O meu tio&#8230;. O\u00a0meu pai&#8230; Os meus amigos&#8230; Porque se eu lembrar do dia do meu anivers\u00e1rio de 40 anos. vai ser dif\u00edcil continuar&#8230;<\/p>\n<p style=\"text-align: justify;\">Eterna Lusa&#8230;<\/p>\n","protected":false},"excerpt":{"rendered":"<p>E l\u00e1 est\u00e1 ela.. abandonada, triste, maquiagem misturada \u00e0s l\u00e1grimas&#8230;. ningu\u00e9m a quer&#8230; Usaram, abusaram&#8230; e agora? A Portuguesa acaba de consumar o cap\u00edtulo maisTour Details<\/p>\n","protected":false},"author":26,"featured_media":30293,"comment_status":"open","ping_status":"open","sticky":false,"template":"","format":"standard","meta":{"footnotes":""},"categories":[485],"tags":[37,244,736],"class_list":["post-30290","post","type-post","status-publish","format-standard","has-post-thumbnail","hentry","category-vamos-a-luta","tag-futebol","tag-portuguesa","tag-stjd"],"_links":{"self":[{"href":"http:\/\/www.pedromigao.com.br\/ourodetolo\/wp-json\/wp\/v2\/posts\/30290","targetHints":{"allow":["GET"]}}],"collection":[{"href":"http:\/\/www.pedromigao.com.br\/ourodetolo\/wp-json\/wp\/v2\/posts"}],"about":[{"href":"http:\/\/www.pedromigao.com.br\/ourodetolo\/wp-json\/wp\/v2\/types\/post"}],"author":[{"embeddable":true,"href":"http:\/\/www.pedromigao.com.br\/ourodetolo\/wp-json\/wp\/v2\/users\/26"}],"replies":[{"embeddable":true,"href":"http:\/\/www.pedromigao.com.br\/ourodetolo\/wp-json\/wp\/v2\/comments?post=30290"}],"version-history":[{"count":0,"href":"http:\/\/www.pedromigao.com.br\/ourodetolo\/wp-json\/wp\/v2\/posts\/30290\/revisions"}],"wp:featuredmedia":[{"embeddable":true,"href":"http:\/\/www.pedromigao.com.br\/ourodetolo\/wp-json\/wp\/v2\/media\/30293"}],"wp:attachment":[{"href":"http:\/\/www.pedromigao.com.br\/ourodetolo\/wp-json\/wp\/v2\/media?parent=30290"}],"wp:term":[{"taxonomy":"category","embeddable":true,"href":"http:\/\/www.pedromigao.com.br\/ourodetolo\/wp-json\/wp\/v2\/categories?post=30290"},{"taxonomy":"post_tag","embeddable":true,"href":"http:\/\/www.pedromigao.com.br\/ourodetolo\/wp-json\/wp\/v2\/tags?post=30290"}],"curies":[{"name":"wp","href":"https:\/\/api.w.org\/{rel}","templated":true}]}}