{"id":30276,"date":"2014-10-30T06:05:15","date_gmt":"2014-10-30T08:05:15","guid":{"rendered":"http:\/\/www.pedromigao.com.br\/ourodetolo\/?p=30276"},"modified":"2014-10-29T18:46:54","modified_gmt":"2014-10-29T20:46:54","slug":"a-esperanca-em-estella","status":"publish","type":"post","link":"http:\/\/www.pedromigao.com.br\/ourodetolo\/2014\/10\/a-esperanca-em-estella\/","title":{"rendered":"A esperan\u00e7a em Estella"},"content":{"rendered":"<p style=\"text-align: justify\">N\u00e3o sei por qual motivo, mas a esquerda nunca foi unida em nenhum momento da sua hist\u00f3ria. Nem na primeira revolu\u00e7\u00e3o da esquerda ela foi unida. Na R\u00fassia, Lenin comandava, mas Trotsky e Stalin brigavam nos bastidores. No fim\u00a0das contas, Stalin levou a melhor e seu rival foi expulso da R\u00fassia e morto no M\u00e9xico.<\/p>\n<p style=\"text-align: justify\">De l\u00e1 pra c\u00e1, a esquerda nunca foi unida. Unem-se em momentos pontuais. No Brasil, a esquerda teve participa\u00e7\u00e3o na Intentona Comunista do Brasil de 1935 liderada por Lu\u00eds Carlos Prestes e Olga Ben\u00e1rio, mas que n\u00e3o deu certo. Na clandestinidade por anos, alguns esquerdistas usavam do PTB para se candidatarem, outros, n\u00e3o se aliavam com burgueses e preferiam ser perseguidos. Na elei\u00e7\u00e3o de Vargas, em 1951, Prestes declarou apoio para o ex-ditador que ca\u00e7ou comunistas no primeiro governo. L\u00f3gico, o Cavaleiro da Esperan\u00e7a foi criticado por tomar tal postura.<\/p>\n<p style=\"text-align: justify\">Em terras tupiniquins, a esquerda \u00e9 t\u00e3o desunida que o partido comunista \u00e9 dividido. O Partido Comunista Brasileiro e o Partido Comunista do Brasil. Apesar de termos dois comunistas, o \u00fanico partido brasileiro filiado \u00e0 Internacional Socialista \u00e9 o Partido Democr\u00e1tico Trabalhista, o PDT, de Leonel Brizola.<\/p>\n<p>Foi assim tamb\u00e9m na primeira elei\u00e7\u00e3o direta ap\u00f3s a ditadura militar no pa\u00eds. A esquerda tradicional se uniu com Leonel Brizola. Por\u00e9m, foi Lula que se destacou e levou a marca de \u2018comunista\u2019 e levou a disputa para o segundo turno, perdendo para Collor. Al\u00e9m de Brizola e do \u2018sapo barbudo\u2019, Roberto Freire era o candidato do partid\u00e3o.<\/p>\n<p style=\"text-align: justify\"><a href=\"http:\/\/www.pedromigao.com.br\/ourodetolo\/wp-content\/uploads\/2014\/10\/LulaArraesBrizola_tvdestaques.jpg\"><img loading=\"lazy\" decoding=\"async\" class=\"size-medium wp-image-30278 alignleft\" src=\"http:\/\/www.pedromigao.com.br\/ourodetolo\/wp-content\/uploads\/2014\/10\/LulaArraesBrizola_tvdestaques-300x181.jpg\" alt=\"LulaArraesBrizola_tvdestaques\" width=\"300\" height=\"181\" srcset=\"http:\/\/www.pedromigao.com.br\/ourodetolo\/wp-content\/uploads\/2014\/10\/LulaArraesBrizola_tvdestaques-300x181.jpg 300w, http:\/\/www.pedromigao.com.br\/ourodetolo\/wp-content\/uploads\/2014\/10\/LulaArraesBrizola_tvdestaques.jpg 493w\" sizes=\"auto, (max-width: 300px) 100vw, 300px\" \/><\/a><\/p>\n<p style=\"text-align: justify\">E assim foi em todas as elei\u00e7\u00f5es desde ent\u00e3o. Um ensaio de alian\u00e7as em 1998 com uma chapa formada por Lula e Brizola, apoiada pelo PSB de Miguel Arraes. 2002 com Lula apoiado pelos dois partidos comunistas, mas com Brizola apoiando Ciro Gomes no PPS, de Roberto Freire, e o PSB com Garotinho. Com a elei\u00e7\u00e3o de Lula, o PT se divide e o PSOL surge como uma alternativa a\u00a0um\u00a0PT que se rendia ao capital. Voltar ao PT da d\u00e9cada de 80 ou ent\u00e3o se tornar a &#8220;esquerda que a direita gosta&#8221;, como dizem alguns petistas. Helo\u00edsa Helena, Chico Alencar, Bab\u00e1, Luciana Genro e Ivan Valente eram os l\u00edderes. As urnas e a hist\u00f3ria levaram Helo\u00edsa e Bab\u00e1 para o ostracismo. Pl\u00ednio de Arruda Sampaio, fundador do PT, foi o concorrente de Dilma na elei\u00e7\u00e3o de 2010 e morreu este ano.<\/p>\n<p style=\"text-align: justify\">Apesar de fragmentado e desunido, o segundo mandato de Dilma Rousseff ter\u00e1 de buscar unir a esquerda brasileira. L\u00f3gico que n\u00e3o toda ela. O primeiro governo Dilma foi um desastre para a esquerda. Dilma deixou a conversa com movimentos sociais de lado. Se o presidente Lula era famoso pelo di\u00e1logo e vestir os bon\u00e9s dos movimentos sociais, Dilma mudou esse panorama. Em busca de apoio no Congresso, Dilma recuou na quest\u00e3o do kit anti-homofobia nas escolas. Preferiu Ana de Holanda a Juca Ferreira na Cultura. K\u00e1tia Abreu, ruralista, ganhou status de senadora oficial da presidente. A presidente colocava em xeque tr\u00eas apoios que o PT sempre contou: movimento LGBT, Cultura e MST. A fatura veio na elei\u00e7\u00e3o. A uni\u00e3o de toda esquerda \u00e9 imposs\u00edvel, j\u00e1 que a presidente tem em seu arco de alian\u00e7as alguns partidos conversadores e de direita como o PP de Paulo Maluf e o PSD de Gilberto Kassab, mas o segundo turno das elei\u00e7\u00f5es presidenciais deste ano foi um dos momentos pontuais em que\u00a0a esquerda se uniu neste pa\u00eds.<\/p>\n<p style=\"text-align: justify\">O apoio dos l\u00edderes do PSOL foi essencial para a vit\u00f3ria de Dilma Rousseff nas urnas no \u00faltimo dia 26. Luciana Genro que teve mais de um milh\u00e3o e meio de votos no primeiro turno preferiu n\u00e3o dizer se votaria em Dilma ou n\u00e3o, mas a delibera\u00e7\u00e3o do partido foi que nenhum voto a A\u00e9cio fosse dado.<\/p>\n<p style=\"text-align: justify\">Particularmente, eu n\u00e3o gosto de uma tomada de decis\u00e3o dessas. Havia dois projetos de pa\u00eds em discuss\u00e3o e isso era claro. Sou contr\u00e1rio aos votos nulos e brancos e por isso sempre escolho um lado para ficar. Como esquerdista que sou, ou eu votaria em um projeto que tirou o pa\u00eds do mapa da fome ou em um projeto que pretendia reduzir a maioridade penal.<\/p>\n<p style=\"text-align: justify\">Se Luciana preferiu se calar, as outras lideran\u00e7as do PSOL falaram e apoiaram Dilma. Os cariocas Jean Wyllys e Marcelo Freixo apoiaram, at\u00e9 demais, a reelei\u00e7\u00e3o da petista e foram at\u00e9 criticados por eleitores seus, mas Jean e Freixo sabiam o que estava em jogo. O deputado estadual mais votado pelo Rio de Janeiro participou dos programas petistas e o deputado federal liderava com\u00edcios e reuni\u00f5es em S\u00e3o Paulo e no Rio de Janeiro. No encontro de Dilma na periferia paulista, Jean era o escolhido de Lula para o discurso. Foi tamb\u00e9m o ex-candidato ao governo de S\u00e3o Paulo, Gilberto Maringoni, que disse uma das frases que marcou a campanha: \u2018Somos a favor da altern\u00e2ncia de poder. Eles governaram o pa\u00eds por 500 anos. N\u00f3s temos cr\u00e9dito de 488 ainda\u2019.<\/p>\n<p style=\"text-align: justify\">Durante a campanha, Dilma preferiu usar um tom mais \u00e0\u00a0esquerda. A foto dela detida durante a ditadura foi a foto oficial da campanha e seu \u2018cora\u00e7\u00e3o valente\u2019 foi cantado, pintado e escrito por todo canto. Pela primeira vez num hor\u00e1rio pol\u00edtico, Dilma falou no sonho da revolu\u00e7\u00e3o socialista que ela tinha quando adolescente.<\/p>\n<p style=\"text-align: justify\">Dilma n\u00e3o ter\u00e1 uma vida f\u00e1cil nesses quatro anos de mandato. Ter\u00e1 de\u00a0negociar com PMDB, PSD, PP e direita, sim, mas tamb\u00e9m deve olhar para a esquerda. No congresso mais conservador desde 1964, as propostas de mudan\u00e7a devem vir do executivo. Regulamenta\u00e7\u00e3o da m\u00eddia, demarca\u00e7\u00e3o de terras ind\u00edgenas, casamento entre pessoas do mesmo sexo e tantas outras quest\u00f5es ter\u00e3o que ser debatidas no governo que fica at\u00e9 o final da segunda d\u00e9cada do s\u00e9culo XXI.<\/p>\n<p style=\"text-align: justify\">Ser\u00e1 com militares, religiosos e ruralistas que essas quest\u00f5es ser\u00e3o debatidas, mas tamb\u00e9m ser\u00e1 com o PSOL que aumentou sua bancada de tr\u00eas para cinco. Durante o governo esse n\u00famero pode ser pouco, mas na campanha esse cinco vira milh\u00f5es e define uma elei\u00e7\u00e3o.<\/p>\n<p style=\"text-align: justify\">\u00c9 naquela Dilma Cora\u00e7\u00e3o Valente que muita gente ainda votou. Na esperan\u00e7a que ela ressurja. Dilma parece ter escutado a \u2018voz rouca das ruas\u2019 e j\u00e1 come\u00e7ou a falar, no seu discurso de posse, em di\u00e1logo e reforma pol\u00edtica.<\/p>\n<p style=\"text-align: justify\">Quanto ao PT, \u00e9 obriga\u00e7\u00e3o moral e \u00e9tica pelo menos chamar o PSOL para uma conversa de olho nas elei\u00e7\u00f5es de 2016 no Rio de Janeiro. O apoio a Marcelo Freixo deve ser discutido sim pela dire\u00e7\u00e3o do partido.<\/p>\n<p style=\"text-align: justify\">Cabe a Dilma tomar uma decis\u00e3o neste segundo momento: em 2018 v\u00e3o querer pedir voto para quem? Se quiserem pedir voto para a esquerda tem que dialogar. Tem que fazer. O discurso do \u2018eles s\u00e3o piores\u2019 n\u00e3o vai pegar daqui quatro anos para esses que esperam uma resposta da garota que lutou contra a ditadura, n\u00e3o escondeu seu rosto para os militares, se diz Cora\u00e7\u00e3o Valente e um dia foi chamada de Estella.<\/p>\n","protected":false},"excerpt":{"rendered":"<p>N\u00e3o sei por qual motivo, mas a esquerda nunca foi unida em nenhum momento da sua hist\u00f3ria. Nem na primeira revolu\u00e7\u00e3o da esquerda ela foiTour Details<\/p>\n","protected":false},"author":36,"featured_media":30277,"comment_status":"open","ping_status":"open","sticky":false,"template":"","format":"standard","meta":{"footnotes":""},"categories":[719],"tags":[149,24,426],"class_list":["post-30276","post","type-post","status-publish","format-standard","has-post-thumbnail","hentry","category-devaneios","tag-dilma-roussef","tag-politica","tag-pt"],"_links":{"self":[{"href":"http:\/\/www.pedromigao.com.br\/ourodetolo\/wp-json\/wp\/v2\/posts\/30276","targetHints":{"allow":["GET"]}}],"collection":[{"href":"http:\/\/www.pedromigao.com.br\/ourodetolo\/wp-json\/wp\/v2\/posts"}],"about":[{"href":"http:\/\/www.pedromigao.com.br\/ourodetolo\/wp-json\/wp\/v2\/types\/post"}],"author":[{"embeddable":true,"href":"http:\/\/www.pedromigao.com.br\/ourodetolo\/wp-json\/wp\/v2\/users\/36"}],"replies":[{"embeddable":true,"href":"http:\/\/www.pedromigao.com.br\/ourodetolo\/wp-json\/wp\/v2\/comments?post=30276"}],"version-history":[{"count":0,"href":"http:\/\/www.pedromigao.com.br\/ourodetolo\/wp-json\/wp\/v2\/posts\/30276\/revisions"}],"wp:featuredmedia":[{"embeddable":true,"href":"http:\/\/www.pedromigao.com.br\/ourodetolo\/wp-json\/wp\/v2\/media\/30277"}],"wp:attachment":[{"href":"http:\/\/www.pedromigao.com.br\/ourodetolo\/wp-json\/wp\/v2\/media?parent=30276"}],"wp:term":[{"taxonomy":"category","embeddable":true,"href":"http:\/\/www.pedromigao.com.br\/ourodetolo\/wp-json\/wp\/v2\/categories?post=30276"},{"taxonomy":"post_tag","embeddable":true,"href":"http:\/\/www.pedromigao.com.br\/ourodetolo\/wp-json\/wp\/v2\/tags?post=30276"}],"curies":[{"name":"wp","href":"https:\/\/api.w.org\/{rel}","templated":true}]}}