{"id":30169,"date":"2014-10-26T06:51:51","date_gmt":"2014-10-26T08:51:51","guid":{"rendered":"http:\/\/www.pedromigao.com.br\/ourodetolo\/?p=30169"},"modified":"2014-10-24T08:50:04","modified_gmt":"2014-10-24T10:50:04","slug":"o-dia-de-descer-do-muro","status":"publish","type":"post","link":"http:\/\/www.pedromigao.com.br\/ourodetolo\/2014\/10\/o-dia-de-descer-do-muro\/","title":{"rendered":"\u00c9 dia de descer do muro"},"content":{"rendered":"<p style=\"text-align: justify;\">Queria come\u00e7ar dizendo que a coluna de hoje \u00e9 de inteira responsabilidade de seu autor, no caso eu.<\/p>\n<p style=\"text-align: justify;\">Tenho tr\u00eas anos de blog e apesar de sempre ter opini\u00e3o, busquei a isen\u00e7\u00e3o em todas as postagens que fiz. Me orgulho dessa isen\u00e7\u00e3o e dessa imagem que criei aqui. Mas tem horas que tentar ser imparcial \u00e9 ser conivente e quando a dita \u201cmaior revista do pa\u00eds\u201d n\u00e3o \u00e9,\u00a0 eu n\u00e3o preciso ser.<\/p>\n<p style=\"text-align: justify;\">Hoje finalmente ocorre o segundo turno na elei\u00e7\u00e3o presidencial e em alguns governos de estado. Falei algumas vezes sobre essas elei\u00e7\u00f5es aqui e mesmo tendo candidatos sempre busquei mostrar qualidades e defeitos de todos os partidos e dos pr\u00f3prios que buscam os cargos eletivos.<\/p>\n<p style=\"text-align: justify;\">Sobre a campanha presidencial reclamei aqui e nas redes sociais que o n\u00edvel estava abaixando e lembrando 1989. A minha coluna hoje seria sobre isso, comparando a elei\u00e7\u00e3o presidencial com o UFC. Mas at\u00e9 o UFC, que j\u00e1 foi chamado de \u201cvale tudo\u201d tem regras, \u00e9tica. Coisa que a revista Veja est\u00e1 longe de ter.<\/p>\n<p style=\"text-align: justify;\"><a href=\"http:\/\/www.pedromigao.com.br\/ourodetolo\/2014\/10\/o-dia-de-descer-do-muro\/tumblr_ndxq5rcll31u23h0wo1_500\/\" rel=\"attachment wp-att-30174\"><img loading=\"lazy\" decoding=\"async\" class=\"alignleft size-medium wp-image-30174\" src=\"http:\/\/www.pedromigao.com.br\/ourodetolo\/wp-content\/uploads\/2014\/10\/tumblr_ndxq5rcLl31u23h0wo1_500-225x300.png\" alt=\"tumblr_ndxq5rcLl31u23h0wo1_500\" width=\"225\" height=\"300\" srcset=\"http:\/\/www.pedromigao.com.br\/ourodetolo\/wp-content\/uploads\/2014\/10\/tumblr_ndxq5rcLl31u23h0wo1_500-225x300.png 225w, http:\/\/www.pedromigao.com.br\/ourodetolo\/wp-content\/uploads\/2014\/10\/tumblr_ndxq5rcLl31u23h0wo1_500-255x340.png 255w, http:\/\/www.pedromigao.com.br\/ourodetolo\/wp-content\/uploads\/2014\/10\/tumblr_ndxq5rcLl31u23h0wo1_500.png 500w\" sizes=\"auto, (max-width: 225px) 100vw, 225px\" \/><\/a>Sim. \u00c9 dela que estou falando e ela que mudou minha coluna de hoje e pelo menos por um domingo minha postura de buscar imparcialidade.<\/p>\n<p style=\"text-align: justify;\">Que a Veja \u00e9 uma revista baixa, repugnante, decadente e sem os princ\u00edpios fundamentais do jornalismo todos n\u00f3s j\u00e1 sabemos faz tempo. Eu desde que a mesma colocou Cazuza numa capa arrasando com o mesmo e acelerando a sua morte. Sabemos do que ela \u00e9 capaz, mas a capa dessa semana foi o \u00e1pice.<\/p>\n<p style=\"text-align: justify;\">Sou eleitor da Dilma Housseff, todos sabem disso, mas aqui no blog apesar de mostrar suas qualidade apontei defeitos e bati muito no PT. Devo ser o colunista que mais bateu e falou palavras duras sobre o PT aqui no blog nos \u00faltimos anos e sou petista, mas n\u00e3o sou cego.<\/p>\n<p style=\"text-align: justify;\">Me incomoda o PT de hoje, me incomoda o partido nesse mar de lama, a pecha de corrupto e suas atitudes dando raz\u00e3o a essa pecha. O PT est\u00e1 muito longe de ser o partido que eu pensava, mas mesmo assim considero o melhor partido.<\/p>\n<p style=\"text-align: justify;\">Nenhum governo fez tanto pelos pobres e miser\u00e1veis desse pa\u00eds quanto o PT e esse \u00e9 o motivo mais forte para que mesmo com esses esc\u00e2ndalos eu permane\u00e7a fiel ao partido. Porque ele olha para quem precisa mais, ele fez por quem ningu\u00e9m nunca fez.<\/p>\n<p style=\"text-align: justify;\">E tamb\u00e9m porque ele \u00e9 mais criticado e achincalhado que merece. Gostam de comparar o PT \u00e0s ditaduras e governos populistas. O que mais gostam \u00e9 de comparar a Cuba, o que demonstra total falta de conhecimento e completa ignor\u00e2ncia pol\u00edtica e sobre o planeta em que vivemos.<\/p>\n<p style=\"text-align: justify;\">Cada vez mais me conven\u00e7o que o Brasil \u00e9 o pa\u00eds mais democr\u00e1tico que existe. Eu n\u00e3o conhe\u00e7o um pa\u00eds do mundo em que o governante e seu partido sejam t\u00e3o esculhambados, xingados, ofendidos e ridicularizados. Ouvem-se as maiores ofensas \u00e0 presidenta Dilma, que antes disso \u00e9 uma mulher e poderia ser nossa av\u00f3. Antes faziam o mesmo com o Lula e ningu\u00e9m nunca foi preso por isso; todos sempre tiveram liberdade total para as ofensas.<\/p>\n<p style=\"text-align: justify;\"><a href=\"http:\/\/www.pedromigao.com.br\/ourodetolo\/2014\/10\/o-dia-de-descer-do-muro\/tumblr_ndxb422ekw1u23h0wo1_500\/\" rel=\"attachment wp-att-30173\"><img loading=\"lazy\" decoding=\"async\" class=\"alignright size-medium wp-image-30173\" src=\"http:\/\/www.pedromigao.com.br\/ourodetolo\/wp-content\/uploads\/2014\/10\/tumblr_ndxb422EkW1u23h0wo1_500-225x300.jpg\" alt=\"tumblr_ndxb422EkW1u23h0wo1_500\" width=\"225\" height=\"300\" srcset=\"http:\/\/www.pedromigao.com.br\/ourodetolo\/wp-content\/uploads\/2014\/10\/tumblr_ndxb422EkW1u23h0wo1_500-225x300.jpg 225w, http:\/\/www.pedromigao.com.br\/ourodetolo\/wp-content\/uploads\/2014\/10\/tumblr_ndxb422EkW1u23h0wo1_500-255x340.jpg 255w, http:\/\/www.pedromigao.com.br\/ourodetolo\/wp-content\/uploads\/2014\/10\/tumblr_ndxb422EkW1u23h0wo1_500.jpg 500w\" sizes=\"auto, (max-width: 225px) 100vw, 225px\" \/><\/a>Essa semana teve uma manifesta\u00e7\u00e3o na Avenida Paulista onde meia d\u00fazia de reacion\u00e1rios ignorantes chamaram a Dilma de terrorista. Gra\u00e7as a Deus que ela e outras pessoas foram \u201cterroristas\u201d.<\/p>\n<p style=\"text-align: justify;\">Por causa do \u201cterror\u201d deles, das pancadas que sofreram, das torturas, do horror psicol\u00f3gico, do desprendimento de se afastarem de amigos, fam\u00edlias e a perda da vida de alguns desses que os coxinhas que querem fazer revolu\u00e7\u00e3o por WhatsApp e pensam que manifesta\u00e7\u00e3o \u00e9 happy hour podem ir \u00e0 rua chamar uma pessoa de bem de terrorista.<\/p>\n<p style=\"text-align: justify;\">Falar que um governante no Brasil hoje \u00e9 terrorista, sapat\u00e3o e ex presidente \u00e9 alco\u00f3latra e ladr\u00e3o \u00e9 mole. Macho fez isso em 1969. Deviam levar faixa para essas manifesta\u00e7\u00f5es dizendo<em> \u201cObrigado Dilma por me dar o direito de te xingar\u201d<\/em>.<\/p>\n<p style=\"text-align: justify;\">Obrigado Dilma por dar o direito de existirem revistas como a Veja. Revista que usa e abusa de manique\u00edsmos e se aproveita da pecha de imprensa para fazer n\u00e3o s\u00f3 pol\u00edtica partid\u00e1ria como tentar derrubar o governo.<\/p>\n<p style=\"text-align: justify;\">Tentar derrubar porque hoje em dia gra\u00e7as \u00e0s redes sociais e a maior informa\u00e7\u00e3o que o povo possui suas cagadas tem o destino de privadas assim como um \u201cneve\u201d ou um \u201csublime\u201d. Respeito mais o \u201cneve\u201d e o \u201csublime\u201d. Pelo menos esses n\u00e3o jogam sujo faltando tr\u00eas dias para elei\u00e7\u00e3o.<\/p>\n<p style=\"text-align: justify;\">Qual a credibilidade de um bandido?<\/p>\n<p style=\"text-align: justify;\">No Brasil \u00e9 total porque palavra de um bandido contra um honesto, que \u00e9 honesto at\u00e9 que se prove o contr\u00e1rio, vira verdade e ganha capa de revista e jornal. Curioso que, com inocentes como da escola BASE a palavra serviu de nada.<\/p>\n<p style=\"text-align: justify;\">Faltando tr\u00eas dias para o fim de uma elei\u00e7\u00e3o acirrada estampam em capa e letras garrafais den\u00fancias de um bandido como se fossem verdadeiras e j\u00e1 comprovadas. Pior: den\u00fancias que ningu\u00e9m tem certeza se foram feitas mesmo, os pr\u00f3prios colegas de PIG tiveram cautela.<\/p>\n<p style=\"text-align: justify;\">Mas a Veja \u00e9 hoje o maior partido de oposi\u00e7\u00e3o do Brasil, n\u00e3o pode ter cautela faltando t\u00e3o pouco e se arriscar a perder a elei\u00e7\u00e3o.<\/p>\n<p style=\"text-align: justify;\"><a href=\"http:\/\/www.pedromigao.com.br\/ourodetolo\/2014\/10\/o-dia-de-descer-do-muro\/tumblr_ndx1imkokq1u23h0wo1_500\/\" rel=\"attachment wp-att-30171\"><img loading=\"lazy\" decoding=\"async\" class=\"alignleft size-medium wp-image-30171\" src=\"http:\/\/www.pedromigao.com.br\/ourodetolo\/wp-content\/uploads\/2014\/10\/tumblr_ndx1imKokQ1u23h0wo1_500-225x300.jpg\" alt=\"tumblr_ndx1imKokQ1u23h0wo1_500\" width=\"225\" height=\"300\" srcset=\"http:\/\/www.pedromigao.com.br\/ourodetolo\/wp-content\/uploads\/2014\/10\/tumblr_ndx1imKokQ1u23h0wo1_500-225x300.jpg 225w, http:\/\/www.pedromigao.com.br\/ourodetolo\/wp-content\/uploads\/2014\/10\/tumblr_ndx1imKokQ1u23h0wo1_500-255x340.jpg 255w, http:\/\/www.pedromigao.com.br\/ourodetolo\/wp-content\/uploads\/2014\/10\/tumblr_ndx1imKokQ1u23h0wo1_500.jpg 500w\" sizes=\"auto, (max-width: 225px) 100vw, 225px\" \/><\/a>Cautela ela tem e esquiva mostrou em outras den\u00fancias como as que cercaram a ela e ao Carlinhos Cachoeira. Den\u00fancias que n\u00e3o sei se s\u00e3o verdadeiras porque ao contr\u00e1rio da revista, para mim den\u00fancia \u00e9 den\u00fancia, n\u00e3o certeza.<\/p>\n<p style=\"text-align: justify;\">O PT n\u00e3o \u00e9 santo, sou muito f\u00e3 do Lula, mas tamb\u00e9m acho que ele n\u00e3o \u00e9. Mas a Veja arrolou o nome da Dilma que at\u00e9 hoje n\u00e3o teve uma den\u00fancia contra e isso \u00e9 muito grave: jogar o nome de uma pessoa na lama por causa de votos.<\/p>\n<p style=\"text-align: justify;\">Devido a esse massacre desci do muro e declaro textualmente meu voto em Dilma Rousseff para manter as pol\u00edticas sociais e o crescimento do Brasil. Declaro tendo a certeza que a maior parte da popula\u00e7\u00e3o far\u00e1 o mesmo e dar\u00e1 mais 4 anos a ela.<\/p>\n<p style=\"text-align: justify;\">Tem coisas que n\u00e3o gostei. Acho sim que o PT apelou na elei\u00e7\u00e3o e algumas vezes abaixou mais o n\u00edvel que devia. Mas pelo menos o PT \u00e9 um partido pol\u00edtico, n\u00e3o utiliza meandros nem falsa isen\u00e7\u00e3o para exercer sua pol\u00edtica.<\/p>\n<p style=\"text-align: justify;\">Quero os ganhos sociais, quero o orgulho do pobre em ver seu filho numa Universidade, quero a fam\u00edlia podendo ter o que comer, quero um pa\u00eds livre do FMI.<\/p>\n<p style=\"text-align: justify;\">Quero Dilma.<\/p>\n<p style=\"text-align: justify;\">E tamb\u00e9m quero vergonha na cara e fim de esc\u00e2ndalos de corrup\u00e7\u00e3o.<\/p>\n<p style=\"text-align: justify;\">Quero um pa\u00eds melhor. Por isso voto no melhor para o pa\u00eds.<\/p>\n<p style=\"text-align: justify;\">E aquele garoto que ia mudar o mundo agora assiste a tudo descendo do muro.<\/p>\n<p style=\"text-align: justify;\">Salve Cazuza, v\u00edtima da Veja.<\/p>\n<p style=\"text-align: justify;\">Que outras v\u00edtimas n\u00e3o surjam mais.<\/p>\n<p style=\"text-align: justify;\"><strong>Montagens: <a href=\"http:\/\/desesperodaveja.tumblr.com\" target=\"_blank\"><span style=\"color: #ff6600;\">http:\/\/desesperodaveja.tumblr.com<\/span><\/a><\/strong><\/p>\n","protected":false},"excerpt":{"rendered":"<p>Queria come\u00e7ar dizendo que a coluna de hoje \u00e9 de inteira responsabilidade de seu autor, no caso eu. Tenho tr\u00eas anos de blog e apesarTour Details<\/p>\n","protected":false},"author":8,"featured_media":0,"comment_status":"open","ping_status":"open","sticky":false,"template":"","format":"standard","meta":{"footnotes":""},"categories":[8],"tags":[638,698,357,54,24,426,733],"class_list":["post-30169","post","type-post","status-publish","format-standard","hentry","category-orun-aye","tag-dilma","tag-eleicoes","tag-eleicoes-2014","tag-imprensa","tag-politica","tag-pt","tag-veja"],"_links":{"self":[{"href":"http:\/\/www.pedromigao.com.br\/ourodetolo\/wp-json\/wp\/v2\/posts\/30169","targetHints":{"allow":["GET"]}}],"collection":[{"href":"http:\/\/www.pedromigao.com.br\/ourodetolo\/wp-json\/wp\/v2\/posts"}],"about":[{"href":"http:\/\/www.pedromigao.com.br\/ourodetolo\/wp-json\/wp\/v2\/types\/post"}],"author":[{"embeddable":true,"href":"http:\/\/www.pedromigao.com.br\/ourodetolo\/wp-json\/wp\/v2\/users\/8"}],"replies":[{"embeddable":true,"href":"http:\/\/www.pedromigao.com.br\/ourodetolo\/wp-json\/wp\/v2\/comments?post=30169"}],"version-history":[{"count":1,"href":"http:\/\/www.pedromigao.com.br\/ourodetolo\/wp-json\/wp\/v2\/posts\/30169\/revisions"}],"predecessor-version":[{"id":30170,"href":"http:\/\/www.pedromigao.com.br\/ourodetolo\/wp-json\/wp\/v2\/posts\/30169\/revisions\/30170"}],"wp:attachment":[{"href":"http:\/\/www.pedromigao.com.br\/ourodetolo\/wp-json\/wp\/v2\/media?parent=30169"}],"wp:term":[{"taxonomy":"category","embeddable":true,"href":"http:\/\/www.pedromigao.com.br\/ourodetolo\/wp-json\/wp\/v2\/categories?post=30169"},{"taxonomy":"post_tag","embeddable":true,"href":"http:\/\/www.pedromigao.com.br\/ourodetolo\/wp-json\/wp\/v2\/tags?post=30169"}],"curies":[{"name":"wp","href":"https:\/\/api.w.org\/{rel}","templated":true}]}}