{"id":30102,"date":"2014-10-21T11:42:13","date_gmt":"2014-10-21T13:42:13","guid":{"rendered":"http:\/\/www.pedromigao.com.br\/ourodetolo\/?p=30102"},"modified":"2014-10-21T08:37:14","modified_gmt":"2014-10-21T10:37:14","slug":"falsas-simetrias-a-questao-envolvendo-o-carnaval-e-os-gastos-em-educacao-e-saude","status":"publish","type":"post","link":"http:\/\/www.pedromigao.com.br\/ourodetolo\/2014\/10\/falsas-simetrias-a-questao-envolvendo-o-carnaval-e-os-gastos-em-educacao-e-saude\/","title":{"rendered":"Falsas simetrias: a quest\u00e3o envolvendo o carnaval e os gastos em educa\u00e7\u00e3o e sa\u00fade"},"content":{"rendered":"<p style=\"text-align: justify;\">Na \u00faltima semana, o candidato ao governo do Estado do Rio de Janeiro Marcelo Crivella, em entrevista, deu afirma\u00e7\u00f5es relacionando os gastos do governo Estadual com o carnaval e a quest\u00e3o da sa\u00fade. <a href=\"http:\/\/g1.globo.com\/rio-de-janeiro\/eleicoes\/2014\/noticia\/2014\/10\/crivella-diz-que-nao-iria-sapucai-no-carnaval-para-priorizar-saude-no-rj.html\" target=\"_blank\"><span style=\"color: #ff6600;\">De acordo com mat\u00e9ria do portal G1<\/span><\/a>, o candidato disse o seguinte:<\/p>\n<p style=\"text-align: justify;\"><em>&#8220;(&#8230;)\u00a0N\u00e3o vou prometer fazer financiamento sabendo que tem 20 mil fluminenses precisando de cirurgia.\u00a0Camarim (sic) do governador na Sapuca\u00ed, vou leiloar. Eu n\u00e3o vou. N\u00e3o vou para Sapuca\u00ed. Temos que cuidar desse neg\u00f3cio (Sa\u00fade). (&#8230;)&#8221;<\/em><\/p>\n<p style=\"text-align: justify;\">Estou reproduzindo as declara\u00e7\u00f5es do candidato &#8211; que, inclusive, ter\u00e1 o meu voto nas elei\u00e7\u00f5es do pr\u00f3ximo domingo &#8211; mas esta \u00e9 uma quest\u00e3o que, volta e meia, vejo pol\u00edticos e jornalistas reproduzirem: que o Estado n\u00e3o tem que investir em coisas como carnaval e esporte enquanto rubricas como educa\u00e7\u00e3o e sa\u00fade n\u00e3o est\u00e3o atendidas a contento.<\/p>\n<p style=\"text-align: justify;\">Entretanto, caro leitor, o objetivo deste artigo \u00e9 mostrar que existe uma &#8220;falsa simetria&#8221; entre gastos sociais e no carnaval. Do Wikipedia:<\/p>\n<p style=\"text-align: justify;\"><b><a href=\"http:\/\/www.pedromigao.com.br\/ourodetolo\/2014\/10\/falsas-simetrias-a-questao-envolvendo-o-carnaval-e-os-gastos-em-educacao-e-saude\/4pvj9326y2b611kc58mzr3bp6\/\" rel=\"attachment wp-att-30106\"><img loading=\"lazy\" decoding=\"async\" class=\"alignleft size-medium wp-image-30106\" src=\"http:\/\/www.pedromigao.com.br\/ourodetolo\/wp-content\/uploads\/2014\/10\/4pvj9326y2b611kc58mzr3bp6-300x200.jpg\" alt=\"4pvj9326y2b611kc58mzr3bp6\" width=\"300\" height=\"200\" srcset=\"http:\/\/www.pedromigao.com.br\/ourodetolo\/wp-content\/uploads\/2014\/10\/4pvj9326y2b611kc58mzr3bp6-300x200.jpg 300w, http:\/\/www.pedromigao.com.br\/ourodetolo\/wp-content\/uploads\/2014\/10\/4pvj9326y2b611kc58mzr3bp6-507x340.jpg 507w, http:\/\/www.pedromigao.com.br\/ourodetolo\/wp-content\/uploads\/2014\/10\/4pvj9326y2b611kc58mzr3bp6.jpg 620w\" sizes=\"auto, (max-width: 300px) 100vw, 300px\" \/><\/a>&#8220;<em>Falsa dicotomia<\/em><\/b><em>, <b>falso dilema<\/b>, <b>pensamento preto e branco<\/b> ou <b>falsa bifurca\u00e7\u00e3o<\/b> \u00e9 uma <span style=\"color: #ff6600;\"><a style=\"color: #ff6600;\" title=\"Fal\u00e1cia\" href=\"http:\/\/pt.wikipedia.org\/wiki\/Fal%C3%A1cia\">fal\u00e1cia<\/a> <a style=\"color: #ff6600;\" title=\"L\u00f3gica\" href=\"http:\/\/pt.wikipedia.org\/wiki\/L%C3%B3gica\">l\u00f3gica<\/a><\/span> que descreve uma situa\u00e7\u00e3o em que dois pontos de vista alternativos, geralmente opostos, s\u00e3o colocados como sendo as \u00fanicas op\u00e7\u00f5es, quando na realidade existem outras op\u00e7\u00f5es que n\u00e3o foram consideradas. Essa fal\u00e1cia \u00e9 usada para defender pontos de vista em geral, ela muitas vezes \u00e9 usada em uma compara\u00e7\u00e3o em que uma das op\u00e7\u00f5es \u00e9 completamente descartada pelo seu proponente, restando apenas a que lhe interessa.&#8221;<\/em><\/p>\n<p style=\"text-align: justify;\">\u00c9 exatamente o que ocorre neste caso: est\u00e3o se comparando coisas que n\u00e3o devem ser comparadas. Explico o porqu\u00ea.<\/p>\n<p style=\"text-align: justify;\">Fazendo uma r\u00e1pida consulta ao <a href=\"http:\/\/www.transparencia.rj.gov.br\/transparencia\/faces\/capaTransparencia?_afrLoop=441145353327000&amp;_afrWindowMode=0&amp;_adf.ctrl-state=c1l3bgoke_228\" target=\"_blank\"><span style=\"color: #ff6600;\">Portal da Transpar\u00eancia<\/span><\/a> do governo do Estado do Rio de Janeiro, se descobre que a execu\u00e7\u00e3o or\u00e7ament\u00e1ria entre janeiro e setembro deste ano das secretarias de Educa\u00e7\u00e3o e Sa\u00fade foi, somada, de aproximadamente R$6,3 bilh\u00f5es. A execu\u00e7\u00e3o da secretaria da Cultura, que inclui os gastos como carnaval, foi de R$91 milh\u00f5es.<\/p>\n<p style=\"text-align: justify;\">Repare, caro leitor: 6 bilh\u00f5es comparados a 91 milh\u00f5es. E este \u00e9 o or\u00e7amento total da secretaria da Cultura para nove meses, nos quais os valores destinados ao carnaval est\u00e3o inclu\u00eddos.<\/p>\n<p style=\"text-align: justify;\"><a href=\"http:\/\/www.pedromigao.com.br\/ourodetolo\/2014\/10\/falsas-simetrias-a-questao-envolvendo-o-carnaval-e-os-gastos-em-educacao-e-saude\/crivella\/\" rel=\"attachment wp-att-30107\"><img loading=\"lazy\" decoding=\"async\" class=\"alignright size-medium wp-image-30107\" src=\"http:\/\/www.pedromigao.com.br\/ourodetolo\/wp-content\/uploads\/2014\/10\/crivella-300x204.jpg\" alt=\"crivella\" width=\"300\" height=\"204\" srcset=\"http:\/\/www.pedromigao.com.br\/ourodetolo\/wp-content\/uploads\/2014\/10\/crivella-300x204.jpg 300w, http:\/\/www.pedromigao.com.br\/ourodetolo\/wp-content\/uploads\/2014\/10\/crivella-497x340.jpg 497w, http:\/\/www.pedromigao.com.br\/ourodetolo\/wp-content\/uploads\/2014\/10\/crivella.jpg 1600w\" sizes=\"auto, (max-width: 300px) 100vw, 300px\" \/><\/a>Infelizmente n\u00e3o encontrei dados espec\u00edficos sobre o carnaval e as escolas de samba, mas cada escola do Grupo Especial do Rio recebeu do Governo Estadual aproximadamente R$ 1 milh\u00e3o para o carnaval 2014. As escolas dos demais grupos receberam um montante somado de aproximadamente R$ 5 milh\u00f5es. Ou seja, s\u00e3o aproximadamente R$ 20 milh\u00f5es, ou um pouco mais, investidos ao ano nas escolas de samba, em espet\u00e1culo que traz milhares de turistas ao Rio de Janeiro e que deixa em impostos como o ICMS um valor de arrecada\u00e7\u00e3o muito maior que o investido.<\/p>\n<p style=\"text-align: justify;\">Vale lembrar que a maior parte do investimento no carnaval carioca \u00e9 municipal, atrav\u00e9s da Riotur e do munic\u00edpio do Rio de Janeiro. \u00c9 um investimento de pouco mais de R$ 30 milh\u00f5es, somando-se a subven\u00e7\u00e3o \u00e0s escolas, os valores gastos na infraestrutura da cidade e no apoio aos blocos que desfilam pelo Rio de Janeiro.<\/p>\n<p style=\"text-align: justify;\">Ou seja: em gastos totais temos aproximadamente R$ 60 milh\u00f5es por ano do poder p\u00fablico investidos no carnaval, festa que \u00e9 famosa mundialmente e que tem um retorno de imagem e de arrecada\u00e7\u00e3o de impostos muito maior que os valores investidos.<\/p>\n<p style=\"text-align: justify;\">Par\u00eantese: hoje, as verbas destinadas \u00e0s escolas de samba do Grupo Especial (subven\u00e7\u00f5es estatais, patroc\u00ednio da Petrobras, receita de TV, de ingressos e de direitos de imagem) n\u00e3o cobrem os gastos necess\u00e1rios a apresentar a festa com a magnitude exigida. Estima-se que uma escola que disputa t\u00edtulo gaste cerca de R$ 10 milh\u00f5es somente em seu carnaval, sendo aproximadamente R$ 12 milh\u00f5es em seus gastos totais &#8211; incluindo manuten\u00e7\u00e3o e vida org\u00e2nica da agremia\u00e7\u00e3o. Este aumento de custos se deve, especialmente, ao aumento do d\u00f3lar e \u00e0 confec\u00e7\u00e3o das fantasias para a comunidade. Fecha o par\u00eantese.<\/p>\n<p style=\"text-align: justify;\"><a href=\"http:\/\/www.pedromigao.com.br\/ourodetolo\/2014\/10\/falsas-simetrias-a-questao-envolvendo-o-carnaval-e-os-gastos-em-educacao-e-saude\/carnaval-salgueiro-2014-20140303-005-size-598\/\" rel=\"attachment wp-att-30108\"><img loading=\"lazy\" decoding=\"async\" class=\"alignleft size-medium wp-image-30108\" src=\"http:\/\/www.pedromigao.com.br\/ourodetolo\/wp-content\/uploads\/2014\/10\/Carnaval-salgueiro-2014-20140303-005-size-598-300x168.jpg\" alt=\"Carnaval-salgueiro-2014-20140303-005-size-598\" width=\"300\" height=\"168\" srcset=\"http:\/\/www.pedromigao.com.br\/ourodetolo\/wp-content\/uploads\/2014\/10\/Carnaval-salgueiro-2014-20140303-005-size-598-300x168.jpg 300w, http:\/\/www.pedromigao.com.br\/ourodetolo\/wp-content\/uploads\/2014\/10\/Carnaval-salgueiro-2014-20140303-005-size-598-550x309.jpg 550w, http:\/\/www.pedromigao.com.br\/ourodetolo\/wp-content\/uploads\/2014\/10\/Carnaval-salgueiro-2014-20140303-005-size-598.jpg 597w\" sizes=\"auto, (max-width: 300px) 100vw, 300px\" \/><\/a>O senador e candidato tamb\u00e9m disse que ir\u00e1 leiloar o camarote do governo do Estado na Marqu\u00eas de Sapuca\u00ed. Neste caso mesmo \u00e9 que temos uma falsa simetria.<\/p>\n<p style=\"text-align: justify;\"><a href=\"http:\/\/liesa.globo.com\/2015\/por\/19-ingressos\/19-ingressos_camarotes.html\" target=\"_blank\"><span style=\"color: #ff6600;\">A Liesa vendeu recentemente os camarotes para o carnaval 2015<\/span><\/a>. O mais caro deles, os &#8220;SuperCamarotes&#8221; para 30 pessoas no Setor 8, custava R$120 mil. Claro que o camarote do Governo do Estado \u00e9 maior que este, mas um eventual leil\u00e3o n\u00e3o vai arrecadar mais do que, digamos, R$ 1 milh\u00e3o. Lembre-se, leitor, do or\u00e7amento da sa\u00fade para nove meses de 2014: R$ 3 bilh\u00f5es.<\/p>\n<p style=\"text-align: justify;\">R$ 1 milh\u00e3o para R$ 3 bilh\u00f5es. Far\u00e1 diferen\u00e7a mesmo?<\/p>\n<p style=\"text-align: justify;\">Se o candidato n\u00e3o quer assistir aos desfiles devido \u00e0 sua condi\u00e7\u00e3o de evang\u00e9lico, \u00e9 outra hist\u00f3ria. Ainda assim, o l\u00edder m\u00e1ximo da Igreja Universal, Edir Macedo, em sua biografia afirma que &#8220;<em>n\u00e3o brinco carnaval, n\u00e3o gosto, mas ele \u00e9 importante para o pa\u00eds. Movimenta divisas e aumenta a arrecada\u00e7\u00e3o de impostos.&#8221;<\/em> Ou seja, at\u00e9 o l\u00edder m\u00e1ximo da institui\u00e7\u00e3o religiosa a qual o candidato \u00e9 filiado reconhece a import\u00e2ncia da festa para a economia brasileira.<\/p>\n<p style=\"text-align: justify;\">Al\u00e9m disso, sendo a festa mais importante do Estado, \u00e9 dever dele prestigiar a festa, ainda que apenas passe por l\u00e1 e v\u00e1 embora depois.<\/p>\n<p style=\"text-align: justify;\">Ao inv\u00e9s de atazanar o carnaval carioca, os gestores p\u00fablicos deveriam investir em uma maior efici\u00eancia de gastos nas rubricas sociais j\u00e1 citadas. Com um melhor gasto pode-se reverter muito mais que os R$ 60 milh\u00f5es investidos por estado e munic\u00edpio na nossa grande festa, tornando mais eficientes os R$ 8 bilh\u00f5es anuais investidos pelo Governo do Estado em sa\u00fade e educa\u00e7\u00e3o.<\/p>\n<p style=\"text-align: justify;\"><a href=\"http:\/\/www.pedromigao.com.br\/ourodetolo\/2014\/10\/falsas-simetrias-a-questao-envolvendo-o-carnaval-e-os-gastos-em-educacao-e-saude\/raissa-de-oliveira\/\" rel=\"attachment wp-att-30109\"><img loading=\"lazy\" decoding=\"async\" class=\"alignright size-medium wp-image-30109\" src=\"http:\/\/www.pedromigao.com.br\/ourodetolo\/wp-content\/uploads\/2014\/10\/raissa-de-oliveira-300x142.jpg\" alt=\"raissa-de-oliveira\" width=\"300\" height=\"142\" srcset=\"http:\/\/www.pedromigao.com.br\/ourodetolo\/wp-content\/uploads\/2014\/10\/raissa-de-oliveira-300x142.jpg 300w, http:\/\/www.pedromigao.com.br\/ourodetolo\/wp-content\/uploads\/2014\/10\/raissa-de-oliveira.jpg 527w\" sizes=\"auto, (max-width: 300px) 100vw, 300px\" \/><\/a>Finalizando, seria muito mais apropriado aumentar o montante investido no nosso carnaval, especialmente nas subven\u00e7\u00f5es destinadas \u00e0s escolas de samba &#8211; que assim n\u00e3o precisariam vender seus enredos, em um modelo de patroc\u00ednio claramente distorcido. \u00c9 um investimento que tem amplo retorno em turistas e impostos pagos por estes em nosso estado e cidade. Claro que com a contrapartida necess\u00e1ria da presta\u00e7\u00e3o de contas aos \u00f3rg\u00e3os competentes.<\/p>\n<p style=\"text-align: justify;\">Destarte, isto \u00e9 fundamental nas escolas do Grupo de Acesso A, que tem seu desfile transmitido pela Rede Globo e uma exig\u00eancia de espet\u00e1culo cada vez maior &#8211; mas n\u00e3o tem as fontes de receita necess\u00e1rias \u00e0 exig\u00eancia. A verba anual de uma escola deste grupo n\u00e3o chega a R$ 1 milh\u00e3o, o que torna o quadro a estas agremia\u00e7\u00f5es ainda mais dram\u00e1tico que o encontrado pelas irm\u00e3s maiores do Grupo Especial. Um maior olhar a estas escolas se faz necess\u00e1rio, urgente at\u00e9.<\/p>\n<p style=\"text-align: justify;\">E deve-se louvar o trabalho empreendido pela Liesa e pela Lierj na organiza\u00e7\u00e3o da festa, no apoio \u00e0 gest\u00e3o das escolas e na busca por mais recursos.<\/p>\n<p style=\"text-align: justify;\">Pol\u00edticos: o carnaval \u00e9 aliado, n\u00e3o advers\u00e1rio.<\/p>\n<p style=\"text-align: justify;\"><strong>Imagens: Uol e Veja<\/strong><\/p>\n","protected":false},"excerpt":{"rendered":"<p>Na \u00faltima semana, o candidato ao governo do Estado do Rio de Janeiro Marcelo Crivella, em entrevista, deu afirma\u00e7\u00f5es relacionando os gastos do governo EstadualTour Details<\/p>\n","protected":false},"author":2,"featured_media":0,"comment_status":"open","ping_status":"open","sticky":false,"template":"","format":"standard","meta":{"footnotes":""},"categories":[289],"tags":[18,535,357,24],"class_list":["post-30102","post","type-post","status-publish","format-standard","hentry","category-pedro-migao","tag-carnaval","tag-carnaval-2015","tag-eleicoes-2014","tag-politica"],"_links":{"self":[{"href":"http:\/\/www.pedromigao.com.br\/ourodetolo\/wp-json\/wp\/v2\/posts\/30102","targetHints":{"allow":["GET"]}}],"collection":[{"href":"http:\/\/www.pedromigao.com.br\/ourodetolo\/wp-json\/wp\/v2\/posts"}],"about":[{"href":"http:\/\/www.pedromigao.com.br\/ourodetolo\/wp-json\/wp\/v2\/types\/post"}],"author":[{"embeddable":true,"href":"http:\/\/www.pedromigao.com.br\/ourodetolo\/wp-json\/wp\/v2\/users\/2"}],"replies":[{"embeddable":true,"href":"http:\/\/www.pedromigao.com.br\/ourodetolo\/wp-json\/wp\/v2\/comments?post=30102"}],"version-history":[{"count":0,"href":"http:\/\/www.pedromigao.com.br\/ourodetolo\/wp-json\/wp\/v2\/posts\/30102\/revisions"}],"wp:attachment":[{"href":"http:\/\/www.pedromigao.com.br\/ourodetolo\/wp-json\/wp\/v2\/media?parent=30102"}],"wp:term":[{"taxonomy":"category","embeddable":true,"href":"http:\/\/www.pedromigao.com.br\/ourodetolo\/wp-json\/wp\/v2\/categories?post=30102"},{"taxonomy":"post_tag","embeddable":true,"href":"http:\/\/www.pedromigao.com.br\/ourodetolo\/wp-json\/wp\/v2\/tags?post=30102"}],"curies":[{"name":"wp","href":"https:\/\/api.w.org\/{rel}","templated":true}]}}