{"id":30008,"date":"2014-10-20T05:17:20","date_gmt":"2014-10-20T07:17:20","guid":{"rendered":"http:\/\/www.pedromigao.com.br\/ourodetolo\/?p=30008"},"modified":"2014-10-20T11:13:43","modified_gmt":"2014-10-20T13:13:43","slug":"nao-precisamos-e-nem-devemos-reduzir-a-maioridade-penal","status":"publish","type":"post","link":"http:\/\/www.pedromigao.com.br\/ourodetolo\/2014\/10\/nao-precisamos-e-nem-devemos-reduzir-a-maioridade-penal\/","title":{"rendered":"N\u00e3o precisamos e nem devemos reduzir a maioridade penal"},"content":{"rendered":"<p style=\"text-align: justify;\">Desde que escrevi sobre o sistema carcer\u00e1rio brasileiro (<span style=\"color: #ff6600;\"><a style=\"color: #ff6600;\" href=\"http:\/\/www.pedromigao.com.br\/ourodetolo\/2014\/03\/457-e-se-o-sistema-prisional-fosse-um-reality-show\/\">E se o sistema prisional fosse um reality show?<\/a><\/span>), queria falar aqui a respeito da redu\u00e7\u00e3o da maioridade penal.<\/p>\n<p style=\"text-align: justify;\">\u00c9 tanta bobagem, tanto discurso repressivo, tanta demagogia, que d\u00e1 at\u00e9 pregui\u00e7a de come\u00e7ar o assunto. Mas, diante do avan\u00e7o conservador que temos vivido, seja olhando para o resultado eleitoral do in\u00edcio de outubro, seja prestando aten\u00e7\u00e3o no conv\u00edvio do dia a dia, parece necess\u00e1rio insistir em algumas coisas.<\/p>\n<p style=\"text-align: justify;\">Uma das faces desse discurso conservador \u00e9 a insist\u00eancia na necessidade da redu\u00e7\u00e3o da maioridade penal. N\u00e3o, n\u00f3s n\u00e3o precisamos e nem devemos reduzir a idade a fim de punir mais pessoas. Porque \u00e9 isso, \u00e9 disso que estamos falando: punir mais pessoas. O Brasil tem a quarta maior popula\u00e7\u00e3o carcer\u00e1ria do mundo e isso n\u00e3o parece estar resolvendo as coisas. As cadeias do pa\u00eds, em situa\u00e7\u00e3o tr\u00e1gica, como Pedrinhas, tamb\u00e9m n\u00e3o s\u00e3o os melhores lugares para o cumprimento das penas impostas.<\/p>\n<p style=\"text-align: justify;\"><img loading=\"lazy\" decoding=\"async\" class=\"alignleft wp-image-30011 size-full\" src=\"http:\/\/www.pedromigao.com.br\/ourodetolo\/wp-content\/uploads\/2014\/10\/medio.jpg\" alt=\"medio\" width=\"300\" height=\"200\" \/>Depois do par\u00e1grafo anterior, talvez voc\u00ea esperasse uma sucess\u00e3o de n\u00fameros para provar meu ponto de vista. Mesmo porque as pessoas adoram estat\u00edsticas e, mais que isso, se convencem facilmente por elas. Basta aparecer com uns numerozinhos quaisquer para ver um balan\u00e7ar vertical de cabe\u00e7as concordando com o que se diz.<\/p>\n<p style=\"text-align: justify;\">Mas, n\u00e3o, este texto n\u00e3o \u00e9 s\u00f3 sobre estat\u00edsticas. At\u00e9 tenho umas estat\u00edsticas boas aqui sobre o tema. Sim, jovens menores de 18 anos cometem, proporcionalmente, poucos crimes. Se compararmos aos \u00edndices de viol\u00eancia contra essa faixa et\u00e1ria, \u00e9 quase assustador pensarmos que cometem t\u00e3o poucos crimes. Os jovens s\u00e3o as principais v\u00edtimas de viol\u00eancia no pa\u00eds, n\u00e3o os principais atores.<\/p>\n<p style=\"text-align: justify;\">Por exemplo, o relat\u00f3rio da Unicef publicado em setembro deste ano mostrou o Brasil como o segundo colocado em mortes de crian\u00e7as e adolescentes, em termos absolutos, em 2012. Proporcionalmente, h\u00e1 17 mortes pra cada 100 mil habitantes entre zero e 19 anos no pa\u00eds. <span style=\"color: #ff6600;\"><a style=\"color: #ff6600;\" href=\"http:\/\/www.bbc.co.uk\/portuguese\/noticias\/2014\/09\/140904_unicef_homicidios_lk\">A BBC publicou alguns artigos sobre o assunto<\/a><\/span>, mas parece que n\u00e3o houve muita empolga\u00e7\u00e3o pra se tratar dele.<\/p>\n<p style=\"text-align: justify;\">Por outro lado, h\u00e1 estat\u00edsticas muito assustadoras. Como exemplo, podemos lembrar que, em 2013, <span style=\"color: #ff6600;\"><a style=\"color: #ff6600;\" href=\"http:\/\/noticias.uol.com.br\/cotidiano\/ultimas-noticias\/2013\/06\/11\/mais-de-90-dos-brasileiros-querem-reducao-da-maioridade-penal-diz-pesquisa-cntmda.htm\">uma pesquisa da CNT\/MDA<\/a><\/span> apontou que quase 93% dos brasileiros eram favor\u00e1veis a redu\u00e7\u00e3o da maioridade penal. Assustador, n\u00e3o surpreendente. Afinal, o sentimento fica ali represado e a cada epis\u00f3dio violento envolvendo um menor, aparece algum instituto pra fazer uma pesquisa sobre o assunto.<\/p>\n<p style=\"text-align: justify;\">Al\u00e9m disso, sabemos que a sociedade tem sempre uma resposta ao assunto &#8216;crime&#8217;: leis mais duras e colocar gente na cadeia. Todos sabem que n\u00e3o funciona, t\u00e1 na cara que n\u00e3o funciona, mas n\u00e3o \u00e9 f\u00e1cil convencer. Ao contr\u00e1rio, o discurso punitivista encontra forte eco na sociedade. Basta pensar em quantos candidatos defenderam abertamente essa plataforma nas \u00faltimas elei\u00e7\u00f5es entre deputados, senadores e at\u00e9 candidatos \u00e0 presid\u00eancia da Rep\u00fablica.<\/p>\n<p style=\"text-align: justify;\">Gritem o quanto quiserem, as <span style=\"color: #ff6600;\"><a style=\"color: #ff6600;\" href=\"http:\/\/www.crianca.caop.mp.pr.gov.br\/modules\/conteudo\/conteudo.php?conteudo=323\">puni\u00e7\u00f5es que existem s\u00e3o, sim, severas<\/a><\/span>. O Estatuto da Crian\u00e7a e do Adolescente prev\u00ea puni\u00e7\u00f5es variadas, totalizando at\u00e9 nove anos em medidas socioeducativas. Os adolescentes brasileiros passam at\u00e9 tr\u00eas anos internados, o que na pr\u00e1tica j\u00e1 \u00e9 pris\u00e3o. A interna\u00e7\u00e3o \u00e9 um eufemismo jur\u00eddico. E as condi\u00e7\u00f5es s\u00e3o extremamente degradantes. <span style=\"color: #ff6600;\"><a style=\"color: #ff6600;\" href=\"http:\/\/www.cartacapital.com.br\/revista\/812\/ministerio-publico-denuncia-governo-alckmin-e-fundacao-casa-e-fala-em-nova-febem-9382.html\">Em S\u00e3o Paulo, por exemplo, a Funda\u00e7\u00e3o Casa tem sido alvo de a\u00e7\u00e3o do Minist\u00e9rio P\u00fablico<\/a><\/span>.<\/p>\n<p style=\"text-align: justify;\">Desde o ano passado, h\u00e1 aparentemente na imprensa uma campanha forte em defesa da redu\u00e7\u00e3o da maioridade penal. A exposi\u00e7\u00e3o de crimes praticados por adolescentes cresceu muito na TV. N\u00e3o que os crimes tenham aumentado, necessariamente. Mas o discurso raivoso dos especialistas de seguran\u00e7a engravatados sentados na bancada ou dos jornalistas de programas de assassinato, barb\u00e1rie &amp; sangue cresce.<\/p>\n<p style=\"text-align: justify;\"><img loading=\"lazy\" decoding=\"async\" class=\"alignright wp-image-30012 size-medium\" src=\"http:\/\/www.pedromigao.com.br\/ourodetolo\/wp-content\/uploads\/2014\/10\/dsc_00861-300x225.jpg\" alt=\"dsc_0086[1]\" width=\"300\" height=\"225\" srcset=\"http:\/\/www.pedromigao.com.br\/ourodetolo\/wp-content\/uploads\/2014\/10\/dsc_00861-300x225.jpg 300w, http:\/\/www.pedromigao.com.br\/ourodetolo\/wp-content\/uploads\/2014\/10\/dsc_00861-453x340.jpg 453w, http:\/\/www.pedromigao.com.br\/ourodetolo\/wp-content\/uploads\/2014\/10\/dsc_00861.jpg 620w\" sizes=\"auto, (max-width: 300px) 100vw, 300px\" \/><\/p>\n<p style=\"text-align: justify;\">Ao mesmo tempo em que isso acontece, iniciativas legais, criativas e solid\u00e1rias de jovens s\u00e3o deixadas em segundo plano. Saem como uma notinha na coluna social. Ou como uma mat\u00e9ria no site. N\u00e3o est\u00e3o na TV, no jornal da hora do almo\u00e7o, na boca dos comentaristas de est\u00fadio, na fala do apresentador histri\u00f4nico do fim de tarde.<\/p>\n<p style=\"text-align: justify;\">Recentemente, no Rio de Janeiro, tivemos duas a\u00e7\u00f5es das mais bonitas em escolas da cidade protagonizadas por adolescentes. No Col\u00e9gio Pedro II, uma aluna transg\u00eanero foi proibida de usar uniforme feminino. Segundo o col\u00e9gio, o c\u00f3digo de \u00e9tica dos alunos n\u00e3o permite. A resposta? <span style=\"color: #ff6600;\"><a style=\"color: #ff6600;\" href=\"http:\/\/oglobo.globo.com\/sociedade\/educacao\/meninos-do-colegio-pedro-ii-vao-escola-de-saia-em-apoio-colega-transexual-13893794\">15 alunos e alunas foram de saia pra escola num desagravo \u00e0 colega<\/a><\/span>.<\/p>\n<p style=\"text-align: justify;\">Diante da quest\u00e3o, eles poderiam ter ficado quietos. O protesto certamente gerou algum problema na entrada, no p\u00e1tio, na sala. Podiam ter se calado, mas escolheram agir, tomar partido, dar um sinal claro a institui\u00e7\u00e3o que ela precisa se adaptar e construir um espa\u00e7o em que todos possam conviver com suas diferen\u00e7as. Voc\u00ea viu isso na TV?<\/p>\n<p style=\"text-align: justify;\">Em outra escola do Rio, o Col\u00e9gio Carolina Patr\u00edcio, em S\u00e3o Conrado, uma professora descobriu estar com c\u00e2ncer. <span style=\"color: #ff6600;\"><a style=\"color: #ff6600;\" href=\"http:\/\/g1.globo.com\/rio-de-janeiro\/noticia\/2014\/09\/alunos-raspam-cabelo-em-solidariedade-professora.html\">Os alunos, mais ou menos 20 meninos, rasparam a cabe\u00e7a em homenagem \u00e0 professora<\/a><\/span>, sabendo que ela precisaria passar por sess\u00f5es de quimioterapia e que o cabelo provavelmente cairia. As meninas cortaram o cabelo e doaram a institui\u00e7\u00f5es que cuidam de pacientes oncol\u00f3gicos.<\/p>\n<p style=\"text-align: justify;\"><span style=\"color: #ff6600;\"><a href=\"http:\/\/www.pedromigao.com.br\/ourodetolo\/wp-content\/uploads\/2014\/10\/5f1e190c-8682-4e3c-9c41-c998b56a2e0c1.jpeg\"><img loading=\"lazy\" decoding=\"async\" class=\"size-medium wp-image-30010 alignleft\" src=\"http:\/\/www.pedromigao.com.br\/ourodetolo\/wp-content\/uploads\/2014\/10\/5f1e190c-8682-4e3c-9c41-c998b56a2e0c1-300x200.jpeg\" alt=\"5f1e190c-8682-4e3c-9c41-c998b56a2e0c[1]\" width=\"300\" height=\"200\" srcset=\"http:\/\/www.pedromigao.com.br\/ourodetolo\/wp-content\/uploads\/2014\/10\/5f1e190c-8682-4e3c-9c41-c998b56a2e0c1-300x200.jpeg 300w, http:\/\/www.pedromigao.com.br\/ourodetolo\/wp-content\/uploads\/2014\/10\/5f1e190c-8682-4e3c-9c41-c998b56a2e0c1-510x340.jpeg 510w, http:\/\/www.pedromigao.com.br\/ourodetolo\/wp-content\/uploads\/2014\/10\/5f1e190c-8682-4e3c-9c41-c998b56a2e0c1.jpeg 768w\" sizes=\"auto, (max-width: 300px) 100vw, 300px\" \/><\/a><a style=\"color: #ff6600;\" href=\"http:\/\/agenciabrasil.ebc.com.br\/educacao\/noticia\/2014-08\/brasileiros-conquistam-medalha-inedita-em-olimpiada-internacional-de\">E as cinco medalhas de prata, duas de bronze e tr\u00eas men\u00e7\u00f5es honrosas que os estudantes brasileiros de Ensino M\u00e9dio ganharam na Rom\u00eania no m\u00eas passado<\/a><\/span>, voc\u00ea t\u00e1 sabendo? O jornalista que desqualifica os jovens e sugere aumento da repress\u00e3o falou deles?<\/p>\n<p style=\"text-align: justify;\">A quest\u00e3o fundamental \u00e9 que os jovens s\u00e3o mais vezes bons que maus. Ainda que a sociedade, em geral, resolva sempre atribuir caracter\u00edsticas como instabilidade, inconsequ\u00eancia. Em um pa\u00eds marcado pela desigualdade como o Brasil, os problemas se agravam.<\/p>\n<p style=\"text-align: justify;\">Com isso, o que a sociedade vem fazendo \u00e9 pegar um monte de jovens, um grande potencial criativo e produtivo, e condenar ao crime. <span style=\"color: #ff6600;\"><a style=\"color: #ff6600;\" href=\"http:\/\/queroquedesenhe.wordpress.com\/2014\/10\/14\/porque-ser-contra-a-reducao-da-maioridade-penal\/\">N\u00e3o \u00e9 preciso desenhar<\/a><\/span> pra que fique clara a situa\u00e7\u00e3o. A\u00a0pot\u00eancia t\u00e1 ali, \u00e9 preciso explor\u00e1-la, n\u00e3o castr\u00e1-la. E n\u00e3o esque\u00e7am: cada menino jogado na cadeia \u00e9 mais um soldado a servi\u00e7o do crime, mais um membro pra alguma fac\u00e7\u00e3o criminosa.<\/p>\n<p style=\"text-align: justify;\">Em tempos de avan\u00e7o do conservadorismo, h\u00e1 que se defender direitos b\u00e1sicos e garantir as bases do estado democr\u00e1tico de direito. Inclusive os direitos dos adolescentes e crian\u00e7as. Criminalizar pura e simplesmente, empurrando esses grupos para a marginalidade com a redu\u00e7\u00e3o da maioridade penal, n\u00e3o parece e n\u00e3o \u00e9 o que precisamos.<\/p>\n","protected":false},"excerpt":{"rendered":"<p>Desde que escrevi sobre o sistema carcer\u00e1rio brasileiro (E se o sistema prisional fosse um reality show?), queria falar aqui a respeito da redu\u00e7\u00e3o daTour Details<\/p>\n","protected":false},"author":27,"featured_media":30013,"comment_status":"open","ping_status":"open","sticky":false,"template":"","format":"standard","meta":{"footnotes":""},"categories":[493],"tags":[698,357,723,25,722],"class_list":["post-30008","post","type-post","status-publish","format-standard","has-post-thumbnail","hentry","category-493","tag-eleicoes","tag-eleicoes-2014","tag-infancia-e-adolescencia","tag-judiciario","tag-juventude"],"_links":{"self":[{"href":"http:\/\/www.pedromigao.com.br\/ourodetolo\/wp-json\/wp\/v2\/posts\/30008","targetHints":{"allow":["GET"]}}],"collection":[{"href":"http:\/\/www.pedromigao.com.br\/ourodetolo\/wp-json\/wp\/v2\/posts"}],"about":[{"href":"http:\/\/www.pedromigao.com.br\/ourodetolo\/wp-json\/wp\/v2\/types\/post"}],"author":[{"embeddable":true,"href":"http:\/\/www.pedromigao.com.br\/ourodetolo\/wp-json\/wp\/v2\/users\/27"}],"replies":[{"embeddable":true,"href":"http:\/\/www.pedromigao.com.br\/ourodetolo\/wp-json\/wp\/v2\/comments?post=30008"}],"version-history":[{"count":0,"href":"http:\/\/www.pedromigao.com.br\/ourodetolo\/wp-json\/wp\/v2\/posts\/30008\/revisions"}],"wp:featuredmedia":[{"embeddable":true,"href":"http:\/\/www.pedromigao.com.br\/ourodetolo\/wp-json\/wp\/v2\/media\/30013"}],"wp:attachment":[{"href":"http:\/\/www.pedromigao.com.br\/ourodetolo\/wp-json\/wp\/v2\/media?parent=30008"}],"wp:term":[{"taxonomy":"category","embeddable":true,"href":"http:\/\/www.pedromigao.com.br\/ourodetolo\/wp-json\/wp\/v2\/categories?post=30008"},{"taxonomy":"post_tag","embeddable":true,"href":"http:\/\/www.pedromigao.com.br\/ourodetolo\/wp-json\/wp\/v2\/tags?post=30008"}],"curies":[{"name":"wp","href":"https:\/\/api.w.org\/{rel}","templated":true}]}}