{"id":29981,"date":"2014-10-15T16:34:37","date_gmt":"2014-10-15T19:34:37","guid":{"rendered":"http:\/\/www.pedromigao.com.br\/ourodetolo\/?p=29981"},"modified":"2014-10-15T16:35:23","modified_gmt":"2014-10-15T19:35:23","slug":"e-a-lanterna-pros-afogados","status":"publish","type":"post","link":"http:\/\/www.pedromigao.com.br\/ourodetolo\/2014\/10\/e-a-lanterna-pros-afogados\/","title":{"rendered":"E a lanterna pros afogados?"},"content":{"rendered":"<p style=\"text-align: justify;\">N\u00e3o sou muito de escrever no calor dos acontecimentos. Gosto de dar um pouco de racionalidade aos meus pensamentos, mas acho que a noite do dia 14 de outubro extrapolou e isso se fez necess\u00e1rio.<\/p>\n<p style=\"text-align: justify;\">O recorde de audi\u00eancia no debate da Band mostrou um grande interesse do brasileiro pelo evento. A mobiliza\u00e7\u00e3o das redes sociais e \u00e1reas de coment\u00e1rios dos sites tamb\u00e9m mostraram isso. E para qu\u00ea serviu? Perdoe-me o pessimismo, para nada!<\/p>\n<p style=\"text-align: justify;\">Essa dicotomia PT x\u00a0PSDB (e nem estou entrando no m\u00e9rito dos mandatos) est\u00e1 acabando com a politica brasileira. Hoje os partidos n\u00e3o existem. S\u00e3o bra\u00e7os pol\u00edticos desses dois, que no final dos anos 80 eram a esperan\u00e7a de mudan\u00e7a de muitos de n\u00f3s na \u00e9poca. Os mais ao centro os tucanos. \u00c0 esquerda o PT. E o que fizeram no poder? Aliaram-se, em nome da governan\u00e7a \u00e0quilo que sempre lutaram contra, sempre massacraram.<\/p>\n<p style=\"text-align: justify;\">Os movimentos sociais est\u00e3o mortos, as Associa\u00e7\u00f5es que deram as m\u00e3os para a derrubada de Collor est\u00e3o com gordos e eternos presidentes. O l\u00edder dos caras pintadas de 1992 hoje apoia um pastor evang\u00e9lico para o governo do Rio! Eu quero o meu pa\u00eds de volta&#8230; Quero as elei\u00e7\u00f5es de 1989 de volta &#8211; <span style=\"color: #ff6600;\"><a style=\"color: #ff6600;\" href=\"http:\/\/www.pedromigao.com.br\/ourodetolo\/2014\/09\/as-eleicoes-de-1989\/\" target=\"_blank\">vale ler de novo o brilhante texto do Alo\u00edsio Villar<\/a><\/span>.<\/p>\n<p style=\"text-align: justify;\"><a href=\"http:\/\/www.pedromigao.com.br\/ourodetolo\/wp-content\/uploads\/2014\/10\/debatebandpres.jpg\"><img loading=\"lazy\" decoding=\"async\" class=\"size-medium wp-image-29982 alignleft\" src=\"http:\/\/www.pedromigao.com.br\/ourodetolo\/wp-content\/uploads\/2014\/10\/debatebandpres-300x168.jpg\" alt=\"debatebandpres\" width=\"300\" height=\"168\" srcset=\"http:\/\/www.pedromigao.com.br\/ourodetolo\/wp-content\/uploads\/2014\/10\/debatebandpres-300x168.jpg 300w, http:\/\/www.pedromigao.com.br\/ourodetolo\/wp-content\/uploads\/2014\/10\/debatebandpres-550x308.jpg 550w, http:\/\/www.pedromigao.com.br\/ourodetolo\/wp-content\/uploads\/2014\/10\/debatebandpres.jpg 600w\" sizes=\"auto, (max-width: 300px) 100vw, 300px\" \/><\/a>Desabafo \u00e0 parte, o que vimos? Uma verdadeira bufonaria! Perguntas que n\u00e3o s\u00e3o respondidas. E quando \u00e0s s\u00e3o, vem com milhares de n\u00fameros falsos ou inflados. Na r\u00e9plica, acusa\u00e7\u00f5es. Na tr\u00e9plica a cita\u00e7\u00e3o de outra pergunta para o oponente n\u00e3o responder. Tudo pensado, pesquisado \u201cmarquetisado\u201d ao custo de milh\u00f5es em pesquisas qualitativas.<\/p>\n<p style=\"text-align: justify;\">J\u00e1 nas redes sociais, roj\u00f5es. Sim, Toma essa&#8230; #xupa&#8230; Milhares de compartilhamentos das verdades e mentiras, afinal o meu \u00e9 melhor que o seu&#8230; O seu \u00e9 um isso&#8230; O meu \u00e9 um aquilo&#8230; Afrontas pessoais&#8230; O troco do qu\u00ea?<\/p>\n<p style=\"text-align: justify;\">Eu s\u00f3 queria saber se a minha filha vai ter um hospital digno, caso algo lhe aconte\u00e7a e ela n\u00e3o tenha tempo do chegar \u00e0 outra cidade&#8230; Ou ainda, se todos v\u00e3o ter as mesmas oportunidades no ensino fundamental, para que um dia formemos uma gera\u00e7\u00e3o de pol\u00edticos que avancem o pa\u00eds de forma plural e desinteressada em apenas ajudar sua trupe.<\/p>\n<p style=\"text-align: justify;\">Espalhar o medo, o terremoto, ajuda a quem? Acho que um pacto educacional e pela sa\u00fade j\u00e1 levaria muito tempo num novo governo seja l\u00e1 quem for. Mas o Fla x\u00a0Flu dos dois partidos enforca qualquer possibilidade.<\/p>\n<p>Sinceramente estou decepcionado. Este debate est\u00e1 acabando no dia 15 de outubro de 2014. Dia do Professor. Eu e a linda professora que mora comigo ficamos at\u00e9 o fim. No dia 26 minha filha vai comigo \u00e0 urna. Sempre com a camisa do Brasil. N\u00e3o perco nunca a esperan\u00e7a. Mas nenhuma palavra foi falada sobre a educa\u00e7\u00e3o. O pilar do nosso futuro! S\u00f3 se fala nos milh\u00f5es que se roubam!! Etec Protec,\u00a0o raio que o parta.<\/p>\n<p style=\"text-align: justify;\">Eu quero saber se o nortista de Parintins ter\u00e1 o mesmo estudo do col\u00e9gio Porto Seguro de S\u00e3o Paulo. Isso \u00e9 importante. O que um fez, foi feito. E digo mais, num fez mais nada que a obriga\u00e7\u00e3o. Jogar a culpa nos outros \u00e9 f\u00e1cil.<\/p>\n<p style=\"text-align: justify;\">Meu sentimento nesse dia \u00e9 de tristeza. Sinceramente. Meu voto ontem foi decidido. N\u00e3o gosto de nada que lembre um zero \u00e0 esquerda, mas para mim a nota da dupla \u201ccandidato e candidata\u201d s\u00e3o um grande e redondo.<\/p>\n","protected":false},"excerpt":{"rendered":"<p>N\u00e3o sou muito de escrever no calor dos acontecimentos. Gosto de dar um pouco de racionalidade aos meus pensamentos, mas acho que a noite doTour Details<\/p>\n","protected":false},"author":26,"featured_media":29983,"comment_status":"open","ping_status":"open","sticky":false,"template":"","format":"standard","meta":{"footnotes":""},"categories":[485],"tags":[655,149,357,24,79,426],"class_list":["post-29981","post","type-post","status-publish","format-standard","has-post-thumbnail","hentry","category-vamos-a-luta","tag-aecio-neves","tag-dilma-roussef","tag-eleicoes-2014","tag-politica","tag-psdb","tag-pt"],"_links":{"self":[{"href":"http:\/\/www.pedromigao.com.br\/ourodetolo\/wp-json\/wp\/v2\/posts\/29981","targetHints":{"allow":["GET"]}}],"collection":[{"href":"http:\/\/www.pedromigao.com.br\/ourodetolo\/wp-json\/wp\/v2\/posts"}],"about":[{"href":"http:\/\/www.pedromigao.com.br\/ourodetolo\/wp-json\/wp\/v2\/types\/post"}],"author":[{"embeddable":true,"href":"http:\/\/www.pedromigao.com.br\/ourodetolo\/wp-json\/wp\/v2\/users\/26"}],"replies":[{"embeddable":true,"href":"http:\/\/www.pedromigao.com.br\/ourodetolo\/wp-json\/wp\/v2\/comments?post=29981"}],"version-history":[{"count":0,"href":"http:\/\/www.pedromigao.com.br\/ourodetolo\/wp-json\/wp\/v2\/posts\/29981\/revisions"}],"wp:featuredmedia":[{"embeddable":true,"href":"http:\/\/www.pedromigao.com.br\/ourodetolo\/wp-json\/wp\/v2\/media\/29983"}],"wp:attachment":[{"href":"http:\/\/www.pedromigao.com.br\/ourodetolo\/wp-json\/wp\/v2\/media?parent=29981"}],"wp:term":[{"taxonomy":"category","embeddable":true,"href":"http:\/\/www.pedromigao.com.br\/ourodetolo\/wp-json\/wp\/v2\/categories?post=29981"},{"taxonomy":"post_tag","embeddable":true,"href":"http:\/\/www.pedromigao.com.br\/ourodetolo\/wp-json\/wp\/v2\/tags?post=29981"}],"curies":[{"name":"wp","href":"https:\/\/api.w.org\/{rel}","templated":true}]}}