{"id":29880,"date":"2014-10-12T08:21:58","date_gmt":"2014-10-12T11:21:58","guid":{"rendered":"http:\/\/www.pedromigao.com.br\/ourodetolo\/?p=29880"},"modified":"2014-10-24T21:51:51","modified_gmt":"2014-10-24T23:51:51","slug":"machado-de-assis-um-sujeito-politico","status":"publish","type":"post","link":"http:\/\/www.pedromigao.com.br\/ourodetolo\/2014\/10\/machado-de-assis-um-sujeito-politico\/","title":{"rendered":"Machado de Assis, um sujeito pol\u00edtico"},"content":{"rendered":"<p style=\"text-align: justify\">O <span style=\"color: #ff6600\"><a style=\"color: #ff6600\" title=\"&quot;bruxo do Cosme Velho&quot;\" href=\"http:\/\/drummond.memoriaviva.com.br\/alguma-poesia\/a-um-bruxo-com-amor\">&#8220;bruxo do Cosme Velho&#8221;<\/a><\/span>, denomina\u00e7\u00e3o atribu\u00edda a Machado de Assis por Drummond, foi considerado pela cr\u00edtica um homem apol\u00edtico e despreocupado com as quest\u00f5es sociais de seu tempo. No entanto, um escritor que produziu cr\u00f4nicas por quase cinquenta anos, a meu ver, n\u00e3o\u00a0poder ser visto como escapista ou indiferente a aspectos\u00a0hist\u00f3ricos, tendo em vista que a cr\u00f4nica geralmente trabalha com fatos atrelados ao cotidiano.<\/p>\n<p style=\"text-align: justify\">\u00a0Logo que come\u00e7ou a publicar seus folhetins no jornal\u00a0<em>O Espelho<\/em>, g\u00eanero que mais tarde se desdobraria em cr\u00f4nica e em romance, ele define a seu modo o trabalho de quem escrevia nessa se\u00e7\u00e3o jornal\u00edstica: &#8220;O folhetinista, na sociedade, ocupa o lugar do colibri na esfera vegetal; salta, esvoa\u00e7a, brinca, tremula, paira e espaneja-se sobre todos os caules suculentos, sobre todas as seivas vigorosas. Todo o mundo lhe pertence; at\u00e9 mesmo a pol\u00edtica&#8221;.<\/p>\n<p style=\"text-align: justify\"><a href=\"http:\/\/www.pedromigao.com.br\/ourodetolo\/wp-content\/uploads\/2014\/10\/Machado-008.jpg\"><img loading=\"lazy\" decoding=\"async\" class=\"alignleft wp-image-29881 size-medium\" src=\"http:\/\/www.pedromigao.com.br\/ourodetolo\/wp-content\/uploads\/2014\/10\/Machado-008-300x180.jpg\" alt=\"Machado-008\" width=\"300\" height=\"180\" srcset=\"http:\/\/www.pedromigao.com.br\/ourodetolo\/wp-content\/uploads\/2014\/10\/Machado-008-300x180.jpg 300w, http:\/\/www.pedromigao.com.br\/ourodetolo\/wp-content\/uploads\/2014\/10\/Machado-008.jpg 500w\" sizes=\"auto, (max-width: 300px) 100vw, 300px\" \/><\/a>As cr\u00f4nicas publicadas na <em>Gazeta de Not\u00edcias<\/em> sob o t\u00edtulo de <em>A Semana<\/em>, por exemplo, referem-se aos anos que v\u00e3o de 1892 at\u00e9 1897. Em\u00a0\u00e9poca de recente instaura\u00e7\u00e3o da Rep\u00fablica e Aboli\u00e7\u00e3o da Escravatura, Machado denuncia a farsa do novo regime, que continuaria com a oligarquia no poder, e tamb\u00e9m aponta, embora n\u00e3o sem reconhecer o valor da lei assinada, a discrimina\u00e7\u00e3o que os negros continuariam a sofrer no \u00e2mbito social.<\/p>\n<p style=\"text-align: justify\">Somado a isso, \u00e9 constante vermos em suas cr\u00f4nicas coment\u00e1rios sobre a crise decorrente da pol\u00edtica do <a href=\"http:\/\/pt.wikipedia.org\/wiki\/Encilhamento\" target=\"_blank\"><span style=\"color: #ff6600\">Encilhamento<\/span><\/a>, formulada pelo ent\u00e3o ministro da fazenda Rui Barbosa no governo de Deodoro da Fonseca, e sobre as reformas urbanas que j\u00e1 causavam impacto no Rio de Janeiro.<\/p>\n<p style=\"text-align: justify\">Neste tempo de segundo turno, per\u00edodo prop\u00edcio a falar de elei\u00e7\u00f5es, seleciono dois trechos de cr\u00f4nicas machadianas que mostram a preocupa\u00e7\u00e3o pol\u00edtica do escritor, sempre atento ao movimento da hist\u00f3ria, e que explicitam a import\u00e2ncia do voto por meio de uma esp\u00e9cie de s\u00faplica feita ao leitor, convidando-o a votar e a participar conscientemente como cidad\u00e3o:<\/p>\n<p style=\"text-align: justify\"><strong>Cr\u00f4nica de 7 de agosto de 1892 (fragmento):<\/strong><\/p>\n<p style=\"text-align: justify\"><em>&#8220;Indiferen\u00e7a diz pouco em rela\u00e7\u00e3o \u00e0 causa real, que \u00e9 a in\u00e9rcia. In\u00e9rcia, eis a causa! Estudai o eleitor; em vez de andares a trocar as pernas entre tr\u00eas e seis horas da tarde, estudai o eleitor. Ach\u00e1-lo-ei bom, honesto, desejoso da felicidade nacional. Ele enche os teatros, vai \u00e0s paradas, \u00e0s prociss\u00f5es, aos bailes, aonde quer que h\u00e1 pitoresco e verdadeiro gozo pessoal. Fa\u00e7am-me o favor de dizer que pitoresco e que esp\u00e9cie de gozo pessoal h\u00e1 em uma elei\u00e7\u00e3o? Sair de casa sem almo\u00e7o (em domingo, note-se!), sem leitura de jornais, sem sof\u00e1 ou rede, sem chambre, sem um ou dois pequerruchos, para ir votar em algu\u00e9m que o represente no Congresso, n\u00e3o \u00e9 o que vulgarmente se chama de cacetea\u00e7\u00e3o? Que tem o eleitor com isso? Pois n\u00e3o h\u00e1 governo? O cidad\u00e3o, al\u00e9m dos impostos, h\u00e1 de ser perseguido com elei\u00e7\u00f5es?<\/em><\/p>\n<p style=\"text-align: justify\">(&#8230;)<\/p>\n<p style=\"text-align: justify\"><em>Que fazer? Aqui entra a minha medica\u00e7\u00e3o soberana. (&#8230;) O eleitor n\u00e3o vai \u00e0 urna, a urna vai ao eleitor.&#8221;<\/em><\/p>\n<p style=\"text-align: justify\"><strong>Cr\u00f4nica de 30 de outubro de 1892 (fragmento):<\/strong><\/p>\n<p style=\"text-align: justify\"><em>&#8220;Hoje, domingo, n\u00e3o h\u00e1 a mesma multid\u00e3o, o eleitorado \u00e9 restrito; mas podia e devia haver mais calor. Trata-se n\u00e3o menos que de eleger o primeiro conselho municipal do Distrito Federal, que \u00e9 ainda e ser\u00e1 a capital verdadeira e hist\u00f3rica do Brasil. N\u00e3o \u00e9 elei\u00e7\u00e3o que apaixone, concordo; n\u00e3o h\u00e1 paix\u00f5es puramente pol\u00edticas. Nem paix\u00f5es s\u00e3o cousas que se encomendem, como partidos n\u00e3o s\u00e3o cousas que se evoquem. Mas (permitam-me esta velha banalidade) h\u00e1 sempre a paix\u00e3o do bem e do interesse p\u00fablico. Eia, animai-vos um pouco, se n\u00e3o \u00e9 tarde; mas, se \u00e9 tarde, guardai-vos para a primeira elei\u00e7\u00e3o que vier. Contanto que n\u00e3o quebreis urnas, nem as fecundeis \u2014 a conselho meu, \u2014 agitai-vos, meus caros eleitores, agitai-vos um tanto mais.<\/em><\/p>\n<p style=\"text-align: justify\"><em>Por hoje, leitor amigo, vai tranquilamente dar o teu voto. Vai, anda, vai escolher os intendentes que devem representar-nos e defender os interesses comuns da nossa cidade.&#8221;<\/em><\/p>\n","protected":false},"excerpt":{"rendered":"<p>O &#8220;bruxo do Cosme Velho&#8221;, denomina\u00e7\u00e3o atribu\u00edda a Machado de Assis por Drummond, foi considerado pela cr\u00edtica um homem apol\u00edtico e despreocupado com as quest\u00f5esTour Details<\/p>\n","protected":false},"author":30,"featured_media":29949,"comment_status":"open","ping_status":"open","sticky":false,"template":"","format":"standard","meta":{"footnotes":""},"categories":[624],"tags":[91,73,24],"class_list":["post-29880","post","type-post","status-publish","format-standard","has-post-thumbnail","hentry","category-caderno-literario","tag-literatura","tag-livros","tag-politica"],"_links":{"self":[{"href":"http:\/\/www.pedromigao.com.br\/ourodetolo\/wp-json\/wp\/v2\/posts\/29880","targetHints":{"allow":["GET"]}}],"collection":[{"href":"http:\/\/www.pedromigao.com.br\/ourodetolo\/wp-json\/wp\/v2\/posts"}],"about":[{"href":"http:\/\/www.pedromigao.com.br\/ourodetolo\/wp-json\/wp\/v2\/types\/post"}],"author":[{"embeddable":true,"href":"http:\/\/www.pedromigao.com.br\/ourodetolo\/wp-json\/wp\/v2\/users\/30"}],"replies":[{"embeddable":true,"href":"http:\/\/www.pedromigao.com.br\/ourodetolo\/wp-json\/wp\/v2\/comments?post=29880"}],"version-history":[{"count":0,"href":"http:\/\/www.pedromigao.com.br\/ourodetolo\/wp-json\/wp\/v2\/posts\/29880\/revisions"}],"wp:featuredmedia":[{"embeddable":true,"href":"http:\/\/www.pedromigao.com.br\/ourodetolo\/wp-json\/wp\/v2\/media\/29949"}],"wp:attachment":[{"href":"http:\/\/www.pedromigao.com.br\/ourodetolo\/wp-json\/wp\/v2\/media?parent=29880"}],"wp:term":[{"taxonomy":"category","embeddable":true,"href":"http:\/\/www.pedromigao.com.br\/ourodetolo\/wp-json\/wp\/v2\/categories?post=29880"},{"taxonomy":"post_tag","embeddable":true,"href":"http:\/\/www.pedromigao.com.br\/ourodetolo\/wp-json\/wp\/v2\/tags?post=29880"}],"curies":[{"name":"wp","href":"https:\/\/api.w.org\/{rel}","templated":true}]}}