{"id":29549,"date":"2014-09-24T10:34:11","date_gmt":"2014-09-24T13:34:11","guid":{"rendered":"http:\/\/www.pedromigao.com.br\/ourodetolo\/?p=29549"},"modified":"2014-09-24T10:34:11","modified_gmt":"2014-09-24T13:34:11","slug":"algumas-notas-sobre-as-eleicoes-de-2014","status":"publish","type":"post","link":"http:\/\/www.pedromigao.com.br\/ourodetolo\/2014\/09\/algumas-notas-sobre-as-eleicoes-de-2014\/","title":{"rendered":"Algumas Notas sobre as Elei\u00e7\u00f5es de 2014"},"content":{"rendered":"<p style=\"text-align: justify;\">N\u00e3o sou cientista pol\u00edtico, n\u00e3o sou pitonisa nem adivinho. Mas divido com os leitores algumas impress\u00f5es e tentativas de predi\u00e7\u00f5es, faltando 10 dias para o pleito em seu primeiro turno. Em t\u00f3picos, vamos l\u00e1:<\/p>\n<p style=\"text-align: justify;\"><strong>1) Improv\u00e1vel, mas n\u00e3o imposs\u00edvel (Parte I):<\/strong> a Presidenta Dilma se reeleger em primeiro turno. Por mais que as pesquisas estejam divergentes \u2013 tema do pr\u00f3ximo t\u00f3pico \u2013 parece claro que h\u00e1 um crescimento nas inten\u00e7\u00f5es de voto da atual Presidenta. O que n\u00e3o sabemos \u00e9 se ser\u00e1 suficiente para liquidar a fatura em primeiro turno \u2013 acho improv\u00e1vel, mas n\u00e3o me parece imposs\u00edvel como era at\u00e9 duas semanas atr\u00e1s.<\/p>\n<p style=\"text-align: justify;\">A meu ver, \u00e9 um crescimento at\u00e9 esperado: a propaganda eleitoral mostrou as iniciativas do governo nos \u00faltimos quatro anos e contrabalan\u00e7ou a campanha disfar\u00e7ada feita por alguns \u00f3rg\u00e3os de imprensa, o que se refletiu em aumento dos \u00edndices de aprova\u00e7\u00e3o e, consequentemente, de votos.<\/p>\n<p style=\"text-align: justify;\">Al\u00e9m disso, os seguidos erros cometidos pela campanha de Marina Silva parecem ter afastado da candidata parcela do eleitorado mais \u00e0 esquerda, que, ao que parece, alinharam suas inten\u00e7\u00f5es de voto \u00e0 atual Presidenta.<\/p>\n<p style=\"text-align: justify;\"><strong>2) Pesquisas: tem algu\u00e9m mentindo.<\/strong> Os \u00faltimos n\u00fameros dos institutos de pesquisas para Presidente, que trouxeram diverg\u00eancias significativas entre os diversos institutos, deixaram claro que h\u00e1 algum tipo de manipula\u00e7\u00e3o pol\u00edtica envolvida. Quem est\u00e1 fazendo? N\u00e3o se sabe at\u00e9 agora.<\/p>\n<p style=\"text-align: justify;\">Pessoalmente, meu feeling \u00e9 de que os n\u00fameros reais est\u00e3o em um meio termo entre os divulgados ontem pelo Vox Populi e os do Ibope.<\/p>\n<p style=\"text-align: justify;\">Vale lembrar que somente se definindo de forma diferente a amostra pesquisada j\u00e1 se consegue influenciar significativamente o resultado esperado \u2013 pelo menos alguma coisa de Estat\u00edstica na faculdade ainda me lembro&#8230;<\/p>\n<p style=\"text-align: justify;\"><strong><a href=\"http:\/\/www.pedromigao.com.br\/ourodetolo\/?attachment_id=29541\" rel=\"attachment wp-att-29541\"><img loading=\"lazy\" decoding=\"async\" class=\"alignleft size-medium wp-image-29541\" src=\"http:\/\/www.pedromigao.com.br\/ourodetolo\/wp-content\/uploads\/2014\/09\/20140906_095251-300x168.jpg\" alt=\"20140906_095251\" width=\"300\" height=\"168\" srcset=\"http:\/\/www.pedromigao.com.br\/ourodetolo\/wp-content\/uploads\/2014\/09\/20140906_095251-300x168.jpg 300w, http:\/\/www.pedromigao.com.br\/ourodetolo\/wp-content\/uploads\/2014\/09\/20140906_095251-550x309.jpg 550w\" sizes=\"auto, (max-width: 300px) 100vw, 300px\" \/><\/a>3) Improv\u00e1vel, mas n\u00e3o imposs\u00edvel (Parte II):<\/strong> Pez\u00e3o (PMDB) liquidar a fatura em primeiro turno.<\/p>\n<p style=\"text-align: justify;\">O leitor deve estar pensando que enlouqueci, haja visto que a \u00faltima pesquisa deu 29% para o candidato peemedebista e 26% para Anthony Garotinho (PR). Lembrem-se, contudo, que o PMDB carioca tem muita capilaridade na Baixada e no Interior, e historicamente os candidatos do partido crescem muito na reta final.<\/p>\n<p style=\"text-align: justify;\">O mesmo vale para a disputa ao Senado: apesar da grande diferen\u00e7a de Rom\u00e1rio (PSB) para Cesar Maia (DEM), o trabalho dos cabos eleitorais do PMDB deve deixar a disputa bem mais apertada, apesar da alt\u00edssima rejei\u00e7\u00e3o do ex-prefeito na capital fluminense.<\/p>\n<p style=\"text-align: justify;\"><strong>4) Votos petistas migrando para Garotinho<\/strong>. \u00c9 a \u00fanica explica\u00e7\u00e3o que encontro para a queda expressiva dos n\u00fameros do candidato petista Lindbergh Farias na \u00faltima pesquisa. Esta migra\u00e7\u00e3o pode ser explicada por dois fatores: o desempenho de Garotinho na recente entrevista ao RJ-TV \u2013 onde fez cr\u00edticas pesadas \u00e0 Rede Globo de Televis\u00e3o \u2013 e ao apoio expl\u00edcito dado pelo candidato \u00e0 reelei\u00e7\u00e3o da presidenta Dilma Rousseff.<\/p>\n<p style=\"text-align: justify;\"><strong>5) Pez\u00e3o \u00e9 favorito no segundo turno, \u201cma non troppo\u201d.<\/strong> At\u00e9 pela m\u00e1quina do Estado a seu favor, o atual governador \u00e9 favorito, mas com os tempos de tv igualados n\u00e3o acredito que seja uma \u201clavada\u201d. Neste primeiro turno Pez\u00e3o tem praticamente 70% do tempo total de televis\u00e3o e r\u00e1dio, o que gera um desequil\u00edbrio evidente \u2013 situa\u00e7\u00e3o que n\u00e3o se repetir\u00e1 no segundo turno. Por outro lado, a alta rejei\u00e7\u00e3o de Garotinho atrapalha bastante em um segundo turno.<\/p>\n<p style=\"text-align: justify;\">Ali\u00e1s, sua propaganda leva o eleitor desavisado a pensar que Pez\u00e3o n\u00e3o \u00e9 o atual governador, e sim oposi\u00e7\u00e3o ao governo. Tamb\u00e9m esconde o ex-Governador S\u00e9rgio Cabral e o l\u00edder m\u00e1ximo do PMDB do estado, Jorge Picciani \u2013 que muitos analistas afirmam ser o governador de fato do Rio de Janeiro desde 2007. Diga-se de passagem, a chapa do atual governador \u00e9 a fina flor do reacionarismo carioca, com Francisco Dorneles (PP) de vice e Cesar Maia como candidato ao Senado.<\/p>\n<p style=\"text-align: justify;\">Em um segundo turno onde as duas chapas, digamos, possuem in\u00fameras visitas aos F\u00f3runs e Tribunais da vida em seus curr\u00edculos, sem d\u00favida alguma a tarefa ser\u00e1 votar no menos pior. Confesso ao leitor que estou inclinado a anular, mas a cada vez que ou\u00e7o a propaganda de Pez\u00e3o mais me d\u00e1 vontade de mudar de ideia e votar em Garotinho. A conferir.<\/p>\n<p style=\"text-align: justify;\"><strong><a href=\"http:\/\/www.pedromigao.com.br\/ourodetolo\/?attachment_id=29542\" rel=\"attachment wp-att-29542\"><img loading=\"lazy\" decoding=\"async\" class=\"alignright size-medium wp-image-29542\" src=\"http:\/\/www.pedromigao.com.br\/ourodetolo\/wp-content\/uploads\/2014\/09\/20140906_164124-300x168.jpg\" alt=\"20140906_164124\" width=\"300\" height=\"168\" srcset=\"http:\/\/www.pedromigao.com.br\/ourodetolo\/wp-content\/uploads\/2014\/09\/20140906_164124-300x168.jpg 300w, http:\/\/www.pedromigao.com.br\/ourodetolo\/wp-content\/uploads\/2014\/09\/20140906_164124-550x309.jpg 550w\" sizes=\"auto, (max-width: 300px) 100vw, 300px\" \/><\/a>6) O que h\u00e1 com Padilha em S\u00e3o Paulo?<\/strong> Que a candidatura do ex-Ministro n\u00e3o decolou \u00e9 fato. Mas o PT em terras bandeirantes sempre teve um piso de cerca de 20% dos votos, independente de candidato, e as pesquisas indicam um n\u00famero atual bem abaixo disso. Por outro lado, pelo que tenho visto da campanha a recep\u00e7\u00e3o parece estar sendo mais representativa que os atuais \u00edndices ostentados.<\/p>\n<p style=\"text-align: justify;\">Cartas para a reda\u00e7\u00e3o.<\/p>\n<p style=\"text-align: justify;\"><strong>7) Em Minas, sem blindagem complicou<\/strong>. O candidato tucano \u00e0 Presid\u00eancia A\u00e9cio Neves, salvo uma reviravolta nestes dias restantes, dever\u00e1 levar uma surra hist\u00f3rica em seus dom\u00ednios, tanto no sufr\u00e1gio presidencial como no Governo do Estado.<\/p>\n<p style=\"text-align: justify;\">Isso pode ser explicado pela \u201cquebra\u201d da blindagem de que o PSDB mineiro disp\u00f5e dentro do Estado, com a imprensa local controlada a ferro e fogo direto do Pal\u00e1cio das Alterosas. Com A\u00e9cio candidato e exposto n\u00e3o somente nos debates como em setores da imprensa nacional, parece que os mineiros perceberam que os anos do PSDB no poder, afinal de contas, n\u00e3o foram nem perto do que a propaganda oficial apregoa.<\/p>\n<p style=\"text-align: justify;\">Por outro lado, o ex-Governador Antonio Anastasia deve se eleger senador com alguma folga.<\/p>\n<p style=\"text-align: justify;\"><strong>8) O fen\u00f4meno Perillo em Goi\u00e1s<\/strong>. Mesmo com a apresenta\u00e7\u00e3o de fartas provas ligando seu nome \u00e0 quadrilha do contraventor Carlinhos Cachoeira \u2013 se o STF n\u00e3o abriu processo contra ele \u00e9 outra hist\u00f3ria \u2013 o governador goiano n\u00e3o somente lidera as pesquisas como pode vencer ainda no primeiro turno. N\u00e3o conhe\u00e7o profundamente a pol\u00edtica do estado, mas me \u00e9 bem surpreendente esta predi\u00e7\u00e3o.<\/p>\n<p style=\"text-align: justify;\">Em tempo: Ronaldo Caiado est\u00e1 praticamente eleito para o Senado pelo estado.<\/p>\n<p style=\"text-align: justify;\"><strong><a href=\"http:\/\/www.pedromigao.com.br\/ourodetolo\/?attachment_id=29543\" rel=\"attachment wp-att-29543\"><img loading=\"lazy\" decoding=\"async\" class=\"alignleft size-medium wp-image-29543\" src=\"http:\/\/www.pedromigao.com.br\/ourodetolo\/wp-content\/uploads\/2014\/09\/20140906_164629-300x168.jpg\" alt=\"20140906_164629\" width=\"300\" height=\"168\" srcset=\"http:\/\/www.pedromigao.com.br\/ourodetolo\/wp-content\/uploads\/2014\/09\/20140906_164629-300x168.jpg 300w, http:\/\/www.pedromigao.com.br\/ourodetolo\/wp-content\/uploads\/2014\/09\/20140906_164629-550x309.jpg 550w\" sizes=\"auto, (max-width: 300px) 100vw, 300px\" \/><\/a>9) O contorcionismo do PT maranhense<\/strong>. Embora oficialmente o partido, em decis\u00e3o imposta pelo diret\u00f3rio nacional, apoie o candidato dos Sarney, Lob\u00e3o Filho (PMDB), na pr\u00e1tica o que se v\u00ea \u00e9 a milit\u00e2ncia fazendo campanha para Fl\u00e1vio Dino (PCdoB), l\u00edder nas pesquisas.<\/p>\n<p style=\"text-align: justify;\">Note-se que, no Maranh\u00e3o, a campanha n\u00e3o termina na urna \u2013 Jackson Lago foi retirado pela Justi\u00e7a em 2009 em manobra com as digitais do cl\u00e3, e dada posse \u00e0 atual governadora Roseana Sarney.<\/p>\n<p style=\"text-align: justify;\">N\u00e3o \u00e9 a \u00fanica alian\u00e7a ins\u00f3lita do PT nos estados: aqui mesmo no Rio de Janeiro o partido est\u00e1 coligado com o PSB e, em Alagoas, apoia a reelei\u00e7\u00e3o de Collor de Mello ao Senado contra Heloisa Helena (PSOL) \u2013 esta, apoiada pelo PSDB.<\/p>\n<p style=\"text-align: justify;\">Essas alian\u00e7as ins\u00f3litas talvez sejam um pre\u00e7o a pagar pela manuten\u00e7\u00e3o do poder central, mas tem sua contrapartida no fato de que, \u00e0 exce\u00e7\u00e3o de Minas Gerais, o PT n\u00e3o dever\u00e1 conquistar nenhum estado de peso nas elei\u00e7\u00f5es para governador \u2013 embora n\u00e3o esteja fora do p\u00e1reo no Rio Grande do Sul e tenha remotas chances na Bahia.<\/p>\n<p style=\"text-align: justify;\"><strong>10) Bater na Petrobras d\u00e1 voto?<\/strong> A campanha eleitoral vem sendo marcada por ataques intensos \u00e0 governan\u00e7a da Cia, a ponto de respingar no quadro de empregados \u2013 tachado de \u201cpouco produtivo\u201d e \u201cconivente com a corrup\u00e7\u00e3o\u201d em recente spot de r\u00e1dio de um dos candidatos \u00e0 Presid\u00eancia. Isso refor\u00e7ada por setores da grande m\u00eddia, que n\u00e3o escondem sua disposi\u00e7\u00e3o ideol\u00f3gica sobre o tema.<\/p>\n<p style=\"text-align: justify;\">Que a Petrobras e seu quadro t\u00e9cnico viraram a \u201cGeni\u201d destas elei\u00e7\u00f5es \u00e9 fato. A d\u00favida \u00e9 at\u00e9 que ponto a empresa, considerada um orgulho nacional pela popula\u00e7\u00e3o, pode influenciar nas inten\u00e7\u00f5es de voto.<\/p>\n<p style=\"text-align: justify;\">Aqui no Rio, onde a economia \u00e9 fortemente dependente do petr\u00f3leo e h\u00e1 muitos empregados e suas fam\u00edlias, o efeito foi claro, em especial na queda dos \u00edndices da candidata Marina Silva (PSB). No restante do Brasil, n\u00e3o sei qual o resultado desta estrat\u00e9gia eleitoral.<\/p>\n<p style=\"text-align: justify;\"><strong><a href=\"http:\/\/www.pedromigao.com.br\/ourodetolo\/?attachment_id=29544\" rel=\"attachment wp-att-29544\"><img loading=\"lazy\" decoding=\"async\" class=\"alignright size-medium wp-image-29544\" src=\"http:\/\/www.pedromigao.com.br\/ourodetolo\/wp-content\/uploads\/2014\/09\/20140906_164501-300x168.jpg\" alt=\"20140906_164501\" width=\"300\" height=\"168\" srcset=\"http:\/\/www.pedromigao.com.br\/ourodetolo\/wp-content\/uploads\/2014\/09\/20140906_164501-300x168.jpg 300w, http:\/\/www.pedromigao.com.br\/ourodetolo\/wp-content\/uploads\/2014\/09\/20140906_164501-550x309.jpg 550w\" sizes=\"auto, (max-width: 300px) 100vw, 300px\" \/><\/a>11) Voltando a S\u00e3o Paulo, o Fen\u00f4meno Alckmin<\/strong>. Ainda que com alguns graves problemas de gest\u00e3o \u2013 onde o iminente e severo racionamento de \u00e1gua e o esc\u00e2ndalo das propinas conhecido como \u201cTrensal\u00e3o\u201d s\u00e3o os mais graves \u2013 n\u00e3o somente o atual governador Geraldo Alckmin deve se reeleger em primeiro turno como Jos\u00e9 Serra \u00e9 o favorito na corrida ao Senado.<\/p>\n<p style=\"text-align: justify;\">Ainda que se saiba que o PSDB local conta com imensa simpatia da grande m\u00eddia e que os problemas maiores s\u00e3o mais restritos \u00e0 capital e regi\u00e3o metropolitana, parece ser um caso de \u201cteflon\u201d pol\u00edtico: nada \u00e9 percebido pela popula\u00e7\u00e3o como culpa do grupo pol\u00edtico dominante, que vai para duas d\u00e9cadas ininterruptas no poder.<\/p>\n<p style=\"text-align: justify;\">Longe de esgotar os assuntos, eis alguns pitacos. O leitor pode complementar na \u00e1rea de coment\u00e1rios.<\/p>\n","protected":false},"excerpt":{"rendered":"<p>N\u00e3o sou cientista pol\u00edtico, n\u00e3o sou pitonisa nem adivinho. Mas divido com os leitores algumas impress\u00f5es e tentativas de predi\u00e7\u00f5es, faltando 10 dias para oTour Details<\/p>\n","protected":false},"author":2,"featured_media":0,"comment_status":"open","ping_status":"open","sticky":false,"template":"","format":"standard","meta":{"footnotes":""},"categories":[289],"tags":[357,24],"class_list":["post-29549","post","type-post","status-publish","format-standard","hentry","category-pedro-migao","tag-eleicoes-2014","tag-politica"],"_links":{"self":[{"href":"http:\/\/www.pedromigao.com.br\/ourodetolo\/wp-json\/wp\/v2\/posts\/29549","targetHints":{"allow":["GET"]}}],"collection":[{"href":"http:\/\/www.pedromigao.com.br\/ourodetolo\/wp-json\/wp\/v2\/posts"}],"about":[{"href":"http:\/\/www.pedromigao.com.br\/ourodetolo\/wp-json\/wp\/v2\/types\/post"}],"author":[{"embeddable":true,"href":"http:\/\/www.pedromigao.com.br\/ourodetolo\/wp-json\/wp\/v2\/users\/2"}],"replies":[{"embeddable":true,"href":"http:\/\/www.pedromigao.com.br\/ourodetolo\/wp-json\/wp\/v2\/comments?post=29549"}],"version-history":[{"count":0,"href":"http:\/\/www.pedromigao.com.br\/ourodetolo\/wp-json\/wp\/v2\/posts\/29549\/revisions"}],"wp:attachment":[{"href":"http:\/\/www.pedromigao.com.br\/ourodetolo\/wp-json\/wp\/v2\/media?parent=29549"}],"wp:term":[{"taxonomy":"category","embeddable":true,"href":"http:\/\/www.pedromigao.com.br\/ourodetolo\/wp-json\/wp\/v2\/categories?post=29549"},{"taxonomy":"post_tag","embeddable":true,"href":"http:\/\/www.pedromigao.com.br\/ourodetolo\/wp-json\/wp\/v2\/tags?post=29549"}],"curies":[{"name":"wp","href":"https:\/\/api.w.org\/{rel}","templated":true}]}}