{"id":29490,"date":"2014-09-19T10:10:43","date_gmt":"2014-09-19T13:10:43","guid":{"rendered":"http:\/\/www.pedromigao.com.br\/ourodetolo\/?p=29490"},"modified":"2014-09-19T10:10:43","modified_gmt":"2014-09-19T13:10:43","slug":"sobre-opinioes-e-criticas","status":"publish","type":"post","link":"http:\/\/www.pedromigao.com.br\/ourodetolo\/2014\/09\/sobre-opinioes-e-criticas\/","title":{"rendered":"Sobre opini\u00f5es e cr\u00edticas"},"content":{"rendered":"<p style=\"text-align: justify;\">J\u00e1 abordei este assunto em algumas oportunidades aqui nesta revista eletr\u00f4nica, mas ainda me impressiona como de uns anos para c\u00e1 cresceu em nossa sociedade a intoler\u00e2ncia \u00e0 cr\u00edtica.<\/p>\n<p style=\"text-align: justify;\">A cada dia mais percebo que esta intoler\u00e2ncia est\u00e1 aumentando e deixando bastantes restritos os limites da conviv\u00eancia em grupo. Quaisquer m\u00ednimas discord\u00e2ncias ou reparos feitos a atitudes, decis\u00f5es ou opini\u00f5es gera uma torrente de rea\u00e7\u00f5es despropositadas e em certos casos at\u00e9 extremistas.<\/p>\n<p style=\"text-align: justify;\">Um bom exemplo \u00e9 o comportamento de f\u00e3s de cantores ou bandas voltadas ao p\u00fablico adolescente. Qualquer m\u00ednimo reparo que se fa\u00e7a \u2013 e normalmente estes grupos n\u00e3o primam por uma boa m\u00fasica, pelo menos em minha opini\u00e3o \u2013 vem uma horda de f\u00e3s destes fen\u00f4menos desqualificando tudo que se escreve ou fala, em especial na internet.<\/p>\n<p style=\"text-align: justify;\">Isso me leva a escrever sobre outra face deste fen\u00f4meno: o analfabetismo cognitivo. A cada dia mais as pessoas leem n\u00e3o o que est\u00e1 escrito, mas sim o que querem ler (entender). Muitas vezes os formadores de opini\u00e3o s\u00e3o esculhambados e queimados na fogueira em pra\u00e7a p\u00fablica n\u00e3o pelo que escreveram ou disseram, mas sim pela leitura transversal e obtusa feita por aqueles que n\u00e3o conseguiram compreender \u2013 ou pior: n\u00e3o quiseram.<\/p>\n<p style=\"text-align: justify;\">O que vale \u00e9 a sua verdade pessoal, que deve ser imposta a ferro e fogo, ainda que na base da gritaria. Respeito \u00e0 discord\u00e2ncia e democracia s\u00e3o vistos como \u201cfraquezas\u201d. Importa mostrar que a sua verdade \u00e9 a verdade eterna. Importa estar sempre com a raz\u00e3o.<\/p>\n<p style=\"text-align: justify;\">Um par\u00eantese: s\u00f3 esta semana fui chamado por leitores (de ocasi\u00e3o) aqui de \u201cinid\u00f4neo\u201d e \u201cpseudointelectual\u201d, apenas para ficar nos adjetivos public\u00e1veis. Detalhe: por um texto que eu n\u00e3o escrevi&#8230;<\/p>\n<p style=\"text-align: justify;\"><a href=\"http:\/\/www.pedromigao.com.br\/ourodetolo\/2014\/09\/sobre-opinioes-e-criticas\/129_2014-antolhos151\/\" rel=\"attachment wp-att-29492\"><img loading=\"lazy\" decoding=\"async\" class=\"alignleft size-medium wp-image-29492\" src=\"http:\/\/www.pedromigao.com.br\/ourodetolo\/wp-content\/uploads\/2014\/09\/129_2014-Antolhos151-300x195.jpg\" alt=\"129_2014-Antolhos151\" width=\"300\" height=\"195\" srcset=\"http:\/\/www.pedromigao.com.br\/ourodetolo\/wp-content\/uploads\/2014\/09\/129_2014-Antolhos151-300x195.jpg 300w, http:\/\/www.pedromigao.com.br\/ourodetolo\/wp-content\/uploads\/2014\/09\/129_2014-Antolhos151.jpg 500w\" sizes=\"auto, (max-width: 300px) 100vw, 300px\" \/><\/a>Outra quest\u00e3o \u00e9 que a toler\u00e2ncia a cr\u00edticas que visem melhorar determinados aspectos de processos ou situa\u00e7\u00f5es diminuiu consideravelmente. Em regra geral, criticar o que quer que seja \u00e9 <em>\u201cestar contra\u201d<\/em>, \u00e9 <em>\u201cdiminuir a institui\u00e7\u00e3o\/empresa\/pessoa\u201d<\/em>, \u00e9 <em>\u201cfazer papel de quinta coluna\u201d<\/em>. Com isso vemos equ\u00edvocos gritantes passando absolutamente inc\u00f3lumes, sendo enaltecidos at\u00e9.<\/p>\n<p style=\"text-align: justify;\">Este \u00e9 outra faceta: todo mundo adora dar uma de \u201cpedra\u201d, mas detesta \u201cser vidra\u00e7a\u201d. Um bom exemplo disto pode-se ver em alguns jornalistas de grandes ve\u00edculos de imprensa que mant\u00e9m blogs, entretanto censuram todos os coment\u00e1rios discordantes ou, quando publicam, desqualificam. Criticar advers\u00e1rios pol\u00edticos ou ainda quem pensa diferente \u00e9 considerado absolutamente normal \u2013 ainda que em diversas ocasi\u00f5es a opini\u00e3o resvale fortemente no C\u00f3digo Penal \u2013 mas acolher coment\u00e1rios dissonantes \u00e9 \u201cantidemocr\u00e1tico\u201d.<\/p>\n<p style=\"text-align: justify;\">Par\u00eantese parte II, a miss\u00e3o: para a grande m\u00eddia, \u201cliberdade de imprensa\u201d e \u201cdemocracia\u201d s\u00e3o a liberdade de imprensa e a democracia do patr\u00e3o. Fecha o par\u00eantese.<\/p>\n<p style=\"text-align: justify;\">Ainda mais complicado \u00e9 quando pessoas em posi\u00e7\u00e3o de poder \u2013 real ou imagin\u00e1rio &#8211; n\u00e3o somente se tornam refrat\u00e1rios a cr\u00edticas como ainda se utilizam de seu poder (leg\u00edtimo ou n\u00e3o) para calar as vozes dissonantes. Isso gera uma onipot\u00eancia que somente torna mais alto e mais forte o fracasso.<\/p>\n<p style=\"text-align: justify;\">Nesta campanha eleitoral estamos assistindo a diversos epis\u00f3dios de intoler\u00e2ncia pol\u00edtica. N\u00e3o basta discordar: h\u00e1 que se desqualificar o oponente, abrindo m\u00e3o do debate democr\u00e1tico a fim de fazer prevalecer suas op\u00e7\u00f5es. Especialmente nas redes sociais est\u00e1 bastante complicado se estabelecer qualquer tipo de debate pol\u00edtico e eleitoral saud\u00e1vel, tal o clima de intoler\u00e2ncia.<\/p>\n<p style=\"text-align: justify;\">O mais incr\u00edvel \u00e9 que o radicalismo \u00e9 tanto que muitas vezes se ofende sem se dar conta amigos de anos. Tenho visto muitas pessoas que convivem comigo h\u00e1 anos chamarem os empregados do Sistema Petrobras em redes sociais de \u201cvagabundos\u201d, \u201cladr\u00f5es\u201d e \u201ccorruptos\u201d (disso para baixo), sem se dar conta que perto delas tem um \u201cvagabundo\u201d, \u201cladr\u00e3o\u201d e \u201ccorrupto\u201d com quem se convive h\u00e1 muito tempo&#8230;<\/p>\n<p style=\"text-align: justify;\">Obviamente que situa\u00e7\u00f5es de cal\u00fania ou inj\u00faria devem ser reparadas conforme preza o C\u00f3digo Penal. Entretanto, h\u00e1 muita confus\u00e3o sobre o que realmente \u00e9 cal\u00fania ou inj\u00faria e o que \u00e9 opini\u00e3o pura e simples \u2013 os limites, a meu ver, est\u00e3o bem mais estreitos.<\/p>\n<p style=\"text-align: justify;\">Outro bom exemplo disso \u00e9 o recente processo que um dos candidatos \u00e0 Presid\u00eancia moveu contra usu\u00e1rios do Twitter. Com as exce\u00e7\u00f5es de praxe daqueles que resvalaram na inj\u00faria, pareceu censura pura e simples.<\/p>\n<p style=\"text-align: justify;\"><a href=\"http:\/\/www.pedromigao.com.br\/ourodetolo\/2014\/09\/sobre-opinioes-e-criticas\/voltaire_1\/\" rel=\"attachment wp-att-29493\"><img loading=\"lazy\" decoding=\"async\" class=\"alignright size-medium wp-image-29493\" src=\"http:\/\/www.pedromigao.com.br\/ourodetolo\/wp-content\/uploads\/2014\/09\/voltaire_1-257x300.jpeg\" alt=\"voltaire_1\" width=\"257\" height=\"300\" srcset=\"http:\/\/www.pedromigao.com.br\/ourodetolo\/wp-content\/uploads\/2014\/09\/voltaire_1-257x300.jpeg 257w, http:\/\/www.pedromigao.com.br\/ourodetolo\/wp-content\/uploads\/2014\/09\/voltaire_1-291x340.jpeg 291w, http:\/\/www.pedromigao.com.br\/ourodetolo\/wp-content\/uploads\/2014\/09\/voltaire_1.jpeg 699w\" sizes=\"auto, (max-width: 257px) 100vw, 257px\" \/><\/a>Adicionalmente, ao contr\u00e1rio do que os te\u00f3ricos esperavam, a internet democratizou sim o acesso \u00e0 informa\u00e7\u00e3o, mas n\u00e3o contribuiu para a dissemina\u00e7\u00e3o do necess\u00e1rio contradit\u00f3rio. Como reflexo da sociedade, somente aumentou a intoler\u00e2ncia. A frase atribu\u00edda a Voltaire de que <em>\u201cEu discordo do que voc\u00ea diz, mas defenderei at\u00e9 a morte o seu direito de diz\u00ea-lo\u201d <\/em>est\u00e1 infelizmente anacr\u00f4nica em nosso dia a dia. O que vale \u00e9 impor o seu posicionamento.<\/p>\n<p style=\"text-align: justify;\">Este comportamento, tamb\u00e9m, faz proliferarem os quinta colunas, os pelegos, que vivem maldizendo os outros e vivendo de migalhas de aten\u00e7\u00e3o dos que possuem algum tipo de pequeno ou grande poder \u2013 muitas vezes irreal.<\/p>\n<p style=\"text-align: justify;\">Sou de um tempo onde a figura do \u201cdedo duro\u201d era execrada, mas percebo que hoje come\u00e7a a haver uma mudan\u00e7a neste senso comum: mais importante que qualquer coisa \u00e9 um pretenso \u201crespeito\u201d aos detentores de grandes e pequenos poderes \u2013 e para isso vale tudo.<\/p>\n<p style=\"text-align: justify;\">A conviv\u00eancia em sociedade seria muito mais estimulante se todos entendessem que a cr\u00edtica e especialmente a discord\u00e2ncia de opini\u00f5es n\u00e3o necessariamente significam a tentativa de destruir pessoas, grupos ou institui\u00e7\u00f5es. Ao contr\u00e1rio, para se usar o idioma do \u201cgeston\u00eas\u201d s\u00e3o oportunidades de melhoria que devem ser ouvidas e aproveitadas de acordo com a conveni\u00eancia.<\/p>\n<p style=\"text-align: justify;\">Tamb\u00e9m se adquire muito conhecimento e riqueza de personalidade ao ouvir opini\u00f5es contr\u00e1rias, absorver conhecimentos de que n\u00e3o se disp\u00f5e e buscar conciliar, n\u00e3o impor. Criticar de forma respeitosa e buscando alternativas \u00e9 extremamente salutar ao desenvolvimento pessoal e de institui\u00e7\u00f5es nacionais.<\/p>\n<p style=\"text-align: justify;\">Finalizando, reafirmo este espa\u00e7o como um blog democr\u00e1tico, onde todos os colunistas e leitores tem total liberdade de expor as suas opini\u00f5es \u2013 dentro do determinado pelo C\u00f3digo Penal Brasileiro. Muitas vezes as opini\u00f5es expressas nos artigos desta revista eletr\u00f4nica s\u00e3o frontalmente contr\u00e1rias \u00e0s minhas.<\/p>\n","protected":false},"excerpt":{"rendered":"<p>J\u00e1 abordei este assunto em algumas oportunidades aqui nesta revista eletr\u00f4nica, mas ainda me impressiona como de uns anos para c\u00e1 cresceu em nossa sociedadeTour Details<\/p>\n","protected":false},"author":2,"featured_media":0,"comment_status":"open","ping_status":"open","sticky":false,"template":"","format":"standard","meta":{"footnotes":""},"categories":[289],"tags":[24,7,27,6],"class_list":["post-29490","post","type-post","status-publish","format-standard","hentry","category-pedro-migao","tag-politica","tag-reflexoes","tag-sociedade","tag-vida-cotidiana"],"_links":{"self":[{"href":"http:\/\/www.pedromigao.com.br\/ourodetolo\/wp-json\/wp\/v2\/posts\/29490","targetHints":{"allow":["GET"]}}],"collection":[{"href":"http:\/\/www.pedromigao.com.br\/ourodetolo\/wp-json\/wp\/v2\/posts"}],"about":[{"href":"http:\/\/www.pedromigao.com.br\/ourodetolo\/wp-json\/wp\/v2\/types\/post"}],"author":[{"embeddable":true,"href":"http:\/\/www.pedromigao.com.br\/ourodetolo\/wp-json\/wp\/v2\/users\/2"}],"replies":[{"embeddable":true,"href":"http:\/\/www.pedromigao.com.br\/ourodetolo\/wp-json\/wp\/v2\/comments?post=29490"}],"version-history":[{"count":0,"href":"http:\/\/www.pedromigao.com.br\/ourodetolo\/wp-json\/wp\/v2\/posts\/29490\/revisions"}],"wp:attachment":[{"href":"http:\/\/www.pedromigao.com.br\/ourodetolo\/wp-json\/wp\/v2\/media?parent=29490"}],"wp:term":[{"taxonomy":"category","embeddable":true,"href":"http:\/\/www.pedromigao.com.br\/ourodetolo\/wp-json\/wp\/v2\/categories?post=29490"},{"taxonomy":"post_tag","embeddable":true,"href":"http:\/\/www.pedromigao.com.br\/ourodetolo\/wp-json\/wp\/v2\/tags?post=29490"}],"curies":[{"name":"wp","href":"https:\/\/api.w.org\/{rel}","templated":true}]}}