{"id":29403,"date":"2014-09-29T14:34:03","date_gmt":"2014-09-29T17:34:03","guid":{"rendered":"http:\/\/www.pedromigao.com.br\/ourodetolo\/?p=29403"},"modified":"2014-09-30T09:28:30","modified_gmt":"2014-09-30T12:28:30","slug":"bodas-de-prata-1997-x-9-surpreende-desbanca-favoritas-e-fatura-primeiro-titulo","status":"publish","type":"post","link":"http:\/\/www.pedromigao.com.br\/ourodetolo\/2014\/09\/bodas-de-prata-1997-x-9-surpreende-desbanca-favoritas-e-fatura-primeiro-titulo\/","title":{"rendered":"Bodas de Prata \u2013 1997: X-9 surpreende, desbanca favoritas e fatura primeiro t\u00edtulo"},"content":{"rendered":"<p style=\"text-align: justify;\">O Carnaval de 1996 foi praticamente o \u201cmarco zero\u201d do in\u00edcio da rela\u00e7\u00e3o das escolas de samba paulistanas com empresas que ajudavam no financiamento dos desfiles. Como o leitor p\u00f4de acompanhar, algumas agremia\u00e7\u00f5es come\u00e7aram, em 95 para 96, a notar que conseguir um apoio aqui e outro ali era um meio interessante de conseguir fechar as contas no final do Carnaval.<\/p>\n<p style=\"text-align: justify;\">Para 1997, por\u00e9m, a coisa tomou outra dimens\u00e3o. Pela primeira vez, apareceram em grande n\u00famero os enredos patrocinados e os apoios escancarados de empresas dos mais diversos ramos e n\u00e3o s\u00f3 de materiais e produtos ligados ao Carnaval. Para que o leitor possa se situar, do total R$ 6 milh\u00f5es investidos pelas 10 escolas do Grupo Especial, R$ 712 mil j\u00e1 vinham, em 1997, atrav\u00e9s do patroc\u00ednio.<\/p>\n<p style=\"text-align: justify;\">Al\u00e9m do mais, as escolas come\u00e7aram a modernizar suas pr\u00f3prias estruturas. O Presidente da Rosas de Ouro, Eduardo Bas\u00edlio, j\u00e1 dizia desde o come\u00e7o da d\u00e9cada que o Carnaval precisava se modernizar (ali\u00e1s, um par\u00eantese: este foi um dos motivos que lhe fez abandonar a Vila Brasil\u00e2ndia e construir uma nova quadra na Freguesia do \u00d3, para revolta quase completa e absoluta do samba paulistano. Fim do par\u00eantese). Para tal, as escolas come\u00e7aram a investir em setores at\u00e9 ent\u00e3o inexistentes, como por exemplo o marketing. Nen\u00ea de Vila Matilde e Vai-Vai foram as primeiras a usar desse expoente para divulgar ainda mais os seus desfiles.<\/p>\n<p style=\"text-align: justify;\">Paralelamente a esta entrada no novo mundo do Carnaval, as escolas ainda conviviam com m\u00e9todos, digamos, mais tradicionais de conseguir dinheiro: o jogo do bicho. Hoje isso \u00e9 quase impens\u00e1vel, mas \u00e0 \u00e9poca, os Presidentes admitiam com a maior tranquilidade que recebiam financiamento da contraven\u00e7\u00e3o. \u00c0 Folha de S. Paulo de 8\/2\/1997, o pr\u00f3prio Seu Bas\u00edlio dizia: \u201ceu n\u00e3o coloco dinheiro do bolso; nem eu, nem ningu\u00e9m\u201d.<\/p>\n<p style=\"text-align: justify;\">Leandro Alves Martins, Presidente e fundador da Leandro de Itaquera, dizia n\u00e3o ter nada contra a ajuda dos bicheiros, \u201cmuito pelo contr\u00e1rio\u201d e avisava: \u201cnos pr\u00f3ximos dois anos, tudo vai mudar no Carnaval de S\u00e3o Paulo\u201d. As grandes frases daquela edi\u00e7\u00e3o do jornal, entretanto, sa\u00edram da boca do Presidente da Vai-Vai, Sol\u00f3n Tadeu Pereira. Ele negava o envolvimento da Escola do Povo com seu amigo pessoal, bicheiro, mas dizia que, se algum deles quisesse colocar dinheiro l\u00e1, \u201cpegava com as duas m\u00e3os\u201d. E ainda completou: \u201co Brasil tem tr\u00eas coisas que funcionam: o Corpo de Bombeiros, o Carnaval e o jogo do bicho\u201d.<\/p>\n<p style=\"text-align: justify;\">Se a ajuda da contraven\u00e7\u00e3o n\u00e3o envergonhava ningu\u00e9m, o aux\u00edlio do tr\u00e1fico de drogas era um tabu gigantesco a ponto de quase ningu\u00e9m tocar no assunto. O Presidente Ariovaldo Aparecido Silva, da Gavi\u00f5es, dizia \u201cdetestar\u201d traficantes e que esses \u201cn\u00e3o chegavam perto\u201d da escola. Markinho, da Tom Maior, negava qualquer envolvimento com o tr\u00e1fico, mas admitia que a vermelho-e-amarelo j\u00e1 havia sido sondada algumas vezes. Segundo ele, os acordos envolviam uma troca: o traficante injetava o dinheiro e a escola fazia da quadra uma esp\u00e9cie de dep\u00f3sito de armas e drogas.<\/p>\n<p style=\"text-align: justify;\">Dentro da pista, no entanto, n\u00e3o existe mais nada disso e as escolas prometiam uma briga ferrenha pelo t\u00edtulo. Evidentemente, essa febre de patroc\u00ednios influenciou algumas escolas do Grupo Especial, mas por caminhos bem diferentes. A maioria, no entanto, ainda optou por seguir uma linha mais tradicional. Campe\u00e3 em 1996, a Vai-Vai escolheu homenagear Minas Gerais e n\u00e3o sofreu influ\u00eancias do patroc\u00ednio da Cervejaria Antarctica, j\u00e1 que a parceria se resumia a dois bares montados no Anhembi.<\/p>\n<p style=\"text-align: justify;\">A Rosas de Ouro, exaltando a diversidade gastron\u00f4mica da Cidade de S\u00e3o Paulo, tamb\u00e9m n\u00e3o alterou em nada o seu enredo e recebeu cerca de 80 mil reais da Antarctica em cerveja. No entanto, a escola conseguiu, depois de definido o enredo, fechar patroc\u00ednio de acordo com as alas. Fast-foods de comida chinesa, docerias, deliveries e revistas especializadas em gastronomia complementaram o or\u00e7amento.<\/p>\n<p style=\"text-align: justify;\">A Gavi\u00f5es da Fiel, por sua vez, n\u00e3o teve o seu enredo alterado por marca alguma, mas levou o fen\u00f4meno mercadol\u00f3gico em conta para definir seu tema. A escola concluiu que \u201cvender\u201d um enredo sobre o sertanista Orlando Villas-Boas seria dif\u00edcil e, por isso, optou por falar sobre a vida nas ruas e conseguiu o apoio da Kaiser e da T\u00eanis P\u00e9. A X-9 Paulistana, depois do decepcionante desfile de 1996, escolheu a Amaz\u00f4nia como tema e, se n\u00e3o carregada por patroc\u00ednio, contava com o aux\u00edlio dos profissionais do Festival de Partintins para brigar pelo t\u00edtulo.<\/p>\n<p style=\"text-align: justify;\">A Nen\u00ea de Vila Matilde optou por falar da hist\u00f3ria do negro no Brasil, enquanto a Unidos do Peruche escolheu homenagear a cidade de S\u00e3o Paulo. Voltando ao Grupo Especial, a Leandro de Itaquera conseguiu um pequeno apoio da cacha\u00e7aria Ypi\u00f3ca com seu enredo sobre o a\u00e7\u00facar, enquanto a Tom Maior tentaria a afirma\u00e7\u00e3o entre as grandes com um enredo sobre estrelas.<\/p>\n<p style=\"text-align: justify;\">As duas maiores expoentes do \u201cCarnaval patrocinado\u201d foram, no entanto, Mocidade Alegre e \u00c1guia de Ouro. A segunda, voltando ao primeiro grupo, cometeu um erro admitido pelo pr\u00f3prio Presidente Sidnei Carrioulo Ant\u00f4nio: primeiro escolheu o enredo e, contando com o patroc\u00ednio, depois foi correr atr\u00e1s de investidores. O resultado \u00e9 que o enredo sobre a soja n\u00e3o atraiu nenhuma empresa do ramo e nem o homem conhecido como \u201crei da soja\u201d \u00e0 \u00e9poca.<\/p>\n<p style=\"text-align: justify;\">A Mocidade Alegre, por\u00e9m, ousou e surpreendeu. N\u00e3o foi atr\u00e1s de uma empresa, mas sim de uma pessoa. E uma figura pouco esperada, apesar da rela\u00e7\u00e3o por muitos anos pr\u00f3xima com o Carnaval. Ent\u00e3o casado com a \u201cGlobeleza\u201d Val\u00e9ria Valenssa e respons\u00e1vel pelas aberturas de novelas e programas da Globo, Hans Donner foi o homenageado da Morada do Samba. Al\u00e9m da \u201ccompra\u201d informal do enredo em valores n\u00e3o divulgados, ele ainda ajudou durante todo o ano com compra de materiais e colocando a escola do Bairro do Lim\u00e3o na m\u00eddia.<\/p>\n<p style=\"text-align: justify;\">Depois dessa exposi\u00e7\u00e3o toda na m\u00eddia, era a hora do Carnaval de S\u00e3o Paulo entrar em cena. Havia uma expectativa muito grande por conta da possibilidade de uma eventual \u201cquebra\u201d no favoritismo de Rosas de Ouro e Vai-Vai, principalmente por parte da muito popular Mocidade Alegre. A \u00c1guia de Ouro abriu a maratona de desfiles com o enredo \u201cSiyau-Yu \u2013 Do gr\u00e3o sagrado do passado \u00e0 esperan\u00e7a do futuro\u201d. A agremia\u00e7\u00e3o da Pomp\u00e9ia n\u00e3o foi feliz na abertura do Carnaval de 1997 e fez uma apresenta\u00e7\u00e3o de baix\u00edssimo n\u00edvel t\u00e9cnico.<\/p>\n<p style=\"text-align: justify;\">Com um samba apenas razo\u00e1vel, embora muito bem cantado pelos componentes, a escola apresentou um conjunto visual excessivamente pobre. As alegorias eram simples, mal acabadas e sem nenhum luxo. O carnavalesco optou por usar materiais mais baratos nas fantasias e at\u00e9 conseguiu um bom efeito, mas n\u00e3o conseguiu salvar os carros aleg\u00f3ricos de um dos piores conjuntos visuais que o Anhembi j\u00e1 viu.<\/p>\n<p style=\"text-align: justify;\">O enredo foi desenvolvido com alguma corre\u00e7\u00e3o, tinha alas de f\u00e1cil leitura, mas n\u00e3o conseguiu empolgar o p\u00fablico. Para piorar, um problema no som da Passarela do Samba fez com que a bateria demorasse a se entender com o carro de som, o que comprometeu um pouco o andamento do samba. Enfim, um desastre. Infelizmente, o rebaixamento da escola da Pomp\u00e9ia era \u201cpule de dez\u201d.<\/p>\n<p style=\"text-align: justify;\">Na sequ\u00eancia, entrou na Avenida a Leandro de Itaquera. Vinda do segundo grupo, a vermelho-e-branco voltava a desfilar entre as grandes com um enredo sobre o a\u00e7\u00facar intitulado \u201cDo\u00e7ura da terra Brasil\u201d. Apesar de um salto consider\u00e1vel em qualidade, se compararmos com o desfile da \u00c1guia de Ouro, o Le\u00e3o Guerreiro da Zona Leste fez uma apresenta\u00e7\u00e3o de relativo bom gosto, mas de potencial financeiro nitidamente mais reduzido em rela\u00e7\u00e3o as demais concorrentes.<\/p>\n<p style=\"text-align: justify;\">O enredo foi desenvolvido com corre\u00e7\u00e3o pelo Carnavalesco Marco Aur\u00e9lio Ruffim, que fez quase um tratado hist\u00f3rico da trajet\u00f3ria do a\u00e7\u00facar na hist\u00f3ria da humanidade. Na introdu\u00e7\u00e3o, ele colocava o mar como a divis\u00e3o entre uma terra rica e cheia de dinheiro \u2013 a Europa \u2013 e uma pr\u00f3diga em riquezas naturais prontas para serem exploradas \u2013 o Brasil.<\/p>\n<p style=\"text-align: justify;\">O desfile come\u00e7ou falando sobre o surgimento do a\u00e7\u00facar, l\u00e1 na \u00cdndia, e seu alto pre\u00e7o na Europa, que o fez inclusive ser objeto de ostenta\u00e7\u00e3o nas Cruzadas Religiosas. Na sequ\u00eancia, a escola lembrou que as planta\u00e7\u00f5es de cana-de-a\u00e7\u00facar foram um meio f\u00e1cil dos portugueses ocuparem o territ\u00f3rio brasileiro, visto que j\u00e1 estavam habituados a trabalhar e consumir o produto l\u00e1 na Ilha da Madeira. A escola ainda lembrou a explos\u00e3o na produ\u00e7\u00e3o de cana-de-a\u00e7\u00facar em Pernambuco e os engenhos onde trabalhavam os escravos vindos da \u00c1frica.<\/p>\n<p style=\"text-align: justify;\">Na sequ\u00eancia, foi contada a hist\u00f3ria do bloqueio imposto por Napole\u00e3o Bonaparte \u00e0s navega\u00e7\u00f5es que levavam o a\u00e7\u00facar do Brasil at\u00e9 a Holanda \u2013 onde ele era refinado \u2013 e a procura europeia por um novo meio de produzir o a\u00e7\u00facar \u2013 encontrado atrav\u00e9s da beterraba. Essa descoberta provocou, naturalmente, um decl\u00ednio na produ\u00e7\u00e3o a\u00e7ucareira do Brasil que, ali\u00e1s, tinha uma industrializa\u00e7\u00e3o muito mais atrasada.<\/p>\n<p style=\"text-align: justify;\">Nos setores finais, a escola falou sobre o crescimento da ind\u00fastria no S\u00e9culo XX, que novamente colocou o Brasil no centro desse mercado, e a cria\u00e7\u00e3o do Pro\u00e1lcool, que fez de S\u00e3o Paulo o maior produtor do pa\u00eds. Por fim, foram mencionadas as in\u00fameras obras liter\u00e1rias que retratavam engenhos e tamb\u00e9m a presen\u00e7a do a\u00e7\u00facar no folclore, atrav\u00e9s da \u201cSerpente Verde dos Canaviais\u201d.<\/p>\n<p style=\"text-align: justify;\">Se n\u00e3o era uma obra prima, o samba era razoavelmente competente e, a despeito dos insistentes problemas no som tamb\u00e9m atrapalharem a escola de Itaquera, foi bem cantado pelos componentes. As alegorias, simples, tiveram solu\u00e7\u00f5es criativas do Carnavalesco Marco Aur\u00e9lio Ruffim e garantiram um bom efeito. Havia ainda, \u00e9 claro, um risco de rebaixamento, mas a Leandro tinha boas esperan\u00e7as de se manter no grupo.<\/p>\n<p style=\"text-align: justify;\">A coisa come\u00e7ou a esquentar mesmo quando a X-9 Paulistana entrou na Avenida para apresentar o enredo \u201cAmaz\u00f4nia, a dama do universo\u201d. Com um excelente samba \u2013 tido como um dos melhores do ano \u2013 a escola da Parada Inglesa entrou para provar qual era a verdadeira X-9: a do visual impactante do ano de estreia, 1995, ou a das alegorias pouco felizes do Carnaval anterior. N\u00e3o demorou para que todos descobrissem que n\u00e3o era a de 1995: era muito melhor.<\/p>\n<p style=\"text-align: justify;\"><a href=\"http:\/\/www.pedromigao.com.br\/ourodetolo\/wp-content\/uploads\/2014\/09\/x91997.jpg\"><img loading=\"lazy\" decoding=\"async\" class=\"size-medium wp-image-29619 alignleft\" src=\"http:\/\/www.pedromigao.com.br\/ourodetolo\/wp-content\/uploads\/2014\/09\/x91997-300x227.jpg\" alt=\"x91997\" width=\"300\" height=\"227\" srcset=\"http:\/\/www.pedromigao.com.br\/ourodetolo\/wp-content\/uploads\/2014\/09\/x91997-300x227.jpg 300w, http:\/\/www.pedromigao.com.br\/ourodetolo\/wp-content\/uploads\/2014\/09\/x91997-447x340.jpg 447w, http:\/\/www.pedromigao.com.br\/ourodetolo\/wp-content\/uploads\/2014\/09\/x91997.jpg 629w\" sizes=\"auto, (max-width: 300px) 100vw, 300px\" \/><\/a>No esquenta, o int\u00e9rprete Royce do Cavaco, trajado como um ind\u00edgena, animou a Passarela ao cantar \u201cVermelho\u201d, uma das toadas mais tocadas do Boi Garantido \u00e0 \u00e9poca. Quando o desfile come\u00e7ou, a escola impressionou pela grandiosidade e pelo impec\u00e1vel acabamento de seus carros aleg\u00f3ricos. Luxuoso, o abre-alas trazia muitos adere\u00e7os e conseguiu um \u00f3timo efeito. O primeiro carro representava o encanto dos colonizadores pela Amaz\u00f4nia.<\/p>\n<p style=\"text-align: justify;\">Engana-se por\u00e9m quem pensa que foi um desfile que representou a Amaz\u00f4nia como um para\u00edso. As doen\u00e7as, os desmatamentos, as queimadas e os perigos em geral do \u201cInferno Verde\u201d ganharam amplo destaque em um enredo que, no entanto, poderia ter seguido uma ordem cronol\u00f3gica \u2013 ou qualquer ordem, na verdade, porque foi um apanhado de hist\u00f3rias sobre o local \u2013 mais coerente.<\/p>\n<p style=\"text-align: justify;\">A escola visitou tamb\u00e9m os \u201ccart\u00f5es postais\u201d que convidaram muita gente de fora a explorar a Amaz\u00f4nia, como a grande presen\u00e7a do l\u00e1tex, que levou inclusive um ingl\u00eas a plantar v\u00e1rias seringueiras na \u00c1sia e diminuir, muitos anos depois, a procura pela borracha brasileira. Os anos de explora\u00e7\u00e3o, no entanto, fizeram a regi\u00e3o crescer. Com o Teatro Amazonas \u2013 que ganhou um bel\u00edssimo carro aleg\u00f3rico, por sinal -, vieram o progresso, o telefone, a eletricidade, dentre outras conquistas importantes.<a href=\"http:\/\/www.pedromigao.com.br\/ourodetolo\/wp-content\/uploads\/2014\/09\/x91997d.jpg\"><img loading=\"lazy\" decoding=\"async\" class=\"size-medium wp-image-29622 alignright\" src=\"http:\/\/www.pedromigao.com.br\/ourodetolo\/wp-content\/uploads\/2014\/09\/x91997d-300x227.jpg\" alt=\"x91997d\" width=\"300\" height=\"227\" srcset=\"http:\/\/www.pedromigao.com.br\/ourodetolo\/wp-content\/uploads\/2014\/09\/x91997d-300x227.jpg 300w, http:\/\/www.pedromigao.com.br\/ourodetolo\/wp-content\/uploads\/2014\/09\/x91997d-449x340.jpg 449w, http:\/\/www.pedromigao.com.br\/ourodetolo\/wp-content\/uploads\/2014\/09\/x91997d.jpg 629w\" sizes=\"auto, (max-width: 300px) 100vw, 300px\" \/><\/a><\/p>\n<p style=\"text-align: justify;\">A divis\u00e3o crom\u00e1tica da escola da Parada Inglesa mesclou muito bem as diversas tonalidades que o enredo poderia oferecer. \u00c9 claro que havia muito verde, mas a X-9 tamb\u00e9m usou bastante o dourado, o amarelo, o vermelho e o azul. Este, principalmente a partir do setor que falou sobre as lendas ind\u00edgenas relacionadas \u00e0s \u00e1guas e sobre os Rios Negro e Solim\u00f5es. Diga-se de passagem, as lendas tomaram conta de boa parte do desfile e serviram para apresentar outros pontos famosos da Amaz\u00f4nia, como por exemplo o guaran\u00e1.<\/p>\n<p style=\"text-align: justify;\">No pen\u00faltimo setor, a X-9 lembrou o Festival de Parintins com uma bonita, apesar de mais simples alegoria, que trazia o s\u00edmbolo m\u00e1ximo do festival: um boi metade azul, metade vermelho, representando as duas agremia\u00e7\u00f5es que disputam todos os anos o festival: o Caprichoso e o Garantido, respectivamente. J\u00e1 que tocamos no assunto, ali\u00e1s, vale dizer que esta foi apenas a primeira dentre as muitas vezes que uma alegoria com essa concep\u00e7\u00e3o passou pelo Anhembi.<\/p>\n<p style=\"text-align: justify;\"><a href=\"http:\/\/www.pedromigao.com.br\/ourodetolo\/wp-content\/uploads\/2014\/09\/x91997b.jpg\"><img loading=\"lazy\" decoding=\"async\" class=\"size-medium wp-image-29620 alignleft\" src=\"http:\/\/www.pedromigao.com.br\/ourodetolo\/wp-content\/uploads\/2014\/09\/x91997b-300x230.jpg\" alt=\"x91997b\" width=\"300\" height=\"230\" srcset=\"http:\/\/www.pedromigao.com.br\/ourodetolo\/wp-content\/uploads\/2014\/09\/x91997b-300x230.jpg 300w, http:\/\/www.pedromigao.com.br\/ourodetolo\/wp-content\/uploads\/2014\/09\/x91997b-442x340.jpg 442w, http:\/\/www.pedromigao.com.br\/ourodetolo\/wp-content\/uploads\/2014\/09\/x91997b.jpg 781w\" sizes=\"auto, (max-width: 300px) 100vw, 300px\" \/><\/a>Na \u00faltima alegoria, a X-9 falou sobre o pr\u00f3spero e sustent\u00e1vel futuro da regi\u00e3o e se colocou de vez na briga pelo t\u00edtulo. No entanto, a escola se sentiu prejudicada pois, antes de cruzar a linha final, o som da Passarela cortou o samba da X-9 e passou a tocar o da Gavi\u00f5es, escola que entraria na sequ\u00eancia.<\/p>\n<p style=\"text-align: justify;\">Tentando levantar a ta\u00e7a pela segunda vez, a Torcida que Samba entrou na Avenida para apresentar o enredo \u201cO mundo da rua\u201d. A escola trouxe mais um de seus grandes sambas. Os versos iniciais, \u201c<em>Meu Deus do C\u00e9u \/ Se essa rua fosse minha \/ Ai eu pintava, enfeitava sem parar \/ Milh\u00f5es de flores \/ O cen\u00e1rio se iliumina \/ De confete e serpentina \/ Sou \u2018Fiel\u2019 vou desfilar\u201d ca\u00edram na boca do povo, bem como o refr\u00e3o do meio \u2013 \u201colha meu bem n\u00e3o estressa \/ manera na pressa \/ te amo demais\u201d<\/em> \u2013 e o principal, <em>\u201cpaquera Sampa \/ al\u00f4 paix\u00e3o \/ em cada esquina sempre tem um Gavi\u00e3o\u201d.<\/em><\/p>\n<p style=\"text-align: justify;\">Apesar do samba ter sido bastante executado no pr\u00e9-carnaval, a escola n\u00e3o conseguiu empolgar o p\u00fablico presente no Anhembi e muito menos repetir a boa exibi\u00e7\u00e3o de 1995. O enredo, \u00e9 necess\u00e1rio dizer, era um dos melhores daquele Carnaval, mais uma obra genial do grande Ra\u00fal Diniz, que buscou descrever \u201ca S\u00e3o Paulo das ruas e Avenidas\u201d.<\/p>\n<p style=\"text-align: justify;\">O problema \u00e9 que era um enredo muito melhor em teoria do que na pr\u00e1tica, principalmente por conta de ser dif\u00edcil de ser traduzido em alegorias e fantasias. O resultado \u00e9 que, para quem via de fora, o enredo teve uma dif\u00edcil compreens\u00e3o. As alegorias e fantasias estavam relativamente bem acabadas, conseguiram bom efeito, o samba rendeu bem, mas ficou a sensa\u00e7\u00e3o de \u201cquero mais\u201d. Para piorar, a escola veio muito inchada, com mais de quatro mil componentes e teve que apertar o passo para n\u00e3o estourar o tempo m\u00e1ximo de 65 minutos de desfile. Por tudo isso, a possibilidade de t\u00edtulo estava praticamente descartada.<\/p>\n<p style=\"text-align: justify;\">Na sequ\u00eancia, a Rosas de Ouro entrou na Avenida para a defesa do enredo \u201cS\u00e3o Paulo, capital mundial da gastronomia\u201d. A escola do saudoso Presidente Bas\u00edlio veio com uma boa dose de ousadia, mas primou por um desfile exclusivamente t\u00e9cnico. A ousadia ficou por conta da promo\u00e7\u00e3o de uma dupla de jovens carnavalescos: Neto e Simone. A Roseira tamb\u00e9m surpreendeu ao \u201clotear\u201d o seu desfile. Praticamente todas as alas foram vendidas para empresas relacionadas aos ramos aliment\u00edcios retratados naqueles pontos do enredo.<\/p>\n<p style=\"text-align: justify;\">Por outro lado, a ideia era fazer um desfile visando a nota 10. O samba era correto, embora n\u00e3o empolgante, o enredo era de f\u00e1cil leitura e a escola, apesar do astron\u00f4mico n\u00famero de 4.200 componentes, passou compacta do in\u00edcio ao fim e sem problemas na evolu\u00e7\u00e3o. As fantasias, bem acabadas, eram de f\u00e1cil entendimento e apresentaram uma divis\u00e3o crom\u00e1tica interessante. A concep\u00e7\u00e3o de fato n\u00e3o foi das melhores, at\u00e9 para que as mesmas pudessem ser mais facilmente compreendidas, mas o efeito n\u00e3o foi dos piores. Al\u00e9m do mais, os desfilantes puderam evoluir tranquilamente pois as fantasias eram leves.<\/p>\n<p style=\"text-align: justify;\">O conjunto aleg\u00f3rico, por outro lado, decepcionou um pouco. N\u00e3o pelo acabamento, mas pela concep\u00e7\u00e3o pouco criativa e, por vezes, de gosto duvidoso. Carros como o da culin\u00e1ria africana remetiam a outras alegorias de outros enredos \u2013 muitas vezes sem qualquer liga\u00e7\u00e3o com o tema gastronomia -, enquanto um outro carro, que trazia um enorme fog\u00e3o, n\u00e3o conseguiu bom efeito.<\/p>\n<p style=\"text-align: justify;\">O enredo, apesar de por vezes ter escapado um pouco da representa\u00e7\u00e3o de S\u00e3o Paulo como \u201ccapital da gastronomia\u201d, foi bem dividido e n\u00e3o foi prejudicado pelos patrocinadores. Os patrocinadores foram encaixados corretamente nas alas da comida chinesa, dos doces, dos cozinheiros e etc. O p\u00fablico correspondeu pouco ao desfile da Rosas de Ouro, mas foi uma apresenta\u00e7\u00e3o que, inegavelmente, credenciava a escola da Freguesia do \u00d3 a brigar por mais um t\u00edtulo.<\/p>\n<p style=\"text-align: justify;\">Grande azarada do sorteio que definiu a ordem dos desfiles, a Tom Maior desfilou entre as duas grandes favoritas, Rosas e Vai-Vai, na apresenta\u00e7\u00e3o do enredo \u201cO c\u00e9u \u00e9 o limite no caminho das estrelas\u201d. Depois da boa apresenta\u00e7\u00e3o em 1996, a escola do Sumar\u00e9 n\u00e3o viveu seus dias mais felizes. O desfile da vermelho-e-amarelo foi bastante pobre e n\u00e3o conseguiu empolgar o p\u00fablico.<\/p>\n<p style=\"text-align: justify;\">Principalmente em termos de acabamento, a escola sofreu no comparativo com a Rosas de Ouro. As fantasias tamb\u00e9m estavam bastante simples e a evolu\u00e7\u00e3o foi confusa. Algumas alas claramente n\u00e3o cantaram o samba e o enredo estava bastante confuso. As alas n\u00e3o eram explicadas com facilidade e alguns pontos do enredo acabaram destoando do resto da apresenta\u00e7\u00e3o. Essa soma de fatores acabou levando a escola do Sumar\u00e9 a ser, ao lado da \u00c1guia de Ouro, a grande favorita para voltar ao segundo grupo.<\/p>\n<p style=\"text-align: justify;\"><a href=\"http:\/\/www.pedromigao.com.br\/ourodetolo\/wp-content\/uploads\/2014\/09\/vaivai1997.jpg\"><img loading=\"lazy\" decoding=\"async\" class=\"size-medium wp-image-29623 alignleft\" src=\"http:\/\/www.pedromigao.com.br\/ourodetolo\/wp-content\/uploads\/2014\/09\/vaivai1997-300x247.jpg\" alt=\"vaivai1997\" width=\"300\" height=\"247\" srcset=\"http:\/\/www.pedromigao.com.br\/ourodetolo\/wp-content\/uploads\/2014\/09\/vaivai1997-300x247.jpg 300w, http:\/\/www.pedromigao.com.br\/ourodetolo\/wp-content\/uploads\/2014\/09\/vaivai1997-412x340.jpg 412w, http:\/\/www.pedromigao.com.br\/ourodetolo\/wp-content\/uploads\/2014\/09\/vaivai1997.jpg 570w\" sizes=\"auto, (max-width: 300px) 100vw, 300px\" \/><\/a>Por outro lado, na sequ\u00eancia, a Vai-Vai pisou forte na Avenida para tentar o seu primeiro bicampeonato na hist\u00f3ria do Anhembi. O enredo \u201cLiberdade ainda que Vai-Vai\u201d prestava uma homenagem ao Estado das Minas Gerais e aos Inconfidentes que lutaram pela independ\u00eancia. A escola prometia, assim como em 1996, aliar o \u201cch\u00e3o\u201d pesad\u00edssimo que sempre teve a mais um grande trabalho nos quesitos pl\u00e1sticos.<\/p>\n<p style=\"text-align: justify;\">E n\u00e3o d\u00e1 para dizer que o prometido n\u00e3o foi cumprido. A Escola do Povo realizou uma grande apresenta\u00e7\u00e3o e mais uma vez se colocou como uma das maiores favoritas ao t\u00edtulo. Engasgado pelo 9,5 do ano anterior \u2013 o primeiro na carreira -, Mestre Tadeu mais uma vez garantiu um andamento impec\u00e1vel ao samba que, se n\u00e3o era nem dos melhores, nem dos mais empolgantes, cumpriu bem o seu papel.<\/p>\n<p style=\"text-align: justify;\">Perto das principais concorrentes, era n\u00edtido que a Vai-Vai tinha um poderio econ\u00f4mico reduzido. As alegorias, apesar de bastante bonitas, eram menores e mais simples. As fantasias foram feitas de materiais mais baratos, o que n\u00e3o prejudicou o efeito, mas comprometeu um pouco o impacto visual. Um dos casais de mestre-sala e porta-bandeira, por exemplo, veio \u201cpelado\u201d na cabe\u00e7a, trazendo apenas uma fantasia que representava a bandeira do Brasil. Perto de Rosas de Ouro e, principalmente, X-9 Paulistana, era algo que poderia prejudicar.<\/p>\n<p style=\"text-align: justify;\">Por outro lado, a escola foi bastante forte nos quesitos de ch\u00e3o. O samba foi muito bem cantado, a evolu\u00e7\u00e3o foi impec\u00e1vel do in\u00edcio ao fim e, ainda por cima, o enredo foi muito bem desenvolvido. O primeiro setor trazia um panorama das Minas Gerais do \u201cS\u00e9culo do Ouro\u201d e tamb\u00e9m o perfil dos principais inconfidentes, intelectuais de classe alta, mas que tiveram a lideran\u00e7a de Tiradentes, apresentado na sinopse como \u201cum soldado do regimento dos Drag\u00f5es das Minas Gerais\u201d.<\/p>\n<p style=\"text-align: justify;\">Na sequ\u00eancia, a escola falou sobre o folclore mineiro. A miscigena\u00e7\u00e3o oriunda da explora\u00e7\u00e3o do ouro provocou uma fus\u00e3o de culturas e a cria\u00e7\u00e3o de uma identidade \u00fanica, carregada de lendas, hist\u00f3rias e tradi\u00e7\u00f5es. Por fim, uma esp\u00e9cie de propaganda para o Estado, exaltando suas grandes figuras \u2013 de Tancredo Neves a Grande Otelo \u2013 e, em um momento bastante infeliz, exaltando a pol\u00edtica do caf\u00e9-com-leite, que perdurou durante toda a Rep\u00fablica Velha. Para encerrar de vez, a escola ainda exaltou as riquezas econ\u00f4micas do estado e a infinidade de ind\u00fastrias que existem na regi\u00e3o. Mesmo com um visual ligeiramente mais pobre que o de X-9 e Rosas, a Saracura mostrou, em suma, que estava na briga.<\/p>\n<p style=\"text-align: justify;\">Cercada de expectativa, a Mocidade Alegre foi a oitava a abrir o seu desfile. Todos queriam ver o que sairia do ousado enredo \u201cO mago do universo \u2013 Hans Donner\u201d e, principalmente, da parceria entre o designer e a escola. Talvez por conta da grande expectativa, o desfile acabou sendo decepcionante para a grande maioria.<\/p>\n<p style=\"text-align: justify;\">Como o leitor talvez j\u00e1 tenha imaginado, Hans Donner, apesar do ineg\u00e1vel talento na cria\u00e7\u00e3o de aberturas hist\u00f3ricas, n\u00e3o sustentava um enredo. O Carnavalesco Orlando Midaglia, na tentativa de preencher o tema, criou um enredo de dif\u00edcil compreens\u00e3o onde, pelo menos at\u00e9 onde foi poss\u00edvel compreender, ligava o \u201cmago do universo\u201d que tudo criou, Deus, a uma de suas criaturas, que tamb\u00e9m tudo era capaz de criar e reinventar, Hans Donner.<\/p>\n<p style=\"text-align: justify;\">Por a\u00ed o leitor j\u00e1 pode imaginar o qu\u00e3o dif\u00edcil foi a vida dos compositores da escola. O samba nem era dos piores, mas n\u00e3o conseguiu empolgar. As alegorias, apesar de bem acabadas, n\u00e3o estavam muito bonitas, assim como as fantasias, pouco criativas. L\u00e1 pela metade, o desfile se perdeu de vez. As alas representavam somente as aberturas criadas por Hans Donner e, portanto, parecia mais um enredo sobre telenovelas. Para piorar, nem isso foi suficiente e havia, na sequ\u00eancia, as alas \u201cTropicaliente 1\u201d, com uma fantasia adere\u00e7ada por uma laranja verde, e \u201cTropicaliente 2\u201d, com a mesma fantasia, por\u00e9m em laranja.<\/p>\n<p style=\"text-align: justify;\">Na tentativa de ser inovadora, a Mocidade Alegre acabou fazendo um dos mais infelizes desfiles de sua hist\u00f3ria, que ainda contou com problemas na evolu\u00e7\u00e3o, e s\u00f3 n\u00e3o corria grandes riscos de rebaixamento porque as apresenta\u00e7\u00f5es de \u00c1guia de Ouro e Tom Maior haviam ficado muito abaixo da m\u00e9dia.<\/p>\n<p style=\"text-align: justify;\">J\u00e1 na reta final da maratona de desfiles, a Unidos do Peruche tentou mais uma vez se recuperar dos \u00faltimos Carnavais com o enredo \u201cTodo brasileiro \u00e9 um Rei com a Coroa sideral\u201d que, acredite, era uma homenagem \u00e0 cidade de S\u00e3o Paulo. O enredo se definia, na sinopse, de maneira curiosa: \u201ccronologicamente seguimos uma sele\u00e7\u00e3o razo\u00e1vel de temas (momentos hist\u00f3ricos) mais importantes que serviram de suporte para o nosso trabalho\u201d.<\/p>\n<p style=\"text-align: justify;\">Por a\u00ed nota-se que a homenagem da Peruche era um tanto quanto despretensiosa. Isso n\u00e3o \u00e9 nem uma cr\u00edtica, mas sim uma constata\u00e7\u00e3o. De todo modo, a Filial do Samba mais uma vez esteve mais perto do rebaixamento do que de reviver os seus dias de gl\u00f3ria. O enredo era um tanto quanto confuso e at\u00e9 hoje n\u00e3o ficou bem explicado o que era a tal coroa sideral. As alegorias n\u00e3o estavam em n\u00edvel muito alto, bem como as fantasias e, at\u00e9 por conta do samba apenas razo\u00e1vel, a escola passou fria. Como a Peruche errou pouco, n\u00e3o havia muitos riscos de rebaixamento, mas tamb\u00e9m foi uma apresenta\u00e7\u00e3o que n\u00e3o dava esperan\u00e7as de uma boa coloca\u00e7\u00e3o e que tamb\u00e9m seria facilmente esquecida.<\/p>\n<p style=\"text-align: justify;\"><a href=\"http:\/\/www.pedromigao.com.br\/ourodetolo\/wp-content\/uploads\/2014\/09\/nene1997.jpg\"><img loading=\"lazy\" decoding=\"async\" class=\"size-medium wp-image-29624 alignleft\" src=\"http:\/\/www.pedromigao.com.br\/ourodetolo\/wp-content\/uploads\/2014\/09\/nene1997-300x228.jpg\" alt=\"nene1997\" width=\"300\" height=\"228\" srcset=\"http:\/\/www.pedromigao.com.br\/ourodetolo\/wp-content\/uploads\/2014\/09\/nene1997-300x228.jpg 300w, http:\/\/www.pedromigao.com.br\/ourodetolo\/wp-content\/uploads\/2014\/09\/nene1997-446x340.jpg 446w, http:\/\/www.pedromigao.com.br\/ourodetolo\/wp-content\/uploads\/2014\/09\/nene1997.jpg 614w\" sizes=\"auto, (max-width: 300px) 100vw, 300px\" \/><\/a>Para encerrar, j\u00e1 com o dia amanhecendo, a Nen\u00ea de Vila Matilde entrou na Avenida cercada de expectativa para a defesa do enredo \u201cNarciso negro\u201d. A promessa era, mais uma vez, do melhor desfile da hist\u00f3ria da escola no Samb\u00f3dromo do Anhembi. A diferen\u00e7a \u00e9 que, dessa vez, foi mesmo. Para come\u00e7ar, o samba que falava sobre as conquistas dos negros e sobre os her\u00f3is da ra\u00e7a negra, apesar de n\u00e3o ser uma obra-prima, foi cantado \u00e0 plenos pulm\u00f5es.<\/p>\n<p style=\"text-align: justify;\">O Carnavalesco Tito Arantes mais uma vez desenvolveu um trabalho de extrema felicidade e bom gosto est\u00e9tico. Primeiramente, o enredo tinha um conte\u00fado hist\u00f3rico de respeito e foi impecavelmente desenvolvido. Pode at\u00e9 n\u00e3o ter sido dos mais inovadores, mistura de Narciso com africanidade \u00e0 parte, mas foi um dos mais corretos do ano. O p\u00fablico que ficou at\u00e9 o fim dos desfiles na Passarela do Samba foi brindado com um abre-alas que, apesar de n\u00e3o ter o luxo da X-9 Paulistana, foi um dos mais belos da noite ao trazer para a Avenida a hist\u00f3ria de Narciso na mitologia grega.<\/p>\n<p style=\"text-align: justify;\">Passado o abre-alas, o enredo enfim chegou \u00e0 \u00c1frica com a ala das baianas que remetia ao candombl\u00e9. A divis\u00e3o crom\u00e1tica usou das mais diversas tonalidades e garantiu \u00f3timo efeito em fantasias coloridas, impecavelmente acabadas e que mesclavam os estilos onde Tito Arantes sempre navegou bem: o luxo das plumas e a capacidade em trabalhar com materiais mais pobres e, ainda assim, garantir um bom efeito.<\/p>\n<p style=\"text-align: justify;\">\u00c9 necess\u00e1rio dizer que, a partir do bel\u00edssimo desfile, a \u00c1guia da Zona Leste ainda tinha defici\u00eancias econ\u00f4micas em rela\u00e7\u00e3o \u00e0s principais concorrentes. Nem tanto se pensarmos na Vai-Vai, mas muito falando em Gavi\u00f5es, Rosas de Ouro e, principalmente, X-9. Carros como o do \u201cNovo Mundo\u201d, que falava do ciclo da cana de a\u00e7\u00facar, n\u00e3o estavam exatamente um primor em acabamento, ao passo que outros, como \u201cClementina de Jesus\u201d, estiveram entre os mais belos da noite.<\/p>\n<p style=\"text-align: justify;\">Apesar dos poss\u00edveis descontos no quesito alegoria, a escola deixou a Avenida como uma das maiores favoritas ao t\u00edtulo e, na pior das hip\u00f3teses, havia recuperado, de uma vez por todas, a auto-estima. Havia sido, enfim, a Nen\u00ea de Vila Matilde que todos esperam ver.<br \/>\nA X-9 era a grande favorita porque, apesar de n\u00e3o ter sido disparada a melhor em nenhum dos quesitos, n\u00e3o teve um desempenho ruim em nenhum deles. Duas das suas principais oponentes, Vai-Vai e Nen\u00ea, falharam na parte pl\u00e1stica, e a Rosas de Ouro enfrentou alguns problemas no acabamento das mesmas.<\/p>\n<p style=\"text-align: justify;\">Na apura\u00e7\u00e3o, isso se confirmou. A X-9 logo disparou um pouco \u00e0 frente de Vai-Vai, Nen\u00ea, Rosas de Ouro e Gavi\u00f5es. Apesar da revolta de alguns dirigentes, a escola manteve a ponta e foi campe\u00e3 com 299,5 pontos, meio ponto a mais que a Vai-Vai. A Nen\u00ea terminou em terceiro com 298 e foi seguida por Rosas de Ouro e Gavi\u00f5es da Fiel. A Mocidade Alegre acabou em um decepcionante sexto lugar, logo \u00e0 frente da Leandro de Itaquera, que conseguiu se manter no primeiro grupo em sua volta ao Especial.<\/p>\n<p style=\"text-align: justify;\">A Peruche sofreu, mas, por um ponto, se salvou do rebaixamento. Com 287,5, caiu a Tom Maior, acompanhada pela \u00c1guia de Ouro, que somou 271,5. No Grupo 1, o Camisa Verde e Branco fez de longe o melhor desfile e n\u00e3o encontrou dificuldades para voltar ao Grupo Especial, acompanhada pela Acad\u00eamicos do Tucuruvi.<\/p>\n<p style=\"text-align: justify;\"><strong>Curiosidades<\/strong><\/p>\n<p style=\"text-align: justify;\">&#8211; A TV Manchete exibiu pela primeira vez os desfiles do Grupo Especial de S\u00e3o Paulo com Moys\u00e9s da Rocha, Glaydis Rocha e Leci Brand\u00e3o dividindo os coment\u00e1rios na narra\u00e7\u00e3o de Paulo Stein.<\/p>\n<p style=\"text-align: justify;\">&#8211; Na Globo, mudan\u00e7as importantes na transmiss\u00e3o. Mariana Godoy continuou comandando as transmiss\u00f5es, mas perdeu a companhia de William Bonner, j\u00e1 apresentador do Jornal Nacional. O narrador Cl\u00e9ber Machado voltou a ser o locutor principal da transmiss\u00e3o. Pela primeira vez desde 1992, a transmiss\u00e3o contava com um comentarista: no caso, o rep\u00f3rter Mauricio Kubrusly.<\/p>\n<p style=\"text-align: justify;\">&#8211; Os patroc\u00ednios n\u00e3o ficaram limitados ao Grupo Especial. No Grupo 1, o Camisa Verde e Branco foi campe\u00e3o com o enredo \u201cAl\u00f4 Nau\u00eas, ta\u00ed o nosso Carnaval\u201d. O tema sobre o guaran\u00e1 foi patrocinado pela Coca-Cola Company, que tem um tipo de guaran\u00e1, ali\u00e1s, chamado \u201cTa\u00ed\u201d.<\/p>\n<p style=\"text-align: justify;\">&#8211; Primeiro desfile assinado pelo Carnavalesco Chico Spinosa em S\u00e3o Paulo. Ele teria passagens marcantes pela pr\u00f3pria Vai-Vai, pela Unidos de Vila Maria, dentre outras agremia\u00e7\u00f5es e, atualmente, est\u00e1 sem escola.<\/p>\n<p style=\"text-align: justify;\">&#8211; Tal como aconteceria com a Coreia do Sul \u2013 e, nesse caso, no mesmo ano de 2013 \u2013 a soja conseguiu a \u201cproeza\u201d de terminar em \u00faltimo lugar tanto no Carnaval de S\u00e3o Paulo, quanto no do Rio. Se em 1997 a \u00c1guia de Ouro adotou a soja como tema e caiu em \u00faltimo lugar, o mesmo aconteceria com a Tradi\u00e7\u00e3o no Grupo Especial do Rio de Janeiro, em 2005.<\/p>\n<p style=\"text-align: justify;\">&#8211; A Vai-Vai, ali\u00e1s, depois da defini\u00e7\u00e3o do enredo bem que tentou procurar uma ajuda financeira. A Fiat e o Governo de Minas Gerais foram sondados, sem sucesso.<\/p>\n<p style=\"text-align: justify;\">&#8211; Hans Donner confidenciou \u00e0 pr\u00f3pria Folha de S. Paulo de 8\/2\/1997, dia do desfile, que o \u201csonho\u201d de ser homenageado em um desfile de escola de samba havia se tornado \u201cum pesadelo\u201d. Para conseguir ajudar financeiramente, ele botou uma boa parte de suas finan\u00e7as na m\u00e3o da escola e ainda pediu um trocado para os amigos. O retorno, por\u00e9m, viria atrav\u00e9s de uma s\u00e9rie de empresas com as quais conseguiu apoio. No entanto, o apoio n\u00e3o apareceu e ele, \u201chumilhado e trapaceado\u201d, bancou tudo sozinho.<\/p>\n<p style=\"text-align: justify;\">&#8211; Falando em decep\u00e7\u00e3o, um grupo de 50 turistas holandeses decidiu participar do Carnaval em uma ala da Leandro de Itaquera. Os neerlandeses, no entanto, ficaram frustrados ao encontrar apenas cinco fantasias. Os outros 45 voltaram para os Pa\u00edses Baixos sem desfilar.<\/p>\n<p style=\"text-align: justify;\">&#8211; Integrantes da Nen\u00ea de Vila Matilde prestaram queixa \u00e0 Delegacia M\u00f3vel montada pela Pol\u00edcia Militar no Samb\u00f3dromo. O motivo: alguns componentes da Gavi\u00f5es da Fiel teriam danificado algumas estruturas dos carros aleg\u00f3ricos da \u00c1guia da Zona Leste. Foi, ali\u00e1s, a \u00fanica ocorr\u00eancia registrada pela PM durante toda a noite.<\/p>\n<p style=\"text-align: justify;\">&#8211; Falando em Gavi\u00f5es, ap\u00f3s toda a tens\u00e3o nos minutos finais do desfile, o Presidente Jamel\u00e3o foi muito al\u00e9m da m\u00e1xima de que Deus \u00e9 brasileiro. Para Jamel\u00e3o, Ele n\u00e3o s\u00f3 era corintiano como daria \u00e0 escola o t\u00edtulo daquele Carnaval. \u201cPara o Tim\u00e3o tudo \u00e9 mais dif\u00edcil\u201d, afirmava aos rep\u00f3rteres presentes na dispers\u00e3o.<\/p>\n<p style=\"text-align: justify;\">&#8211; Depois de desfilar pela \u00faltima vez em 1994, o locutor Osmar Santos, j\u00e1 depois do acidente que acabou com sua carreira e modificou sua vida, voltou a aparecer no Anhembi e acompanhou a todos os 10 desfiles da noite com muita empolga\u00e7\u00e3o. Segundo sua mulher, Rosa, a folia era importante na sua reabilita\u00e7\u00e3o.<\/p>\n<p style=\"text-align: justify;\">&#8211; Osmar, ali\u00e1s, estava no camarote do rec\u00e9m-empossado Prefeito Celso Pitta que, ainda popular pela forte rela\u00e7\u00e3o com seu antecessor Paulo Maluf, distribuiu aut\u00f3grafos em um camarote \u201cabastecido\u201d apenas com cerveja nacional e \u00e1gua Perrier. Mais de mil pessoas, entre deputados, vereadores e demais convidados, dividiam a comida e os dois banheiros do camarote. A alta demanda pelos sanit\u00e1rios provocou filas e quando os foli\u00f5es descobriram um terceiro banheiro, exclusivo da fam\u00edlia de Pitta, ele deixou de ser t\u00e3o exclusivo assim. Pelo menos at\u00e9 a seguran\u00e7a chegar&#8230;<\/p>\n<p style=\"text-align: justify;\">&#8211; J\u00e1 atuando pelo Palmeiras, o atacante Viola encarou mais uma maratona de desfiles. Ele desfilou por \u00c1guia de Ouro, Rosas de Ouro, Tom Maior, Mocidade Alegre e Nen\u00ea de Vila Matilde, ou seja, por metade das agremia\u00e7\u00f5es do Grupo Especial. A Gavi\u00f5es da Fiel, por sua vez, n\u00e3o p\u00f4de contar com os jogadores do Corinthians, como vinha acontecendo anteriormente, j\u00e1 que eles estavam concentrados em Limeira para uma partida contra a Internacional pela abertura do Paulist\u00e3o.<\/p>\n<p style=\"text-align: justify;\">&#8211; A Globeleza Val\u00e9ria Valenssa, mulher de Haans Donner, foi ovacionada do in\u00edcio ao fim do desfile da Mocidade Alegre.<\/p>\n<p style=\"text-align: justify;\">&#8211; A apresenta\u00e7\u00e3o da Tom Maior ficou marcada por duas pequenas confus\u00f5es envolvendo artistas. O ator Gerson Bremer se recusou a desfilar sobre um carro ao lado da mulher porque no mesmo havia a presen\u00e7a de mulheres nuas. Ele, ent\u00e3o, veio no ch\u00e3o. Ao final do desfile, a tamb\u00e9m atriz Luiza Thom\u00e9 foi cercada por um batalh\u00e3o de f\u00e3s, se sentiu mal e quase desmaiou.<\/p>\n<p style=\"text-align: justify;\">&#8211; Primeiro desfile da campe\u00e3 X-9 depois da fus\u00e3o com a escola Passo de Ouro que, ao \u201cenrolar a bandeira\u201d, cedeu sua quadra para a escola da Parada Inglesa. O nome oficial da escola a partir desse ano de 97 era \u201cGr\u00eamio Recreativo e Cultural Escola de Samba X-9 Paulistana Passo de Ouro\u201d. Anos depois, o nome da coirm\u00e3 da Zona Norte foi suprimido da denomina\u00e7\u00e3o oficial.<\/p>\n<p style=\"text-align: justify;\">&#8211; A escola voltaria a adotar a Amaz\u00f4nia como enredo no Carnaval de 2009. O resultado, entretanto, n\u00e3o foi o mesmo: a escola acabou apenas em sexto lugar.<\/p>\n<p style=\"text-align: justify;\">&#8211; Com o t\u00edtulo da X-9, Royce do Cavaco faturou o seu quarto t\u00edtulo em sete anos do Samb\u00f3dromo do Anhembi. Ele havia vencido com a Rosas de Ouro em 1991, 1992 e 1994. At\u00e9 ent\u00e3o, nenhum outro cantor havia conquistado mais que um t\u00edtulo. At\u00e9 hoje, apenas Ernesto Teixeira (voz da Gavi\u00f5es em seus quatro t\u00edtulos) atingiu tal feito. Royce ainda seria novamente campe\u00e3o em 2000, tamb\u00e9m pela X-9.<\/p>\n<p style=\"text-align: justify;\">&#8211; \u00daltimo desfile de Alberto Alves da Silva, o Seu Nen\u00ea, como Presidente da \u00c1guia da Zona Leste. Por problemas de sa\u00fade, ele passaria, a partir de 1997, o comando da escola ao seu filho. Com ele, a escola conquistou 10 de seus 11 t\u00edtulos. Ele desfilaria pela Nen\u00ea at\u00e9 falecer, em 2010, aos 89 anos.<\/p>\n<p style=\"text-align: justify;\">&#8211; Mais um ano de tumultos na apura\u00e7\u00e3o. Ent\u00e3o Presidente da Liga, Laurentino Marques, o Lauro, era tamb\u00e9m o Presidente da X-9 e o encarregado da leitura das notas. Durante a apura\u00e7\u00e3o, ele por algumas vezes se esqueceu de dizer os nomes dos jurados, o que levou a uma s\u00e9rie de suspeitas sobre poss\u00edveis fraudes nas notas. A apura\u00e7\u00e3o foi paralisada algumas vezes por conta dos incessantes protestos vindos dos diretores \u2013 que, \u00e0 \u00e9poca, n\u00e3o ficavam em mesas como atualmente, mas sim em bancos de madeira, um ao lado do outro \u2013 e da gritaria nas arquibancadas.<\/p>\n<p style=\"text-align: justify;\">&#8211; Sensa\u00e7\u00e3o do in\u00edcio do S\u00e9culo XXI, a Imp\u00e9rio de Casa Verde, fundada em 1994, vencia em 1997 o Grupo 3, atual Grupo II-UESP e, assim, garantiu sua estreia no Samb\u00f3dromo do Anhembi no ano seguinte.<\/p>\n<p style=\"text-align: justify;\"><strong>V\u00eddeos<\/strong><\/p>\n<p style=\"text-align: justify;\">O samba da X-9<br \/>\nhttp:\/\/www.youtube.com\/watch?v=3McIqvgvLQM<\/p>\n<p style=\"text-align: justify;\">O samba da Gavi\u00f5es da Fiel<br \/>\nhttp:\/\/www.youtube.com\/watch?v=62grl_FG0sA<\/p>\n<p style=\"text-align: justify;\">Um trecho do desfile da Vai-Vai<br \/>\nhttp:\/\/www.youtube.com\/watch?v=i_B6nE2hpYo<\/p>\n<p style=\"text-align: justify;\">A grande apresenta\u00e7\u00e3o da Nen\u00ea<br \/>\nhttp:\/\/www.youtube.com\/watch?v=RvqJOkw9IN8<\/p>\n<p style=\"text-align: justify;\">A parte final da apura\u00e7\u00e3o<br \/>\nhttp:\/\/www.youtube.com\/watch?v=Gfa5A3yfu1s<\/p>\n","protected":false},"excerpt":{"rendered":"<p>O Carnaval de 1996 foi praticamente o \u201cmarco zero\u201d do in\u00edcio da rela\u00e7\u00e3o das escolas de samba paulistanas com empresas que ajudavam no financiamento dosTour Details<\/p>\n","protected":false},"author":12,"featured_media":29621,"comment_status":"open","ping_status":"open","sticky":false,"template":"","format":"standard","meta":{"footnotes":""},"categories":[647],"tags":[652,707],"class_list":["post-29403","post","type-post","status-publish","format-standard","has-post-thumbnail","hentry","category-bodas-de-prata","tag-carnaval-de-sp","tag-x9-paulistana"],"_links":{"self":[{"href":"http:\/\/www.pedromigao.com.br\/ourodetolo\/wp-json\/wp\/v2\/posts\/29403","targetHints":{"allow":["GET"]}}],"collection":[{"href":"http:\/\/www.pedromigao.com.br\/ourodetolo\/wp-json\/wp\/v2\/posts"}],"about":[{"href":"http:\/\/www.pedromigao.com.br\/ourodetolo\/wp-json\/wp\/v2\/types\/post"}],"author":[{"embeddable":true,"href":"http:\/\/www.pedromigao.com.br\/ourodetolo\/wp-json\/wp\/v2\/users\/12"}],"replies":[{"embeddable":true,"href":"http:\/\/www.pedromigao.com.br\/ourodetolo\/wp-json\/wp\/v2\/comments?post=29403"}],"version-history":[{"count":0,"href":"http:\/\/www.pedromigao.com.br\/ourodetolo\/wp-json\/wp\/v2\/posts\/29403\/revisions"}],"wp:featuredmedia":[{"embeddable":true,"href":"http:\/\/www.pedromigao.com.br\/ourodetolo\/wp-json\/wp\/v2\/media\/29621"}],"wp:attachment":[{"href":"http:\/\/www.pedromigao.com.br\/ourodetolo\/wp-json\/wp\/v2\/media?parent=29403"}],"wp:term":[{"taxonomy":"category","embeddable":true,"href":"http:\/\/www.pedromigao.com.br\/ourodetolo\/wp-json\/wp\/v2\/categories?post=29403"},{"taxonomy":"post_tag","embeddable":true,"href":"http:\/\/www.pedromigao.com.br\/ourodetolo\/wp-json\/wp\/v2\/tags?post=29403"}],"curies":[{"name":"wp","href":"https:\/\/api.w.org\/{rel}","templated":true}]}}