{"id":29225,"date":"2014-09-09T04:16:52","date_gmt":"2014-09-09T07:16:52","guid":{"rendered":"http:\/\/www.pedromigao.com.br\/ourodetolo\/?p=29225"},"modified":"2014-09-08T10:35:20","modified_gmt":"2014-09-08T13:35:20","slug":"hidrobideismo","status":"publish","type":"post","link":"http:\/\/www.pedromigao.com.br\/ourodetolo\/2014\/09\/hidrobideismo\/","title":{"rendered":"Hidrobide\u00edsmo"},"content":{"rendered":"<p style=\"text-align: justify;\">O t\u00edtulo da coluna de hoje \u00e9 um neologismo utilizado por um antigo professor meu. Eu j\u00e1 explico o significado. Mas deixe-me introduzir o assunto primeiro.<\/p>\n<p style=\"text-align: justify;\">N\u00e3o h\u00e1 no Brasil a tradi\u00e7\u00e3o de discutir pol\u00edtica fora de \u00e9pocas eleitorais. Pode at\u00e9 parecer estranho aos desavisados que em alguns pa\u00edses a pol\u00edtica fa\u00e7a parte do cotidiano das mais diferentes pessoas, independente de classe, culto, sexo ou prefer\u00eancias. Europeus, em geral, s\u00e3o mais pr\u00f3ximos do debate cotidiano, notadamente italianos. Nossos vizinhos argentinos tamb\u00e9m convivem com a pol\u00edtica em seus caf\u00e9s, bares, restaurantes, livrarias, universidades etc.<\/p>\n<p style=\"text-align: justify;\">Isso n\u00e3o garante qualidade na hora de votar. Ainda que a no\u00e7\u00e3o de qualidade seja bastante subjetiva neste caso, \u00e9 preciso reconhecer que o sistema pol\u00edtico italiano, com uma instabilidade \u00fanica nas chamadas democracias maduras, trocas constantes de gabinete, figuras caricatas como Berlusconi, \u00e9 uma tremenda bagun\u00e7a. E que a altern\u00e2ncia entre peronistas de direita e esquerda na Argentina \u00e9 um exotismo que n\u00e3o d\u00e1 muita respeitabilidade ao modelo deles.<\/p>\n<p style=\"text-align: justify;\">O debate constante tamb\u00e9m n\u00e3o garante uma blindagem para manobras baixas ou demagogia. Mas pelo menos ergue uma pequena barreira de prote\u00e7\u00e3o contra golpes midi\u00e1ticos de quinta categoria.<\/p>\n<p style=\"text-align: justify;\">O cidad\u00e3o que debate pol\u00edtica no seu cotidiano acaba formando opini\u00e3o sobre os grandes temas nacionais e at\u00e9 universais, sem fulaniza\u00e7\u00e3o. Este posicionamento \u00e9 constru\u00eddo fora do calor das disputas eleitorais, protegido da paix\u00e3o causada pela proximidade das urnas. Quem vive a pol\u00edtica em doses homeop\u00e1ticas di\u00e1rias \u00e9 mais consciente de seu modo de pensar a vida, daquilo que, ao fim, \u00e9 chamado de ideologia: o conjunto de valores individuais, ou de um grupo, que d\u00e1 curso ao seu pensar e \u00e0 sua a\u00e7\u00e3o.<\/p>\n<p style=\"text-align: justify;\">O eleitor resultante deste caldo \u00e9 menos manipul\u00e1vel pelo ef\u00eamero, pelo pontual, pelo truque de comunica\u00e7\u00e3o, pela not\u00edcia plantada, pela forma, pelo novidadeiro vazio, pelo individual-voluntarioso, pelo simb\u00f3lico, pelo grotesco, pelo modismo, pelo aparente, pelo melodram\u00e1tico, pelo esc\u00e2ndalo de ocasi\u00e3o. Ele sabe o que quer, \u00e9 regido por uma matriz mais ou menos flex\u00edvel, analisa o momento por um prisma pessoal e intransfer\u00edvel. Erra e acerta, e muda, como qualquer outro, mas tem um padr\u00e3o, um modelo mental a que se disp\u00f5e seguir.<\/p>\n<p style=\"text-align: justify;\"><img loading=\"lazy\" decoding=\"async\" class=\"alignright size-medium wp-image-29228\" src=\"http:\/\/www.pedromigao.com.br\/ourodetolo\/wp-content\/uploads\/2014\/09\/Paulo-Roberto-Costa-size-598-300x168.jpg\" alt=\"Paulo-Roberto-Costa-size-598\" width=\"300\" height=\"168\" srcset=\"http:\/\/www.pedromigao.com.br\/ourodetolo\/wp-content\/uploads\/2014\/09\/Paulo-Roberto-Costa-size-598-300x168.jpg 300w, http:\/\/www.pedromigao.com.br\/ourodetolo\/wp-content\/uploads\/2014\/09\/Paulo-Roberto-Costa-size-598-550x309.jpg 550w, http:\/\/www.pedromigao.com.br\/ourodetolo\/wp-content\/uploads\/2014\/09\/Paulo-Roberto-Costa-size-598.jpg 597w\" sizes=\"auto, (max-width: 300px) 100vw, 300px\" \/>Pergunte-se para um argentino como ele \u00e9 politicamente, ele pode responder que \u00e9 justicialista ou radical da mesma forma que responderia que \u00e9 Boca ou River, se a pergunta fosse sobre futebol. Um italiano pode ser socialista, democrata-crist\u00e3o, comunista, social-democrata ou um zilh\u00e3o de outras possibilidades no pitoresco caleidosc\u00f3pio ideol\u00f3gico local. Isso n\u00e3o significa rigidez, imutabilidade, porque reflete uma tend\u00eancia de cada um, n\u00e3o necessariamente uma certeza eterna.<\/p>\n<p style=\"text-align: justify;\">A imprensa tamb\u00e9m se pauta por uma agenda mais previs\u00edvel e transparente \u00e0 medida que os ve\u00edculos de comunica\u00e7\u00e3o representam tamb\u00e9m maneiras distintas de ver o mundo, e isso est\u00e1 claro em suas linhas editoriais, isso quando n\u00e3o s\u00e3o explicitamente filiados a partidos ou entidades de classe.<\/p>\n<p style=\"text-align: justify;\">Portanto, o eleitor faz seus julgamentos a respeito dos fatos a partir de um ponto de observa\u00e7\u00e3o predeterminado, que \u00e9 seu conhecido, num processo um pouco mais refletido. Em geral, ele sabe, por observa\u00e7\u00e3o, que o notici\u00e1rio \u00e9 direcionado pela tend\u00eancia ideol\u00f3gica do ve\u00edculo. Sabe que o fato n\u00e3o \u00e9 absoluto, mas a vers\u00e3o que se d\u00e1 a ele, a oportunidade em que ele \u00e9 selecionado como pertinente ou n\u00e3o, a \u00eanfase. O coment\u00e1rio n\u00e3o vem embutido na not\u00edcia, \u00e9 feito \u00e0 parte quando o leitor ou espectador, sabe-se, n\u00e3o \u00e9 Hommer Simpson, sen\u00e3o que algu\u00e9m capaz de distinguir inten\u00e7\u00f5es por detr\u00e1s da not\u00edcia.<\/p>\n<p style=\"text-align: justify;\">Nem num ambiente assim, como j\u00e1 foi dito, h\u00e1 um mundo perfeito, imune a erros, avalia\u00e7\u00f5es precipitadas e simulacros. Mas h\u00e1 uma tend\u00eancia de que parte dos eleitores \u2013 pelo menos &#8211; perceba claramente a trucagem, a manipula\u00e7\u00e3o e o golpismo.<\/p>\n<p style=\"text-align: justify;\">Voltando ao t\u00edtulo da coluna: na defini\u00e7\u00e3o do meu antigo professor, hidrobide\u00edsmo seria o mal que acomete o adulto que, na mais tenra inf\u00e2ncia, tenha tido o costume de beber a \u00e1gua residual do bid\u00ea. Hidro-bid\u00ea-\u00edsmo, ou seja, o efeito de comer fezes na cabe\u00e7a do cidad\u00e3o.<\/p>\n<p style=\"text-align: justify;\">N\u00e3o h\u00e1 outra forma de explicar que um cidad\u00e3o leia, a poucas semanas da elei\u00e7\u00e3o, a capa atual da revista Veja e tenha qualquer outra sensa\u00e7\u00e3o que n\u00e3o seja de repulsa e nojo pela edi\u00e7\u00e3o.<\/p>\n<p style=\"text-align: justify;\">O fato gerador da celeuma: um ex-diretor da Petrobras, demitido e posto sob investiga\u00e7\u00e3o por decis\u00e3o da Presidenta Dilma, se v\u00ea benefici\u00e1rio da dela\u00e7\u00e3o premiada e, trocando uma pena certa de mais de 30 anos de pris\u00e3o por uma condicional de um ano, denuncia um suposto grande esquema de corrup\u00e7\u00e3o que envolve todos os principais partidos da base aliada do governo, al\u00e9m do seu atual principal concorrente.<\/p>\n<p style=\"text-align: justify;\">Enfim, entre os que t\u00eam alguma chance presidencial, sobram imunes \u00e0 acusa\u00e7\u00e3o apenas o PSDB e seu candidato A\u00e9cio. O depoimento teria sido dado em sigilo de justi\u00e7a, mas foi vazado (mais uma vez, o m\u00e9todo se repete) apenas para a revista Veja. Que \u2013 ora, quanta coincid\u00eancia! \u2013 ap\u00f3ia exatamente o candidato A\u00e9cio.<\/p>\n<p style=\"text-align: justify;\">Os leitores de Veja podem fazer disso alguma coisa mais robusta, mas os leitores de Veja, convenhamos, merecem exatamente aquilo que recebem da Editora Abril. E n\u00e3o h\u00e1 o que mudar ou convencer: s\u00e3o almas perdidas.<\/p>\n<p style=\"text-align: justify;\">O grande truque come\u00e7a sempre pela edi\u00e7\u00e3o do Jornal Nacional que acontece em sequ\u00eancia. Sendo um telejornal, tendo um editor que fala abertamente que seu expectador tem a intelig\u00eancia m\u00e9dia do Hommer Simpson, o JN passa a tratar o assunto escandaloso com a gravidade devida, mas com a profundidade e reflex\u00e3o t\u00e3o rasteira quanto poss\u00edvel. Tudo \u00e9 retumbante, nada \u00e9 detalhe. E Deus e o diabo, sabemos, lutam sua eterna guerra nos detalhes, n\u00e3o nos efeitos especiais.<\/p>\n<p style=\"text-align: justify;\"><a href=\"http:\/\/www.pedromigao.com.br\/ourodetolo\/2014\/09\/hidrobideismo\/dig37894\/\" rel=\"attachment wp-att-29227\"><img loading=\"lazy\" decoding=\"async\" class=\"alignleft size-medium wp-image-29227\" src=\"http:\/\/www.pedromigao.com.br\/ourodetolo\/wp-content\/uploads\/2014\/09\/Dig37894-300x200.jpg\" alt=\"Dig37894\" width=\"300\" height=\"200\" srcset=\"http:\/\/www.pedromigao.com.br\/ourodetolo\/wp-content\/uploads\/2014\/09\/Dig37894-300x200.jpg 300w, http:\/\/www.pedromigao.com.br\/ourodetolo\/wp-content\/uploads\/2014\/09\/Dig37894.jpg 450w\" sizes=\"auto, (max-width: 300px) 100vw, 300px\" \/><\/a>Ningu\u00e9m refletir\u00e1 que, descoberto e demitido, o tal diretorzinho pode estar movido pelo sentimento de vingan\u00e7a contra Dilma e os seus. Ningu\u00e9m estranhar\u00e1 que a investiga\u00e7\u00e3o tenha respingado tamb\u00e9m em Marina Silva e seu partido, e tamb\u00e9m na mem\u00f3ria do quase-rec\u00e9m-santificado Eduardo Campos. Ningu\u00e9m pedir\u00e1 provas. Ningu\u00e9m questionar\u00e1 a credibilidade de um delator que, afinal de contas, \u00e9 um criminoso pego no contrap\u00e9. Ningu\u00e9m pensar\u00e1 que, se houve um sem-n\u00famero de corruptos, h\u00e1 um sem n\u00famero ao quadrado de corruptores sempre eternamente impunes.<\/p>\n<p style=\"text-align: justify;\">Ningu\u00e9m lembrar\u00e1 que, sendo os corruptores quase todos privados, n\u00e3o \u00e9 a condi\u00e7\u00e3o de empresa p\u00fablica que faz da Petrobr\u00e1s (ou qualquer outra) presa f\u00e1cil deste tipo de esquema; ao contr\u00e1rio, no universo das empresas privadas, o crime corre mais solto e, como s\u00e3o privadas, h\u00e1 menos investiga\u00e7\u00f5es, e nem por isso menos danos ao interesse da sociedade.<\/p>\n<p style=\"text-align: justify;\">Ningu\u00e9m questionar\u00e1 que, por magia, o maior partido de oposi\u00e7\u00e3o, campeon\u00edssimo em n\u00famero de impugnados pelo TSE baseados na ficha suja, esteja totalmente limpo nesta dela\u00e7\u00e3o. Ningu\u00e9m cobrar\u00e1 que outras investiga\u00e7\u00f5es, de mesmo porte, mas contra os pol\u00edticos protegidos pela imprensa, tenham ficado para tr\u00e1s, sempre soterradas por den\u00fancias contra-ataque. Ningu\u00e9m se perguntar\u00e1 por que estes casos escabrosos sempre s\u00e3o revelados \u00e0s v\u00e9speras de elei\u00e7\u00f5es, nem os interesses ocultos de quem os revela.<\/p>\n<p style=\"text-align: justify;\">Ningu\u00e9m pedir\u00e1 investiga\u00e7\u00e3o sobre a investiga\u00e7\u00e3o, que ocorre em segredo de justi\u00e7a, e foi vazada para a Veja mais uma vez, como se o que a Veja e algu\u00e9m de dentro da Pol\u00edcia Federal estivessem fazendo tamb\u00e9m n\u00e3o fosse um crime e um esc\u00e2ndalo. Ningu\u00e9m questionar\u00e1 a credibilidade de uma Pol\u00edcia Federal ou \u2013 v\u00e1 l\u00e1 \u2013 um delegado e uma equipe de investiga\u00e7\u00e3o que vaza deliberadamente para a imprensa um processo em sigilo.<\/p>\n<p style=\"text-align: justify;\">Parafraseando Wellington, o Duque de Ferro que derrotou Napole\u00e3o em Waterloo, <em>\u201cquem acredita nisso, acredita em qualquer coisa\u201d.<\/em><\/p>\n<p style=\"text-align: justify;\"><strong>Imagens: Veja e Petrobras<\/strong><\/p>\n","protected":false},"excerpt":{"rendered":"<p>O t\u00edtulo da coluna de hoje \u00e9 um neologismo utilizado por um antigo professor meu. Eu j\u00e1 explico o significado. Mas deixe-me introduzir o assuntoTour Details<\/p>\n","protected":false},"author":11,"featured_media":0,"comment_status":"open","ping_status":"open","sticky":false,"template":"","format":"standard","meta":{"footnotes":""},"categories":[100],"tags":[357,54,33,71,24],"class_list":["post-29225","post","type-post","status-publish","format-standard","hentry","category-sobretudo","tag-eleicoes-2014","tag-imprensa","tag-jornalismo","tag-petrobras","tag-politica"],"_links":{"self":[{"href":"http:\/\/www.pedromigao.com.br\/ourodetolo\/wp-json\/wp\/v2\/posts\/29225","targetHints":{"allow":["GET"]}}],"collection":[{"href":"http:\/\/www.pedromigao.com.br\/ourodetolo\/wp-json\/wp\/v2\/posts"}],"about":[{"href":"http:\/\/www.pedromigao.com.br\/ourodetolo\/wp-json\/wp\/v2\/types\/post"}],"author":[{"embeddable":true,"href":"http:\/\/www.pedromigao.com.br\/ourodetolo\/wp-json\/wp\/v2\/users\/11"}],"replies":[{"embeddable":true,"href":"http:\/\/www.pedromigao.com.br\/ourodetolo\/wp-json\/wp\/v2\/comments?post=29225"}],"version-history":[{"count":0,"href":"http:\/\/www.pedromigao.com.br\/ourodetolo\/wp-json\/wp\/v2\/posts\/29225\/revisions"}],"wp:attachment":[{"href":"http:\/\/www.pedromigao.com.br\/ourodetolo\/wp-json\/wp\/v2\/media?parent=29225"}],"wp:term":[{"taxonomy":"category","embeddable":true,"href":"http:\/\/www.pedromigao.com.br\/ourodetolo\/wp-json\/wp\/v2\/categories?post=29225"},{"taxonomy":"post_tag","embeddable":true,"href":"http:\/\/www.pedromigao.com.br\/ourodetolo\/wp-json\/wp\/v2\/tags?post=29225"}],"curies":[{"name":"wp","href":"https:\/\/api.w.org\/{rel}","templated":true}]}}