{"id":29193,"date":"2014-09-05T16:06:34","date_gmt":"2014-09-05T19:06:34","guid":{"rendered":"http:\/\/www.pedromigao.com.br\/ourodetolo\/?p=29193"},"modified":"2014-09-05T16:20:47","modified_gmt":"2014-09-05T19:20:47","slug":"um-panorama-das-eleicoes-no-amazonas","status":"publish","type":"post","link":"http:\/\/www.pedromigao.com.br\/ourodetolo\/2014\/09\/um-panorama-das-eleicoes-no-amazonas\/","title":{"rendered":"Um panorama das Elei\u00e7\u00f5es no Amazonas"},"content":{"rendered":"<p style=\"text-align: justify;\">Primeiramente, gostaria de agradecer ao Pedro pelo convite para escrever no blog Ouro de Tolo. Senti-me bastante feliz e lisonjeada com a proposta e, espero, de alguma forma, contribuir com artigos sobre os mais variados assuntos. Esta primeira coluna foi sugest\u00e3o do pr\u00f3prio Pedro Mig\u00e3o e tem como pauta a disputa eleitoral no meu Estado, o Amazonas.<\/p>\n<p style=\"text-align: justify;\">Neste pleito de 2014 teremos sete postulantes ao cargo de Governador. Entretanto, conforme as pesquisas apontam, a elei\u00e7\u00e3o polariza-se entre dois candidatos, quais sejam, Eduardo Braga (PMDB, acima) e Jos\u00e9 Melo (PROS).<\/p>\n<p style=\"text-align: justify;\">Eduardo Braga j\u00e1 foi governador do Estado no per\u00edodo de 2003 a 2010. Tamb\u00e9m foi prefeito de Manaus em meados dos anos 90 e, atualmente, \u00e9 Senador pelo Amazonas. De acordo com as pesquisas eleitorais, possui entre 55 e 60% das inten\u00e7\u00f5es de voto, o que o credencia como maior favorito na disputa. Braga \u00e9 um fen\u00f4meno eleitoral, j\u00e1 que tem grande aprova\u00e7\u00e3o em todas as classes da sociedade. Durante os dois mandatos de Governador, aliou-se ao ent\u00e3o presidente Lula e garantiu milh\u00f5es em recursos para o Estado, tornando-se um dos governadores mais bem avaliados do pa\u00eds. Entretanto, Braga vem de um grupo pol\u00edtico que tem governado o Estado h\u00e1 mais de 30 anos e que teve como maiores lideran\u00e7as os ex-governadores Gilberto Mestrinho e Amazonino Mendes.<\/p>\n<p style=\"text-align: justify;\"><a href=\"http:\/\/www.pedromigao.com.br\/ourodetolo\/2014\/09\/um-panorama-das-eleicoes-no-amazonas\/jose-melo\/\" rel=\"attachment wp-att-29195\"><img loading=\"lazy\" decoding=\"async\" class=\"alignleft size-medium wp-image-29195\" src=\"http:\/\/www.pedromigao.com.br\/ourodetolo\/wp-content\/uploads\/2014\/09\/jose-melo-300x198.jpg\" alt=\"jose-melo\" width=\"300\" height=\"198\" srcset=\"http:\/\/www.pedromigao.com.br\/ourodetolo\/wp-content\/uploads\/2014\/09\/jose-melo-300x198.jpg 300w, http:\/\/www.pedromigao.com.br\/ourodetolo\/wp-content\/uploads\/2014\/09\/jose-melo-513x340.jpg 513w, http:\/\/www.pedromigao.com.br\/ourodetolo\/wp-content\/uploads\/2014\/09\/jose-melo.jpg 1000w\" sizes=\"auto, (max-width: 300px) 100vw, 300px\" \/><\/a>Em segundo lugar nas pesquisas, o Professor Jos\u00e9 Melo tem as m\u00e1quinas do Governo e da Prefeitura de Manaus a seu favor. Sempre exerceu um papel de coadjuvante na pol\u00edtica do Estado, tendo ocupado o cargo de Vice-Governador nas gest\u00f5es de Amazonino Mendes e de Omar Aziz. Este, ao deixar o governo em abril para concorrer ao Senado, legou o cargo m\u00e1ximo do Executivo estadual a Jos\u00e9 Melo, que tenta a reelei\u00e7\u00e3o. Todavia, \u00e9 cria do mesmo grupo pol\u00edtico de Eduardo Braga e n\u00e3o apresenta nada de novo na disputa.<\/p>\n<p style=\"text-align: justify;\">Os demais candidatos n\u00e3o alcan\u00e7am sequer 10% nas inten\u00e7\u00f5es de voto. Destaque para os candidatos Chico Preto e Marcelo Ramos. O primeiro teve grande parte de sua carreira pol\u00edtica vinculada a Eduardo Braga. Quando Braga governou o Estado, Chico Preto era seu maior defensor na Assembleia Legislativa. Entretanto, com o rompimento de Braga e Omar Aziz, o deputado Chico Preto mudou-se \u201cde mala e cuia\u201d para o ninho de Omar.<\/p>\n<p style=\"text-align: justify;\">J\u00e1 Marcelo Ramos surgiu como lideran\u00e7a estudantil do Partido Comunista do Brasil \u2013 PCdoB \u2013 em meados dos anos 90. Foi vereador pelo partido comunista e secret\u00e1rio municipal de transportes urbanos, durante a gest\u00e3o de Serafim Correa (PSB), entre 2005 e 2008. Neste per\u00edodo, divergiu da dire\u00e7\u00e3o estadual de seu partido e permaneceu no governo dos socialistas. Ap\u00f3s as elei\u00e7\u00f5es de 2008, abandonou o PCdoB e migrou para o PSB, legenda pela qual concorre atualmente. \u00c1cido cr\u00edtico das candidaturas de Melo e Braga, tenta vincular sua candidatura ao fen\u00f4meno Marina Silva. Contudo, as pesquisas indicam que Ramos tem apenas 2 a 3% das inten\u00e7\u00f5es de voto.<\/p>\n<p style=\"text-align: justify;\"><a href=\"http:\/\/www.pedromigao.com.br\/ourodetolo\/2014\/09\/um-panorama-das-eleicoes-no-amazonas\/marcelo-ramos-dm-12-573x381\/\" rel=\"attachment wp-att-29197\"><img loading=\"lazy\" decoding=\"async\" class=\"alignright size-medium wp-image-29197\" src=\"http:\/\/www.pedromigao.com.br\/ourodetolo\/wp-content\/uploads\/2014\/09\/MARCELO-RAMOS-DM-12-573x381-300x199.jpg\" alt=\"MARCELO-RAMOS-DM-12-573x381\" width=\"300\" height=\"199\" srcset=\"http:\/\/www.pedromigao.com.br\/ourodetolo\/wp-content\/uploads\/2014\/09\/MARCELO-RAMOS-DM-12-573x381-300x199.jpg 300w, http:\/\/www.pedromigao.com.br\/ourodetolo\/wp-content\/uploads\/2014\/09\/MARCELO-RAMOS-DM-12-573x381-511x340.jpg 511w, http:\/\/www.pedromigao.com.br\/ourodetolo\/wp-content\/uploads\/2014\/09\/MARCELO-RAMOS-DM-12-573x381.jpg 573w\" sizes=\"auto, (max-width: 300px) 100vw, 300px\" \/><\/a>Por fim, \u00e9 curioso relatar que, no Amazonas, nenhuma das candidaturas majorit\u00e1rias faz palanque para o candidato \u00e0 presid\u00eancia da Rep\u00fablica A\u00e9cio Neves (PSDB). O prefeito de Manaus, o tucano Arthur Neto, at\u00e9 tentou costurar uma alian\u00e7a entre A\u00e9cio e Melo. Este, por\u00e9m, sabiamente recusou, j\u00e1 que a poss\u00edvel alian\u00e7a sepultaria de vez suas chances de vencer as elei\u00e7\u00f5es.<\/p>\n<p style=\"text-align: justify;\">Estamos apenas a exatos um m\u00eas do primeiro turno das elei\u00e7\u00f5es. O Amazonas, que nunca levou uma disputa de governo ao segundo turno, deve, mais uma vez, conhecer seu governante no dia 5 de outubro.<\/p>\n<p style=\"text-align: justify;\">Quanto ao Senado, a disputa parece tamb\u00e9m estar definida. O ex-governador Omar Aziz (PSD) desponta como amplo favorito, com mais de 60% das inten\u00e7\u00f5es de voto, ao passo que o candidato do PT, o deputado federal Francisco Praciano tem apenas 14%. Nesta disputa, em espec\u00edfico, Eduardo Braga n\u00e3o tem conseguido converter a sua ampla popularidade em votos para o petista, como ocorrera quatro anos atr\u00e1s, quando elegeram-se senadores o pr\u00f3prio Braga e Vanessa Grazziotin (PCdoB).<\/p>\n<p style=\"text-align: justify;\">Abra\u00e7os e at\u00e9 a pr\u00f3xima!<\/p>\n<p style=\"text-align: justify;\"><em>[N.do.E.: Aline Pessoa ir\u00e1 assinar uma coluna quinzenal no Ouro de Tolo, sem dia da semana definido.]<\/em><\/p>\n","protected":false},"excerpt":{"rendered":"<p>Primeiramente, gostaria de agradecer ao Pedro pelo convite para escrever no blog Ouro de Tolo. Senti-me bastante feliz e lisonjeada com a proposta e, espero,Tour Details<\/p>\n","protected":false},"author":34,"featured_media":0,"comment_status":"open","ping_status":"open","sticky":false,"template":"","format":"standard","meta":{"footnotes":""},"categories":[700],"tags":[357,24],"class_list":["post-29193","post","type-post","status-publish","format-standard","hentry","category-igarape","tag-eleicoes-2014","tag-politica"],"_links":{"self":[{"href":"http:\/\/www.pedromigao.com.br\/ourodetolo\/wp-json\/wp\/v2\/posts\/29193","targetHints":{"allow":["GET"]}}],"collection":[{"href":"http:\/\/www.pedromigao.com.br\/ourodetolo\/wp-json\/wp\/v2\/posts"}],"about":[{"href":"http:\/\/www.pedromigao.com.br\/ourodetolo\/wp-json\/wp\/v2\/types\/post"}],"author":[{"embeddable":true,"href":"http:\/\/www.pedromigao.com.br\/ourodetolo\/wp-json\/wp\/v2\/users\/34"}],"replies":[{"embeddable":true,"href":"http:\/\/www.pedromigao.com.br\/ourodetolo\/wp-json\/wp\/v2\/comments?post=29193"}],"version-history":[{"count":0,"href":"http:\/\/www.pedromigao.com.br\/ourodetolo\/wp-json\/wp\/v2\/posts\/29193\/revisions"}],"wp:attachment":[{"href":"http:\/\/www.pedromigao.com.br\/ourodetolo\/wp-json\/wp\/v2\/media?parent=29193"}],"wp:term":[{"taxonomy":"category","embeddable":true,"href":"http:\/\/www.pedromigao.com.br\/ourodetolo\/wp-json\/wp\/v2\/categories?post=29193"},{"taxonomy":"post_tag","embeddable":true,"href":"http:\/\/www.pedromigao.com.br\/ourodetolo\/wp-json\/wp\/v2\/tags?post=29193"}],"curies":[{"name":"wp","href":"https:\/\/api.w.org\/{rel}","templated":true}]}}