{"id":29158,"date":"2014-09-05T08:37:57","date_gmt":"2014-09-05T11:37:57","guid":{"rendered":"http:\/\/www.pedromigao.com.br\/ourodetolo\/?p=29158"},"modified":"2014-11-03T12:43:01","modified_gmt":"2014-11-03T14:43:01","slug":"o-caso-aranha-parte-i","status":"publish","type":"post","link":"http:\/\/www.pedromigao.com.br\/ourodetolo\/2014\/09\/o-caso-aranha-parte-i\/","title":{"rendered":"O Caso Aranha \u2013 Parte I"},"content":{"rendered":"<p style=\"text-align: justify\">O assunto da semana no futebol brasileiro foi o caso de racismo nas arquibancadas de Gr\u00eamio x Santos, pela Copa do Brasil. Vamos tentar uma an\u00e1lise mais ampla do epis\u00f3dio, e aproveitar a reflex\u00e3o para o pr\u00f3ximo artigo, no qual seguiremos no exame da \u201cquest\u00e3o racial\u201d. Para come\u00e7ar, recapitulemos o \u201cCaso Aranha\u201d.<\/p>\n<p style=\"text-align: justify\">Na quinta-feira 28\/08 o goleiro Aranha, do Santos, interrompeu o andamento da partida que seu time disputava na Arena do Gr\u00eamio para reclamar ostensivamente das manifesta\u00e7\u00f5es racistas que lhe dirigiam do setor ocupado pela torcida organizada <em>Geral do Gr\u00eamio<\/em>.<\/p>\n<p style=\"text-align: justify\">Aranha chegou a pedir a um cinegrafista da Globo que filmasse os ofensores, mas o funcion\u00e1rio da emissora n\u00e3o deu import\u00e2ncia. Uma c\u00e2mera da ESPN, de outra posi\u00e7\u00e3o, filmou a torcedora Patricia Moreira claramente gritando \u201c<em>MACACO<\/em>\u201d em dire\u00e7\u00e3o ao goleiro, e uma fila de gremistas imitando um s\u00edmio para provoc\u00e1-lo.<\/p>\n<p style=\"text-align: justify\">O caso ganhou surpreendente repercuss\u00e3o por causa da revolta de Aranha e das imagens da TV, passando-se a discutir uma puni\u00e7\u00e3o esportiva ao Gr\u00eamio. Na m\u00eddia e nas redes sociais, uma turba pediu o sangue de Patricia, que teve de se esconder para fugir das amea\u00e7as. Alguns tentaram cobrar do Rio Grande do Sul, e em especial do Gr\u00eamio, a conta do racismo brasileiro. Patricia perdeu o emprego e sua casa foi apedrejada.<\/p>\n<p style=\"text-align: justify\">Outros minimizaram o caso como parte do \u201cfolclore do futebol\u201d \u2013 o Gr\u00eamio chama rotineiramente seus rivais colorados de \u201cmacacos\u201d, e o pr\u00f3prio Inter ensaia assumir a pecha como s\u00edmbolo. Um terceiro grupo lamentou o ocorrido, atribuindo-o a uma minoria e sublinhando que seria injusto punir o clube Gr\u00eamio por atos individuais de torcedores, que de resto foram identificados.<\/p>\n<p style=\"text-align: justify\">No domingo 31\/08 o Gr\u00eamio jogou novamente na Arena, contra o Bahia, e a Geral entoou um de seus c\u00e2nticos mais conhecidos, o singelo <em>\u201cChora Macaco Imundo\u201d<\/em>. Sentindo que isso agravava o bombardeio que o Gr\u00eamio vinha recebendo da opini\u00e3o p\u00fablica de todo o pa\u00eds, o resto do est\u00e1dio vaiou a can\u00e7\u00e3o (abaixo). No dia seguinte o presidente Fabio Koff repudiou oficialmente a organizada, e a proibiu de ostentar s\u00edmbolos do clube. Foi mais um cap\u00edtulo da guerra fria entre Koff e a <em>Geral do Gr\u00eamio<\/em>, tradicionalmente aliada de\u00a0seu advers\u00e1rio Paulo Odone.<\/p>\n<p>http:\/\/www.youtube.com\/watch?v=pnX64FClzv8<\/p>\n<p style=\"text-align: justify\">Na ter\u00e7a-feira 02\/09 dirigentes do Gr\u00eamio vieram a p\u00fablico tentar salvar a imagem do clube, mas n\u00e3o foram muito h\u00e1beis. O vice-presidente Adalberto Preis negou que tenha havido ofensas racistas (o que os pr\u00f3prios torcedores admitiram) e acusou Aranha de fazer uma encena\u00e7\u00e3o. Outro cartola, Renato Moreira, lan\u00e7ou-se como campe\u00e3o da causa LGBT ao deplorar que os gremistas sofrem homofobia no Rio e em S\u00e3o Paulo \u201cpor serem ga\u00fachos\u201d.<\/p>\n<p style=\"text-align: justify\">Par\u00eantese: Moreira foi diversionista, mas tem raz\u00e3o quando lembra que os mesmos que agora condenam o racismo aceitam e praticam a homofobia. Talvez esta seja a pr\u00f3xima fronteira a ser conquistada pelo pensamento <em>politicamente correto<\/em>, mas o <em>Zeitgeist<\/em>\u00a0d\u00e1 um passo de cada vez. Por ora,\u00a0foi o racismo expl\u00edcito\u00a0que se tornou inaceit\u00e1vel para a maioria, e \u00e9 este tema que est\u00e1 na berlinda.<\/p>\n<p style=\"text-align: justify\">Na quarta-feira 03\/09 o STJD puniu o Gr\u00eamio com sua exclus\u00e3o da Copa do Brasil (da qual seria provavelmente eliminado na partida seguinte). Cada auditor fez um discurso mais moralista de reprova\u00e7\u00e3o ao racismo nos est\u00e1dios e na sociedade brasileira. No dia seguinte revelou-se que um dos julgadores, Ricardo Graiche, postava costumeiramente piadas de cunho racista em seu perfil no Facebook.<\/p>\n<p style=\"text-align: justify\">Na quinta-feira 04\/09 Patricia Moreira chegou aos prantos \u00e0 delegacia para prestar depoimento, cercada por uma multid\u00e3o hostil e por dezenas de jornalistas. Declarou que n\u00e3o teve inten\u00e7\u00e3o de ofender ningu\u00e9m e que apenas \u201cfoi no embalo da torcida\u201d, que desde sempre usa o termo \u201cmacaco\u201d como sin\u00f4nimo de colorado. No dia seguinte, convocou uma entrevista coletiva para pedir perd\u00e3o publicamente. Ao longo da semana, circulou uma foto antiga sua espezinhando um boneco de um macaco com a camisa do Inter. Entrementes, amigos negros da mo\u00e7a vieram a p\u00fablico testemunhar que ela n\u00e3o seria racista.<\/p>\n<p style=\"text-align: justify\">O que podemos pensar de toda essa hist\u00f3ria?<\/p>\n<p style=\"text-align: justify\">Creio que qualquer discuss\u00e3o que pretenda chegar a algum lugar deve estabelecer a diferen\u00e7a entre\u00a0\u201cracismo\u201d e \u201cmanifesta\u00e7\u00f5es racistas\u201d. As manifesta\u00e7\u00f5es s\u00e3o individuais; o racismo \u00e9 uma cultura \u2013 portanto, coletiva. As manifesta\u00e7\u00f5es <em>alimentam <\/em>a cultura racista; a cultura <em>perpetua <\/em>as manifesta\u00e7\u00f5es.<\/p>\n<p style=\"text-align: justify\"><a href=\"http:\/\/www.pedromigao.com.br\/ourodetolo\/2014\/09\/o-caso-aranha-parte-i\/depoimento\/\" rel=\"attachment wp-att-29162\"><img loading=\"lazy\" decoding=\"async\" class=\"alignleft size-medium wp-image-29162\" src=\"http:\/\/www.pedromigao.com.br\/ourodetolo\/wp-content\/uploads\/2014\/09\/depoimento-300x180.jpg\" alt=\"depoimento\" width=\"300\" height=\"180\" srcset=\"http:\/\/www.pedromigao.com.br\/ourodetolo\/wp-content\/uploads\/2014\/09\/depoimento-300x180.jpg 300w, http:\/\/www.pedromigao.com.br\/ourodetolo\/wp-content\/uploads\/2014\/09\/depoimento.jpg 458w\" sizes=\"auto, (max-width: 300px) 100vw, 300px\" \/><\/a>Eis por que a distin\u00e7\u00e3o \u00e9 importante: Patricia foi convincente ao falar de \u201cembalo\u201d. Sua manifesta\u00e7\u00e3o racista individual \u00e9 perfeitamente compreens\u00edvel para os que j\u00e1 experimentaram o \u00eaxtase coletivo t\u00e3o comum numa arquibancada de est\u00e1dio de futebol. Pode-se punir Patricia e quantos outros sejam flagrados pelas c\u00e2meras, mas isso n\u00e3o necessariamente mudar\u00e1 a cultura de toler\u00e2ncia ao racismo que levou a mo\u00e7a \u201cno embalo\u201d, e que ainda levar\u00e1 muitos mais.<\/p>\n<p style=\"text-align: justify\">Pessoas devem ser punidas por seus atos, mas se o que se pretende \u00e9 coibir o racismo (entendido como cultura coletiva), a san\u00e7\u00e3o \u00e9 t\u00e3o s\u00f3 uma medida educativa entre muitas outras que precisam ser tomadas. Transform\u00e1-la em bode expiat\u00f3rio leva \u00e0 ilus\u00f3ria sensa\u00e7\u00e3o de que s\u00f3 o que h\u00e1 s\u00e3o manifesta\u00e7\u00f5es racistas isoladas que recebem pronta reprova\u00e7\u00e3o social, e n\u00e3o \u2013 <em>de\u00a0jeito nenhum!<\/em> \u2013 uma cultura racista.<\/p>\n<p style=\"text-align: justify\">Em <em>Racismo no Futebol <\/em>(2006), Carlos Alberto F. da Silva e Sebasti\u00e3o J. Votre dedicam um cap\u00edtulo ao caso Grafite-De S\u00e1bato. Como alguns se recordam, num jogo da Copa Libertadores um argentino malvado ofendeu um altivo negro brasileiro e recebeu uma li\u00e7\u00e3o, sendo preso em flagrante e trucidado moralmente por toda a na\u00e7\u00e3o, unida em seu rep\u00fadio e no prop\u00f3sito de mostrar ao mundo como nossa sociedade \u00e9 civilizada e progressista. O trecho a seguir explica como se d\u00e1 a din\u00e2mica social de nega\u00e7\u00e3o do racismo como fen\u00f4meno coletivo:<\/p>\n<p style=\"text-align: justify\"><em>\u201cO processo \u00e9 mim\u00e9tico. Todos querem ser politicamente corretos nesse momento. M\u00eddia e popula\u00e7\u00e3o se projetam nos jogadores. O racismo tem gerado insatisfa\u00e7\u00e3o em grande parte da comunidade futebol\u00edstica. (&#8230;) \u00c0 insatisfa\u00e7\u00e3o se associa o \u00f3dio e se amea\u00e7a o equil\u00edbrio social. O equil\u00edbrio \u00e9 restabelecido mediante o sacrif\u00edcio de algu\u00e9m. Esse rito ao mesmo tempo encobre e reproduz uma viol\u00eancia.<\/em><\/p>\n<p style=\"text-align: justify\"><em>A mimese nos leva a oprimir, pois constantemente somos oprimidos, pela coer\u00e7\u00e3o, persuas\u00e3o ou sedu\u00e7\u00e3o. (&#8230;) No come\u00e7o, todos nos juntamos contra a v\u00edtima, mas de repente, ap\u00f3s a sua crucifica\u00e7\u00e3o, alguns se arrependem, e a\u00ed nos conscientizamos de nossa pr\u00f3pria fraqueza e de onde escondemos o nosso racismo.\u201d <\/em><\/p>\n<p style=\"text-align: justify\">No caso de Patricia, submetida a um linchamento p\u00fablico desproporcional \u00e0 sua responsabilidade individual, o \u201carrependimento de alguns\u201d come\u00e7ou a se revelar quando a imprensa passou a referir-se a ela como uma \u201cmenina\u201d \u2013 apesar de j\u00e1 ter 23 anos de idade.<\/p>\n<p style=\"text-align: justify\">Continua segunda-feira.<\/p>\n<p style=\"text-align: justify\"><strong>Imagens: O Globo e Globoesporte.com<\/strong><\/p>\n","protected":false},"excerpt":{"rendered":"<p>O assunto da semana no futebol brasileiro foi o caso de racismo nas arquibancadas de Gr\u00eamio x Santos, pela Copa do Brasil. Vamos tentar umaTour Details<\/p>\n","protected":false},"author":20,"featured_media":0,"comment_status":"open","ping_status":"open","sticky":false,"template":"","format":"standard","meta":{"footnotes":""},"categories":[349],"tags":[41,37,102,27,6],"class_list":["post-29158","post","type-post","status-publish","format-standard","hentry","category-pitaco","tag-esporte","tag-futebol","tag-porto-alegre","tag-sociedade","tag-vida-cotidiana"],"_links":{"self":[{"href":"http:\/\/www.pedromigao.com.br\/ourodetolo\/wp-json\/wp\/v2\/posts\/29158","targetHints":{"allow":["GET"]}}],"collection":[{"href":"http:\/\/www.pedromigao.com.br\/ourodetolo\/wp-json\/wp\/v2\/posts"}],"about":[{"href":"http:\/\/www.pedromigao.com.br\/ourodetolo\/wp-json\/wp\/v2\/types\/post"}],"author":[{"embeddable":true,"href":"http:\/\/www.pedromigao.com.br\/ourodetolo\/wp-json\/wp\/v2\/users\/20"}],"replies":[{"embeddable":true,"href":"http:\/\/www.pedromigao.com.br\/ourodetolo\/wp-json\/wp\/v2\/comments?post=29158"}],"version-history":[{"count":0,"href":"http:\/\/www.pedromigao.com.br\/ourodetolo\/wp-json\/wp\/v2\/posts\/29158\/revisions"}],"wp:attachment":[{"href":"http:\/\/www.pedromigao.com.br\/ourodetolo\/wp-json\/wp\/v2\/media?parent=29158"}],"wp:term":[{"taxonomy":"category","embeddable":true,"href":"http:\/\/www.pedromigao.com.br\/ourodetolo\/wp-json\/wp\/v2\/categories?post=29158"},{"taxonomy":"post_tag","embeddable":true,"href":"http:\/\/www.pedromigao.com.br\/ourodetolo\/wp-json\/wp\/v2\/tags?post=29158"}],"curies":[{"name":"wp","href":"https:\/\/api.w.org\/{rel}","templated":true}]}}