{"id":29150,"date":"2014-09-07T09:20:32","date_gmt":"2014-09-07T12:20:32","guid":{"rendered":"http:\/\/www.pedromigao.com.br\/ourodetolo\/?p=29150"},"modified":"2014-09-05T09:05:30","modified_gmt":"2014-09-05T12:05:30","slug":"orun-aye-a-politica-do-medo","status":"publish","type":"post","link":"http:\/\/www.pedromigao.com.br\/ourodetolo\/2014\/09\/orun-aye-a-politica-do-medo\/","title":{"rendered":"A pol\u00edtica do medo"},"content":{"rendered":"<p style=\"text-align: justify;\">E pau na Marina Silva&#8230;<\/p>\n<p style=\"text-align: justify;\">Ela estava quietinha, na dela, como candidata a vice presidente do Eduardo Campos em uma elei\u00e7\u00e3o at\u00e9 ent\u00e3o modorrenta e que levava a reelei\u00e7\u00e3o da presidente Dilma, quando a queda de um avi\u00e3o mudou tudo. Eduardo Campos morreu, Marina Silva virou candidata a presidente e tudo virou de pernas para o ar.<\/p>\n<p style=\"text-align: justify;\">A reelei\u00e7\u00e3o garantida ficou seriamente comprometida. Eu previ algumas semanas atr\u00e1s que a queda do avi\u00e3o acabaria com duas candidaturas a presidente. Do pr\u00f3prio Eduardo e do A\u00e9cio, j\u00e1 que o eleitor da Dilma votaria nela de qualquer forma, mas o contr\u00e1rio a ela queria tir\u00e1-la do poder a qualquer pre\u00e7o n\u00e3o importando o candidato e iria ao que teria mais chances.<\/p>\n<p style=\"text-align: justify;\"><a href=\"http:\/\/www.pedromigao.com.br\/ourodetolo\/2014\/09\/orun-aye-a-politica-do-medo\/aecio-estadao\/\" rel=\"attachment wp-att-29179\"><img loading=\"lazy\" decoding=\"async\" class=\"alignleft size-medium wp-image-29179\" src=\"http:\/\/www.pedromigao.com.br\/ourodetolo\/wp-content\/uploads\/2014\/09\/a\u00e9cio-estadao-300x156.jpg\" alt=\"a\u00e9cio-estadao\" width=\"300\" height=\"156\" srcset=\"http:\/\/www.pedromigao.com.br\/ourodetolo\/wp-content\/uploads\/2014\/09\/a\u00e9cio-estadao-300x156.jpg 300w, http:\/\/www.pedromigao.com.br\/ourodetolo\/wp-content\/uploads\/2014\/09\/a\u00e9cio-estadao.jpg 470w\" sizes=\"auto, (max-width: 300px) 100vw, 300px\" \/><\/a>Acertei em partes. Realmente a candidatura do A\u00e9cio pelo visto virou, sem trocadilhos, p\u00f3, mas n\u00e3o esperava que a presidenta Dilma pudesse ser a terceira v\u00edtima da queda do avi\u00e3o. Calculei errado. Marina n\u00e3o pegou apenas os que querem a Dilma fora a qualquer custo, pegou os vi\u00favos das manifesta\u00e7\u00f5es do ano passado e aqueles que est\u00e3o satisfeitos com a pol\u00edtica do PT, mas n\u00e3o querem mais o PT.<\/p>\n<p style=\"text-align: justify;\">O PT, na minha vis\u00e3o, n\u00e3o fez um governo ruim nesses doze anos. Estabilizou a economia (mesmo com recente crise), fez programas sociais e fez com que o pobre tivesse mais poder de compra. Mas o PT se desgastou. Den\u00fancias de corrup\u00e7\u00e3o, alian\u00e7as escusas e o longo tempo j\u00e1 de poder desgastaram o partido, fazendo com que Marina pegasse o eleitor da Dilma que \u00e9 seu eleitor por falta de op\u00e7\u00f5es.<\/p>\n<p style=\"text-align: justify;\">Rapidamente Marina atropelou A\u00e9cio e encostou em Dilma nas pesquisas de primeiro turno, virando favorita no segundo. Virou a \u201ccandidata do novo\u201d, a \u201ccandidata contra tudo isso que est\u00e1 a\u00ed\u201d mesmo que as pessoas n\u00e3o saibam dizer o que \u00e9 isso tudo que est\u00e1 a\u00ed.<\/p>\n<p style=\"text-align: justify;\">Isso tudo mostrou uma situa\u00e7\u00e3o. N\u00e3o apenas eu n\u00e3o esperava que isso ocorresse como PT e PSDB tamb\u00e9m n\u00e3o. As alian\u00e7as est\u00e3o desesperadas e batem cabe\u00e7a como formigas quando tem seu formigueiro atacado.<\/p>\n<p style=\"text-align: justify;\">Marina Silva virou aquilo que na \u00faltima quinta feira brinquei dizendo que ela &#8220;\u00e9 a Unidos da Tijuca da pol\u00edtica&#8221;. Todo mundo gostava dela, achava simp\u00e1tica, reconhecia sua hist\u00f3ria de luta e vida enquanto n\u00e3o incomodava. Agora que tem chance real de vencer e se tornou \u201cgrande\u201d \u00e9 odiada. Nunca vi um candidato que n\u00e3o \u00e9 do governo ser t\u00e3o massacrado quanto vem sendo Marina.<\/p>\n<p style=\"text-align: justify;\"><a href=\"http:\/\/www.pedromigao.com.br\/ourodetolo\/2014\/09\/orun-aye-a-politica-do-medo\/vejacollor061289-746403\/\" rel=\"attachment wp-att-29180\"><img loading=\"lazy\" decoding=\"async\" class=\"alignright size-medium wp-image-29180\" src=\"http:\/\/www.pedromigao.com.br\/ourodetolo\/wp-content\/uploads\/2014\/09\/vejacollor061289-746403-232x300.jpg\" alt=\"vejacollor061289-746403\" width=\"232\" height=\"300\" srcset=\"http:\/\/www.pedromigao.com.br\/ourodetolo\/wp-content\/uploads\/2014\/09\/vejacollor061289-746403-232x300.jpg 232w, http:\/\/www.pedromigao.com.br\/ourodetolo\/wp-content\/uploads\/2014\/09\/vejacollor061289-746403-263x340.jpg 263w, http:\/\/www.pedromigao.com.br\/ourodetolo\/wp-content\/uploads\/2014\/09\/vejacollor061289-746403.jpg 380w\" sizes=\"auto, (max-width: 232px) 100vw, 232px\" \/><\/a>\u00c9 de se esperar porque tomou a dianteira da situa\u00e7\u00e3o, mas incomoda at\u00e9 mesmo a mim que sou eleitor confesso da Dilma. Porque junto aos ataques do PT, PSDB e at\u00e9 de partidos nanicos como PSOL e PSTU vem uma pr\u00e1tica que eu j\u00e1 achava abolida desde 2002. O terrorismo eleitoral. A pol\u00edtica do medo.<\/p>\n<p style=\"text-align: justify;\">Eu j\u00e1 vi gente falando que a Marina vai acabar com o pr\u00e9 sal, vender a Petrobras, praticar persegui\u00e7\u00e3o religiosa, ser\u00e1 comandada por banqueiros, ser\u00e1 engolida pelo Congresso por n\u00e3o ter maioria, n\u00e3o vai chegar ao final do governo e vi ser comparada a J\u00e2nio Quadros e Fernando Collor de Mello.<\/p>\n<p style=\"text-align: justify;\">Essas s\u00e3o as acusa\u00e7\u00f5es mais &#8220;legais\u201d. Isso quando n\u00e3o partem pro lado pessoal e debocham de seu f\u00edsico e aspecto, em show de preconceito contra uma mulher sofrida que Deus sabe como conseguiu chegar no patamar de grandeza que tem hoje. Repito. N\u00e3o sou eleitor dela, nem cogito votar em Marina Silva, mas isso tudo me incomoda demais e agora explico porque.<\/p>\n<p style=\"text-align: justify;\">Porque o terrorismo e o deboche com particularidades do candidato eu j\u00e1 vi antes. Vi ocorrer com o Lula em 1989 e 2002.<\/p>\n<p style=\"text-align: justify;\">Assim como debocham da beleza ou falta da mesma de Marina, como se isso fosse importante para governar um pa\u00eds, debochavam da falta de estudo e portugu\u00eas ruim de Lula. Assim como a acusam de falta de experi\u00eancia (sendo que a mulher foi senadora e ministra) falavam o mesmo de Lula.<\/p>\n<p style=\"text-align: justify;\">Falavam que ele n\u00e3o conseguiria governar, n\u00e3o teria maioria, falavam que faria confisco da poupan\u00e7a (quem fez foi o Collor), falavam que seria um governo comunista com o mesmo pavor que falam hoje em governo evang\u00e9lico. M\u00e1rio Amato chegou a dizer que os empres\u00e1rios iriam embora do pa\u00eds em uma vit\u00f3ria de Lula.<\/p>\n<p style=\"text-align: justify;\"><img loading=\"lazy\" decoding=\"async\" class=\"alignleft size-medium wp-image-29177\" src=\"http:\/\/www.pedromigao.com.br\/ourodetolo\/wp-content\/uploads\/2014\/09\/Lula-Adesivo-I-300x182.jpg\" alt=\"Lula Adesivo I\" width=\"300\" height=\"182\" srcset=\"http:\/\/www.pedromigao.com.br\/ourodetolo\/wp-content\/uploads\/2014\/09\/Lula-Adesivo-I-300x182.jpg 300w, http:\/\/www.pedromigao.com.br\/ourodetolo\/wp-content\/uploads\/2014\/09\/Lula-Adesivo-I-550x333.jpg 550w, http:\/\/www.pedromigao.com.br\/ourodetolo\/wp-content\/uploads\/2014\/09\/Lula-Adesivo-I.jpg 613w\" sizes=\"auto, (max-width: 300px) 100vw, 300px\" \/>Acusam Marina de mudar de opini\u00e3o, como acusaram Lula em 2002 inclusive lhe apelidando de \u201cLulinha paz e amor\u201d, falam em medo de Marina hoje quando em 2002 Regina Duarte foi \u00e0 tv falar o mesmo de Lula. Com Lula chegaram a ponto de botar uma camisa do PT em sequestrador no dia da elei\u00e7\u00e3o, advers\u00e1rio colocar ex namorada sua em hor\u00e1rio eleitoral lhe acusando de insistir em aborto e lhe \u201cacusaram\u201d pasmem, de ter um som &#8220;tr\u00eas em um&#8221;.<\/p>\n<p style=\"text-align: justify;\">Como acusam hoje Marina de cobrar por palestras.<\/p>\n<p style=\"text-align: justify;\">N\u00e3o quero que Marina ven\u00e7a, sua candidatura n\u00e3o me atrai e por v\u00e1rios motivos n\u00e3o voto nela e voto em Dilma, mas assim como eu me incomodo e mantenho meu voto outros podem se incomodar e resolver votar em Marina. O povo brasileiro n\u00e3o gosta desse tipo de pol\u00edtica, n\u00e3o gosta de ver algu\u00e9m massacrado e sempre quando tem que escolher escolhe o lado mais fraco, portanto, n\u00e3o sei se essa \u00e9 a melhor t\u00e1tica.<\/p>\n<p style=\"text-align: justify;\">Incomoda ver o PT usar a t\u00e1tica suja que foi usado anos contra ele. Do PSDB se espera isso, j\u00e1 que \u00e9 um ex partido em atividade e ter\u00e1 que se reinventar depois do pau que deve tomar nas urnas. Mas do PT n\u00e3o se espera esse tipo de terrorismo. N\u00e3o do PT que passei a gostar e pelo que vejo nas ruas, na internet, em blogs e listas de discuss\u00e3o os maiores ataques terroristas vem de petistas.<\/p>\n<p style=\"text-align: justify;\">Vai ver porque o PT hoje n\u00e3o \u00e9 mais PT e a Marina talvez seja mais PT que o pr\u00f3prio PT.<\/p>\n<p style=\"text-align: justify;\">Mantenho minha posi\u00e7\u00e3o de que Dilma deve vencer a elei\u00e7\u00e3o e muito da popularidade de Marina \u00e9 uma bolha que n\u00e3o deve se sustentar at\u00e9 o fim do segundo turno. Mas que \u00e9 pat\u00e9tico e engra\u00e7ado ver PT e PSDB se unindo para em uma s\u00f3 voz atacar algu\u00e9m \u00e9.<\/p>\n<p style=\"text-align: justify;\">Essa elei\u00e7\u00e3o ainda nos reserva muita coisa.<\/p>\n<p style=\"text-align: justify;\">Preparem o refri e a pipoca.<\/p>\n","protected":false},"excerpt":{"rendered":"<p>E pau na Marina Silva&#8230; Ela estava quietinha, na dela, como candidata a vice presidente do Eduardo Campos em uma elei\u00e7\u00e3o at\u00e9 ent\u00e3o modorrenta eTour Details<\/p>\n","protected":false},"author":8,"featured_media":0,"comment_status":"open","ping_status":"open","sticky":false,"template":"","format":"standard","meta":{"footnotes":""},"categories":[8],"tags":[655,149,698,357,654,24,79,426],"class_list":["post-29150","post","type-post","status-publish","format-standard","hentry","category-orun-aye","tag-aecio-neves","tag-dilma-roussef","tag-eleicoes","tag-eleicoes-2014","tag-marina-silva","tag-politica","tag-psdb","tag-pt"],"_links":{"self":[{"href":"http:\/\/www.pedromigao.com.br\/ourodetolo\/wp-json\/wp\/v2\/posts\/29150","targetHints":{"allow":["GET"]}}],"collection":[{"href":"http:\/\/www.pedromigao.com.br\/ourodetolo\/wp-json\/wp\/v2\/posts"}],"about":[{"href":"http:\/\/www.pedromigao.com.br\/ourodetolo\/wp-json\/wp\/v2\/types\/post"}],"author":[{"embeddable":true,"href":"http:\/\/www.pedromigao.com.br\/ourodetolo\/wp-json\/wp\/v2\/users\/8"}],"replies":[{"embeddable":true,"href":"http:\/\/www.pedromigao.com.br\/ourodetolo\/wp-json\/wp\/v2\/comments?post=29150"}],"version-history":[{"count":1,"href":"http:\/\/www.pedromigao.com.br\/ourodetolo\/wp-json\/wp\/v2\/posts\/29150\/revisions"}],"predecessor-version":[{"id":29152,"href":"http:\/\/www.pedromigao.com.br\/ourodetolo\/wp-json\/wp\/v2\/posts\/29150\/revisions\/29152"}],"wp:attachment":[{"href":"http:\/\/www.pedromigao.com.br\/ourodetolo\/wp-json\/wp\/v2\/media?parent=29150"}],"wp:term":[{"taxonomy":"category","embeddable":true,"href":"http:\/\/www.pedromigao.com.br\/ourodetolo\/wp-json\/wp\/v2\/categories?post=29150"},{"taxonomy":"post_tag","embeddable":true,"href":"http:\/\/www.pedromigao.com.br\/ourodetolo\/wp-json\/wp\/v2\/tags?post=29150"}],"curies":[{"name":"wp","href":"https:\/\/api.w.org\/{rel}","templated":true}]}}