{"id":29093,"date":"2014-09-03T13:52:54","date_gmt":"2014-09-03T16:52:54","guid":{"rendered":"http:\/\/www.pedromigao.com.br\/ourodetolo\/?p=29093"},"modified":"2014-09-03T14:11:17","modified_gmt":"2014-09-03T17:11:17","slug":"nas-sombras-e-nas-entrelinhas","status":"publish","type":"post","link":"http:\/\/www.pedromigao.com.br\/ourodetolo\/2014\/09\/nas-sombras-e-nas-entrelinhas\/","title":{"rendered":"Nas sombras e nas entrelinhas"},"content":{"rendered":"<p style=\"text-align: justify;\">Li, atentamente, uma longa entrevista de uma economista brasileira radicada em Washington, Monica Baumgarten De Bolle, publicada no Brasil Econ\u00f4mico, a respeito do cen\u00e1rio pol\u00edtico e econ\u00f4mico a partir do ano que vem, j\u00e1 prevendo uma derrota de Dilma.<\/p>\n<p style=\"text-align: justify;\">Ela \u00e9 diretora da Casa das Gar\u00e7as, &#8216;<em>think tank&#8217;<\/em> neoliberal que atua como lobby organizado do mercado financeiro e tem entre seus associados: Arm\u00ednio Fraga, Andr\u00e9 Lara Rezende, Gustavo Franco, Edmar Bacha, P\u00e9rsio Arida, Ilan Goldfajn, Jo\u00e3o Roberto Marinho, Pedro Moreira Salles, Gilberto Say\u00e3o, Vivi Nabuco&#8230;Tamb\u00e9m tem seus escritos divulgados pelo Instituto Millenium, entidade que segue a mesma linha de \u201cdireita moderna\u201d e \u00e9 bancado por corpora\u00e7\u00f5es, como as Organiza\u00e7\u00f5es Globo, Editora Abril, Merryl Linch, e outros.<\/p>\n<p style=\"text-align: justify;\">Bom, o artigo est\u00e1 aqui:<\/p>\n<p style=\"text-align: justify;\"><span style=\"color: #ff6600;\"><a href=\"http:\/\/brasileconomico.ig.com.br\/brasil\/economia\/2014-09-01\/a-proxima-equipe-tera-que-reconstruir-o-bc.html\" target=\"_blank\"><span style=\"color: #ff6600;\">http:\/\/brasileconomico.ig.com.br\/brasil\/economia\/2014-09-01\/a-proxima-equipe-tera-que-reconstruir-o-bc.html<\/span><\/a><\/span><\/p>\n<p style=\"text-align: justify;\">A Dra. M\u00f4nica, que \u00e9 especialista em crises formada pela London School of Economics, teve a dignidade de reconhecer que o Brasil n\u00e3o est\u00e1 em crise. Ufa, que al\u00edvio.<\/p>\n<p style=\"text-align: justify;\"><a href=\"http:\/\/www.pedromigao.com.br\/ourodetolo\/2014\/09\/nas-sombras-e-nas-entrelinhas\/concurso-gari-rio\/\" rel=\"attachment wp-att-29094\"><img loading=\"lazy\" decoding=\"async\" class=\"alignleft size-medium wp-image-29094\" src=\"http:\/\/www.pedromigao.com.br\/ourodetolo\/wp-content\/uploads\/2014\/09\/concurso-gari-rio-300x168.jpg\" alt=\"concurso-gari-rio\" width=\"300\" height=\"168\" srcset=\"http:\/\/www.pedromigao.com.br\/ourodetolo\/wp-content\/uploads\/2014\/09\/concurso-gari-rio-300x168.jpg 300w, http:\/\/www.pedromigao.com.br\/ourodetolo\/wp-content\/uploads\/2014\/09\/concurso-gari-rio-550x309.jpg 550w, http:\/\/www.pedromigao.com.br\/ourodetolo\/wp-content\/uploads\/2014\/09\/concurso-gari-rio.jpg 640w\" sizes=\"auto, (max-width: 300px) 100vw, 300px\" \/><\/a>Mas, apesar disso, ela desancou a falar mal de tudo o que acontece por aqui. Eu sou bem menos inteligente e preparado do que ela, mas ainda assim fiquei com vontade de fazer umas perguntinhas e coment\u00e1rios para a Dra. M\u00f4nica. Ela n\u00e3o vai me responder, n\u00e3o vai ler e nem vai me dar aten\u00e7\u00e3o \u2013 ela nunca vai saber que eu existo.<\/p>\n<p style=\"text-align: justify;\">Mas pode ser que os leitores aqui do Ouro de Tolo, acostumados a textos mais simpl\u00f3rios e vindos de gente que estudou no Maracan\u00e3 ao inv\u00e9s de Londres, compartilhem das mesmas afli\u00e7\u00f5es e temores que eu. Vamos a eles:<\/p>\n<p style=\"text-align: justify;\"><strong>1) Juro que eu n\u00e3o sabia que at\u00e9 2011 o cen\u00e1rio internacional era favor\u00e1vel<\/strong>. O que eu ouvia dizer, naquela \u00e9poca, era que o mundo enfrentava a pior crise econ\u00f4mica desde 2009, que o Euro ia se fragmentar, que os EUA iram dar o calote na d\u00edvida p\u00fablica. O Lula teve a aud\u00e1cia de dizer que a crise mundial seria uma marolinha no Brasil e foi execrado pelos seus detratores. Agora, que tudo acalmou um pouco, a Dra. M\u00f4nica diz que aquele cen\u00e1rio ca\u00f3tico era &#8220;favor\u00e1vel&#8221;. Uma pena que na \u00e9poca eu n\u00e3o me lembro de algu\u00e9m ter sido t\u00e3o contundente como ela. Talvez ajudasse a revers\u00e3o das expectativas&#8230;<\/p>\n<p style=\"text-align: justify;\"><strong>2) Acho curioso que os verdadeiros planos para o Brasil em 2015 passem totalmente ao largo da campanha eleitoral e das escolhas que a popula\u00e7\u00e3o precisa fazer<\/strong>. O debate real acontece \u00e0s sombras, nas entrelinhas e nessas entrevistas, de economistas. Sinceramente, eu desprezei o impacto pol\u00edtico de baixar o custo da energia para o consumidor final e consequentemente afetar as margens de lucro das concession\u00e1rias de servi\u00e7o p\u00fablico. Essa passou a ser a quest\u00e3o mais importante do pa\u00eds, o chamado &#8220;tarifa\u00e7o&#8221;.<\/p>\n<p style=\"text-align: justify;\">O erro maior que se atribui \u00e0 Dilma no campo econ\u00f4mico foi esse: ter impedido que os reajustes desses pre\u00e7os impactassem a infla\u00e7\u00e3o. N\u00e3o tenho condi\u00e7\u00f5es de dizer se isso foi um desastre t\u00e3o grande, mas isso importa menos&#8230; O que eu realmente gostaria era que A\u00e9cio e Marina dissessem, com todas as letras e de forma clara, que na vis\u00e3o deles nosso maior problema \u00e9 que algumas coisas, como a conta de luz e a gasolina do carro, est\u00e3o baratas demais e precisam ficar mais caras, para que as empresas que fornecem esses itens lucrem mais, j\u00e1 que esse lucro delas \u00e9 t\u00e3o importante para a din\u00e2mica da economia&#8230; Se eles acreditam nisso com tamanha f\u00e9, qual o problema de dizer para o eleitor?<\/p>\n<p style=\"text-align: justify;\"><strong><a href=\"http:\/\/www.pedromigao.com.br\/ourodetolo\/2014\/09\/nas-sombras-e-nas-entrelinhas\/attachment\/257149\/\" rel=\"attachment wp-att-29099\"><img loading=\"lazy\" decoding=\"async\" class=\"alignleft wp-image-29099 size-medium\" src=\"http:\/\/www.pedromigao.com.br\/ourodetolo\/wp-content\/uploads\/2014\/09\/257149-300x225.jpg\" alt=\"257149\" width=\"300\" height=\"225\" srcset=\"http:\/\/www.pedromigao.com.br\/ourodetolo\/wp-content\/uploads\/2014\/09\/257149-300x225.jpg 300w, http:\/\/www.pedromigao.com.br\/ourodetolo\/wp-content\/uploads\/2014\/09\/257149-453x340.jpg 453w, http:\/\/www.pedromigao.com.br\/ourodetolo\/wp-content\/uploads\/2014\/09\/257149.jpg 500w\" sizes=\"auto, (max-width: 300px) 100vw, 300px\" \/><\/a>3) O que \u00e9 o &#8220;Bolsa Tudo&#8221;?<\/strong> N\u00e3o sei. Mas a Dra. M\u00f4nica acha que o &#8220;Bolsa Tudo&#8221; de alguma forma contribui para reduzir a taxa de desemprego. Ela acha que a taxa de desemprego est\u00e1 muito baixa, portanto precisamos ter mais gente desempregada. Claro, o emprego dela, l\u00e1 em Washington, est\u00e1 garantido. Como n\u00e3o \u00e9 ela que vai ficar desempregada, n\u00e3o tem problema nenhum defender que alguns brasileiros fiquem desempregados por aqui.<\/p>\n<p style=\"text-align: justify;\"><strong>4) A Dra. M\u00f4nica \u00e9 contra as desonera\u00e7\u00f5es tribut\u00e1rias<\/strong>. O Brasil \u00e9 um pa\u00eds curioso: todo mundo diz que a carga tribut\u00e1ria \u00e9 alta, mas se o governo empreende uma medida para reduzir tributos de alguns setores (os eletrodom\u00e9sticos da linha branca est\u00e3o h\u00e1 5 anos seguidos com impostos mais baratos), logo aparece gente para criticar a redu\u00e7\u00e3o.<\/p>\n<p style=\"text-align: justify;\">E ela acha um absurdo estimular a compra de ve\u00edculos porque as cidades est\u00e3o muito cheias de carro &#8211; \u00e9 como se dissesse, voc\u00ea a\u00ed que n\u00e3o tem carro, n\u00e3o compre um para n\u00e3o atrapalhar a vida de quem j\u00e1 tem, por favor continue de \u00f4nibus para n\u00e3o ser mais um no engarrafamento.<\/p>\n<p style=\"text-align: justify;\"><strong>5) Ela tamb\u00e9m deixou claro que a infla\u00e7\u00e3o vai subir em 2015 e que o crescimento vai ser ainda pior que esse ano<\/strong>. E que acha tudo isso indispens\u00e1vel para colocar o Brasil no lugar. Est\u00e1 convencida de que a futura equipe econ\u00f4mica n\u00e3o vai ter dificuldades para obter da popula\u00e7\u00e3o o apoio para o que chama de <em>&#8220;medidas dolorosas inevit\u00e1veis&#8221;.<\/em><\/p>\n<p style=\"text-align: justify;\"><strong>6) Tudo isso para que?<\/strong> Para readequar o pa\u00eds ao regime de metas inflacion\u00e1rias. A coisa mais importante do mundo \u00e9 trazer a infla\u00e7\u00e3o para o centro da meta. Eu ent\u00e3o resolvi dar uma conferida como era o pa\u00eds nos tempos em que os amigos da Dra. M\u00f4nica comandavam a economia, um deles (Arm\u00ednio Fraga) candidato a retornar. Podem ver:<\/p>\n<address>1999 = (Infla\u00e7\u00e3o: 8,94%) (Meta: 8,0%) (Teto da Meta:10,0%) (FHC)<\/address>\n<address>2000 = (Infla\u00e7\u00e3o: 5,97%) (Meta: 6,0%) (Teto da Meta: 8,0%) (FHC)<\/address>\n<address>2001 = (Infla\u00e7\u00e3o: 7,67%) (Meta: 4,0%) (Teto da Meta: 6,0%) (FHC)<\/address>\n<address>2002 = (Infla\u00e7\u00e3o:12,53%) (Meta: 3,5%) (Teto da Meta: 5,5%) (FHC)<\/address>\n<p style=\"text-align: justify;\"><img loading=\"lazy\" decoding=\"async\" class=\"alignright size-medium wp-image-29095\" src=\"http:\/\/www.pedromigao.com.br\/ourodetolo\/wp-content\/uploads\/2014\/09\/garis-tv-20091007-300x122.jpg\" alt=\"garis-tv-20091007\" width=\"300\" height=\"122\" srcset=\"http:\/\/www.pedromigao.com.br\/ourodetolo\/wp-content\/uploads\/2014\/09\/garis-tv-20091007-300x122.jpg 300w, http:\/\/www.pedromigao.com.br\/ourodetolo\/wp-content\/uploads\/2014\/09\/garis-tv-20091007.jpg 460w\" sizes=\"auto, (max-width: 300px) 100vw, 300px\" \/><\/p>\n<p style=\"text-align: justify;\">Para n\u00e3o dizer que n\u00e3o falei de flores, tem uma coisa muito bacana na postura da Dra. M\u00f4nica e n\u00e3o estou sendo ir\u00f4nico: ela \u00e9 aut\u00eantica e verdadeira, diz com todas as letras o que seus amigos v\u00e3o fazer logo que retornarem ao governo, o que parece cada dia mais certo. Gosto de gente assim, que fala o que pensa sem muitos filtros.<\/p>\n<p style=\"text-align: justify;\">E a promessa \u00e9 s\u00e9ria: fim das desonera\u00e7\u00f5es tribut\u00e1rias, reajustes dos pre\u00e7os controlados (energia, gasolina, telefonia, etc), mais infla\u00e7\u00e3o, mais desemprego, menos crescimento. Esse \u00e9 o conjunto de medidas proposto pela Dra. M\u00f4nica e pela oposi\u00e7\u00e3o conservadora para o ano que vem. Que ningu\u00e9m venha reclamar depois, porque est\u00e1 tudo ai, para quem quiser ver.<\/p>\n<p style=\"text-align: justify;\">Brasileiros, sigam felizes com suas escolhas e que Papai do C\u00e9u nos proteja. A previs\u00e3o \u00e9 de chuvas, trovoadas e temporais. Vou ali comprar uma galocha e um Multigrip para n\u00e3o ser pego de surpresa.<\/p>\n","protected":false},"excerpt":{"rendered":"<p>Li, atentamente, uma longa entrevista de uma economista brasileira radicada em Washington, Monica Baumgarten De Bolle, publicada no Brasil Econ\u00f4mico, a respeito do cen\u00e1rio pol\u00edticoTour Details<\/p>\n","protected":false},"author":10,"featured_media":0,"comment_status":"open","ping_status":"open","sticky":false,"template":"","format":"standard","meta":{"footnotes":""},"categories":[38],"tags":[58,357,24],"class_list":["post-29093","post","type-post","status-publish","format-standard","hentry","category-bissexta","tag-economia","tag-eleicoes-2014","tag-politica"],"_links":{"self":[{"href":"http:\/\/www.pedromigao.com.br\/ourodetolo\/wp-json\/wp\/v2\/posts\/29093","targetHints":{"allow":["GET"]}}],"collection":[{"href":"http:\/\/www.pedromigao.com.br\/ourodetolo\/wp-json\/wp\/v2\/posts"}],"about":[{"href":"http:\/\/www.pedromigao.com.br\/ourodetolo\/wp-json\/wp\/v2\/types\/post"}],"author":[{"embeddable":true,"href":"http:\/\/www.pedromigao.com.br\/ourodetolo\/wp-json\/wp\/v2\/users\/10"}],"replies":[{"embeddable":true,"href":"http:\/\/www.pedromigao.com.br\/ourodetolo\/wp-json\/wp\/v2\/comments?post=29093"}],"version-history":[{"count":0,"href":"http:\/\/www.pedromigao.com.br\/ourodetolo\/wp-json\/wp\/v2\/posts\/29093\/revisions"}],"wp:attachment":[{"href":"http:\/\/www.pedromigao.com.br\/ourodetolo\/wp-json\/wp\/v2\/media?parent=29093"}],"wp:term":[{"taxonomy":"category","embeddable":true,"href":"http:\/\/www.pedromigao.com.br\/ourodetolo\/wp-json\/wp\/v2\/categories?post=29093"},{"taxonomy":"post_tag","embeddable":true,"href":"http:\/\/www.pedromigao.com.br\/ourodetolo\/wp-json\/wp\/v2\/tags?post=29093"}],"curies":[{"name":"wp","href":"https:\/\/api.w.org\/{rel}","templated":true}]}}