{"id":29066,"date":"2014-09-03T11:44:46","date_gmt":"2014-09-03T14:44:46","guid":{"rendered":"http:\/\/www.pedromigao.com.br\/ourodetolo\/?p=29066"},"modified":"2014-09-02T08:51:52","modified_gmt":"2014-09-02T11:51:52","slug":"o-fenomeno-marina-silva","status":"publish","type":"post","link":"http:\/\/www.pedromigao.com.br\/ourodetolo\/2014\/09\/o-fenomeno-marina-silva\/","title":{"rendered":"O fen\u00f4meno Marina Silva"},"content":{"rendered":"<p style=\"text-align: justify;\">E aquela que parecia a mais previs\u00edvel de todas as Elei\u00e7\u00f5es, acabou se tornando, de uma hora para outra, a mais surpreendente desde a loucura que foi o primeiro pleito para a escolha de um Presidente ap\u00f3s a redemocratiza\u00e7\u00e3o, em 1989. Desde que caiu o avi\u00e3o que vitimou o candidato do PSB \u00e0 Presid\u00eancia, Eduardo Campos, a praticamente reeleita Dilma viu o seu favoritismo desmoronar; o tucano A\u00e9cio Neves, ent\u00e3o preocupado em reverter um quadro praticamente irrevers\u00edvel, agora se v\u00ea sem quase nenhuma chance de ir ao segundo turno.<\/p>\n<p style=\"text-align: justify;\">Tudo isso por conta de um fen\u00f4meno: o fen\u00f4meno Marina Silva.<\/p>\n<p style=\"text-align: justify;\">Maria Osmarina Marina Silva Vaz de Lima, menos de quatro anos depois de atingir expressivos 19,7% dos votos v\u00e1lidos no primeiro turno das \u00faltimas Elei\u00e7\u00f5es, se viu em meio \u00e0 enorme frustra\u00e7\u00e3o de n\u00e3o conseguir fundar sua nova legenda, a Rede Sustentabilidade, e teve que se contentar em ser vice na chapa de Eduardo Campos, j\u00e1 como filiada ao PSB. A partir da morte do candidato, apesar da resist\u00eancia de uma ala expressiva do partido, foi sua substituta. E, nesse momento, carrega o favoritismo, ainda que apenas analisando friamente os n\u00fameros.<\/p>\n<p style=\"text-align: justify;\">Tem quem ache que Marina Silva j\u00e1 est\u00e1 eleita, tem quem ache que ela sequer ir\u00e1 para o segundo turno, tem quem ache que tudo pode acontecer \u2013 inclusive nada. Tem quem ache que ela \u00e9 a salva\u00e7\u00e3o para o Brasil, tem quem ache que ela n\u00e3o concluir\u00e1 seu mandato, tem quem ache que tudo pode acontecer \u2013 inclusive nada. Mesmo ap\u00f3s errar todos os palpites poss\u00edveis desde a morte do ex-Governador de Pernambuco, dou aqui a minha opini\u00e3o sobre este quiproqu\u00f3 todo que virou a escolha do nosso Presidente e tamb\u00e9m o que penso que acontecer\u00e1 de agora em diante.<\/p>\n<p style=\"text-align: justify;\"><a href=\"http:\/\/www.pedromigao.com.br\/ourodetolo\/2014\/09\/o-fenomeno-marina-silva\/aviao-marina_tv\/\" rel=\"attachment wp-att-29073\"><img loading=\"lazy\" decoding=\"async\" class=\"alignleft size-medium wp-image-29073\" src=\"http:\/\/www.pedromigao.com.br\/ourodetolo\/wp-content\/uploads\/2014\/09\/aviao-marina_tv-300x131.jpg\" alt=\"aviao-marina_tv\" width=\"300\" height=\"131\" srcset=\"http:\/\/www.pedromigao.com.br\/ourodetolo\/wp-content\/uploads\/2014\/09\/aviao-marina_tv-300x131.jpg 300w, http:\/\/www.pedromigao.com.br\/ourodetolo\/wp-content\/uploads\/2014\/09\/aviao-marina_tv-550x241.jpg 550w, http:\/\/www.pedromigao.com.br\/ourodetolo\/wp-content\/uploads\/2014\/09\/aviao-marina_tv.jpg 681w\" sizes=\"auto, (max-width: 300px) 100vw, 300px\" \/><\/a>A ascens\u00e3o de Marina Silva \u00e9 algo assustador. Se Eduardo Campos patinava entre os 7% e os 9%, ela, antes mesmo de assumir a candidatura, tr\u00eas dias depois da morte do companheiro, apareceu com 21% no levantamento do Datafolha. Menos de duas semanas depois, j\u00e1 era mencionada por 34% dos entrevistados pelo instituto. No meio do caminho, recebeu o voto de 29% dos eleitores ouvidos pelo Ibope. Ela j\u00e1 tem a mesma porcentagem de Dilma e est\u00e1 19 pontos a frente de A\u00e9cio e, em uma simula\u00e7\u00e3o de segundo turno, j\u00e1 se coloca 10% \u00e0 frente da atual Presidente. No c\u00e1lculo que fiz dos votos v\u00e1lidos no primeiro turno, a candidata do PT e a do PSB t\u00eam 39,55% dos votos, enquanto A\u00e9cio aparece com 17,44%. Um cen\u00e1rio quase irrevers\u00edvel para o tucano e preocupante para a petista.<\/p>\n<p style=\"text-align: justify;\">\u00c9 muito prematuro dizer qual a influ\u00eancia que os fatores determinantes para os votos de Marina exercem, separados, nesse percentual gigantesco. E \u00e9 essa influ\u00eancia que vai definir por quanto tempo Marina conseguir\u00e1 segurar, ou mesmo aumentar, esse n\u00famero expressivo de eleitores. Os fatores em quest\u00e3o s\u00e3o: busca por uma terceira via, encantamento pelas propostas de \u201cnova pol\u00edtica\u201d da candidata, simpatia natural pela pol\u00edtica Marina Silva, como\u00e7\u00e3o pela morte de Eduardo Campos e euforia pelo crescimento da candidata nas pesquisas.<\/p>\n<p style=\"text-align: justify;\">O primeiro \u00e9 o grande trunfo de Marina. Ela, que abandonou o PT &#8211; e o fato de ter abandonado, ao contr\u00e1rio do que alguns militantes virtuais do PSDB querem acreditar, \u00e9 um ponto positivo para sua estrat\u00e9gia -, de fato \u00e9 uma terceira via, uma nova alternativa. N\u00e3o que isso seja necessariamente bom, mas \u00e9 verdade. Marina n\u00e3o \u00e9 de nenhum dos dois partidos que governam o pa\u00eds h\u00e1 quase 20 anos e que j\u00e1 esgotaram a paci\u00eancia da popula\u00e7\u00e3o. Esse eleitorado, Marina dificilmente perder\u00e1. Portanto, se a influ\u00eancia for grande, ela tem meio caminho andado para vencer. Principalmente porque ainda h\u00e1 os eleitores que defendem uma das duas primeiras vias ferrenhamente e, consequentemente, fazem de tudo para n\u00e3o ver a via oposta no poder. Em suma: o eleitor da via tucana deve se transferir, em sua maioria, para ela no segundo turno.<\/p>\n<p style=\"text-align: justify;\"><a href=\"http:\/\/www.pedromigao.com.br\/ourodetolo\/2014\/09\/o-fenomeno-marina-silva\/quem-e-silas-malafaia-2\/\" rel=\"attachment wp-att-29069\"><img loading=\"lazy\" decoding=\"async\" class=\"alignright size-medium wp-image-29069\" src=\"http:\/\/www.pedromigao.com.br\/ourodetolo\/wp-content\/uploads\/2014\/09\/quem-e-silas-malafaia-2-300x209.jpg\" alt=\"quem-e-silas-malafaia-2\" width=\"300\" height=\"209\" srcset=\"http:\/\/www.pedromigao.com.br\/ourodetolo\/wp-content\/uploads\/2014\/09\/quem-e-silas-malafaia-2-300x209.jpg 300w, http:\/\/www.pedromigao.com.br\/ourodetolo\/wp-content\/uploads\/2014\/09\/quem-e-silas-malafaia-2-486x340.jpg 486w, http:\/\/www.pedromigao.com.br\/ourodetolo\/wp-content\/uploads\/2014\/09\/quem-e-silas-malafaia-2.jpg 1067w\" sizes=\"auto, (max-width: 300px) 100vw, 300px\" \/><\/a>A quest\u00e3o da nova pol\u00edtica \u00e9 muito delicada. Marina vai tentar, vai insistir, mas n\u00e3o sei por quanto tempo conseguir\u00e1 enganar o eleitor com essa mentira deslavada de que faz algo novo. N\u00e3o faz. Saiu do Partido Verde, tentou criar uma legenda nova para poder se candidatar, n\u00e3o conseguiu e, meses depois de dizer que Eduardo Campos estava \u201cno mesmo diapas\u00e3o\u201d de seus dois principais advers\u00e1rios, se uniu \u00e0 ele. No fim da semana passada, divulgou um Programa de Governo defendendo a legaliza\u00e7\u00e3o do aborto e uma s\u00e9rie de medidas a favor dos direitos da classe LGBT. Achincalhada pelo Pastor Silas Malafaia e por parte dos evang\u00e9licos, falou em \u201cerro na divulga\u00e7\u00e3o do material\u201d e publicou a \u201cvers\u00e3o correta\u201d com a quest\u00e3o do aborto exclu\u00edda e as defesas \u00e0 classe gay expostas de maneira mais rasa. N\u00e3o colou, o Pastor ficou ainda mais bravo e ela ainda desapontou uma parte dos seus eleitores \u2013 gays ou n\u00e3o.<\/p>\n<p style=\"text-align: justify;\">Isso deixa claro que ela n\u00e3o faz uma \u201cnova pol\u00edtica\u201d. Outra evid\u00eancia disso \u00e9 que os pr\u00f3prios apoiadores rebatem cr\u00edticas, como a aceita\u00e7\u00e3o das exig\u00eancias da bancada evang\u00e9lica, comparando a atitude dela com a de Dilma. Mas se ela faz a mesma coisa que a Dilma, onde est\u00e1 o novo? Mais do que isso, essa tentativa furada de agradar gregos e troianos prova tamb\u00e9m que, como pol\u00edtica, Marina deixa muito a desejar. Tem um jeito muito mambembe de se posicionar, uma dificuldade imensa em deixar clara sua posi\u00e7\u00e3o e, quando confrontada, perde a paci\u00eancia com facilidade. Prova disso \u00e9 que, no debate da Bandeirantes, quando n\u00e3o foi atacada por Dilma e A\u00e9cio \u2013 sabe Deus por que motivo, se saiu bem. No dia seguinte, ao tomar uma s\u00e9rie de pancadas de William Bonner na bancada do Jornal Nacional, usou das mesmas t\u00e1ticas de Dilma: gaguejou, fugiu das perguntas, bateu boca e passou vergonha.<\/p>\n<p style=\"text-align: justify;\">No momento, o eleitor ainda usa da boa vontade que tem com a candidata para relevar esse tipo de coisa, mas essa paci\u00eancia dificilmente vai durar at\u00e9 o fim. Esse problema nesse segundo item pode ser o eixo central que arrebentar\u00e1 com o terceiro, a simpatia natural com a candidata. O discurso mambembe de Marina funciona bem no seu um minuto e meio na TV, mas facilmente cai no vazio quando tem de ser ampliado. Em um segundo turno, com 10 minutos para cada um, isso pode ser fatal. O eleitor parece burro, mas n\u00e3o \u00e9. E entender isso \u00e9 fundamental para vencer.<\/p>\n<p style=\"text-align: justify;\">Marina subestima a intelig\u00eancia do eleitor ao tentar faz\u00ea-lo acreditar que a \u00fanica coisa que ele precisa \u00e9 mudar. Sem nenhuma garantia de que vai dar certo. Assim n\u00e3o adianta. Principalmente depois do mandato de Fernando Collor de Mello, o eleitor brasileiro criou uma rela\u00e7\u00e3o esquizofr\u00eanica com a pol\u00edtica: reclama a todo momento que tem que votar nas mesmas figuras e nas mesmas legendas, mas tem um medo enorme da mudan\u00e7a. Portanto, s\u00f3 vai sair da sua zona de conforto \u2013 que lhe traz cada vez mais problemas, \u00e9 verdade \u2013 se estiver 100% certo de que aquilo \u00e9 seguro. E, essa certeza, Marina dificilmente conseguir\u00e1 dar ao brasileiro.<\/p>\n<p style=\"text-align: justify;\"><a href=\"http:\/\/www.pedromigao.com.br\/ourodetolo\/2014\/09\/o-fenomeno-marina-silva\/celso-russomano\/\" rel=\"attachment wp-att-29070\"><img loading=\"lazy\" decoding=\"async\" class=\"alignleft size-medium wp-image-29070\" src=\"http:\/\/www.pedromigao.com.br\/ourodetolo\/wp-content\/uploads\/2014\/09\/celso-russomano-300x217.jpg\" alt=\"celso russomano\" width=\"300\" height=\"217\" srcset=\"http:\/\/www.pedromigao.com.br\/ourodetolo\/wp-content\/uploads\/2014\/09\/celso-russomano-300x217.jpg 300w, http:\/\/www.pedromigao.com.br\/ourodetolo\/wp-content\/uploads\/2014\/09\/celso-russomano.jpg 430w\" sizes=\"auto, (max-width: 300px) 100vw, 300px\" \/><\/a>Um grande exemplo disso s\u00e3o as Elei\u00e7\u00f5es de 2012 em S\u00e3o Paulo. Celso Russomanno (foto), em uma postura muito semelhante com a de Marina Silva, se apresentava como a terceira via, a alternativa ao PT de Haddad e o PSDB de Serra. Disparou, liderou at\u00e9 a semana anterior \u00e0 vota\u00e7\u00e3o. Quando caiu um pouco, se desesperou, falou um monte de bobagem e, entre o dia da \u00faltima pesquisa, na v\u00e9spera, onde aparecia empatado com Serra, e a elei\u00e7\u00e3o, perdeu a confian\u00e7a dos eleitores. Na hora da urna, meu amigo, o camarada pensa 30 vezes antes de votar. Celso acabou fora do segundo turno.<\/p>\n<p style=\"text-align: justify;\">Haddad, por sua vez, n\u00e3o se apresentou como uma terceira via, mas sim como um novo pol\u00edtico \u2013 o que \u00e9 diferente de fazer uma nova pol\u00edtica. Seu discurso demorou a conquistar o eleitor, demorou a conseguir a confian\u00e7a dos paulistanos. Conseguiu e foi eleito mesmo com o PT tendo dois mandatos recentes mal avaliados na Capital. \u00c9 um caminho que Dilma ter\u00e1 que trilhar, mas em situa\u00e7\u00e3o um pouco diferente porque quem est\u00e1 mal vista pelo eleitor n\u00e3o \u00e9 o PT, mas sim a pr\u00f3pria Dilma. O quarto fator, como\u00e7\u00e3o pela morte de Eduardo Campos, ter\u00e1 uma influ\u00eancia cada vez menor, \u00e9 claro. O quinto e \u00faltimo, euforia pelo crescimento dela nas pesquisas, tamb\u00e9m, j\u00e1 que a tend\u00eancia \u00e9 que ela cres\u00e7a menos. E, na possibilidade dela cair, a euforia pode virar decep\u00e7\u00e3o e a\u00ed desmorona tudo de uma vez.<\/p>\n<p style=\"text-align: justify;\">Pessoalmente, acredito que o eleitor, inconscientemente, est\u00e1 dando corda para a Marina se enforcar. Creio que ela est\u00e1 indo com sede demais ao pote e acabar\u00e1, em um momento ou outro, se perdendo. No entanto, n\u00e3o \u00e9 algo que eu posso afirmar com toda a certeza. Ali\u00e1s, ningu\u00e9m pode afirmar coisa alguma porque \u00e9 uma situa\u00e7\u00e3o completamente at\u00edpica e que n\u00e3o nos d\u00e1 margem para buscar refer\u00eancia em alguma outra Elei\u00e7\u00e3o para prever como se comporta o eleitor em um cen\u00e1rio como esse.<\/p>\n<p style=\"text-align: justify;\">Apesar de tudo, acho que uma coisa \u00e9 certa: aconte\u00e7a o que acontecer, PT e PSDB aprenderam da pior maneira poss\u00edvel que \u00e9 preciso mudar. Os dois partidos subestimaram a possibilidade do surgimento de uma terceira for\u00e7a \u2013 pol\u00edtico ou partid\u00e1rio \u2013 e, por isso, se acomodaram, n\u00e3o tentaram renovar o seu quadro de eleitores e muito menos se preocuparam em n\u00e3o perder o eleitorado que j\u00e1 tinham. Era algo que fatalmente traria problemas em 2018, muito provavelmente com o pr\u00f3prio Eduardo Campos, mas que foi antecipado por toda essa situa\u00e7\u00e3o.<\/p>\n<p style=\"text-align: justify;\">Ali\u00e1s, penso que esse crescimento repentino de Marina mostra que o pr\u00f3prio Campos atingiria esse percentual, por\u00e9m mais adiante. Talvez n\u00e3o desse tempo de alcan\u00e7ar os 34% no primeiro turno, mas superar A\u00e9cio, por exemplo, j\u00e1 acho muito poss\u00edvel. A busca por uma terceira via j\u00e1 era algo falado h\u00e1 muito tempo e Campos, se n\u00e3o era conhecido como Marina, tinha tudo o que ela n\u00e3o tem: era \u00f3timo pol\u00edtico, tinha uma fala que conquistava o p\u00fablico e era bem articulado, dialogava bem com as partes interessadas sem se perder.<\/p>\n<p style=\"text-align: justify;\"><a href=\"http:\/\/www.pedromigao.com.br\/ourodetolo\/2014\/09\/o-fenomeno-marina-silva\/beto-albuquerque\/\" rel=\"attachment wp-att-29071\"><img loading=\"lazy\" decoding=\"async\" class=\"alignright size-medium wp-image-29071\" src=\"http:\/\/www.pedromigao.com.br\/ourodetolo\/wp-content\/uploads\/2014\/09\/beto-albuquerque-300x225.jpg\" alt=\"beto albuquerque\" width=\"300\" height=\"225\" srcset=\"http:\/\/www.pedromigao.com.br\/ourodetolo\/wp-content\/uploads\/2014\/09\/beto-albuquerque-300x225.jpg 300w, http:\/\/www.pedromigao.com.br\/ourodetolo\/wp-content\/uploads\/2014\/09\/beto-albuquerque-453x340.jpg 453w, http:\/\/www.pedromigao.com.br\/ourodetolo\/wp-content\/uploads\/2014\/09\/beto-albuquerque.jpg 800w\" sizes=\"auto, (max-width: 300px) 100vw, 300px\" \/><\/a>E j\u00e1 que falei tanto de Marina Silva, devo dizer que temo, sim, uma vit\u00f3ria da candidata. N\u00e3o \u00e9 o medo Regina Duarte falando do Lula em 2002, mas temo. Primeiramente porque Marina n\u00e3o s\u00f3 n\u00e3o teria base nenhuma no Congresso, como n\u00e3o tem nem o seu partido nas m\u00e3os. Isso sem falar na possibilidade de uma mudan\u00e7a de partido caso a Rede seja criada. N\u00e3o \u00e9 exatamente um problema j\u00e1 que qualquer Presidente pode dar um jeito nisso, mas nesse caso \u00e9 porque ela tem uma dificuldade enorme em dialogar. N\u00e3o sei como ela conseguiria se acertar com a base aliada do PT ou do PSDB e, sem uma dessas duas, dificilmente conseguiria Governar, ainda mais com suas propostas bastante question\u00e1veis em pontos como a gera\u00e7\u00e3o de energia. Acho que h\u00e1, sim, uma possibilidade do mandato come\u00e7ar com Marina Silva e terminar com Beto Albuquerque. E isso, ao meu ver, garantiria mais uns 20 anos de polariza\u00e7\u00e3o PT-PSDB.<\/p>\n<p style=\"text-align: justify;\">Para encerrar, j\u00e1 mudando um pouco de assunto, \u00e9 triste notar que, depois da, digamos, aposentadoria de Lula, o Brasil ficou sem qualquer lideran\u00e7a pol\u00edtica minimamente not\u00e1vel. Independente de concordar ou n\u00e3o com Lula, ele era a \u00fanica que havia restado ap\u00f3s a morte de Leonel Brizola.<\/p>\n<p style=\"text-align: justify;\">E \u00e9 algo que o pr\u00f3prio Lula fala no excelente document\u00e1rio \u201cEntreatos\u201d, em 2002 (abaixo). Brizola ainda estava vivo, mas, aos 80 anos, n\u00e3o liderava mais nada. Eduardo Campos poderia ser essa lideran\u00e7a, mas infelizmente jamais saberemos. Penso que para surgir uma nova, ser\u00e1 preciso acontecer algo muito grande no pa\u00eds \u2013 a deposi\u00e7\u00e3o de uma Presidente seria algo assim, falando em Marina \u2013 e, dado o perfil de quem tem ido \u00e0s ruas protestar, \u00e0s vezes acho melhor continuar sem nenhuma mesmo.<\/p>\n<p>http:\/\/www.youtube.com\/watch?v=CAa9zGxFXWo<\/p>\n","protected":false},"excerpt":{"rendered":"<p>E aquela que parecia a mais previs\u00edvel de todas as Elei\u00e7\u00f5es, acabou se tornando, de uma hora para outra, a mais surpreendente desde a loucuraTour Details<\/p>\n","protected":false},"author":12,"featured_media":0,"comment_status":"open","ping_status":"open","sticky":false,"template":"","format":"standard","meta":{"footnotes":""},"categories":[351],"tags":[357,24],"class_list":["post-29066","post","type-post","status-publish","format-standard","hentry","category-filho-prodigo","tag-eleicoes-2014","tag-politica"],"_links":{"self":[{"href":"http:\/\/www.pedromigao.com.br\/ourodetolo\/wp-json\/wp\/v2\/posts\/29066","targetHints":{"allow":["GET"]}}],"collection":[{"href":"http:\/\/www.pedromigao.com.br\/ourodetolo\/wp-json\/wp\/v2\/posts"}],"about":[{"href":"http:\/\/www.pedromigao.com.br\/ourodetolo\/wp-json\/wp\/v2\/types\/post"}],"author":[{"embeddable":true,"href":"http:\/\/www.pedromigao.com.br\/ourodetolo\/wp-json\/wp\/v2\/users\/12"}],"replies":[{"embeddable":true,"href":"http:\/\/www.pedromigao.com.br\/ourodetolo\/wp-json\/wp\/v2\/comments?post=29066"}],"version-history":[{"count":0,"href":"http:\/\/www.pedromigao.com.br\/ourodetolo\/wp-json\/wp\/v2\/posts\/29066\/revisions"}],"wp:attachment":[{"href":"http:\/\/www.pedromigao.com.br\/ourodetolo\/wp-json\/wp\/v2\/media?parent=29066"}],"wp:term":[{"taxonomy":"category","embeddable":true,"href":"http:\/\/www.pedromigao.com.br\/ourodetolo\/wp-json\/wp\/v2\/categories?post=29066"},{"taxonomy":"post_tag","embeddable":true,"href":"http:\/\/www.pedromigao.com.br\/ourodetolo\/wp-json\/wp\/v2\/tags?post=29066"}],"curies":[{"name":"wp","href":"https:\/\/api.w.org\/{rel}","templated":true}]}}