{"id":29053,"date":"2014-09-02T07:59:13","date_gmt":"2014-09-02T10:59:13","guid":{"rendered":"http:\/\/www.pedromigao.com.br\/ourodetolo\/?p=29053"},"modified":"2014-09-02T07:59:13","modified_gmt":"2014-09-02T10:59:13","slug":"para-entender-a-natureza-humana","status":"publish","type":"post","link":"http:\/\/www.pedromigao.com.br\/ourodetolo\/2014\/09\/para-entender-a-natureza-humana\/","title":{"rendered":"Para Entender a Natureza Humana"},"content":{"rendered":"<p style=\"text-align: justify;\">No Rio Grande do Sul n\u00e3o se fala de outra coisa: desde que Patricia Moreira e mais alguns outros rapazes foram flagrados pelas c\u00e2meras proferindo ofensas raciais na Arena do Gr\u00eamio, o debate segue forte.<\/p>\n<p style=\"text-align: justify;\">O cap\u00edtulo mais recente tem a ver com c\u00e2nticos alusivos ao termo \u201cmacaco\u201d pela principal torcida organizada do clube, mesmo depois do acontecido. O que resultou em uma forte rea\u00e7\u00e3o contra a organizada, agora suspensa por tempo indeterminado da Arena.<\/p>\n<p style=\"text-align: justify;\">A partir disso, torcedores gremistas se manifestam <a href=\"https:\/\/pt-br.facebook.com\/Geral.do.Gremio\" target=\"_blank\"><span style=\"color: #ff6600;\">na p\u00e1gina oficial da torcida organizada, no Facebook<\/span><\/a>. A leitura desses coment\u00e1rios \u00e9 um edificante painel da natureza humana e do n\u00edvel da argumenta\u00e7\u00e3o empregada pelos defensores da torcida. A reda\u00e7\u00e3o dos coment\u00e1rios \u00e9 a original.<\/p>\n<p style=\"text-align: justify;\">Divirtam-se:<\/p>\n<p style=\"text-align: justify;\"><em><strong>Dyulle Eduarda<\/strong>:\u00a0a geral ta errada assim como a torcedora que xingou aranha de macaco porem os proprios negros sao racistas, so querem mulheres brancas, ninguem nunca reparou que 99% dos jogadores negros inclusive o aranha so namoram mulheres brancas? pq eles rejeitam as negras isso nao e racismo tambem? e o pior tipo de racismo que e contra a propria ra\u00e7a\u00a0<\/em><\/p>\n<p style=\"text-align: justify;\"><em><strong>Jamile Oliveira:<\/strong>\u00a0Quando chamao de macaco tinha q ter orgunho pq \u00e9 um dois animais mais intelingente da terra&#8230; E nao vao dizer no co-irmao nao tem racista pq quem vai ta sendo impoclita sao vcs&#8230; E tenho dito&#8230;.\u00a0<\/em><\/p>\n<p style=\"text-align: justify;\"><em><strong>Carlos Alberto Brum<\/strong>:\u00a0Esta imprensa, ela sim \u00e9 RACISTA. Estimula algo que \u00e9 uma bobagem. Levar \u00e0 s\u00e9rio o que se grita em campo de futebol? Mandaram a Dilma tomar no cu, chamam o juiz de veado, corno, ladr\u00e3o&#8230;. e n\u00e3o d\u00e1 nada. Ora, procurem outras pautas, jornalistas de lixo.\u00a0<\/em><\/p>\n<p style=\"text-align: justify;\"><em><strong>Carlos Alberto Brum<\/strong>:\u00a0Outra: ao lado da Patr\u00edcia Moreira, filmada no campo, quase ao seu lado tinha um gremista &#8220;afro&#8221; gritando a mesma coisa que ela! Racismo? S\u00e3o as quotas da Dilma&#8230;\u00a0<\/em><\/p>\n<p style=\"text-align: justify;\"><em><strong><a href=\"http:\/\/www.pedromigao.com.br\/ourodetolo\/2014\/09\/para-entender-a-natureza-humana\/aranha\/\" rel=\"attachment wp-att-29055\"><img loading=\"lazy\" decoding=\"async\" class=\"alignleft size-medium wp-image-29055\" src=\"http:\/\/www.pedromigao.com.br\/ourodetolo\/wp-content\/uploads\/2014\/09\/aranha-300x199.jpg\" alt=\"aranha\" width=\"300\" height=\"199\" srcset=\"http:\/\/www.pedromigao.com.br\/ourodetolo\/wp-content\/uploads\/2014\/09\/aranha-300x199.jpg 300w, http:\/\/www.pedromigao.com.br\/ourodetolo\/wp-content\/uploads\/2014\/09\/aranha-511x340.jpg 511w, http:\/\/www.pedromigao.com.br\/ourodetolo\/wp-content\/uploads\/2014\/09\/aranha.jpg 620w\" sizes=\"auto, (max-width: 300px) 100vw, 300px\" \/><\/a>Avelino Merigo<\/strong>:\u00a0Essa imprensa nao tem o que falar a nao ser reportagens mal\u00e9ficas. Se valem de assuntos isolados para desabafar. Eu daria uma sujestao. Ao inv\u00e9s de provocar fa\u00e7am o inverso&#8230;.NAO DEEM BOLA, que sintom\u00e1ticamente o racismo desaparece.\u00a0<\/em><\/p>\n<p style=\"text-align: justify;\"><em><strong>Daniel Couto<\/strong>:\u00a0\u00e9 uma palha\u00e7ada&#8230; &#8220;macaco&#8221; \u00e9 um termo usado frequentemente no futebol, inclusive com um chav\u00e3o &#8220;macacada&#8221; e agora de uns tempos pra c\u00e1 este termo vem sendo o piv\u00f4 de v\u00e1rios problemas envolvendo descrimina\u00e7\u00e3o, por qu\u00ea isto s\u00f3 vem acontecendo de uns tempos pra c\u00e1??? Se este termo \u00e9 usado a d\u00e9cadas, acho que estes que s\u00f3 querem chamar aten\u00e7\u00e3o das m\u00eddias tem que trocar de esporte e ir jogar t\u00eanis&#8230; preconceito existe \u00e9 um fato!!! Os racistas tem que ser expulsos dos est\u00e1dios, mas \u00e9 uma palha\u00e7ada a aten\u00e7\u00e3o que d\u00e3o pra isto, tem coisa muito pior acontecendo e isto tu n\u00e3o v\u00ea nos notici\u00e1rios, porqu\u00ea??????\u00a0<\/em><\/p>\n<p style=\"text-align: justify;\"><em><strong>Lindamir Sprada Ninow<\/strong>:\u00a0Os afro desedente como disem s\u00e3o mais rasista ainda porque chamao os brancos de branco azedo ,, alemao batata isso nao e rasismo , porque eles aseitom as cTas na faculdade? <\/em><\/p>\n<p style=\"text-align: justify;\"><em><strong>Odilon Pinheiro:<\/strong>\u00a0N\u00e3o entendo como pode se ofender tanto, como pode levar para o lado pessoal tais palavras?? Ser\u00e1 que n\u00e3o percebe que era a torcida decepcionada com seu time, descarregando a raiva no advers\u00e1rio mais pr\u00f3ximo?? Ser\u00e1 que ele mesmo n\u00e3o percebe que ajudou a acirrar os \u00e2nimos da torcida com sua catimba? Poxa!! O Aranha \u00e9 uma atleta de elite, joga num dos melhores times do Brasil, ganha super bem para isso, deveria ser superior e n\u00e3o dar import\u00e2ncia aos gritos da torcida advers\u00e1ria. O que me parece, \u00e9 que ele aproveitou o momento para paralisar a partida, e depois para prejudicar ainda mais o advers\u00e1rio.\u00a0<\/em><\/p>\n<p style=\"text-align: justify;\"><em><strong>Paulo Patricio<\/strong>:\u00a0Td bem que \u00e9 td tipo de racismo \u00e9 inadmiss\u00edvel, mas vcs perceberam que todo jogador de futebol negro que reclama de preconceito quanto alcan\u00e7a a fama arranja uma mulher LOIRA???? Ex. Tinga. Amanh\u00e3 o aranha vai estar no Eporte Espetacular da Rede Globo reclamando de racismo, mas com uma loira \u00e0 tiracolo, vai entender&#8230;..\u00a0<\/em><\/p>\n<p style=\"text-align: justify;\"><em><strong>Paulo Camargo<\/strong>\u00a0S\u00e3o racista com eles mesmos mas \u00e9 verdade o comentario acima eles n\u00e3o gostam de morenas s\u00f3 com as loira\u00e7as o aranha q me desculpe vai chora na globo como se la n\u00e3o tivesse preconceito S\u00e3o tudo santo porque na novela tem uma negra fazendo o papel de empregada de uma branca loira porque q n\u00e3o \u00e9 ocontraio sera q ja n\u00e3o e preconceito so serve pra empregada pra dona n\u00e3o e a i vai deixe o gr\u00eamio em paz imprensa urubu.\u00a0<\/em><\/p>\n<p style=\"text-align: justify;\"><em><strong>Leandro Ayres<\/strong>:\u00a0Ja vi negros usando camiseta dizendo&#8221;100%&#8221; negro. Ja pensar\u00e3o oq iam fazer comigo se eu usase uma camisa dizendo &#8220;100%&#8221; branco. !!!!!<\/em><\/p>\n","protected":false},"excerpt":{"rendered":"<p>No Rio Grande do Sul n\u00e3o se fala de outra coisa: desde que Patricia Moreira e mais alguns outros rapazes foram flagrados pelas c\u00e2meras proferindoTour Details<\/p>\n","protected":false},"author":10,"featured_media":0,"comment_status":"open","ping_status":"open","sticky":false,"template":"","format":"standard","meta":{"footnotes":""},"categories":[38],"tags":[41,37,102,27,6],"class_list":["post-29053","post","type-post","status-publish","format-standard","hentry","category-bissexta","tag-esporte","tag-futebol","tag-porto-alegre","tag-sociedade","tag-vida-cotidiana"],"_links":{"self":[{"href":"http:\/\/www.pedromigao.com.br\/ourodetolo\/wp-json\/wp\/v2\/posts\/29053","targetHints":{"allow":["GET"]}}],"collection":[{"href":"http:\/\/www.pedromigao.com.br\/ourodetolo\/wp-json\/wp\/v2\/posts"}],"about":[{"href":"http:\/\/www.pedromigao.com.br\/ourodetolo\/wp-json\/wp\/v2\/types\/post"}],"author":[{"embeddable":true,"href":"http:\/\/www.pedromigao.com.br\/ourodetolo\/wp-json\/wp\/v2\/users\/10"}],"replies":[{"embeddable":true,"href":"http:\/\/www.pedromigao.com.br\/ourodetolo\/wp-json\/wp\/v2\/comments?post=29053"}],"version-history":[{"count":0,"href":"http:\/\/www.pedromigao.com.br\/ourodetolo\/wp-json\/wp\/v2\/posts\/29053\/revisions"}],"wp:attachment":[{"href":"http:\/\/www.pedromigao.com.br\/ourodetolo\/wp-json\/wp\/v2\/media?parent=29053"}],"wp:term":[{"taxonomy":"category","embeddable":true,"href":"http:\/\/www.pedromigao.com.br\/ourodetolo\/wp-json\/wp\/v2\/categories?post=29053"},{"taxonomy":"post_tag","embeddable":true,"href":"http:\/\/www.pedromigao.com.br\/ourodetolo\/wp-json\/wp\/v2\/tags?post=29053"}],"curies":[{"name":"wp","href":"https:\/\/api.w.org\/{rel}","templated":true}]}}