{"id":29035,"date":"2014-09-02T11:44:11","date_gmt":"2014-09-02T14:44:11","guid":{"rendered":"http:\/\/www.pedromigao.com.br\/ourodetolo\/?p=29035"},"modified":"2014-09-02T07:55:28","modified_gmt":"2014-09-02T10:55:28","slug":"brizola-os-cieps-e-sua-reabilitacao","status":"publish","type":"post","link":"http:\/\/www.pedromigao.com.br\/ourodetolo\/2014\/09\/brizola-os-cieps-e-sua-reabilitacao\/","title":{"rendered":"Brizola, os CIEPs e sua reabilita\u00e7\u00e3o"},"content":{"rendered":"<p style=\"text-align: justify;\">Adquiri o h\u00e1bito, nos \u00faltimos dias, de ir para o trabalho ouvindo o programa eleitoral no r\u00e1dio, pelo fato de ainda estar com o voto indefinido para Deputado Estadual \u2013 ali\u00e1s, continuo em d\u00favida, aceito sugest\u00f5es de leitores cariocas na \u00e1rea de coment\u00e1rios.<\/p>\n<p style=\"text-align: justify;\">Obviamente, acaba se ouvindo tamb\u00e9m as propagandas para governador e senador, que comp\u00f5em o mesmo pacote. Sobre este \u00faltimo, vale notar que, ainda que tenha muito menos tempo, o programa do candidato Rom\u00e1rio (PSB) utiliza uma linguagem muito mais moderna e de fixa\u00e7\u00e3o no eleitor que seu principal advers\u00e1rio, o ex-prefeito do Rio Cesar Maia.<\/p>\n<p style=\"text-align: justify;\">Mas me detenho nos programas dos principais candidatos a governador. <span style=\"color: #ff6600;\"><a href=\"http:\/\/eleicoes.uol.com.br\/2014\/noticias\/2014\/08\/07\/apos-2-decadas-candidatos-ao-governo-do-rio-ressuscitam-cieps-de-brizola.htm\" target=\"_blank\"><span style=\"color: #ff6600;\">E eles me refor\u00e7am uma tend\u00eancia que j\u00e1 vinha sentindo em setores da sociedade nos \u00faltimos anos: a \u201creabilita\u00e7\u00e3o\u201d do ide\u00e1rio do ex-governador Leonel Brizola (1983-87 e 1991-94)<\/span><\/a><\/span>.<\/p>\n<p style=\"text-align: justify;\">Para os leitores mais novos, Brizola foi um pol\u00edtico que n\u00e3o tinha meio termo: ou se amava, ou se odiava. Foi o \u00fanico pol\u00edtico a ser governador de dois estados: o Rio Grande do Sul antes do golpe militar de 1964 e o Rio de Janeiro nos per\u00edodos citados.<\/p>\n<p style=\"text-align: justify;\">Se notabilizou por defender ideias nacionalistas, trabalhistas e por combater o monop\u00f3lio da m\u00eddia, sendo talvez o \u00fanico a ter uma postura de oposi\u00e7\u00e3o \u00e0s Organiza\u00e7\u00f5es Globo, em um tempo onde tal grupo de m\u00eddia tinha palavra quase de lei.<\/p>\n<p style=\"text-align: justify;\"><img loading=\"lazy\" decoding=\"async\" class=\"alignleft size-medium wp-image-29038\" src=\"http:\/\/www.pedromigao.com.br\/ourodetolo\/wp-content\/uploads\/2014\/09\/leonelbrizola-300x191.jpg\" alt=\"leonelbrizola\" width=\"300\" height=\"191\" srcset=\"http:\/\/www.pedromigao.com.br\/ourodetolo\/wp-content\/uploads\/2014\/09\/leonelbrizola-300x191.jpg 300w, http:\/\/www.pedromigao.com.br\/ourodetolo\/wp-content\/uploads\/2014\/09\/leonelbrizola-532x340.jpg 532w, http:\/\/www.pedromigao.com.br\/ourodetolo\/wp-content\/uploads\/2014\/09\/leonelbrizola.jpg 720w\" sizes=\"auto, (max-width: 300px) 100vw, 300px\" \/>Em 1982 se elegeu governador do Rio de Janeiro apesar de fraude montada para dar o cargo ao candidato do governo militar, Moreira Franco.<\/p>\n<p style=\"text-align: justify;\">Eleito, implementou \u2013 ou tentou, sob fogo cerrado da grande m\u00eddia e de seus opositores pol\u00edticos \u2013 algumas pol\u00edticas \u00e0 frente de seu tempo, como uma estrat\u00e9gia de seguran\u00e7a que visava em primeiro lugar a integridade dos cidad\u00e3os de bem por um lado e a melhoria do sistema prisional de outro. Por este motivo ganhou a pecha de \u201cdefensor de bandidos\u201d, que, olhando-se retrospectivamente, parece ser uma alcunha bastante injusta. <a href=\"http:\/\/www.pedromigao.com.br\/ourodetolo\/2011\/03\/resenha-literaria-a-dona-das-chaves\/\" target=\"_blank\"><span style=\"color: #ff6600;\">Antes de me xingar, caro leitor, procure ler &#8220;A Dona das Chaves&#8221;, que j\u00e1 resenhei nesta revista eletr\u00f4nica<\/span><\/a>.<\/p>\n<p style=\"text-align: justify;\">Entretanto, seu projeto de maior impacto foi no campo da educa\u00e7\u00e3o, onde Brizola contava em sua equipe com o ent\u00e3o vice governador Darcy Ribeiro, cujo nome dispensa maiores apresenta\u00e7\u00f5es neste campo. E foi um projeto de Darcy Ribeiro que iria impactar o Governo Brizola.<\/p>\n<p style=\"text-align: justify;\">Os CIEPs \u2013 Centros Integrados de Educa\u00e7\u00e3o P\u00fablica \u2013 eram uma estrutura que visava manter o aluno em tempo integral na escola, com aulas das disciplinas, esporte, cultura, atividades dirigidas e cidadania. Ganharam da popula\u00e7\u00e3o o apelido de \u201cBrizol\u00f5es\u201d e tinham uma estrutura pr\u00e9 moldada, com projeto do arquiteto Oscar Niemeyer, de forma a serem constru\u00eddos de forma mais r\u00e1pida. Em 1986, \u00faltimo ano do mandato, 80 destas escolas de tempo integral j\u00e1 estavam em pleno funcionamento.<\/p>\n<p style=\"text-align: justify;\">Tamb\u00e9m havia o sistema de \u201cpais sociais\u201d, que eram casais que moravam no pr\u00e9dio e cuidavam de crian\u00e7as sem teto ou \u00f3rf\u00e3s.<\/p>\n<p style=\"text-align: justify;\">Havia alguns problemas: o formato arquitet\u00f4nico, com paredes vazadas entre as salas (n\u00e3o iam at\u00e9 o teto), causava problemas nas aulas, com professores tendo de elevar suas vozes a fim de serem ouvidos. Tamb\u00e9m a forma\u00e7\u00e3o dos docentes para este projeto de turno integral n\u00e3o acompanhou as necessidades do projeto.<\/p>\n<p style=\"text-align: justify;\">Pessoalmente, tamb\u00e9m pontuo que neste primeiro ano a cozinha ainda n\u00e3o estava estruturada para fornecer tr\u00eas refei\u00e7\u00f5es di\u00e1rias, o que impactava a qualidade do que era servido.<\/p>\n<p style=\"text-align: justify;\"><a href=\"http:\/\/www.pedromigao.com.br\/ourodetolo\/2014\/09\/brizola-os-cieps-e-sua-reabilitacao\/ciep-manoel\/\" rel=\"attachment wp-att-29037\"><img loading=\"lazy\" decoding=\"async\" class=\"alignright size-medium wp-image-29037\" src=\"http:\/\/www.pedromigao.com.br\/ourodetolo\/wp-content\/uploads\/2014\/09\/ciep-manoel-300x225.jpg\" alt=\"ciep manoel\" width=\"300\" height=\"225\" srcset=\"http:\/\/www.pedromigao.com.br\/ourodetolo\/wp-content\/uploads\/2014\/09\/ciep-manoel-300x225.jpg 300w, http:\/\/www.pedromigao.com.br\/ourodetolo\/wp-content\/uploads\/2014\/09\/ciep-manoel-453x340.jpg 453w, http:\/\/www.pedromigao.com.br\/ourodetolo\/wp-content\/uploads\/2014\/09\/ciep-manoel.jpg 1600w\" sizes=\"auto, (max-width: 300px) 100vw, 300px\" \/><\/a>Levado por minha tia, entusiasta do projeto, estudei em 1986 no CIEP Manoel Maur\u00edcio de Albuquerque, em Cascadura, na sexta s\u00e9rie do ensino fundamental (ao lado, em foto de 2013). Para mim n\u00e3o foi uma boa experi\u00eancia devido especialmente ao \u201cbullying\u201d \u2013 embora ainda n\u00e3o tivesse este nome \u2013 que sofri por parte da turma, mas, olhando retrospectivamente, foi um momento importante de minha forma\u00e7\u00e3o. Ali\u00e1s, cheguei a aparecer cumprimentando Brizola no programa eleitoral do ent\u00e3o candidato a governador Darcy Ribeiro, em visita que os pol\u00edticos fizeram ao local.<\/p>\n<p style=\"text-align: justify;\">Em 1987, com a posse de Moreira Franco no governo do Estado, o projeto foi abandonado e as escolas de tempo integral tornaram-se unidades convencionais. Brizola retornou ao governo do Estado e reiniciou o projeto, mas a elei\u00e7\u00e3o de Marcello Alencar (ex-brizolista e ent\u00e3o tucano de ocasi\u00e3o, de triste mem\u00f3ria aos cofres cariocas) em 1994 sepultou definitivamente o projeto de Brizola e Darcy Ribeiro.<\/p>\n<p style=\"text-align: justify;\">De dois, tr\u00eas anos para c\u00e1, vinha observando que at\u00e9 setores da considerada \u201celite\u201d que detestavam Brizola ponderavam que o projeto de ensino integral representado pelos CIEPS estava muito \u00e0 frente de seu tempo naquela ocasi\u00e3o. E estas elei\u00e7\u00f5es para o governo do Estado do Rio vem apresentando, definitivamente, o resgate dos CIEPS e uma esp\u00e9cie de \u201creabilita\u00e7\u00e3o\u201d de Leonel Brizola.<\/p>\n<p style=\"text-align: justify;\">Dos quatro principais candidatos ao Governo do Estado, tr\u00eas, de diferentes formas, prop\u00f5em a retomada do projeto dos CIEPS e de educa\u00e7\u00e3o em tempo integral. Apenas o atual governador, Luiz Fernando Pez\u00e3o, n\u00e3o coloca a escola de tempo integral como prioridade, pelo menos em sua plataforma de governo.<\/p>\n<p style=\"text-align: justify;\">Lindberg Farias, candidato do PT, colocou em sua plataforma de governo a constru\u00e7\u00e3o dos \u201cCIEPS do S\u00e9culo XXI\u201d, que seriam uma vers\u00e3o atualizada do projeto de Darcy Ribeiro, incorporando tecnologia atual. Mais que isso, o candidato petista se utiliza da imagem de Leonel Brizola na campanha, junto ao ex-presidente Lula.<\/p>\n<p style=\"text-align: justify;\">Marcello Crivella, candidato do PRB e representante de uma das diversas correntes de evang\u00e9licos que permeiam a pol\u00edtica carioca, tamb\u00e9m tem os CIEPs como inspira\u00e7\u00e3o de seu plano para a educa\u00e7\u00e3o. Crivella defende a reestrutura\u00e7\u00e3o da rede dos CIEPs e sua amplia\u00e7\u00e3o, bem como um plano de carreira espec\u00edfico para os profissionais a serem alocados neste projeto.<\/p>\n<p style=\"text-align: justify;\"><a href=\"http:\/\/www.pedromigao.com.br\/ourodetolo\/2014\/09\/brizola-os-cieps-e-sua-reabilitacao\/darcy-ribeiro\/\" rel=\"attachment wp-att-29039\"><img loading=\"lazy\" decoding=\"async\" class=\"alignleft size-medium wp-image-29039\" src=\"http:\/\/www.pedromigao.com.br\/ourodetolo\/wp-content\/uploads\/2014\/09\/Darcy-Ribeiro-300x215.jpg\" alt=\"Darcy-Ribeiro\" width=\"300\" height=\"215\" srcset=\"http:\/\/www.pedromigao.com.br\/ourodetolo\/wp-content\/uploads\/2014\/09\/Darcy-Ribeiro-300x215.jpg 300w, http:\/\/www.pedromigao.com.br\/ourodetolo\/wp-content\/uploads\/2014\/09\/Darcy-Ribeiro-472x340.jpg 472w\" sizes=\"auto, (max-width: 300px) 100vw, 300px\" \/><\/a>Por \u00faltimo, o l\u00edder nas pesquisas e ex-brizolista Anthony Garotinho (PR) defende a constru\u00e7\u00e3o de mais 100 CIEPs e sua estadualiza\u00e7\u00e3o. Tamb\u00e9m coloca em sua plataforma \u201cresgatar o esp\u00edrito de Darcy Ribeiro\u201d e investir na \u00e1rea. Ressalvo que Garotinho j\u00e1 foi governador e pouco fez neste sentido naquela ocasi\u00e3o.<\/p>\n<p style=\"text-align: justify;\">Ainda que a gente saiba que plataforma de governo \u00e9 uma coisa e atua\u00e7\u00e3o ap\u00f3s eleito \u00e9 outra, \u00e9 interessante ver as ideias de Brizola e Darcy Ribeiro para a educa\u00e7\u00e3o \u201creabilitadas\u201d por diferentes vetores pol\u00edticos nos dias de hoje, bem como ver outrora ferrenhos advers\u00e1rios ressalvando que o ex-governador foi um dos \u00fanicos pol\u00edticos a pensar a quest\u00e3o da educa\u00e7\u00e3o de maneira estruturada.<\/p>\n<p style=\"text-align: justify;\">Para um pol\u00edtico que ficou longe de se eleger senador na \u00faltima elei\u00e7\u00e3o que disputou, em 2002 \u2013 onde obteve meu voto \u2013 e para um estado que deu uma guinada n\u00edtida a posi\u00e7\u00f5es conservadoras nas \u00faltimas duas d\u00e9cadas (com ligeira revers\u00e3o nas duas \u00faltimas elei\u00e7\u00f5es, 2010 e 2012), \u00e9 not\u00e1vel como suas ideias, sem o calor da disputa pol\u00edtica, especialmente no campo da educa\u00e7\u00e3o s\u00e3o reconhecidas por pol\u00edticos e formadores de opini\u00e3o de todos os espectros ideol\u00f3gicos como modernas e inspira\u00e7\u00e3o para plataformas atuais.<\/p>\n<p style=\"text-align: justify;\">Pelo menos aqui no Rio de Janeiro.<\/p>\n<p style=\"text-align: justify;\"><em>P.S.1 \u2013 terminei de ler \u201c18 Dias\u201d, que conta a hist\u00f3ria da transi\u00e7\u00e3o entre os governos de Fernando Henrique Cardoso e de Lula. Segundo o livro, Brizola s\u00f3 n\u00e3o foi Ministro das Telecomunica\u00e7\u00f5es porque n\u00e3o quis \u2013 preferia as Minas e Energia. O leitor imagina Brizola \u201ccuidando\u201d dos interesses da Globo, como poderia ter acontecido?<\/em><\/p>\n<p style=\"text-align: justify;\"><em>P.S.2 \u2013 Sabe-se que todos os partidos possuem seus candidatos &#8220;pol\u00eamicos\u201d a deputado, para me utilizar de um adjetivo public\u00e1vel. Mas as chapas do PMDB aqui do Rio s\u00e3o praticamente inteiras formadas por pol\u00edticos que merecem esta denomina\u00e7\u00e3o.<\/em><\/p>\n","protected":false},"excerpt":{"rendered":"<p>Adquiri o h\u00e1bito, nos \u00faltimos dias, de ir para o trabalho ouvindo o programa eleitoral no r\u00e1dio, pelo fato de ainda estar com o votoTour Details<\/p>\n","protected":false},"author":2,"featured_media":0,"comment_status":"open","ping_status":"open","sticky":false,"template":"","format":"standard","meta":{"footnotes":""},"categories":[289],"tags":[357,24,70],"class_list":["post-29035","post","type-post","status-publish","format-standard","hentry","category-pedro-migao","tag-eleicoes-2014","tag-politica","tag-rio-de-janeiro"],"_links":{"self":[{"href":"http:\/\/www.pedromigao.com.br\/ourodetolo\/wp-json\/wp\/v2\/posts\/29035","targetHints":{"allow":["GET"]}}],"collection":[{"href":"http:\/\/www.pedromigao.com.br\/ourodetolo\/wp-json\/wp\/v2\/posts"}],"about":[{"href":"http:\/\/www.pedromigao.com.br\/ourodetolo\/wp-json\/wp\/v2\/types\/post"}],"author":[{"embeddable":true,"href":"http:\/\/www.pedromigao.com.br\/ourodetolo\/wp-json\/wp\/v2\/users\/2"}],"replies":[{"embeddable":true,"href":"http:\/\/www.pedromigao.com.br\/ourodetolo\/wp-json\/wp\/v2\/comments?post=29035"}],"version-history":[{"count":0,"href":"http:\/\/www.pedromigao.com.br\/ourodetolo\/wp-json\/wp\/v2\/posts\/29035\/revisions"}],"wp:attachment":[{"href":"http:\/\/www.pedromigao.com.br\/ourodetolo\/wp-json\/wp\/v2\/media?parent=29035"}],"wp:term":[{"taxonomy":"category","embeddable":true,"href":"http:\/\/www.pedromigao.com.br\/ourodetolo\/wp-json\/wp\/v2\/categories?post=29035"},{"taxonomy":"post_tag","embeddable":true,"href":"http:\/\/www.pedromigao.com.br\/ourodetolo\/wp-json\/wp\/v2\/tags?post=29035"}],"curies":[{"name":"wp","href":"https:\/\/api.w.org\/{rel}","templated":true}]}}