{"id":29002,"date":"2014-09-01T14:27:27","date_gmt":"2014-09-01T17:27:27","guid":{"rendered":"http:\/\/www.pedromigao.com.br\/ourodetolo\/?p=29002"},"modified":"2014-09-01T14:54:18","modified_gmt":"2014-09-01T17:54:18","slug":"bodas-de-prata-1993-vazamento-de-nota-e-titulo-dividido-entre-amigas-camisa-e-vai-vai","status":"publish","type":"post","link":"http:\/\/www.pedromigao.com.br\/ourodetolo\/2014\/09\/bodas-de-prata-1993-vazamento-de-nota-e-titulo-dividido-entre-amigas-camisa-e-vai-vai\/","title":{"rendered":"Bodas de Prata \u2013 &#8220;1993: vazamento de nota e t\u00edtulo dividido entre &#8216;amigas&#8217; Camisa e Vai-Vai&#8221;"},"content":{"rendered":"<p style=\"text-align: justify;\">Para o Carnaval paulistano de 1993, houve uma mudan\u00e7a importante no regulamento: o desfile\u00a0continuaria sendo julgado por 30 jurados \u2013 tr\u00eas por quesito -, mas a Liga enfim adotava o sistema de descarte da maior e da menor nota, que j\u00e1 vinha sendo usado no Rio de Janeiro. O sistema, no entanto, tinha um problema grave: como em S\u00e3o Paulo, n\u00e3o haveria nenhum crit\u00e9rio de desempate, e a probabilidade de ocorrerem empates era gigantesca.<\/p>\n<p style=\"text-align: justify;\">Para o leitor ter uma ideia, ainda que uma escola recebesse notas 10 de todos os jurados, ela teria de\u00a0dividir o t\u00edtulo com outra que recebeu notas m\u00e1ximas de apenas dois por quesito e teve 10 notas descartadas \u2013 a menor de cada quesito. Esse sistema de julgamento, que posteriormente seria levemente alterado duas vezes, provocou uma s\u00e9rie de empates na primeira posi\u00e7\u00e3o e, em anos seguintes, uma confus\u00e3o bem grande que at\u00e9 \u201cvirada de mesa\u201d j\u00e1 causou. Mas isso \u00e9 papo para semanas futuras.<\/p>\n<p style=\"text-align: justify;\">Foi um Carnaval de novidades interessantes. O Samb\u00f3dromo continuou em reformas, com a melhoria das estruturas dos Setores A, C, D e E e uma evolu\u00e7\u00e3o\u00a0consider\u00e1vel na ilumina\u00e7\u00e3o da Passarela. As surpresas, por\u00e9m, ficaram por conta das escolas. A Barroca Zona Sul, tentando se recuperar do desfile ruim de 1992, traria para a Avenida um enredo sobre os quatro elementos, mas surpreendeu mesmo por trazer um Grupo de Pagode, o Arte Final, para a fun\u00e7\u00e3o de int\u00e9rprete.<\/p>\n<p style=\"text-align: justify;\">A movimenta\u00e7\u00e3o foi grande nos microfones. Serginho K.T. foi para a Imperador do Ipiranga, Djalma Pires passou a cantar na Tucuruvi, enquanto a Nen\u00ea de Vila Matilde montou um trio de ferro com Armando da Mangueira, M\u00e1rcia Ynai\u00e1 e o grande Dom Marcos. A escola da Zona Leste, que traria para a Avenida um enredo sobre a import\u00e2ncia da sa\u00fade, trocou de carnavalesco, com Renato entrando no lugar de Oswaldinho. Pedrinho Pinotti saiu da Leandro de Itaquera e foi para a Colorado do Br\u00e1s desenvolver um enredo sobre as m\u00e1scaras.<\/p>\n<p style=\"text-align: justify;\">Quem mais surpreendeu no Carnaval de 1993, no entanto, foi a Mocidade Alegre que, para homenagear os imigrantes libaneses, contratou um Carnavalesco argentino, Jos\u00e9 Carlos Gestra, para dividir os trabalhos com Mauricio Bichara. Campe\u00e3 de 92, a Rosas de Ouro tentaria o tetracampeonato com um enredo sobre as festas, enquanto suas principais concorrentes, Camisa Verde e Branco e Vai-Vai trariam temas bem diferentes: o Trevo da Barra Funda prestaria uma homenagem a seus inesquec\u00edveis Carnavais, enquanto a Vai-Vai prometia muita cr\u00edtica ao abordar o ouro.<\/p>\n<p style=\"text-align: justify;\">A Leandro de Itaquera escolheu falar da magia do Carnaval, a Peruche sobre mercadores e mercadorias, enquanto a Gavi\u00f5es da Fiel prometia um grande desfile com o enigm\u00e1tico tema das chaves. Vindas do Grupo de Acesso, Imperador do Ipiranga e Acad\u00eamicos do Tucuruvi falariam sobre assombra\u00e7\u00f5es e frutas, respectivamente.<\/p>\n<p style=\"text-align: justify;\">A primeira escola a entrar na Avenida foi a Colorado do Br\u00e1s, \u00faltima colocada no Carnaval anterior, e que apresentou o enredo \u201cMascaradas, Ilus\u00f5es da Vida\u201d. A Vermelha\u00a0e Branca n\u00e3o se beneficiou do fato de n\u00e3o ter sido rebaixada em 1992 e, abrindo novamente o Carnaval, fez um desfile bastante inferior ao que havia apresentado no Carnaval anterior.<\/p>\n<p style=\"text-align: justify;\">O enredo sobre as m\u00e1scaras tinha a pretens\u00e3o de dizer como elas haviam mudado o Mundo e, como o leitor pode imaginar, elas n\u00e3o mudaram tanto assim. O resultado foi uma apresenta\u00e7\u00e3o fria, de baixo n\u00edvel t\u00e9cnico e prejudicada por um conjunto pl\u00e1stico sofr\u00edvel. As alegorias estavam bastante mal acabadas, as fantasias sem qualquer luxo e tamb\u00e9m eram pouco criativas. Ainda que outras 11 escolas desfilassem naquela noite, o rebaixamento era praticamente certo para a simp\u00e1tica agremia\u00e7\u00e3o do Br\u00e1s.<\/p>\n<p style=\"text-align: justify;\">A segunda escola a desfilar foi a Barroca Zona Sul, que cantou o enredo \u201cO Senhor dos Elementos\u201d, para falar de \u00e1gua, terra, fogo e ar. A inova\u00e7\u00e3o proposta pela Verde\u00a0e\u00a0Rosa, de colocar um grupo de pagode para cantar o razo\u00e1vel samba no Anhembi, n\u00e3o deu certo. O grupo era at\u00e9 bem competente, mas n\u00e3o tinha a experi\u00eancia necess\u00e1ria. Apesar de parecidos, pagode e samba s\u00e3o g\u00eaneros bem distintos e o samba-enredo, ent\u00e3o, requer todo um trabalho diferenciado para ser cantado na Avenida.<\/p>\n<p style=\"text-align: justify;\">O desfile da Barroca foi ligeiramente superior ao do ano anterior, mas, ainda assim, bastante fraco. A escola tinha limita\u00e7\u00f5es financeiras grandes e n\u00e3o conseguiu empolgar a Avenida com um desfile sem luxo. A divis\u00e3o crom\u00e1tica da escola n\u00e3o mereceu grande destaque e a Barroca passou mais uma vez sem deixar saudades. Havia o risco de rebaixamento, mas ainda tinha muita gente pra desfilar.<\/p>\n<p style=\"text-align: justify;\">Na sequ\u00eancia, desfilou a primeira das agremia\u00e7\u00f5es vindas do Grupo 1: a Acad\u00eamicos do Tucuruvi, que contou o enredo \u201cDa fruta que voc\u00ea gosta\u201d. Para animar o p\u00fablico, parte da diretoria distribuiu ma\u00e7\u00e3s para o pessoal nas arquibancadas, para que os torcedores entrassem no clima do enredo que falava sobre as frutas.<\/p>\n<p style=\"text-align: justify;\">Com o perd\u00e3o do trocadilho infame, o enredo era uma verdadeira salada de frutas. Como n\u00e3o poderia deixar de ser, tudo come\u00e7ou com Ad\u00e3o e Eva, a hist\u00f3ria da ma\u00e7\u00e3, o pecado e etc. Depois veio a uva, o surgimento do vinho, o deus Baco. Na sequ\u00eancia, a escola da Cantareira conseguiu falar das navega\u00e7\u00f5es, que promoveu, por assim dizer, um interc\u00e2mbio de frutas entre a Am\u00e9rica e a Europa. O auge da salada se deu no setor que tratava da miscigena\u00e7\u00e3o.<\/p>\n<p style=\"text-align: justify;\">Foi um desfile at\u00e9 bastante simp\u00e1tico, com boas alegorias e um visual que n\u00e3o foi dos piores, mas faltou p\u00e9, cabe\u00e7a e o que mais pode faltar para que haja sentido em um desfile. Pelo desastre que foi a apresenta\u00e7\u00e3o da Colorado do Br\u00e1s, o risco de rebaixamento ao menos era bem pequeno.<\/p>\n<p style=\"text-align: justify;\">Voltando ao Grupo Especial, a Imperador do Ipiranga foi a quarta a tomar a pista do Anhembi com o enredo \u201cAssombra\u00e7\u00f5es em noite de gala\u201d. A agremia\u00e7\u00e3o da Vila Carioca parecia trazer um desfile bastante interessante para a Passarela, mas sofreu com uma s\u00e9rie de problemas que comprometeriam toda a apresenta\u00e7\u00e3o.<\/p>\n<p style=\"text-align: justify;\">Muitas alegorias\u00a0tiveram imensas dificuldades para entrar, o que estragou toda a evolu\u00e7\u00e3o da escola. Os problemas foram tantos, que quatro dos dez\u00a0carros n\u00e3o conseguiram entrar na pista. O espa\u00e7o entre o pede-passagem e o abre-alas era de pelo menos seis ou sete alas, tamanha a dificuldade de se colocar a alegoria na Avenida.<\/p>\n<p style=\"text-align: justify;\">O que entrou estava at\u00e9 bem bonito. As alegorias eram simples, mas bem acabadas, e embora n\u00e3o tivessem nenhum luxo, as fantasias tiveram bom efeito. O enredo sobre assombra\u00e7\u00f5es foi desenvolvido de maneira bastante correta, pendendo para a irrever\u00eancia e para contos infantis, para os medos no cinema, tudo com muito bom humor, principalmente no setor cr\u00edtico \u00e0 pol\u00edtica que assombrava o povo.<\/p>\n<p style=\"text-align: justify;\">O animado samba levantou as arquibancadas e, em condi\u00e7\u00f5es normais, n\u00e3o deveria haver nenhum risco de rebaixamento. Mas, por todos os problemas, a agremia\u00e7\u00e3o precisaria de um outro desastre nas demais escolas para se salvar, principalmente porque o espa\u00e7amento entre as alegorias e a invers\u00e3o de alas quebrou a divis\u00e3o crom\u00e1tica estabelecida pela Imperador. Uma trag\u00e9dia.<\/p>\n<p style=\"text-align: justify;\">Prometendo voltar aos dias de gl\u00f3ria, a Mocidade Alegre entrou na Avenida para superar as dificuldades financeiras que eram cada vez maiores e defender o enredo \u201cMarabha, \u2018a p\u00e9rola do Oriente\u2019\u201d, que falava sobre o L\u00edbano e prestava uma homenagem aos imigrantes que chegaram \u00e0 capital paulista.<\/p>\n<p style=\"text-align: justify;\">A Morada do Samba fez um desfile muito al\u00e9m das suas condi\u00e7\u00f5es e surpreendeu a todos com um conjunto aleg\u00f3rico de \u00f3timo impacto e fantasias bastante luxuosas. Achei a divis\u00e3o crom\u00e1tica um tanto quanto sem criatividade, usando excessivamente do dourado. O samba tamb\u00e9m n\u00e3o era grande coisa, mas o desfile estava bem bonito e, embora se esperasse mais de outras concorrentes, come\u00e7ava a despontar no Bairro do Lim\u00e3o uma esperan\u00e7a de t\u00edtulo.<\/p>\n<p style=\"text-align: justify;\">S\u00f3 que a partir da metade do desfile, as coisas desandaram de vez. A evolu\u00e7\u00e3o da escola ficou completamente confusa, alas se embolaram e, a\u00ed, deu-se o grande problema: a largura da escola se tornou maior do que a da Avenida e quando a Morada atingiu o setor em que o Anhembi ficava mais estreito, faltou espa\u00e7o. Um grande quebra-pau se formou entre alguns diretores e a organiza\u00e7\u00e3o da Liga porque o pessoal da Mocidade queria tirar as grades que delimitavam o espa\u00e7o da Avenida. A partir da\u00ed, n\u00e3o havia mais qualquer possibilidade de t\u00edtulo.<\/p>\n<p style=\"text-align: justify;\">Para encerrar a primeira metade de desfiles, a Unidos do Peruche apresentou o enredo \u201cMercado, mercador, mercadoria\u201d e mais uma vez n\u00e3o foi bem. O bom samba que falava sobre o com\u00e9rcio, os mercadores, levantou as arquibancadas e depois de algum tempo enfim fez um desfile tipicamente perucheano ao menos nesse sentido. Os problemas de harmonia de 1992 foram superados e a escola cantou com for\u00e7a.<\/p>\n<p style=\"text-align: justify;\">O conjunto pl\u00e1stico, no entanto, n\u00e3o foi dos mais agrad\u00e1veis. Pouco criativas, as fantasias n\u00e3o renderam grande impacto e o desfile foi, tal como em 91 e 92, para meio de tabela. A evolu\u00e7\u00e3o teve muitos problemas, a escola se enrolou e, para piorar, perdeu cinco pontos por estourar o tempo limite de uma hora e 10 minutos. Os problemas ao menos serviram para mostrar que a escola precisava de uma reabilita\u00e7\u00e3o e serviu de consolo o fato de que ao menos a empatia com o p\u00fablico estava resgatada.<\/p>\n<p style=\"text-align: justify;\">Registre-se que o enredo foi muito bem desenvolvido. Se alegorias e fantasias n\u00e3o estavam bem acabadas ou mesmo concebidas, representavam pontos importantes. A Peruche se limitou a contar a hist\u00f3ria do com\u00e9rcio, sem procurar outras liga\u00e7\u00f5es ou tentar contar outras hist\u00f3rias. Fez-se o b\u00e1sico e, ao menos nesse sentido, fez-se com muita compet\u00eancia. O que faltou foi dinheiro e um pouco de bom gosto. Importante dizer tamb\u00e9m que foi um desfile ruim para quem quer ser campe\u00e3o, mas ainda assim havia sido superior a todas as escolas que haviam desfilado at\u00e9 ent\u00e3o, exce\u00e7\u00e3o feita \u00e0 Mocidade Alegre. Era ineg\u00e1vel, no entanto, a sensa\u00e7\u00e3o de que a campe\u00e3 n\u00e3o havia passado. Ali\u00e1s, as seis escolas que desfilariam a seguir tinham tudo para ocupar ao menos quatro das cinco primeiras coloca\u00e7\u00f5es.<\/p>\n<p style=\"text-align: justify;\">S\u00e9tima escola a desfilar, a Gavi\u00f5es entrou cercada de expectativa para apresentar o enredo \u201cA chave do tempo\u201d. Al\u00e9m do talento ineg\u00e1vel do Carnavalesco Ra\u00fal Diniz, a Torcida que Samba contava com um excelente samba e j\u00e1 estava melhor estruturada ao Grupo Especial. E, na Avenida, a Gavi\u00f5es n\u00e3o decepcionou, fazendo o primeiro grande desfile de sua hist\u00f3ria.<\/p>\n<p style=\"text-align: justify;\">O refr\u00e3o <em>\u201cMe aperta, me enrosca \/ no vai e vem \/ me aperta e me chama de meu bem\u201d<\/em> pegou facilmente e as arquibancadas rapidamente corresponderam ao in\u00edcio da apresenta\u00e7\u00e3o da Fiel Torcida. Os componentes mais uma vez cantaram forte o samba e garantiram uma das melhores harmonias do ano. A comiss\u00e3o de frente impressionou a todos pelo luxo das fantasias e pela coreografia muito bem ensaiada.<\/p>\n<p style=\"text-align: justify;\">O conjunto pl\u00e1stico foi o melhor a desfilar at\u00e9 ent\u00e3o. E com certa folga. A escola veio com carros bastante grandes para os padr\u00f5es da \u00e9poca e, embora com pouco luxo, estavam muit\u00edssimo bem acabados e garantiram bom efeito. As fantasias tamb\u00e9m estavam muito bonitas, e, apesar de serem quase totalmente monocrom\u00e1ticas, deixaram vis\u00edvel o bom gosto de Ra\u00fal na divis\u00e3o crom\u00e1tica das alas, que tamb\u00e9m foi de \u00f3timo efeito. O grande destaque foi o terceiro carro, lindo, com um Pierrot lindo, de quatro metros de altura, acompanhado de Arlequins e Colombinas. Uma das mais belas alegorias de 93.<\/p>\n<p style=\"text-align: justify;\">A escola tinha visivelmente um poderio econ\u00f4mico reduzido em rela\u00e7\u00e3o as tr\u00eas melhores agremia\u00e7\u00f5es do momento, mas fez, com folgas, o melhor desfile da noite at\u00e9 ali. Foi uma apresenta\u00e7\u00e3o praticamente sem erros. A evolu\u00e7\u00e3o foi perfeita, talvez a melhor e mais compacta vista no Anhembi at\u00e9 ent\u00e3o, e o \u00fanico ponto negativo talvez tenha sido o enredo, que acabou sendo de dif\u00edcil compreens\u00e3o. Para conquistar seu primeiro t\u00edtulo, a Gavi\u00f5es dependeria de um ano de desfiles bastante inferior aos anteriores, mas a escola enfim dava mostras de sua for\u00e7a e de que estava no caminho certo.<\/p>\n<p style=\"text-align: justify;\">Inspirada na Mocidade e com um cen\u00f3grafo chileno no posto de Carnavalesco, a Nen\u00ea de Vila Matilde foi a oitava a entrar na Avenida para defender o enredo \u201cPrimeiro desejo\u201d, sobre a import\u00e2ncia da sa\u00fade, que, na vis\u00e3o da escola, era o primeiro desejo de todos n\u00f3s. Apesar do pr\u00e9-Carnaval conturbado, no qual\u00a0carnavalesco e barrac\u00e3o n\u00e3o se entendiam muito bem, e das limita\u00e7\u00f5es financeiras, a Nen\u00ea mais uma vez mostrava sinais de evolu\u00e7\u00e3o.<\/p>\n<p style=\"text-align: justify;\">O nervosismo bateu nos componentes da \u00c1guia da Zona Leste logo no in\u00edcio do desfile, quando o carro abre-alas quebrou e quase comprometeu todo o desfile. Aos trancos e barrancos, ele foi at\u00e9 o fim. O desfile estava bastante simples, mas bem bonito. O enredo foi corretamente desenvolvido e soube dosar bem o que era hist\u00f3ria e o que era cr\u00edtica. Mais uma vez, as fantasias foram bem superiores \u00e0s alegorias, que n\u00e3o estavam muito bem acabadas e, embora o samba n\u00e3o fosse t\u00e3o bom quanto o de 92, a escola fez uma apresenta\u00e7\u00e3o ligeiramente superior, embora dessa vez n\u00e3o houvesse praticamente nenhuma chance de levantar o caneco.<\/p>\n<p style=\"text-align: justify;\">Sem o carnavalesco Pedrinho Pinotti, que foi para a Colorado do Br\u00e1s j\u00e1 sendo uma das maiores revela\u00e7\u00f5es do Carnaval Paulistano, a Leandro de Itaquera pisou na Avenida para defender o enredo \u201cCarnaval \u2013 alegria do povo\u201d e fez mais um desfile que n\u00e3o deixou saudades na comunidade da Zona Leste.<\/p>\n<p style=\"text-align: justify;\">A come\u00e7ar pelo samba, que era muito longo e tinha quatro refr\u00f5es, a Leandro n\u00e3o conseguiu empolgar a passarela apesar da tem\u00e1tica simples e de f\u00e1cil entendimento. Com um potencial financeiro reduzido, o Le\u00e3o Guerreiro apresentou um enredo dividido basicamente em duas partes: a primeira exaltando a pr\u00f3pria comunidade e a segunda sobre as transforma\u00e7\u00f5es que o Carnaval provoca. Aquela coisa do pobre virar Rei, o lixeiro virar Doutor, enfim.<\/p>\n<p style=\"text-align: justify;\">O problema \u00e9 que, nessa primeira parte resolveu dar um tom cr\u00edtico para o desfile, e a\u00ed perdeu-se o esp\u00edrito mais alegre do enredo. Al\u00e9m do mais, o sofrimento do pobre que n\u00e3o tem dinheiro e encontra no samba um divertimento j\u00e1 havia passado em algumas escolas no Carnaval anterior e a sensa\u00e7\u00e3o de mais do mesmo era inevit\u00e1vel.<\/p>\n<p style=\"text-align: justify;\">O conjunto aleg\u00f3rico era at\u00e9 bastante competente, apesar de n\u00e3o ser exatamente um primor em criatividade. As fantasias tiveram um efeito razo\u00e1vel e a escola n\u00e3o corria qualquer risco de rebaixamento, mas tamb\u00e9m n\u00e3o poderia sequer sonhar com uma boa coloca\u00e7\u00e3o. Para piorar, a Leandro foi mais uma a estourar o tempo m\u00e1ximo de desfile e seria penalizada em cinco pontos.<\/p>\n<p style=\"text-align: justify;\"><a href=\"http:\/\/www.pedromigao.com.br\/ourodetolo\/wp-content\/uploads\/2014\/08\/camisaverdeebranco1993d.jpg\"><img loading=\"lazy\" decoding=\"async\" class=\"size-medium wp-image-29007 alignleft\" src=\"http:\/\/www.pedromigao.com.br\/ourodetolo\/wp-content\/uploads\/2014\/08\/camisaverdeebranco1993d-300x229.jpg\" alt=\"camisaverdeebranco1993d\" width=\"300\" height=\"229\" srcset=\"http:\/\/www.pedromigao.com.br\/ourodetolo\/wp-content\/uploads\/2014\/08\/camisaverdeebranco1993d-300x229.jpg 300w, http:\/\/www.pedromigao.com.br\/ourodetolo\/wp-content\/uploads\/2014\/08\/camisaverdeebranco1993d-445x340.jpg 445w, http:\/\/www.pedromigao.com.br\/ourodetolo\/wp-content\/uploads\/2014\/08\/camisaverdeebranco1993d.jpg 1168w\" sizes=\"auto, (max-width: 300px) 100vw, 300px\" \/><\/a>Depois do desfile da Leandro era a hora, como se diz, de a on\u00e7a beber a \u00e1gua. As tr\u00eas \u00faltimas escolas eram as tr\u00eas maiores, as tr\u00eas grandes favoritas. A primeira delas a entrar na Avenida foi o Camisa Verde e Branco, j\u00e1 com o dia amanhecendo. Para comemorar os seus 40 anos, o Trevo da Barra Funda levou para o Anhembi o enredo \u201cTalism\u00e3\u201d. O t\u00edtulo vinha do mais nobre compositor da hist\u00f3ria da escola, que carregava o apelido.<\/p>\n<p style=\"text-align: justify;\">E o Camisa provou porque era talvez a maior favorita ao t\u00edtulo. Para come\u00e7ar, a escola tinha mais um samba hist\u00f3rico. Uma obra-prima em letra e em melodia que conquistou o Anhembi e, mais uma vez, impulsionou a agremia\u00e7\u00e3o da Barra Funda para uma apresenta\u00e7\u00e3o memor\u00e1vel.<\/p>\n<p style=\"text-align: justify;\">O enredo foi muit\u00edssimo bem desenvolvido e n\u00e3o caiu no erro comum em enredos desse tipo, que \u00e9 se limitar a \u201cpassear\u201d pelos desfiles marcantes da hist\u00f3ria. O lado sentimental, os grandes personagens, a m\u00edstica do Trevo, tudo foi abordado com corre\u00e7\u00e3o. Para o meu gosto, o \u00fanico erro se deu ao falar das cores da escola \u2013 o verde e o branco \u2013 e encaixar no enredo coisas como a defesa da Amaz\u00f4nia.<br \/>\n<a href=\"http:\/\/www.pedromigao.com.br\/ourodetolo\/wp-content\/uploads\/2014\/08\/camisaverdeebranco1993.jpg\"><img loading=\"lazy\" decoding=\"async\" class=\"size-medium wp-image-29004 alignright\" src=\"http:\/\/www.pedromigao.com.br\/ourodetolo\/wp-content\/uploads\/2014\/08\/camisaverdeebranco1993-300x214.jpg\" alt=\"camisaverdeebranco1993\" width=\"300\" height=\"214\" srcset=\"http:\/\/www.pedromigao.com.br\/ourodetolo\/wp-content\/uploads\/2014\/08\/camisaverdeebranco1993-300x214.jpg 300w, http:\/\/www.pedromigao.com.br\/ourodetolo\/wp-content\/uploads\/2014\/08\/camisaverdeebranco1993-476x340.jpg 476w, http:\/\/www.pedromigao.com.br\/ourodetolo\/wp-content\/uploads\/2014\/08\/camisaverdeebranco1993.jpg 1160w\" sizes=\"auto, (max-width: 300px) 100vw, 300px\" \/><\/a><\/p>\n<p style=\"text-align: justify;\">O conjunto aleg\u00f3rico foi mais uma vez de grande impacto, com carros grandiosos, de belo efeito e com a divis\u00e3o crom\u00e1tica pendendo sempre para o branco, j\u00e1 que o Camisa desfilaria mais uma vez de manh\u00e3. As fantasias tamb\u00e9m foram de \u00f3timo gosto e a escola s\u00f3 n\u00e3o cruzou o port\u00e3o com a certeza de mais um t\u00edtulo porque ainda faltavam as duas maiores concorrentes.<\/p>\n<p style=\"text-align: justify;\">A primeira delas, Rosas de Ouro, tentou o tetracampeonato e fez mais um grande desfile. O enredo \u201c\u00c9 hoje&#8230; Um dia de festa\u201d quebrou uma tradi\u00e7\u00e3o da escola de adotar temas que exaltassem a cidade de S\u00e3o Paulo. A Roseira, no entanto, desfilou com a empolga\u00e7\u00e3o habitual, embora n\u00e3o estivesse mais acompanhada de um grande samba como nos anos anteriores.<\/p>\n<p style=\"text-align: justify;\"><a href=\"http:\/\/www.pedromigao.com.br\/ourodetolo\/wp-content\/uploads\/2014\/08\/camisaverdeebranco1993c.jpg\"><img loading=\"lazy\" decoding=\"async\" class=\"size-thumbnail wp-image-29006 alignleft\" src=\"http:\/\/www.pedromigao.com.br\/ourodetolo\/wp-content\/uploads\/2014\/08\/camisaverdeebranco1993c-150x150.jpg\" alt=\"camisaverdeebranco1993c\" width=\"150\" height=\"150\" \/><\/a>O enredo, simples, foi bem desenvolvido e n\u00e3o se preocupou em estabelecer alguma ordem. As festas foram \u201cjogadas\u201d ao longo das alas e alegorias, exce\u00e7\u00e3o feita ao primeiro setor, que destacava o surgimento do calend\u00e1rio adotado atualmente na maior parte do Mundo e as origens de algumas festas t\u00e3o antigas quanto ele. Houve um setor dedicado ao circo, outro as festas no campo, outro para as celebra\u00e7\u00f5es religiosas e tudo isso foi feito com extrema clareza.<\/p>\n<p style=\"text-align: justify;\">O conjunto visual, apesar da compet\u00eancia habitual, foi inferior ao do Camisa Verde. As alegorias e fantasias estavam muito bem acabadas, mas bem menos luxuosas e imponentes que as do Trevo da Barra Funda. Foi, sem d\u00favida, um grande desfile, mas que ainda n\u00e3o parecia o suficiente para bater o Camisa.<\/p>\n<p style=\"text-align: justify;\"><a href=\"http:\/\/www.pedromigao.com.br\/ourodetolo\/wp-content\/uploads\/2014\/09\/vavai1993b.png\"><img loading=\"lazy\" decoding=\"async\" class=\"size-medium wp-image-29023 alignleft\" src=\"http:\/\/www.pedromigao.com.br\/ourodetolo\/wp-content\/uploads\/2014\/09\/vavai1993b-300x168.png\" alt=\"vavai1993b\" width=\"300\" height=\"168\" srcset=\"http:\/\/www.pedromigao.com.br\/ourodetolo\/wp-content\/uploads\/2014\/09\/vavai1993b-300x168.png 300w, http:\/\/www.pedromigao.com.br\/ourodetolo\/wp-content\/uploads\/2014\/09\/vavai1993b-550x308.png 550w, http:\/\/www.pedromigao.com.br\/ourodetolo\/wp-content\/uploads\/2014\/09\/vavai1993b.png 1440w\" sizes=\"auto, (max-width: 300px) 100vw, 300px\" \/><\/a>Por fim, foi a vez de a Vai-Vai encerrar mais uma vez a jornada de desfiles. O enredo \u201cNem tudo que reluz \u00e9 ouro\u201d prometia muita pol\u00eamica, em especial pelo anunciado e badalado carro que trazia representa\u00e7\u00f5es de Fernando Collor de Mello e PC Farias. O primeiro, havia sido deposto da Presid\u00eancia meses antes. O segundo, tesoureiro da campanha, estava envolvido em toda a confus\u00e3o e seria encontrado morto tr\u00eas anos depois.<\/p>\n<p style=\"text-align: justify;\">De fato, esta alegoria foi a maior marca de um desfile grandioso da Saracura. O samba-enredo, muito bom, foi cantado a plenos pulm\u00f5es pela arquibancada e foi, como de costume, acompanhado por um desempenho brilhante da Bateria de Mestre Tadeu e pela maravilhosa interpreta\u00e7\u00e3o de Thobias da Vai-Vai. As fantasias foram as melhores da noite, com muito preto, branco e dourado. Embora o enredo fosse mais sobre engana\u00e7\u00f5es que sobre o ouro, sua cor predominante esteve presente em todo o desfile.<a href=\"http:\/\/www.pedromigao.com.br\/ourodetolo\/wp-content\/uploads\/2014\/09\/vaivai1993.jpg\"><img loading=\"lazy\" decoding=\"async\" class=\"size-medium wp-image-29022 alignright\" src=\"http:\/\/www.pedromigao.com.br\/ourodetolo\/wp-content\/uploads\/2014\/09\/vaivai1993-300x165.jpg\" alt=\"vaivai1993\" width=\"300\" height=\"165\" srcset=\"http:\/\/www.pedromigao.com.br\/ourodetolo\/wp-content\/uploads\/2014\/09\/vaivai1993-300x165.jpg 300w, http:\/\/www.pedromigao.com.br\/ourodetolo\/wp-content\/uploads\/2014\/09\/vaivai1993-550x303.jpg 550w, http:\/\/www.pedromigao.com.br\/ourodetolo\/wp-content\/uploads\/2014\/09\/vaivai1993.jpg 1436w\" sizes=\"auto, (max-width: 300px) 100vw, 300px\" \/><\/a><\/p>\n<p style=\"text-align: justify;\">Apesar da fama que o carro de Collor e PC Farias carregou, o abre-alas foi a mais bela alegoria a passar pelo Anhembi em 1993. Grande em altura e largura, trazia uma ilumina\u00e7\u00e3o pouco usual para aqueles tempos at\u00e9 para quem desfilava a noite. A Escola do Povo usou e abusou do preto e do branco e deixou a Avenida com a certeza de que brigaria ponto a ponto com o Camisa pelo t\u00edtulo.<\/p>\n<p style=\"text-align: justify;\">A apura\u00e7\u00e3o come\u00e7ou com uma pequena confus\u00e3o: o Presidente da Leandro de Itaquera, Leandro Alves Martins, n\u00e3o aceitava a perda de cinco pontos por estouro de cron\u00f4metro, alegando que quando a escola iniciou seu desfile, o rel\u00f3gio j\u00e1 marcava tr\u00eas minutos. Ele tamb\u00e9m julgava injusto que a perda de pontos fosse a mesma de anos anteriores agora que havia os descartes, pois era mais dif\u00edcil de recuperar os pontos perdidos.<\/p>\n<p style=\"text-align: justify;\">Quando as notas come\u00e7aram a ser lidas, Camisa, Vai-Vai e, surpreendentemente, Nen\u00ea, despontaram na frente. Depois da apura\u00e7\u00e3o ser paralisada pela briga entre membros da Gavi\u00f5es e do Camisa, no sexto quesito, melodia, a Nen\u00ea levou duas 9 e deixou o caminho livre para a verde-e-branco e a Saracura comemorarem o t\u00edtulo com a pontua\u00e7\u00e3o m\u00e1xima, 100. No entanto, o Camisa teve apenas uma nota diferente de 10, enquanto a Vai-Vai levou quatro noves ao longo dos quesitos, todos descartados.<\/p>\n<p style=\"text-align: justify;\">A Mocidade surpreendeu ao terminar em terceiro com 97 pontos, apenas dois a menos que a Rosas de Ouro, vice-campe\u00e3, que perdeu seu \u00fanico ponto no quesito harmonia. A Nen\u00ea de Vila Matilde comemorou muito o quarto lugar, com 96 pontos, seguida pela Gavi\u00f5es da Fiel e pela Acad\u00eamicos do Tucuruvi, que ficaram a frente de Leandro de Itaquera e Peruche por conta das puni\u00e7\u00f5es sofridas pelas duas agremia\u00e7\u00f5es.<\/p>\n<p style=\"text-align: justify;\">A Barroca Zona Sul, com 84 pontos, se salvou do rebaixamento. Ca\u00edram a Imperador do Ipiranga, com 82, e a Colorado do Br\u00e1s, que somou 80. Ao final da promulga\u00e7\u00e3o das notas, as diretorias de Camisa e Vai-Vai fizeram uma bonita festa, trocaram abra\u00e7os e sa\u00edram cantando juntas pelo estacionamento do Anhembi.<\/p>\n<p style=\"text-align: justify;\">O que pouca gente sabe, por\u00e9m, \u00e9 de uma confus\u00e3o gigantesca que aconteceu horas antes da apura\u00e7\u00e3o. Essa hist\u00f3ria s\u00f3 se tornou p\u00fablica em 2010, quando o locutor oficial da apura\u00e7\u00e3o, Zulu a revelou no Programa No Mundo do Samba. Nessa \u00e9poca, Zulu era coordenador da Liga e as notas eram recolhidas por um outro membro, que levava as notas para casa, montava uma tabela com os resultados e devolvia tudo no dia da apura\u00e7\u00e3o.<\/p>\n<p style=\"text-align: justify;\">Tudo ia muito bem at\u00e9 horas antes do in\u00edcio da divulga\u00e7\u00e3o das notas, quando Zulu, j\u00e1 preparado para a leitura, recebeu a informa\u00e7\u00e3o de que j\u00e1 tinha um pessoal da imprensa com o resultado final na m\u00e3o. As diretorias armaram uma verdadeira quizomba e, sem dar maiores detalhes, Zulu, que sempre foi ligado ao Camisa, disse que a hist\u00f3ria \u2013 o empate entre Camisa e Vai-Vai \u2013 \u201cn\u00e3o foi bem assim\u201d e que a Saracura s\u00f3 se sagrou campe\u00e3 porque a Presidente Magali optou por dividir o t\u00edtulo. Ou seja: o Camisa teria, ao menos segundo Zulu, terminado \u00e0 frente da Saracura. De todo modo, a Liga aprendeu a li\u00e7\u00e3o e, a partir de 1994, passou a guardar as c\u00e9dulas no Batalh\u00e3o da ROTA.<\/p>\n<p style=\"text-align: justify;\">De todo modo, no Grupo 1, subiram, como campe\u00e3, a Primeira da Aclima\u00e7\u00e3o e a Unidos de S\u00e3o Miguel. O leitor que acompanhou o texto de 1992 deve se lembrar que n\u00e3o houve rebaixamento no segundo grupo naquele ano. E, vejam que ironia, a Primeira da Aclima\u00e7\u00e3o havia sido a \u00faltima colocada, salva pela mudan\u00e7a no regulamento, um ano antes de conquistar o in\u00e9dito acesso ao Especial, assim como a coirm\u00e3 da Zona Norte. A P\u00e9rola Negra ficou mais uma vez no \u201cquase\u201d, terminando em terceiro lugar.<\/p>\n<p style=\"text-align: justify;\"><strong>Curiosidades<\/strong><\/p>\n<p style=\"text-align: justify;\">&#8211; Luiz Alfredo mais uma vez comandou as transmiss\u00f5es da Globo junto com Carlos Tramontina.<\/p>\n<p style=\"text-align: justify;\">&#8211; Um cameraman que participava da transmiss\u00e3o da Globo, ali\u00e1s, caiu da grua de onde captava imagens e teve que ser internado. Apesar de n\u00e3o ter corrido risco de morte, ele teve alguns ferimentos e passou o resto do Carnaval no hospital.<\/p>\n<p style=\"text-align: justify;\">&#8211; No meio do quebra-pau com o Camisa Verde e Branco na apura\u00e7\u00e3o, membros da Gavi\u00f5es acusaram os jurados de \u201cfavorecerem as escolas fortes\u201d. De fato, a Gavi\u00f5es foi julgada com bastante rigor, mas mal sabiam eles que n\u00e3o demoraria muito para a escola se juntar as que eram ent\u00e3o \u201cfavorecidas\u201d.<\/p>\n<p style=\"text-align: justify;\">&#8211; O Camisa Verde e Branco usou algumas vezes a sua funda\u00e7\u00e3o de 1954 para comemorar \u201cdatas cheias\u201d em forma de enredo. Em 2014, no entanto, resolveu comemorar seu \u201ccenten\u00e1rio\u201d, usando o in\u00edcio do Grupo Barra Funda, em 1914, como ponto de partida para a sua hist\u00f3ria.<\/p>\n<p style=\"text-align: justify;\">&#8211; Foi o \u00faltimo desfile da Colorado do Br\u00e1s no Grupo Especial at\u00e9 hoje. A escola passou por diversas crises ao longo dos anos e chegou at\u00e9 \u00e0 pen\u00faltima divis\u00e3o do Carnaval Paulistano, de onde saiu em 2011 para repentinamente voltar ao Grupo de Acesso, onde est\u00e1 hoje.<\/p>\n<p style=\"text-align: justify;\">&#8211; Nem o Presidente da Unidos de S\u00e3o Miguel acreditava no acesso da escola. Jo\u00e3o Bosco Domingues foi pego completamente de surpresa e disse que n\u00e3o havia preparado nada para comemorar o acesso.<\/p>\n<p style=\"text-align: justify;\">&#8211; A Folha de S. Paulo do dia 22 de fevereiro de 1993, a edi\u00e7\u00e3o que trazia os coment\u00e1rios sobre o desfile, destacava que, em S\u00e3o Paulo, ao contr\u00e1rio do Rio, as escolas ainda n\u00e3o haviam perdido o tom cr\u00edtico em seus enredos.<\/p>\n<p style=\"text-align: justify;\">&#8211; A Uni\u00e3o das Escolas de Samba Paulistanas, Uesp, que organiza os desfiles dos grupos menores, pediu uma verba de 600 milh\u00f5es de cruzeiros reais para a Prefeitura para trazer a Est\u00e1cio de S\u00e1, campe\u00e3 do Rio em 92, para se apresentar na ter\u00e7a-feira de Carnaval em determinado local. Tudo certo, tudo pago e&#8230; a Est\u00e1cio n\u00e3o apareceu, alegando estar \u201cdesmotivada\u201d pelo desfile feito na Sapuca\u00ed. A Uesp prometeu \u201ctomar as medidas cab\u00edveis\u201d, enquanto a escola carioca disse que havia acertado tudo com a Prefeitura e, portanto, n\u00e3o devia satisfa\u00e7\u00f5es \u00e0 entidade.<\/p>\n<p style=\"text-align: justify;\">&#8211; No texto anterior, falamos sobre a Acad\u00eamicos do Tatuap\u00e9, que estava no Grupo de Sele\u00e7\u00e3o B. Em 1993, a escola da Zona Leste j\u00e1 vencia o Grupo IV.<\/p>\n<p style=\"text-align: justify;\">&#8211; A X-9 Paulistana, escola que viria a aparecer com muito destaque no fim do S\u00e9culo XX, se aproximou pela primeira vez do Grupo Especial em 1993. Rec\u00e9m-abandonando o nome \u201cFilhotes da X-9\u201d, a escola da Parada Inglesa foi a quinta colocada no Grupo 1.<\/p>\n<p style=\"text-align: justify;\"><strong>Links<\/strong><\/p>\n<p style=\"text-align: justify;\">O desfile da Gavi\u00f5es<br \/>\nhttps:\/\/www.youtube.com\/watch?v=yffsjOFHI98<\/p>\n<p style=\"text-align: justify;\">O hist\u00f3rico samba do Camisa Verde<br \/>\nhttps:\/\/www.youtube.com\/watch?v=IW2HE8db6K0<\/p>\n<p style=\"text-align: justify;\">Um trecho do desfile da Vai-Vai<br \/>\nhttps:\/\/www.youtube.com\/watch?v=j8cT3aophko<\/p>\n","protected":false},"excerpt":{"rendered":"<p>Para o Carnaval paulistano de 1993, houve uma mudan\u00e7a importante no regulamento: o desfile\u00a0continuaria sendo julgado por 30 jurados \u2013 tr\u00eas por quesito -, masTour Details<\/p>\n","protected":false},"author":12,"featured_media":29005,"comment_status":"open","ping_status":"open","sticky":false,"template":"","format":"standard","meta":{"footnotes":""},"categories":[647],"tags":[656,18,652,12,19,687],"class_list":["post-29002","post","type-post","status-publish","format-standard","has-post-thumbnail","hentry","category-bodas-de-prata","tag-camisa-verde-e-branco","tag-carnaval","tag-carnaval-de-sp","tag-cultura","tag-escolas-de-samba","tag-vai-vai"],"_links":{"self":[{"href":"http:\/\/www.pedromigao.com.br\/ourodetolo\/wp-json\/wp\/v2\/posts\/29002","targetHints":{"allow":["GET"]}}],"collection":[{"href":"http:\/\/www.pedromigao.com.br\/ourodetolo\/wp-json\/wp\/v2\/posts"}],"about":[{"href":"http:\/\/www.pedromigao.com.br\/ourodetolo\/wp-json\/wp\/v2\/types\/post"}],"author":[{"embeddable":true,"href":"http:\/\/www.pedromigao.com.br\/ourodetolo\/wp-json\/wp\/v2\/users\/12"}],"replies":[{"embeddable":true,"href":"http:\/\/www.pedromigao.com.br\/ourodetolo\/wp-json\/wp\/v2\/comments?post=29002"}],"version-history":[{"count":2,"href":"http:\/\/www.pedromigao.com.br\/ourodetolo\/wp-json\/wp\/v2\/posts\/29002\/revisions"}],"predecessor-version":[{"id":29018,"href":"http:\/\/www.pedromigao.com.br\/ourodetolo\/wp-json\/wp\/v2\/posts\/29002\/revisions\/29018"}],"wp:featuredmedia":[{"embeddable":true,"href":"http:\/\/www.pedromigao.com.br\/ourodetolo\/wp-json\/wp\/v2\/media\/29005"}],"wp:attachment":[{"href":"http:\/\/www.pedromigao.com.br\/ourodetolo\/wp-json\/wp\/v2\/media?parent=29002"}],"wp:term":[{"taxonomy":"category","embeddable":true,"href":"http:\/\/www.pedromigao.com.br\/ourodetolo\/wp-json\/wp\/v2\/categories?post=29002"},{"taxonomy":"post_tag","embeddable":true,"href":"http:\/\/www.pedromigao.com.br\/ourodetolo\/wp-json\/wp\/v2\/tags?post=29002"}],"curies":[{"name":"wp","href":"https:\/\/api.w.org\/{rel}","templated":true}]}}