{"id":28663,"date":"2014-08-21T05:28:08","date_gmt":"2014-08-21T08:28:08","guid":{"rendered":"http:\/\/www.pedromigao.com.br\/ourodetolo\/?p=28663"},"modified":"2014-08-20T15:57:39","modified_gmt":"2014-08-20T18:57:39","slug":"ligando-os-pontinhos","status":"publish","type":"post","link":"http:\/\/www.pedromigao.com.br\/ourodetolo\/2014\/08\/ligando-os-pontinhos\/","title":{"rendered":"Ligando os Pontinhos"},"content":{"rendered":"<p style=\"text-align: justify;\">Um avi\u00e3o cai, outros fazem v\u00f4os atabalhoados, e \u00e9 Marina quem decola. Algumas coisas ajudam a explicar o desempenho de A\u00e9cio Neves.<\/p>\n<p style=\"text-align: justify;\">N\u00e3o conhe\u00e7o o Munic\u00edpio de Cl\u00e1udio, em Minas Gerais e, at\u00e9 recentemente, nem sabia de sua exist\u00eancia. Para ser bem sincero, n\u00e3o registrei conscientemente sua primeira apari\u00e7\u00e3o no notici\u00e1rio nacional. A not\u00edcia que mostrou Cl\u00e1udio ao mundo foi dada pelo jornal Folha de S\u00e3o Paulo em 20 de julho \u00faltimo, e esta todo mundo viu: \u201cGoverno de Minas fez aeroporto em terreno de tio de A\u00e9cio.\u201d <span style=\"color: #ff6600;\">(<a href=\"http:\/\/www1.folha.uol.com.br\/poder\/2014\/07\/1488587-governo-de-minas-fez-aeroporto-em-terreno-de-tio-de-aecio.shtml\" target=\"_blank\"><span style=\"color: #ff6600;\">http:\/\/www1.folha.uol.com.br\/poder\/2014\/07\/1488587-governo-de-minas-fez-aeroporto-em-terreno-de-tio-de-aecio.shtml<\/span><\/a><\/span>)<\/p>\n<p style=\"text-align: justify;\">O que eu n\u00e3o notei, e acredito que pouca gente percebeu, foram as apari\u00e7\u00f5es imediatamente anteriores do nome do Munic\u00edpio no notici\u00e1rio. E n\u00e3o foram poucas, considerando a pequena popula\u00e7\u00e3o de cerca de 25 mil habitantes e a desimport\u00e2ncia da economia local, limitada a uns tantos cafezais e algumas fundi\u00e7\u00f5es. Por sinal, s\u00f3 vim a notar h\u00e1 poucos dias que uma placa de revestimento de ferro na minha casa foi fabricada l\u00e1.<\/p>\n<p style=\"text-align: justify;\">A manchete da Folha em julho, na primeira p\u00e1gina da edi\u00e7\u00e3o dominical, j\u00e1 seria suficiente para provocar s\u00e9rias dificuldades para a j\u00e1 cambaleante campanha de A\u00e9cio Neves. S\u00f3 que, para tentar compreender a confus\u00e3o, muita gente curiosa como eu foi ao Google em busca de informa\u00e7\u00f5es sobre Cl\u00e1udio, MG. E a situa\u00e7\u00e3o piora muito.<\/p>\n<p style=\"text-align: justify;\">Foi poss\u00edvel reviver uma mat\u00e9ria do Fant\u00e1stico sobre vendas de habeas corpus para traficantes de drogas na regi\u00e3o de Divin\u00f3polis, de 22 de abril de 2012 (<span style=\"color: #ff6600;\"><a href=\"http:\/\/globotv.globo.com\/rede-globo\/fantastico\/v\/desembargador-libera-traficantes-em-troca-de-dinheiro\/1915359\/\" target=\"_blank\"><span style=\"color: #ff6600;\">http:\/\/globotv.globo.com\/rede-globo\/fantastico\/v\/desembargador-libera-traficantes-em-troca-de-dinheiro\/1915359\/<\/span><\/a><\/span>). Trata-se da den\u00fancia de que um desembargador da Justi\u00e7a de Minas Gerais concedeu a soltura de traficantes em troca de dinheiro. A opera\u00e7\u00e3o foi confessadamente intermediada por \u201cTancredo Tolentino, o Quedo, um comerciante da cidade de Cl\u00e1udio\u201d. Assim \u00e9 descrito, na mat\u00e9ria, este personagem. Foi omitido um detalhe, no m\u00ednimo, pitoresco: Quedo \u00e9 primo e vizinho de porteira do Senador A\u00e9cio Neves.<\/p>\n<p style=\"text-align: justify;\">Com um pouco mais de pesquisa pode-se correlacionar Cl\u00e1udio ao epis\u00f3dio do helic\u00f3ptero da fam\u00edlia Perrella que foi apreendido em novembro no Esp\u00edrito Santo carregado com 445 kg de pasta de coca\u00edna. (<span style=\"color: #ff6600;\"><a href=\"http:\/\/g1.globo.com\/minas-gerais\/noticia\/2013\/11\/helicoptero-com-cocaina-no-es-e-da-familia-do-senador-zeze-perrella.html\" target=\"_blank\"><span style=\"color: #ff6600;\">http:\/\/g1.globo.com\/minas-gerais\/noticia\/2013\/11\/helicoptero-com-cocaina-no-es-e-da-familia-do-senador-zeze-perrella.html<\/span><\/a><\/span>). O desenrolar das investiga\u00e7\u00f5es apontaram a culpa na dire\u00e7\u00e3o do piloto da aeronave, livrando o senador Zez\u00e9 Perrela e a fam\u00edlia. Tamb\u00e9m encontrou uma rota prov\u00e1vel para o v\u00f4o, que teria come\u00e7ado na fronteira do Paraguai, passado pelos estados do Paran\u00e1 e S\u00e3o Paulo, antes de fazer um \u00faltimo pouso para reabastecimento numa fazenda na localidade de Sabarazinho, em Minas, antes de ser apreendido em terras capixabas. O notici\u00e1rio omitiu que os donos do helic\u00f3ptero s\u00e3o amigos pessoais e aliados pol\u00edticos de longa data de A\u00e9cio Neves. Isso veio a p\u00fablico para o resto do Brasil gra\u00e7as ao povo mineiro, que fez quest\u00e3o de manifestar-se quanto \u00e0 coincid\u00eancia. O mais curioso, entretanto, passou ao largo: o local do pouso em Sabarazinho fica a exatos 14 quil\u00f4metros do aeroporto de Cl\u00e1udio.<\/p>\n<p style=\"text-align: justify;\">Tamb\u00e9m n\u00e3o foi muito percebida a not\u00edcia veiculada poucos dias antes (22\/11) na m\u00eddia local que dava conta do fechamento de um laborat\u00f3rio clandestino de refino de coca\u00edna em Cl\u00e1udio (<span style=\"color: #ff6600;\"><a href=\"http:\/\/g1.globo.com\/mg\/centro-oeste\/noticia\/2013\/11\/policia-fecha-laboratorio-de-refino-de-drogas-em-claudio-mg.html\" target=\"_blank\"><span style=\"color: #ff6600;\">http:\/\/g1.globo.com\/mg\/centro-oeste\/noticia\/2013\/11\/policia-fecha-laboratorio-de-refino-de-drogas-em-claudio-mg.html<\/span><\/a><\/span>). \u00c9 interessante saber que a pol\u00edcia n\u00e3o fez nenhuma correla\u00e7\u00e3o entre a exist\u00eancia desse laborat\u00f3rio e a escala do \u201chelip\u00f3ptero\u201d na mesma regi\u00e3o.<\/p>\n<p style=\"text-align: justify;\">Por fim, tamb\u00e9m ficou restrita \u00e0 m\u00eddia local a not\u00edcia recente (11\/7) de que foram apreendidos em Cl\u00e1udio dinheiro, drogas e ve\u00edculos (<span style=\"color: #ff6600;\"><a href=\"http:\/\/g1.globo.com\/mg\/centro-oeste\/noticia\/2014\/07\/dinheiro-drogas-e-veiculos-sao-apreendidos-em-claudio-mg.html\" target=\"_blank\"><span style=\"color: #ff6600;\">http:\/\/g1.globo.com\/mg\/centro-oeste\/noticia\/2014\/07\/dinheiro-drogas-e-veiculos-sao-apreendidos-em-claudio-mg.html<\/span><\/a><\/span>) numa opera\u00e7\u00e3o policial.<\/p>\n<p style=\"text-align: justify;\">A alega\u00e7\u00e3o oficial para o motivo da constru\u00e7\u00e3o do aeroporto na cidade \u00e9 que ela seria um importante p\u00f3lo de metalurgia. Entretanto, para um mesmo per\u00edodo de dois anos em que h\u00e1 na imprensa, sem esfor\u00e7o, quatro casos envolvendo tr\u00e1fico de coca\u00edna, n\u00e3o h\u00e1 sequer uma nota sobre a metalurgia. O notici\u00e1rio aponta, portanto, outro tipo de \u201catividade econ\u00f4mica\u201d t\u00edpica naquelas paragens.<\/p>\n<p style=\"text-align: justify;\">Voltando \u00e0 not\u00edcia mais badalada, especificamente sobre o aeroporto, sabe-se bastante do assunto apenas atrav\u00e9s dos blogs independentes. A m\u00eddia corporativa tratou de fazer uma nuvem grossa de fuma\u00e7a sobre o esc\u00e2ndalo. \u00c9 certo que a den\u00fancia partiu \u201csurpreendentemente\u201d da Folha de S\u00e3o Paulo, um dos jornal\u00f5es que costuma fazer coro \u00e0s causas da imprensa conservadora. Mas n\u00e3o h\u00e1 comportamento uniforme entre estes ve\u00edculos, sen\u00e3o que uma a\u00e7\u00e3o conjunta articulada, conservando cada um seu car\u00e1ter especial (ou falta de). Cabe \u00e0 Folha o papel de ve\u00edculo de opini\u00f5es diversificadas capaz de disparar \u201ctiros amigos\u201d na luta fratricida das correntes da direita brasileira. Cabe aos demais, em casos assim, a miss\u00e3o de abafar os esc\u00e2ndalos que saem do controle no jogo do faz-de-conta.<\/p>\n<p style=\"text-align: justify;\">Ocorre que estes casos fora de controle s\u00e3o cada vez mais numerosos, concorrendo para isso a falta de postura republicana da direita, o acirramento de suas disputas intestinas, as crescentes fraqueza e falta de credibilidade da chamada grande m\u00eddia e a for\u00e7a da internet. Por conta desses fatores, sabemos que A\u00e9cio, enquanto governador de Minas, torrou 14 milh\u00f5es na constru\u00e7\u00e3o de um aeroporto em terras que est\u00e3o em lit\u00edgio entre seu tio e o pr\u00f3prio estado de Minas; que, depois de negar por uma semana, enfim reconheceu que utilizou v\u00e1rias vezes o aeroporto que ele mesmo mandou construir; que, apesar do uso, o aeroporto est\u00e1 at\u00e9 hoje em situa\u00e7\u00e3o irregular junto \u00e0 Anac, n\u00e3o sendo utilizado pela popula\u00e7\u00e3o local; que A\u00e9cio tem uma fazenda vizinha ao aeroporto; que esta \u00e9 sua fazenda favorita; que a empreiteira respons\u00e1vel pela constru\u00e7\u00e3o foi doadora nas \u00faltimas campanhas de A\u00e9cio e Anastasia ao governo de Minas; que o aeroporto \u00e9 usado, preferencialmente, como \u00e1rea de manobra de aeromodelos; que as chaves do aeroporto ficam em posse de um primo de A\u00e9cio.<\/p>\n<p style=\"text-align: justify;\">H\u00e1 mais um detalhe constrangedor. Como se o caso, por si, j\u00e1 n\u00e3o fosse capaz de encerrar de uma vez por todas as pretens\u00f5es pol\u00edticas de um candidato entronizado como um \u201cbasti\u00e3o da moralidade\u201d. Soma-se ao conjunto da obra um detalhe definitivo e \u2013 repito &#8211; constrangedor: o tal primo que det\u00e9m a chave de um aeroporto supostamente p\u00fablico \u00e9 Tancredo Tolentino, o Quedo, o tal envolvido com corrup\u00e7\u00e3o e tr\u00e1fico de drogas.<\/p>\n<p style=\"text-align: justify;\"><a href=\"http:\/\/www.pedromigao.com.br\/ourodetolo\/wp-content\/uploads\/2014\/08\/aecioneves2.jpg\"><img loading=\"lazy\" decoding=\"async\" class=\"size-medium wp-image-28665 alignleft\" src=\"http:\/\/www.pedromigao.com.br\/ourodetolo\/wp-content\/uploads\/2014\/08\/aecioneves2-296x300.jpg\" alt=\"aecioneves2\" width=\"296\" height=\"300\" srcset=\"http:\/\/www.pedromigao.com.br\/ourodetolo\/wp-content\/uploads\/2014\/08\/aecioneves2-296x300.jpg 296w, http:\/\/www.pedromigao.com.br\/ourodetolo\/wp-content\/uploads\/2014\/08\/aecioneves2-336x340.jpg 336w, http:\/\/www.pedromigao.com.br\/ourodetolo\/wp-content\/uploads\/2014\/08\/aecioneves2.jpg 759w\" sizes=\"auto, (max-width: 296px) 100vw, 296px\" \/><\/a>Claro que tudo isso pode n\u00e3o passar de uma grande e desagrad\u00e1vel coincid\u00eancia. Um tipo de coincid\u00eancia que n\u00e3o ajuda muito o candidato A\u00e9cio Neves, <span style=\"color: #3e454c;\">alvo de coment\u00e1rios por parte da popula\u00e7\u00e3o<\/span>. Aplique-se aquele princ\u00edpio de que o homem p\u00fablico n\u00e3o precisa apenas ser honesto, mas parecer honesto. J\u00e1 seria um imenso azar para ele, alvo deste tipo de maledic\u00eancia, que justamente um primo t\u00e3o pr\u00f3ximo seja acusado de associa\u00e7\u00e3o ao tr\u00e1fico. A falta de sorte s\u00f3 aumenta quando um helic\u00f3ptero de uma fam\u00edlia t\u00e3o unida ao seu nome, como os Perrella, seja apanhado com quase meia tonelada de pasta de\u00a0coca\u00edna. Mas, at\u00e9 a\u00ed, s\u00e3o fatores fora de seu controle direto, porque ningu\u00e9m pode ser responsabilizado pelos dissabores da vida dos parentes e amigos.<\/p>\n<p style=\"text-align: justify;\">Mas quando um governador investe dinheiro p\u00fablico num aeroporto que permanece fechado para o uso geral numa regi\u00e3o cujo notici\u00e1rio aponta para uma grande incid\u00eancia de atividades (inclusive a\u00e9reas) ligadas ao tr\u00e1fico, a\u00ed o azar est\u00e1 sendo somado a algum grau de descuido. Quando a chave de um aeroporto constru\u00eddo em tais condi\u00e7\u00f5es fica sob a responsabilidade de um primo envolvido com o tr\u00e1fico, o n\u00edvel de irresponsabilidade acrescentado \u00e0 equa\u00e7\u00e3o \u00e9 t\u00e3o grande que d\u00e1 o que pensar ao eleitor mais ressabiado.<\/p>\n<p style=\"text-align: justify;\">Na entrevista que abriu a sess\u00e3o de sabatinas do Jornal Nacional, A\u00e9cio teve a derradeira chance de dar um ponto final digno \u00e0s d\u00favidas que continuaram a voar sobre o Munic\u00edpio de Cl\u00e1udio e jogou-a fora. Dois dias depois, a queda do avi\u00e3o com Eduardo Campos complicou-lhe ainda mais a vida. Eduardo faleceu sem ter decolado nas pesquisas, o que fazia com que as for\u00e7as conservadoras apostassem ainda suas fichas em A\u00e9cio. Sem Eduardo, o espa\u00e7o foi aberto para Marina Silva. Em poucos dias, Marina mostrou que tem muito mais chances de enfrentar Dilma que A\u00e9cio. O Senador mineiro est\u00e1 em franco processo de cristianiza\u00e7\u00e3o pelas for\u00e7as que representava. (Se voc\u00ea n\u00e3o conhece o termo cristianizar, veja em <span style=\"color: #ff6600;\"><a href=\"http:\/\/hisbrasil.blogspot.com.br\/2008\/09\/candidatos-cristianizados-na-campanha.html\" target=\"_blank\"><span style=\"color: #ff6600;\">http:\/\/hisbrasil.blogspot.com.br\/2008\/09\/candidatos-cristianizados-na-campanha.html<\/span><\/a><\/span>).<\/p>\n<p style=\"text-align: justify;\">A\u00e9cio, como qualquer cidad\u00e3o, merece a presun\u00e7\u00e3o da inoc\u00eancia. Esta conversa de julgar sem provas, apenas pelos ind\u00edcios e apar\u00eancias n\u00e3o acontece em regimes jur\u00eddicos democr\u00e1ticos (ou ser\u00e1 que acontece?). Mas, mesmo sem prejulgamento, tamb\u00e9m n\u00e3o cabe a nenhum cidad\u00e3o a intocabilidade. Situa\u00e7\u00f5es estranhas devem ser investigadas. E enquanto gasta tempo e energia com este assunto desagrad\u00e1vel, Marina cresce e leva os apoios que deveriam alavanc\u00e1-lo.<\/p>\n<p style=\"text-align: justify;\">Cl\u00e1udio \u00e9 uma daquelas cidades-prot\u00f3tipo t\u00e3o comuns na obra de dramaturgos como Dias Gomes e seus contempor\u00e2neos. Cl\u00e1udio \u00e9 a Sucupira de Odorico Paraguassu. \u00c9 a Saramandaia sem Dona Redonda. Mas com o mesmo clima de realismo fant\u00e1stico. Na mesma noite em que A\u00e9cio dava entrevista na bancada do Jornal Nacional, um misterioso inc\u00eandio se alastrava num galp\u00e3o da Prefeitura de Cl\u00e1udio. Atingiu uma pequena \u00e1rea de 9m\u00b2 e causou poucos danos: uns tecidos, arquivos e computadores que, por acaso, guardavam informa\u00e7\u00f5es sobre o movimento a\u00e9reo no tal aeroporto. Ficamos sabendo tamb\u00e9m que Cl\u00e1udio tem aeroporto. Mas, mesmo sendo um p\u00f3lo de metalurgia, n\u00e3o tem servi\u00e7o de bombeiros.<\/p>\n<p style=\"text-align: justify;\">E o mais estranho nisso tudo \u00e9 a falta de curiosidade e interesse da imprensa em ligar todos estes pontos que convergem para o Munic\u00edpio de Cl\u00e1udio, um aeroporto particular feito com dinheiro p\u00fablico, aeronaves suspeitas, amigos e parentes envolvidos com tr\u00e1fico de drogas e A\u00e9cio Neves.<\/p>\n","protected":false},"excerpt":{"rendered":"<p>Um avi\u00e3o cai, outros fazem v\u00f4os atabalhoados, e \u00e9 Marina quem decola. Algumas coisas ajudam a explicar o desempenho de A\u00e9cio Neves. N\u00e3o conhe\u00e7o oTour Details<\/p>\n","protected":false},"author":11,"featured_media":28664,"comment_status":"open","ping_status":"open","sticky":false,"template":"","format":"standard","meta":{"footnotes":""},"categories":[100],"tags":[655,357,54,79],"class_list":["post-28663","post","type-post","status-publish","format-standard","has-post-thumbnail","hentry","category-sobretudo","tag-aecio-neves","tag-eleicoes-2014","tag-imprensa","tag-psdb"],"_links":{"self":[{"href":"http:\/\/www.pedromigao.com.br\/ourodetolo\/wp-json\/wp\/v2\/posts\/28663","targetHints":{"allow":["GET"]}}],"collection":[{"href":"http:\/\/www.pedromigao.com.br\/ourodetolo\/wp-json\/wp\/v2\/posts"}],"about":[{"href":"http:\/\/www.pedromigao.com.br\/ourodetolo\/wp-json\/wp\/v2\/types\/post"}],"author":[{"embeddable":true,"href":"http:\/\/www.pedromigao.com.br\/ourodetolo\/wp-json\/wp\/v2\/users\/11"}],"replies":[{"embeddable":true,"href":"http:\/\/www.pedromigao.com.br\/ourodetolo\/wp-json\/wp\/v2\/comments?post=28663"}],"version-history":[{"count":0,"href":"http:\/\/www.pedromigao.com.br\/ourodetolo\/wp-json\/wp\/v2\/posts\/28663\/revisions"}],"wp:featuredmedia":[{"embeddable":true,"href":"http:\/\/www.pedromigao.com.br\/ourodetolo\/wp-json\/wp\/v2\/media\/28664"}],"wp:attachment":[{"href":"http:\/\/www.pedromigao.com.br\/ourodetolo\/wp-json\/wp\/v2\/media?parent=28663"}],"wp:term":[{"taxonomy":"category","embeddable":true,"href":"http:\/\/www.pedromigao.com.br\/ourodetolo\/wp-json\/wp\/v2\/categories?post=28663"},{"taxonomy":"post_tag","embeddable":true,"href":"http:\/\/www.pedromigao.com.br\/ourodetolo\/wp-json\/wp\/v2\/tags?post=28663"}],"curies":[{"name":"wp","href":"https:\/\/api.w.org\/{rel}","templated":true}]}}