{"id":28351,"date":"2014-08-08T11:44:15","date_gmt":"2014-08-08T14:44:15","guid":{"rendered":"http:\/\/www.pedromigao.com.br\/ourodetolo\/?p=28351"},"modified":"2014-08-08T09:03:36","modified_gmt":"2014-08-08T12:03:36","slug":"selecao-recomendada-concorrentes-do-acesso-2015","status":"publish","type":"post","link":"http:\/\/www.pedromigao.com.br\/ourodetolo\/2014\/08\/selecao-recomendada-concorrentes-do-acesso-2015\/","title":{"rendered":"Sele\u00e7\u00e3o Recomendada &#8211; Concorrentes do Acesso 2015"},"content":{"rendered":"<p style=\"text-align: justify;\">Est\u00e3o come\u00e7ando as disputas de samba para os Grupos Especial e Acesso A do Rio de Janeiro. Estes grupos, que desfilam na Sapuca\u00ed, tem prazos relativamente apertados para definirem os sambas vencedores e que ser\u00e3o representantes oficiais das agremia\u00e7\u00f5es, por causa da data limite para a grava\u00e7\u00e3o do CD dos dois grupos. O Grupo de Acesso tem de escolher todos os seus sambas at\u00e9 30 de setembro e o Especial, 20 de outubro.<\/p>\n<p style=\"text-align: justify;\">N\u00e3o comentarei os concorrentes do Grupo Especial dada a posi\u00e7\u00e3o que ocupo na diretoria da Portela, mas colocarei aqui alguns concorrentes do Grupo de Acesso que me agradaram bastante neste in\u00edcio de disputa. Nem todos s\u00e3o favoritos em suas escolas, como o leitor ver\u00e1, mas s\u00e3o composi\u00e7\u00f5es dignas de tornar de alta qualidade a safra de sambas do Grupo de Aceso para 2015.<\/p>\n<p style=\"text-align: justify;\">Note tamb\u00e9m o leitor que o samba em suas apresenta\u00e7\u00f5es durante a disputa, na quadra, pode se apresentar de forma totalmente diferente em rela\u00e7\u00e3o \u00e0 grava\u00e7\u00e3o do CD disponibilizada. At\u00e9 porque sabemos que o poder financeiro influencia at\u00e9 mesmo na grava\u00e7\u00e3o para a disputa, que chega \u00e0 internet.<\/p>\n<p style=\"text-align: justify;\">Isto posto, coloco aqui quatro sambas, de quatro escolas diferentes, que me conquistaram de imediato.<\/p>\n<p style=\"text-align: justify;\"><strong>Come\u00e7amos com o concorrente assinado pelo veterano int\u00e9rprete Dominguinhos do Est\u00e1cio<\/strong>, na escola de mesmo nome. A Est\u00e1cio de S\u00e1, auto-referenciada como a &#8220;escola de samba mais antiga do Brasil&#8221; &#8211; denomina\u00e7\u00e3o que \u00e9 complicada, mas \u00e9 tema para outro post &#8211; ser\u00e1 a \u00fanica escola do Grupo de Acesso a falar sobre os 450 anos do Rio de Janeiro. A sinopse optou pelo caminho de mostrar o Rio a partir do ponto de vista do morro de S\u00e3o Carlos, sede da agremia\u00e7\u00e3o, citando tamb\u00e9m Luis Melodia e Gonzaguinha, famosos cantores e compositores criados no morro.<\/p>\n<p style=\"text-align: justify;\">O samba (cujo \u00e1udio est\u00e1 no alto do post) tem uma letra at\u00e9 simples, mas que toca fundo n\u00e3o somente no torcedor da escola como no amante do samba de enredo. A &#8220;cabe\u00e7a&#8221; do samba \u00e9 de uma simplicidade tocante, mas que apela no cora\u00e7\u00e3o de quem est\u00e1 n\u00e3o s\u00f3 desfilando como quem acompanha o meio:<\/p>\n<p style=\"text-align: justify;\"><em>&#8220;Eu sei que voc\u00ea me conhece<\/em><br \/>\n<em>meu nome \u00e9 Est\u00e1cio de S\u00e1&#8221;<\/em><\/p>\n<p style=\"text-align: justify;\">Soa como um apelo no sentido de que <em>&#8220;n\u00e3o me esque\u00e7a, estou no Acesso, mas sou Especial&#8221;<\/em>. A segunda parte do samba tamb\u00e9m \u00e9 de emocionar, a ponto de ter deixado marejados os olhos deste escriba. A disputa na escola \u00e9 complicada dadas as fortes parcerias capitaneadas pelo famoso Dudu Nobre e por Wilsinho Paz, mas sua vit\u00f3ria n\u00e3o pode ser descartada.<\/p>\n<p>https:\/\/www.youtube.com\/watch?v=MJLim7VTips<\/p>\n<p style=\"text-align: justify;\">O segundo samba destacado \u00e9 de uma parceria que n\u00e3o tem nomes conhecidos, tem um int\u00e9rprete que n\u00e3o \u00e9 considerado como de &#8220;ponta&#8221; do carnaval carioca, mas ainda assim leva um samba de muita for\u00e7a. <strong>\u00c9 a parceria capitaneada por Zezinho Professor no Imp\u00e9rio da Tijuca<\/strong>, cujo enredo far\u00e1 uma homenagem ao orix\u00e1 Oxum, a &#8220;Rainha das \u00c1guas Doces&#8221;.<\/p>\n<p style=\"text-align: justify;\">Em uma safra com alguns bons sambas &#8211; em especial um dos favoritos, da parceria do grande Samir Trindade &#8211; este mostra uma for\u00e7a em letra e melodia que n\u00e3o pode ser desconsiderada. Seu destaque \u00e9 o refr\u00e3o principal, que utiliza a express\u00e3o dos cultos afro brasileiros &#8220;dobre o rum&#8221; &#8211; que significa tocar os atabaques com mais for\u00e7a dada a import\u00e2ncia de quem est\u00e1 visitando o terreiro. No caso, a imagem utilizada \u00e9 que a Imp\u00e9rio da Tijuca e sua comunidade &#8211; que baseia-se no Morro da Formiga, entre a Tijuca e a Usina &#8211; s\u00e3o t\u00e3o importantes que merecem que seja dobrado o rum:<\/p>\n<address style=\"text-align: justify;\">&#8220;Eu vim de l\u00e1 da cachoeira<\/address>\n<address style=\"text-align: justify;\">Sou da Formiga, dobre o rum<\/address>\n<address style=\"text-align: justify;\">Vou com o Imp\u00e9rio da Tijuca<\/address>\n<address style=\"text-align: justify;\">Nas \u00e1guas doces de Oxum&#8221;<\/address>\n<address style=\"text-align: justify;\">\u00a0<\/address>\n<p style=\"text-align: justify;\">A segunda parte tamb\u00e9m tem uma melodia que se destaca. N\u00e3o sei at\u00e9 que ponto ir\u00e1 no concurso da agremia\u00e7\u00e3o porque a gente sabe que, infelizmente, estrutura e nome contam muito, mas \u00e9 uma \u00f3tima composi\u00e7\u00e3o de uma boa safra.<\/p>\n<p>https:\/\/www.youtube.com\/watch?v=YMM3aUHXX4o<\/p>\n<p style=\"text-align: justify;\">E os caras acertaram a m\u00e3o de novo!<\/p>\n<p style=\"text-align: justify;\">Obviamente, estou me referindo <strong>\u00e0 parceria vencedora na Acad\u00eamicos do Cubango em 2014<\/strong>, <a href=\"http:\/\/www.pedromigao.com.br\/ourodetolo\/2013\/08\/final-de-semana-a-demanda-da-cubango-e-vencer\/\" target=\"_blank\"><span style=\"color: #ff6600;\">que foi alvo de post ainda na disputa naquela oportunidade<\/span><\/a> e, que, indo \u00e0 Sapuca\u00ed, conquistou o Estandarte de Ouro de melhor samba do Grupo de Acesso. O enredo da agremia\u00e7\u00e3o niteroiense novamente enfoca a \u00c1frica, mas sob uma perspectiva diferente: ao final, o bairro onde fica a agremia\u00e7\u00e3o \u00e9 retratado como um quilombo africano, pousio de exilados do continente negro.<\/p>\n<p style=\"text-align: justify;\">O samba segue a linha de 2014, obtendo sucesso em continuar a dinastia. Como em 2014, n\u00e3o tem muito a &#8220;cara&#8221; de Lequinho, como em outras composi\u00e7\u00f5es assinadas pelo compositor na Mangueira e em outras escolas. Toda a composi\u00e7\u00e3o mant\u00e9m o alto n\u00edvel, sem destacar esta ou aquela parte.<\/p>\n<p style=\"text-align: justify;\">Sendo o atual campe\u00e3o, \u00e9 de se esperar que tenha uma possibilidade grande de chegar \u00e0 avenida, apesar do bom samba do compositor (olha ele a\u00ed de novo) Samir Trindade.<\/p>\n<p>https:\/\/www.youtube.com\/watch?v=y-5sx1r082s<\/p>\n<p style=\"text-align: justify;\">Finalizando este post, aquele que talvez seja a maior &#8220;barbada&#8221; neste post: <strong>a composi\u00e7\u00e3o assinada pelo consagrado Arlindo Cruz no Imp\u00e9rio Serrano<\/strong>. O samba n\u00e3o \u00e9 do mesmo n\u00edvel do que foi para a Sapuca\u00ed em 2006, com enredo de tem\u00e1tica semelhante &#8211; a F\u00e9 do brasileiro &#8211; mas em uma safra fraqu\u00edssima sobra e sobra muito, embora n\u00e3o seja o samba de antologia que alguns imperianos opinaram quando de sua revela\u00e7\u00e3o.<\/p>\n<p style=\"text-align: justify;\">Me incomoda um pouco, apenas, a express\u00e3o &#8220;barriga vazia&#8221;, utilizada para se referir aos retirantes nordestinos no refr\u00e3o do meio. Sabe-se que a fome \u00e9 algo praticamente superado no Nordeste nos \u00faltimos anos, e a vis\u00e3o transmitida pelo samba refere-se a uma realidade que n\u00e3o existe atualmente em larga escala.<\/p>\n<p style=\"text-align: justify;\">Ainda assim, \u00e9 um belo samba, e talvez seja aquele que tenha a maior chance de vencer a disputa, seja pelos nomes dos autores, seja pela safra em si. O Imp\u00e9rio Serrano atravessa grave crise pol\u00edtica, tem uma posi\u00e7\u00e3o de desfile desfavor\u00e1vel &#8211; a pior que foi para sorteio &#8211; e a esperan\u00e7a \u00e9 que um belo samba possa superar todos estes problemas.<\/p>\n<p style=\"text-align: justify;\">Estes quatro sambas, escolhidos, mais as encomendas a Cl\u00e1udio Russo para Renascer e Inocentes &#8211; certeza de bons sambas &#8211; dariam ao Grupo de Acesso do Rio de Janeiro para 2015 uma \u00f3tima safra, encorajando o amante do carnaval a ir \u00e0 avenida nas noites de 13 e 14 de fevereiro de 2015.<\/p>\n<p style=\"text-align: justify;\">Finalizando, como nem todos os leitores conseguem ver os v\u00eddeos em seus lugares de trabalho, disponibilizo uma playlist com os quatro sambas para audi\u00e7\u00e3o, al\u00e9m de alguns outros que n\u00e3o cito aqui, mas que merecem uma audi\u00e7\u00e3o atenta &#8211; como os citados das parcerias do compositor Samir Trindade.<\/p>\n<p style=\"text-align: justify;\">E que venha o carnaval!<\/p>\n<!--[if lt IE 9]><script>document.createElement('audio');<\/script><![endif]-->\n\t<div class=\"wp-playlist wp-audio-playlist wp-playlist-light\">\n\t\t\t<div class=\"wp-playlist-current-item\"><\/div>\n\t\t<audio controls=\"controls\" preload=\"none\" width=\"503\"\n\t\t\t><\/audio>\n\t<div class=\"wp-playlist-next\"><\/div>\n\t<div class=\"wp-playlist-prev\"><\/div>\n\t<noscript>\n\t<ol>\n\t\t<li><a href='http:\/\/www.pedromigao.com.br\/ourodetolo\/wp-content\/uploads\/2014\/08\/Cubango_2015_-_samba_da_parceria_de_Sardinha.mp3'>Cubango_2015_-_samba_da_parceria_de_Sardinha<\/a><\/li><li><a href='http:\/\/www.pedromigao.com.br\/ourodetolo\/wp-content\/uploads\/2014\/08\/soundcloud-157625834_Imp_rio_da_Tijuca_2015_-_Parceria_de_Zezinho_Professor.mp3'>soundcloud-157625834_Imp_rio_da_Tijuca_2015_-_Parceria_de_Zezinho_Professor<\/a><\/li><li><a href='http:\/\/www.pedromigao.com.br\/ourodetolo\/wp-content\/uploads\/2014\/08\/soundcloud-160324377_Imp_rio_Serrano_2015_-_samba_da_parceria_de_Arlindo_Cruz.mp3'>soundcloud-160324377_Imp_rio_Serrano_2015_-_samba_da_parceria_de_Arlindo_Cruz<\/a><\/li><li><a href='http:\/\/www.pedromigao.com.br\/ourodetolo\/wp-content\/uploads\/2014\/08\/soundcloud-161058082_Est_cio_de_S_2015_-_ou_a_o_samba_da_parceria_de_Dominguinhos_do_Est_cio.mp3'>soundcloud-161058082_Est_cio_de_S_2015_-_ou_a_o_samba_da_parceria_de_Dominguinhos_do_Est_cio<\/a><\/li><li><a href='http:\/\/www.pedromigao.com.br\/ourodetolo\/wp-content\/uploads\/2014\/08\/soundcloud-157553941_Imp_rio_Da_Tijuca_2015_-_Parceria_de_Samir_Trindade.mp3'>soundcloud-157553941_Imp_rio_Da_Tijuca_2015_-_Parceria_de_Samir_Trindade<\/a><\/li><li><a href='http:\/\/www.pedromigao.com.br\/ourodetolo\/wp-content\/uploads\/2014\/08\/soundcloud-160643732_Cubango_2015_-_Parceria_De_Samir_Trindade.mp3'>soundcloud-160643732_Cubango_2015_-_Parceria_De_Samir_Trindade<\/a><\/li><li><a href='http:\/\/www.pedromigao.com.br\/ourodetolo\/wp-content\/uploads\/2014\/08\/soundcloud-161056328_Est_cio_de_S_2015_-_ou_a_o_samba_da_parceria_de_Dudu_Nobre.mp3'>soundcloud-161056328_Est_cio_de_S_2015_-_ou_a_o_samba_da_parceria_de_Dudu_Nobre<\/a><\/li><li><a href='http:\/\/www.pedromigao.com.br\/ourodetolo\/wp-content\/uploads\/2014\/08\/soundcloud-161064121_Est_cio_de_S_2015_-_ou_a_o_samba_da_parceria_de_Wilsinho_Paz.mp3'>soundcloud-161064121_Est_cio_de_S_2015_-_ou_a_o_samba_da_parceria_de_Wilsinho_Paz<\/a><\/li>\t<\/ol>\n\t<\/noscript>\n\t<script type=\"application\/json\" class=\"wp-playlist-script\">{\"type\":\"audio\",\"tracklist\":true,\"tracknumbers\":true,\"images\":true,\"artists\":true,\"tracks\":[{\"src\":\"http:\\\/\\\/www.pedromigao.com.br\\\/ourodetolo\\\/wp-content\\\/uploads\\\/2014\\\/08\\\/Cubango_2015_-_samba_da_parceria_de_Sardinha.mp3\",\"type\":\"audio\\\/mpeg\",\"title\":\"Cubango_2015_-_samba_da_parceria_de_Sardinha\",\"caption\":\"\",\"description\":\"\\\"Cubango_2015_-_samba_da_parceria_de_Sardinha\\\".\",\"meta\":{\"length_formatted\":\"5:47\"},\"image\":{\"src\":\"http:\\\/\\\/www.pedromigao.com.br\\\/ourodetolo\\\/wp-includes\\\/images\\\/media\\\/audio.svg\",\"width\":48,\"height\":64},\"thumb\":{\"src\":\"http:\\\/\\\/www.pedromigao.com.br\\\/ourodetolo\\\/wp-includes\\\/images\\\/media\\\/audio.svg\",\"width\":48,\"height\":64}},{\"src\":\"http:\\\/\\\/www.pedromigao.com.br\\\/ourodetolo\\\/wp-content\\\/uploads\\\/2014\\\/08\\\/soundcloud-157625834_Imp_rio_da_Tijuca_2015_-_Parceria_de_Zezinho_Professor.mp3\",\"type\":\"audio\\\/mpeg\",\"title\":\"soundcloud-157625834_Imp_rio_da_Tijuca_2015_-_Parceria_de_Zezinho_Professor\",\"caption\":\"\",\"description\":\"\\\"soundcloud-157625834_Imp_rio_da_Tijuca_2015_-_Parceria_de_Zezinho_Professor\\\".\",\"meta\":{\"length_formatted\":\"6:04\"},\"image\":{\"src\":\"http:\\\/\\\/www.pedromigao.com.br\\\/ourodetolo\\\/wp-includes\\\/images\\\/media\\\/audio.svg\",\"width\":48,\"height\":64},\"thumb\":{\"src\":\"http:\\\/\\\/www.pedromigao.com.br\\\/ourodetolo\\\/wp-includes\\\/images\\\/media\\\/audio.svg\",\"width\":48,\"height\":64}},{\"src\":\"http:\\\/\\\/www.pedromigao.com.br\\\/ourodetolo\\\/wp-content\\\/uploads\\\/2014\\\/08\\\/soundcloud-160324377_Imp_rio_Serrano_2015_-_samba_da_parceria_de_Arlindo_Cruz.mp3\",\"type\":\"audio\\\/mpeg\",\"title\":\"soundcloud-160324377_Imp_rio_Serrano_2015_-_samba_da_parceria_de_Arlindo_Cruz\",\"caption\":\"\",\"description\":\"\\\"soundcloud-160324377_Imp_rio_Serrano_2015_-_samba_da_parceria_de_Arlindo_Cruz\\\".\",\"meta\":{\"length_formatted\":\"5:39\"},\"image\":{\"src\":\"http:\\\/\\\/www.pedromigao.com.br\\\/ourodetolo\\\/wp-includes\\\/images\\\/media\\\/audio.svg\",\"width\":48,\"height\":64},\"thumb\":{\"src\":\"http:\\\/\\\/www.pedromigao.com.br\\\/ourodetolo\\\/wp-includes\\\/images\\\/media\\\/audio.svg\",\"width\":48,\"height\":64}},{\"src\":\"http:\\\/\\\/www.pedromigao.com.br\\\/ourodetolo\\\/wp-content\\\/uploads\\\/2014\\\/08\\\/soundcloud-161058082_Est_cio_de_S_2015_-_ou_a_o_samba_da_parceria_de_Dominguinhos_do_Est_cio.mp3\",\"type\":\"audio\\\/mpeg\",\"title\":\"soundcloud-161058082_Est_cio_de_S_2015_-_ou_a_o_samba_da_parceria_de_Dominguinhos_do_Est_cio\",\"caption\":\"\",\"description\":\"\\\"soundcloud-161058082_Est_cio_de_S_2015_-_ou_a_o_samba_da_parceria_de_Dominguinhos_do_Est_cio\\\".\",\"meta\":{\"length_formatted\":\"5:24\"},\"image\":{\"src\":\"http:\\\/\\\/www.pedromigao.com.br\\\/ourodetolo\\\/wp-includes\\\/images\\\/media\\\/audio.svg\",\"width\":48,\"height\":64},\"thumb\":{\"src\":\"http:\\\/\\\/www.pedromigao.com.br\\\/ourodetolo\\\/wp-includes\\\/images\\\/media\\\/audio.svg\",\"width\":48,\"height\":64}},{\"src\":\"http:\\\/\\\/www.pedromigao.com.br\\\/ourodetolo\\\/wp-content\\\/uploads\\\/2014\\\/08\\\/soundcloud-157553941_Imp_rio_Da_Tijuca_2015_-_Parceria_de_Samir_Trindade.mp3\",\"type\":\"audio\\\/mpeg\",\"title\":\"soundcloud-157553941_Imp_rio_Da_Tijuca_2015_-_Parceria_de_Samir_Trindade\",\"caption\":\"\",\"description\":\"\\\"soundcloud-157553941_Imp_rio_Da_Tijuca_2015_-_Parceria_de_Samir_Trindade\\\".\",\"meta\":{\"length_formatted\":\"6:30\"},\"image\":{\"src\":\"http:\\\/\\\/www.pedromigao.com.br\\\/ourodetolo\\\/wp-includes\\\/images\\\/media\\\/audio.svg\",\"width\":48,\"height\":64},\"thumb\":{\"src\":\"http:\\\/\\\/www.pedromigao.com.br\\\/ourodetolo\\\/wp-includes\\\/images\\\/media\\\/audio.svg\",\"width\":48,\"height\":64}},{\"src\":\"http:\\\/\\\/www.pedromigao.com.br\\\/ourodetolo\\\/wp-content\\\/uploads\\\/2014\\\/08\\\/soundcloud-160643732_Cubango_2015_-_Parceria_De_Samir_Trindade.mp3\",\"type\":\"audio\\\/mpeg\",\"title\":\"soundcloud-160643732_Cubango_2015_-_Parceria_De_Samir_Trindade\",\"caption\":\"\",\"description\":\"\\\"soundcloud-160643732_Cubango_2015_-_Parceria_De_Samir_Trindade\\\".\",\"meta\":{\"length_formatted\":\"5:21\"},\"image\":{\"src\":\"http:\\\/\\\/www.pedromigao.com.br\\\/ourodetolo\\\/wp-includes\\\/images\\\/media\\\/audio.svg\",\"width\":48,\"height\":64},\"thumb\":{\"src\":\"http:\\\/\\\/www.pedromigao.com.br\\\/ourodetolo\\\/wp-includes\\\/images\\\/media\\\/audio.svg\",\"width\":48,\"height\":64}},{\"src\":\"http:\\\/\\\/www.pedromigao.com.br\\\/ourodetolo\\\/wp-content\\\/uploads\\\/2014\\\/08\\\/soundcloud-161056328_Est_cio_de_S_2015_-_ou_a_o_samba_da_parceria_de_Dudu_Nobre.mp3\",\"type\":\"audio\\\/mpeg\",\"title\":\"soundcloud-161056328_Est_cio_de_S_2015_-_ou_a_o_samba_da_parceria_de_Dudu_Nobre\",\"caption\":\"\",\"description\":\"\\\"soundcloud-161056328_Est_cio_de_S_2015_-_ou_a_o_samba_da_parceria_de_Dudu_Nobre\\\".\",\"meta\":{\"length_formatted\":\"6:35\"},\"image\":{\"src\":\"http:\\\/\\\/www.pedromigao.com.br\\\/ourodetolo\\\/wp-includes\\\/images\\\/media\\\/audio.svg\",\"width\":48,\"height\":64},\"thumb\":{\"src\":\"http:\\\/\\\/www.pedromigao.com.br\\\/ourodetolo\\\/wp-includes\\\/images\\\/media\\\/audio.svg\",\"width\":48,\"height\":64}},{\"src\":\"http:\\\/\\\/www.pedromigao.com.br\\\/ourodetolo\\\/wp-content\\\/uploads\\\/2014\\\/08\\\/soundcloud-161064121_Est_cio_de_S_2015_-_ou_a_o_samba_da_parceria_de_Wilsinho_Paz.mp3\",\"type\":\"audio\\\/mpeg\",\"title\":\"soundcloud-161064121_Est_cio_de_S_2015_-_ou_a_o_samba_da_parceria_de_Wilsinho_Paz\",\"caption\":\"\",\"description\":\"\\\"soundcloud-161064121_Est_cio_de_S_2015_-_ou_a_o_samba_da_parceria_de_Wilsinho_Paz\\\".\",\"meta\":{\"length_formatted\":\"6:01\"},\"image\":{\"src\":\"http:\\\/\\\/www.pedromigao.com.br\\\/ourodetolo\\\/wp-includes\\\/images\\\/media\\\/audio.svg\",\"width\":48,\"height\":64},\"thumb\":{\"src\":\"http:\\\/\\\/www.pedromigao.com.br\\\/ourodetolo\\\/wp-includes\\\/images\\\/media\\\/audio.svg\",\"width\":48,\"height\":64}}]}<\/script>\n<\/div>\n\t\n","protected":false},"excerpt":{"rendered":"<p>Est\u00e3o come\u00e7ando as disputas de samba para os Grupos Especial e Acesso A do Rio de Janeiro. Estes grupos, que desfilam na Sapuca\u00ed, tem prazosTour Details<\/p>\n","protected":false},"author":2,"featured_media":0,"comment_status":"open","ping_status":"open","sticky":false,"template":"","format":"standard","meta":{"footnotes":""},"categories":[289],"tags":[18,535,12,19],"class_list":["post-28351","post","type-post","status-publish","format-standard","hentry","category-pedro-migao","tag-carnaval","tag-carnaval-2015","tag-cultura","tag-escolas-de-samba"],"_links":{"self":[{"href":"http:\/\/www.pedromigao.com.br\/ourodetolo\/wp-json\/wp\/v2\/posts\/28351","targetHints":{"allow":["GET"]}}],"collection":[{"href":"http:\/\/www.pedromigao.com.br\/ourodetolo\/wp-json\/wp\/v2\/posts"}],"about":[{"href":"http:\/\/www.pedromigao.com.br\/ourodetolo\/wp-json\/wp\/v2\/types\/post"}],"author":[{"embeddable":true,"href":"http:\/\/www.pedromigao.com.br\/ourodetolo\/wp-json\/wp\/v2\/users\/2"}],"replies":[{"embeddable":true,"href":"http:\/\/www.pedromigao.com.br\/ourodetolo\/wp-json\/wp\/v2\/comments?post=28351"}],"version-history":[{"count":1,"href":"http:\/\/www.pedromigao.com.br\/ourodetolo\/wp-json\/wp\/v2\/posts\/28351\/revisions"}],"predecessor-version":[{"id":28352,"href":"http:\/\/www.pedromigao.com.br\/ourodetolo\/wp-json\/wp\/v2\/posts\/28351\/revisions\/28352"}],"wp:attachment":[{"href":"http:\/\/www.pedromigao.com.br\/ourodetolo\/wp-json\/wp\/v2\/media?parent=28351"}],"wp:term":[{"taxonomy":"category","embeddable":true,"href":"http:\/\/www.pedromigao.com.br\/ourodetolo\/wp-json\/wp\/v2\/categories?post=28351"},{"taxonomy":"post_tag","embeddable":true,"href":"http:\/\/www.pedromigao.com.br\/ourodetolo\/wp-json\/wp\/v2\/tags?post=28351"}],"curies":[{"name":"wp","href":"https:\/\/api.w.org\/{rel}","templated":true}]}}