{"id":27803,"date":"2014-07-19T08:43:19","date_gmt":"2014-07-19T11:43:19","guid":{"rendered":"http:\/\/www.pedromigao.com.br\/ourodetolo\/?p=27803"},"modified":"2014-07-17T16:08:39","modified_gmt":"2014-07-17T19:08:39","slug":"o-brasil-de-lima-barreto","status":"publish","type":"post","link":"http:\/\/www.pedromigao.com.br\/ourodetolo\/2014\/07\/o-brasil-de-lima-barreto\/","title":{"rendered":"O Brasil de Lima Barreto"},"content":{"rendered":"<p style=\"text-align: justify;\"><em>[N.do.E.: a partir de hoje, a especialista em literatura brasileira Tha\u00eds Velloso ir\u00e1 assinar uma coluna quinzenal sobre literatura, sempre aos s\u00e1bados. PM]<\/em><\/p>\n<p style=\"text-align: justify;\">Em 1982, a Unidos da Tijuca levou um mulato, jornalista e escritor para a Avenida. Reverenciando Lima Barreto, o samba que canta e encanta o enredo de Renato Lage sintetiza a vida de um grande brasileiro que, com uma hist\u00f3ria marcada por discrimina\u00e7\u00e3o e humilha\u00e7\u00e3o, utilizou as letras como instrumento cr\u00edtico para refletir sobre determinados aspectos sociais.<\/p>\n<p style=\"text-align: justify;\">Por ser um observador atento da realidade, seus romances apresentam cenas e perspectivas que permitem aproxim\u00e1-los do estilo das cr\u00f4nicas, com uma linguagem associada \u00e0 informalidade e ao ritmo de escrita pr\u00f3prio desse g\u00eanero, o que significa, ent\u00e3o, certo distanciamento do rebuscamento e da norma culta t\u00e3o valorizados pelo Parnasianismo. A abordagem urbana e cotidiana de sua narrativa relaciona-se bastante, nesse sentido, com o cronista que foi Lima Barreto, preocupado em denunciar as posturas avessas a uma sociedade igualit\u00e1ria e, sobretudo, inclusiva.<\/p>\n<p style=\"text-align: justify;\">Inserido numa \u00e9poca em que o Rio de Janeiro buscava a moderniza\u00e7\u00e3o inspirada no modelo parisiense e, consequentemente, a higieniza\u00e7\u00e3o que exclu\u00eda e marginalizava os indiv\u00edduos pertencentes \u00e0s camadas mais baixas, \u201co mesti\u00e7o que nasceu nesta cidade\u201d se op\u00f5e a essa medida de segrega\u00e7\u00e3o, diferentemente de grande parte dos literatos e daqueles que representavam a elite brasileira. Para ele, a Literatura tinha a fun\u00e7\u00e3o social de estimular o ideal de fraternidade e de debochar dos fatores p\u00edfios que contribu\u00edam para a desigualdade, n\u00e3o sendo poss\u00edvel, dessa maneira, compactuar com o alheamento das problem\u00e1ticas de seu tempo.<\/p>\n<p style=\"text-align: justify;\"><a href=\"http:\/\/www.pedromigao.com.br\/ourodetolo\/wp-content\/uploads\/2014\/07\/N\u00e3o-h\u00e1-pretos.jpg\"><img loading=\"lazy\" decoding=\"async\" class=\"alignleft size-medium wp-image-27808\" src=\"http:\/\/www.pedromigao.com.br\/ourodetolo\/wp-content\/uploads\/2014\/07\/N\u00e3o-h\u00e1-pretos-300x225.jpg\" alt=\"N\u00e3o h\u00e1 pretos\" width=\"300\" height=\"225\" srcset=\"http:\/\/www.pedromigao.com.br\/ourodetolo\/wp-content\/uploads\/2014\/07\/N\u00e3o-h\u00e1-pretos-300x225.jpg 300w, http:\/\/www.pedromigao.com.br\/ourodetolo\/wp-content\/uploads\/2014\/07\/N\u00e3o-h\u00e1-pretos-453x340.jpg 453w, http:\/\/www.pedromigao.com.br\/ourodetolo\/wp-content\/uploads\/2014\/07\/N\u00e3o-h\u00e1-pretos.jpg 500w\" sizes=\"auto, (max-width: 300px) 100vw, 300px\" \/><\/a>\u00c9 a partir de tal concep\u00e7\u00e3o que a produ\u00e7\u00e3o liter\u00e1ria de Lima Barreto tamb\u00e9m apresenta, muitas vezes, epis\u00f3dios de sua pr\u00f3pria experi\u00eancia como cidad\u00e3o consciente e v\u00edtima do preconceito.<\/p>\n<p style=\"text-align: justify;\">Tomando algumas de suas obras como exemplo, pode-se dizer que ele reflete sobre os limites do nacionalismo em <em>Triste Fim de Policarpo Quaresma<\/em>; exp\u00f5e a ofensa do preconceito racial e de classe em <em>Recorda\u00e7\u00f5es do Escriv\u00e3o Isa\u00edas Caminh<\/em>a e em <em>Clara dos Anjos<\/em>; registra o que passou num manic\u00f4mio, quando se internou por alcoolismo, em <em>Cemit\u00e9rios dos Vivos<\/em>; examina a farsa da Aboli\u00e7\u00e3o e da Rep\u00fablica numa cidade em vias de moderniza\u00e7\u00e3o em <em>Vida e Morte de M. J. Gonzaga de S\u00e1<\/em>; e analisa satiricamente o Brasil da \u00e9poca em <em>Os Bruzundangas<\/em>.<\/p>\n<p style=\"text-align: justify;\">Al\u00e9m disso e das opini\u00f5es que tamb\u00e9m transmitia nos jornais, o cen\u00e1rio suburbano, a presen\u00e7a do botequim, a defesa de uma cidade multifacetada, a possibilidade de coexist\u00eancia cultural em uma \u00e9poca cujo objetivo era padronizar um modo de vida por meio da exclus\u00e3o de outros e a preocupa\u00e7\u00e3o com a verdadeira identidade do Rio de Janeiro s\u00e3o aspectos que fazem com que o meu Brasil seja o mesmo Brasil de Lima Barreto. Rejeitado pelos acad\u00eamicos mas homenageado pelo povo no Carnaval, suas ideias seguem vivas, portanto, com a inten\u00e7\u00e3o de contrariar as figuras que perpetuam o desejo de mascarar e esconder parte de nossa cultura.<\/p>\n<p style=\"text-align: justify;\"><strong>&#8220;Lima Barreto, Mulato, Pobre, Mas Livre&#8221; &#8211; <\/strong>8\u00ba Lugar no Grupo 1A (atual Especial)<\/p>\n<address style=\"text-align: justify;\">Autor: Adriano<\/address>\n<address style=\"text-align: justify;\">Puxador: Sobrinho<\/address>\n<address style=\"text-align: justify;\">\u00a0<\/address>\n<div id=\"div_letra\" data-linhas=\"27\">\n<p><em>&#8220;Vamos recordar Lima Barreto<\/em><br \/>\n<em> Mulato pobre, jornalista e escritor<\/em><br \/>\n<em> Figura destacada do romance social<\/em><br \/>\n<em> Que hoje laureamos neste carnaval<\/em><br \/>\n<em> O mesti\u00e7o que nasceu nesta cidade<\/em><br \/>\n<em> Traz tanta saudade em nossos cora\u00e7\u00f5es<\/em><br \/>\n<em> Seus pensamentos, seus livros<\/em><br \/>\n<em> Suas id\u00e9ias liberais<\/em><br \/>\n<em> Impressionante brado de amor pelos humildes<\/em><br \/>\n<em> Lutou contra a pobreza e a discrimina\u00e7\u00e3o<\/em><br \/>\n<em> Admir\u00e1vel criador, \u00f4 \u00f4 \u00f4 \u00f4<\/em><br \/>\n<em> De personagens imortais<\/em><br \/>\n<em> Mesmo sendo excelente escritor<\/em><br \/>\n<em> Inocente, Barreto n\u00e3o sabia<\/em><br \/>\n<em> Que o talento banhado pela cor<\/em><br \/>\n<em> N\u00e3o pisava o ch\u00e3o da Academia<\/em><br \/>\n<em> Vencido pela dor de uma trag\u00e9dia<\/em><br \/>\n<em> Que cobria de tristeza a sua vida<\/em><br \/>\n<em> Entregou-se \u00e0 bebida<\/em><br \/>\n<em> Aumentando o seu sofrer<\/em><\/p>\n<p><em>Sem amor, sem carinho<\/em><br \/>\n<em> Esquecido morreu na solid\u00e3o (bis)<\/em><\/p>\n<p><em>Lima Barreto<\/em><br \/>\n<em> Este seu povo quer falar s\u00f3 de voc\u00ea (bis)<\/em><br \/>\n<em> A sua vida, sua obra \u00e9 o nosso enredo<\/em><br \/>\n<em> E agora canta em louvor e gratid\u00e3o&#8221;<\/em><\/p>\n<\/div>\n<p><iframe loading=\"lazy\" title=\"Unidos da Tijuca 1982 9\/12 - Lima Barreto - Mulato, Pobre, Mas Livre\" width=\"525\" height=\"394\" src=\"https:\/\/www.youtube.com\/embed\/oPh7PZNiyb4?feature=oembed\" frameborder=\"0\" allow=\"accelerometer; autoplay; clipboard-write; encrypted-media; gyroscope; picture-in-picture; web-share\" referrerpolicy=\"strict-origin-when-cross-origin\" allowfullscreen><\/iframe><\/p>\n","protected":false},"excerpt":{"rendered":"<p>[N.do.E.: a partir de hoje, a especialista em literatura brasileira Tha\u00eds Velloso ir\u00e1 assinar uma coluna quinzenal sobre literatura, sempre aos s\u00e1bados. PM] Em 1982,Tour Details<\/p>\n","protected":false},"author":30,"featured_media":0,"comment_status":"open","ping_status":"open","sticky":false,"template":"","format":"standard","meta":{"footnotes":""},"categories":[624],"tags":[12,19,91,73,68],"class_list":["post-27803","post","type-post","status-publish","format-standard","hentry","category-caderno-literario","tag-cultura","tag-escolas-de-samba","tag-literatura","tag-livros","tag-unidos-da-tijuca"],"_links":{"self":[{"href":"http:\/\/www.pedromigao.com.br\/ourodetolo\/wp-json\/wp\/v2\/posts\/27803","targetHints":{"allow":["GET"]}}],"collection":[{"href":"http:\/\/www.pedromigao.com.br\/ourodetolo\/wp-json\/wp\/v2\/posts"}],"about":[{"href":"http:\/\/www.pedromigao.com.br\/ourodetolo\/wp-json\/wp\/v2\/types\/post"}],"author":[{"embeddable":true,"href":"http:\/\/www.pedromigao.com.br\/ourodetolo\/wp-json\/wp\/v2\/users\/30"}],"replies":[{"embeddable":true,"href":"http:\/\/www.pedromigao.com.br\/ourodetolo\/wp-json\/wp\/v2\/comments?post=27803"}],"version-history":[{"count":0,"href":"http:\/\/www.pedromigao.com.br\/ourodetolo\/wp-json\/wp\/v2\/posts\/27803\/revisions"}],"wp:attachment":[{"href":"http:\/\/www.pedromigao.com.br\/ourodetolo\/wp-json\/wp\/v2\/media?parent=27803"}],"wp:term":[{"taxonomy":"category","embeddable":true,"href":"http:\/\/www.pedromigao.com.br\/ourodetolo\/wp-json\/wp\/v2\/categories?post=27803"},{"taxonomy":"post_tag","embeddable":true,"href":"http:\/\/www.pedromigao.com.br\/ourodetolo\/wp-json\/wp\/v2\/tags?post=27803"}],"curies":[{"name":"wp","href":"https:\/\/api.w.org\/{rel}","templated":true}]}}