{"id":27003,"date":"2014-06-29T09:26:33","date_gmt":"2014-06-29T12:26:33","guid":{"rendered":"http:\/\/www.pedromigao.com.br\/ourodetolo\/?p=27003"},"modified":"2014-06-27T10:19:48","modified_gmt":"2014-06-27T13:19:48","slug":"orun-aye-copa-de-ouro-a-copa-na-midia","status":"publish","type":"post","link":"http:\/\/www.pedromigao.com.br\/ourodetolo\/2014\/06\/orun-aye-copa-de-ouro-a-copa-na-midia\/","title":{"rendered":"Copa do Ouro: &#8220;A Copa na M\u00eddia&#8221;"},"content":{"rendered":"<p style=\"text-align: justify;\"><a href=\"http:\/\/www.pedromigao.com.br\/ourodetolo\/2014\/06\/orun-aye-copa-de-ouro-a-copa-na-tv\/\" target=\"_blank\"><span style=\"color: #ff6600;\">Semana passada escrevi uma cr\u00f4nica para o Ouro de Tolo falando da Copa na TV<\/span><\/a>. Mas, pensando bem, acho que posso alastrar para a m\u00eddia toda porque na verdade temos v\u00e1rias copas em uma s\u00f3. Eu mesmo acompanho por in\u00fameras m\u00eddias.<\/p>\n<p style=\"text-align: justify;\">Assim como a grande maioria dos brasileiros que acompanham pela TV,\u00a0vejo os jogos, principalmente os do Brasil, pela Globo e na \u00faltima segunda-feira n\u00e3o consegui acompanhar pela emissora. E senti falta. Nunca mais eu xingo o Galv\u00e3o Bueno.<\/p>\n<p style=\"text-align: justify;\">Senti falta primeiro porque apesar de reclamarmos estamos acostumados com narra\u00e7\u00f5es \u201cpadr\u00e3o Globo\u201d. Narra\u00e7\u00f5es quentes, com um Galv\u00e3o passional, enlouquecido narrando parcialmente. Vi at\u00e9 o primeiro gol pelo SporTV e depois pela Band. Achei as duas transmiss\u00f5es frias, impessoais, n\u00e3o pareciam narrar uma Copa do Mundo.<\/p>\n<p style=\"text-align: justify;\"><a href=\"http:\/\/www.pedromigao.com.br\/ourodetolo\/wp-content\/uploads\/2014\/06\/20140623_164703.jpg\"><img loading=\"lazy\" decoding=\"async\" class=\"alignleft size-medium wp-image-27093\" src=\"http:\/\/www.pedromigao.com.br\/ourodetolo\/wp-content\/uploads\/2014\/06\/20140623_164703-300x168.jpg\" alt=\"20140623_164703\" width=\"300\" height=\"168\" srcset=\"http:\/\/www.pedromigao.com.br\/ourodetolo\/wp-content\/uploads\/2014\/06\/20140623_164703-300x168.jpg 300w, http:\/\/www.pedromigao.com.br\/ourodetolo\/wp-content\/uploads\/2014\/06\/20140623_164703-550x309.jpg 550w\" sizes=\"auto, (max-width: 300px) 100vw, 300px\" \/><\/a>O outro desespero foi ver a transmiss\u00e3o em HD. A bola estava com os camaroneses e a vizinhan\u00e7a j\u00e1 gritava gol. Delay de pelo menos cinco segundos. Entre os jogos costumo caminhar e nesse momento ou\u00e7o a r\u00e1dio Globo. \u00c0s vezes quando n\u00e3o consigo chegar em tempo tamb\u00e9m ou\u00e7o parte dos jogos.<\/p>\n<p style=\"text-align: justify;\">Impressionante como caiu o n\u00edvel da emissora. A\u00a0R\u00e1dio Globo virou a emissora do Luis Penido, excelente narrador apesar de ser exagerado, e do \u00f3timo Eraldo Leite.<\/p>\n<p style=\"text-align: justify;\">O restante da equipe me parece ser feita por pessoas inexperientes misturadas com veteranos que provocam risadas involunt\u00e1rias como Cl\u00e1udio Perrout e gente que est\u00e1 ali e ainda n\u00e3o entende o porque, como D\u00e9, o Aranha. O bom da R\u00e1dio Globo fica pelo show de informa\u00e7\u00f5es com rep\u00f3rteres em todos os lados passando tudo que ocorre na Copa do Mundo. Tamb\u00e9m curto transmiss\u00e3o de jogo pelo r\u00e1dio e, como eu disse, o Penido \u00e9 fera.<\/p>\n<p style=\"text-align: justify;\">Lamento novamente o Garotinho Jos\u00e9 Carlos Ara\u00fajo estar fora das grandes emissoras em um momento como esse.<\/p>\n<p style=\"text-align: justify;\">Aos poucos come\u00e7o a me habituar com os programas especiais dos canais de assinatura para a Copa. Virei espectador do \u201cMadruga SporTV\u201d (que por acaso estou assistindo agora).<\/p>\n<p style=\"text-align: justify;\">N\u00e3o esperem um programa sensacional com \u201cfuros de reportagens\u201d. \u00c9 um programa simp\u00e1tico feito por apresentadores simp\u00e1ticos e not\u00edcias requentadas. N\u00e3o \u00e9 f\u00e1cil apresentar um programa ao vivo por sete horas, todos os dias. Segurar a aten\u00e7\u00e3o dos telespectadores com tantas emissoras concorrentes. Mas acaba ocorrendo o que ocorre comigo. Eu deixo l\u00e1 e muitas vezes nem presto aten\u00e7\u00e3o, s\u00f3 por saber que o programa \u00e9 ao vivo e assim me sinto acompanhado.<\/p>\n<p style=\"text-align: justify;\">Outro programa que me chamou a aten\u00e7\u00e3o foi o \u201cExtra Ordin\u00e1rios\u201d que faz jus ao nome chegando pr\u00f3ximo ao ordin\u00e1rio.<\/p>\n<p style=\"text-align: justify;\"><a href=\"http:\/\/www.pedromigao.com.br\/ourodetolo\/wp-content\/uploads\/2014\/06\/20140625_163516.jpg\"><img loading=\"lazy\" decoding=\"async\" class=\"alignright size-medium wp-image-27094\" src=\"http:\/\/www.pedromigao.com.br\/ourodetolo\/wp-content\/uploads\/2014\/06\/20140625_163516-300x168.jpg\" alt=\"20140625_163516\" width=\"300\" height=\"168\" srcset=\"http:\/\/www.pedromigao.com.br\/ourodetolo\/wp-content\/uploads\/2014\/06\/20140625_163516-300x168.jpg 300w, http:\/\/www.pedromigao.com.br\/ourodetolo\/wp-content\/uploads\/2014\/06\/20140625_163516-550x309.jpg 550w\" sizes=\"auto, (max-width: 300px) 100vw, 300px\" \/><\/a>Juntaram um monte de gente que n\u00e3o entende nada de futebol no programa para falar um monte de abobrinhas. Mait\u00ea Proen\u00e7a parece estar chapada, os cassetas h\u00e1 pelo menos duas Copas n\u00e3o t\u00eam mais gra\u00e7a, Paulo Miklos nunca foi nem um dos tr\u00eas melhores Tit\u00e3s e o inteligente Peninha se acha mais engra\u00e7ado do que realmente \u00e9.<\/p>\n<p style=\"text-align: justify;\">Eu j\u00e1 desisti desse programa.<\/p>\n<p style=\"text-align: justify;\">Como \u00e0s vezes da vontade de desistir das redes sociais como Facebook e Twitter.<\/p>\n<p style=\"text-align: justify;\">A impress\u00e3o que as redes sociais d\u00e3o \u00e9 que a Col\u00f4mbia reinventou o futebol, o Uruguai \u00e9 o Deus da Ra\u00e7a, o Chile \u00e9 a \u201cRoja mec\u00e2nica\u201d, a Alemanha vai enfiar chucrute em todo mundo, a Fran\u00e7a far\u00e1 uma nova queda da Bastilha e a cada dia temos uma nova sele\u00e7\u00e3o campe\u00e3 do mundo.<\/p>\n<p style=\"text-align: justify;\">Al\u00e9m, claro, de que o \u00fanico pa\u00eds que n\u00e3o jogou rigorosamente nada na Copa \u00e9 o Brasil.<\/p>\n<p style=\"text-align: justify;\">O Brasil \u00e9 um pa\u00eds corneteiro por natureza, chato tamb\u00e9m e babaca algumas vezes. Basta verem comerciais como o da Skol zoando o hino argentino.<\/p>\n<p style=\"text-align: justify;\">Semana que vem tem mais corneta porque a m\u00eddia nunca para de dar motivos.<\/p>\n","protected":false},"excerpt":{"rendered":"<p>Semana passada escrevi uma cr\u00f4nica para o Ouro de Tolo falando da Copa na TV. Mas, pensando bem, acho que posso alastrar para a m\u00eddiaTour Details<\/p>\n","protected":false},"author":8,"featured_media":0,"comment_status":"open","ping_status":"open","sticky":false,"template":"","format":"standard","meta":{"footnotes":""},"categories":[8],"tags":[53,437,587,595,606,605,604,103],"class_list":["post-27003","post","type-post","status-publish","format-standard","hentry","category-orun-aye","tag-copa-2014","tag-copa-do-mundo","tag-copa-do-ouro","tag-galvao-bueno","tag-luis-penido","tag-radio-globo","tag-rede-globo","tag-sportv"],"_links":{"self":[{"href":"http:\/\/www.pedromigao.com.br\/ourodetolo\/wp-json\/wp\/v2\/posts\/27003","targetHints":{"allow":["GET"]}}],"collection":[{"href":"http:\/\/www.pedromigao.com.br\/ourodetolo\/wp-json\/wp\/v2\/posts"}],"about":[{"href":"http:\/\/www.pedromigao.com.br\/ourodetolo\/wp-json\/wp\/v2\/types\/post"}],"author":[{"embeddable":true,"href":"http:\/\/www.pedromigao.com.br\/ourodetolo\/wp-json\/wp\/v2\/users\/8"}],"replies":[{"embeddable":true,"href":"http:\/\/www.pedromigao.com.br\/ourodetolo\/wp-json\/wp\/v2\/comments?post=27003"}],"version-history":[{"count":0,"href":"http:\/\/www.pedromigao.com.br\/ourodetolo\/wp-json\/wp\/v2\/posts\/27003\/revisions"}],"wp:attachment":[{"href":"http:\/\/www.pedromigao.com.br\/ourodetolo\/wp-json\/wp\/v2\/media?parent=27003"}],"wp:term":[{"taxonomy":"category","embeddable":true,"href":"http:\/\/www.pedromigao.com.br\/ourodetolo\/wp-json\/wp\/v2\/categories?post=27003"},{"taxonomy":"post_tag","embeddable":true,"href":"http:\/\/www.pedromigao.com.br\/ourodetolo\/wp-json\/wp\/v2\/tags?post=27003"}],"curies":[{"name":"wp","href":"https:\/\/api.w.org\/{rel}","templated":true}]}}