{"id":26231,"date":"2014-05-28T13:45:34","date_gmt":"2014-05-28T16:45:34","guid":{"rendered":"http:\/\/www.pedromigao.com.br\/ourodetolo\/?p=26231"},"modified":"2014-05-28T14:54:39","modified_gmt":"2014-05-28T17:54:39","slug":"pitaco-nao-ha-dinheiro-parte-ii","status":"publish","type":"post","link":"http:\/\/www.pedromigao.com.br\/ourodetolo\/2014\/05\/pitaco-nao-ha-dinheiro-parte-ii\/","title":{"rendered":"Pitaco: \u201cN\u00e3o H\u00e1 Dinheiro \u2013 Parte II\u201d"},"content":{"rendered":"<p style=\"text-align: justify\">No in\u00edcio da primeira parte deste artigo, disse que n\u00e3o tinha esperan\u00e7a de que algum leitor chegasse ao segundo par\u00e1grafo. Menos ainda acredito que, se por curiosidade ou \u00f3cio algu\u00e9m chegou at\u00e9 aqui, venha a concordar comigo que o Brasil na verdade n\u00e3o tem dinheiro para dar sa\u00fade e educa\u00e7\u00e3o de qualidade a todos os seus\u00a0cidad\u00e3os. Mas, por exerc\u00edcio l\u00fadico, vou supor que um \u00fanico amigo d\u00ea cr\u00e9dito aos meus argumentos e conclua: o problema, ent\u00e3o, \u00e9 mesmo a falta de dinheiro. Os bilh\u00f5es que gastamos ainda n\u00e3o s\u00e3o suficientes. Precisamos dedicar mais recursos p\u00fablicos \u00e0 sa\u00fade e \u00e0 educa\u00e7\u00e3o (al\u00e9m, claro, de melhorar a gest\u00e3o).<\/p>\n<p style=\"text-align: justify\">Estaria correto, mas surgiriam duas quest\u00f5es. A primeira \u00e9 quanto seria necess\u00e1rio; a segunda \u00e9 se temos como tirar estes recursos adicionais de algum lugar. Incorporar o or\u00e7amento da Copa, como vimos, est\u00e1 longe de ser suficiente; precisamos de muito mais. Esta tem sido, de fato, a campanha dos que defendem a meta de 10% da receita da Uni\u00e3o para a sa\u00fade, e a de 10% do PIB para a educa\u00e7\u00e3o. Mas seria o bastante?<\/p>\n<p style=\"text-align: justify\"><a href=\"http:\/\/www.pedromigao.com.br\/ourodetolo\/wp-content\/uploads\/2014\/05\/feira1.jpg\"><img loading=\"lazy\" decoding=\"async\" class=\"alignleft size-medium wp-image-26233\" src=\"http:\/\/www.pedromigao.com.br\/ourodetolo\/wp-content\/uploads\/2014\/05\/feira1-300x225.jpg\" alt=\"feira1\" width=\"300\" height=\"225\" srcset=\"http:\/\/www.pedromigao.com.br\/ourodetolo\/wp-content\/uploads\/2014\/05\/feira1-300x225.jpg 300w, http:\/\/www.pedromigao.com.br\/ourodetolo\/wp-content\/uploads\/2014\/05\/feira1-453x340.jpg 453w, http:\/\/www.pedromigao.com.br\/ourodetolo\/wp-content\/uploads\/2014\/05\/feira1.jpg 613w\" sizes=\"auto, (max-width: 300px) 100vw, 300px\" \/><\/a>A revista \u00c9poca desta semana traz uma longa reportagem na qual imagina como seria se o Brasil fosse uma na\u00e7\u00e3o desenvolvida. No t\u00f3pico educa\u00e7\u00e3o, nosso pa\u00eds \u00e9 comparado \u00e0 Finl\u00e2ndia, e na sa\u00fade, ao Reino Unido. A Finl\u00e2ndia tem, talvez, o melhor sistema educacional do mundo. E com certeza o NHS brit\u00e2nico \u00e9 um dos melhores sistemas de sa\u00fade, o que lhe valeu uma justa homenagem na festa de abertura das Olimp\u00edadas de Londres (Galv\u00e3o Bueno n\u00e3o entendeu e comentou que seria o mesmo que o Brasil passar 15 minutos da nossa cerim\u00f4nia exaltando o INSS). Mas de quanto dinheiro precisamos para chegar l\u00e1?<\/p>\n<p style=\"text-align: justify\">O Estado finland\u00eas gasta com educa\u00e7\u00e3o o equivalente a R$ 6,5 mil por ano por habitante. Eu disse <em>por habitante<\/em>, n\u00e3o por aluno. J\u00e1 o Brasil gasta R$ 1,4 mil por ano per capita. Para atingirmos o patamar de investimento da Finl\u00e2ndia, precisar\u00edamos mais que quadruplicar nossa despesa, chegando a R$ 1,3 trilh\u00e3o. Na verdade seria ainda mais, porque o Brasil tem uma popula\u00e7\u00e3o mais jovem que a da Finl\u00e2ndia, com mais habitantes em idade escolar. J\u00e1 a Gr\u00e3-Bretanha gasta em sa\u00fade p\u00fablica o correspondente a R$ 6,9 mil por ano por s\u00fadito de Sua Majestade. Para empatarmos com eles, precisar\u00edamos elevar nosso or\u00e7amento a R$ 1,4 trilh\u00e3o.<\/p>\n<p style=\"text-align: justify\">De R$ 486 bilh\u00f5es, que pareciam muito, para R$ 2,7 trilh\u00f5es, se quisermos ter sa\u00fade e educa\u00e7\u00e3o exemplares. E qual \u00e9 o problema com esse n\u00famero? \u00c9 que nosso Produto Interno Bruto \u00e9 de R$ 5,6 trilh\u00f5es. Ou seja, estamos falando de quase 50% do PIB. Para quem imagina que n\u00e3o precisar\u00edamos de tanto dinheiro quanto os europeus para obter o mesmo resultado, porque os pre\u00e7os s\u00e3o mais baixos no Brasil, esclare\u00e7o que, em todos os c\u00e1lculos, utilizei o PIB por Paridade do Poder de Compra.<\/p>\n<p style=\"text-align: justify\">H\u00e1 quem acredite que a destina\u00e7\u00e3o dos <em>royalties<\/em> do pr\u00e9-sal para a educa\u00e7\u00e3o v\u00e1 resolver o problema. As estimativas d\u00e3o conta de um acr\u00e9scimo de R$ 21,5 bilh\u00f5es por ano, em m\u00e9dia, nos pr\u00f3ximos 17 anos. \u00c9 alguma coisa (muito mais do que se gastou em est\u00e1dios para a Copa), mas ainda est\u00e1 muito aqu\u00e9m do necess\u00e1rio para mudar a realidade atual. \u00c9 poss\u00edvel melhorar? Sem d\u00favida. Mas atingir <em>padr\u00e3o FIFA<\/em> em sa\u00fade e educa\u00e7\u00e3o continua distante de nossas possibilidades.<\/p>\n<p style=\"text-align: justify\">O problema de fundo\u00a0\u00e9 simples: somos um pa\u00eds de renda m\u00e9dia, n\u00e3o geramos riqueza suficiente para viver como na Europa Ocidental. Ainda assim, temos del\u00edrios de grandeza. Quando viajamos para o exterior, ficamos encantados com o padr\u00e3o de vida \u201cde primeiro mundo\u201d e n\u00e3o gostamos de admitir que nos faltam meios para viver de daquela forma (na realidade, sequer estamos preparados para lidar com as mudan\u00e7as sociais que isso iria gerar). Nossa cultura da reclama\u00e7\u00e3o nos leva a colocar sempre a culpa no governo. Se temos menos que os europeus, s\u00f3 pode ser porque os pol\u00edticos roubam e n\u00e3o trabalham direito.<\/p>\n<p style=\"text-align: justify\">Os n\u00fameros acima desfazem o mito de que, ao contr\u00e1rio dos europeus e americanos, <em>\u201cn\u00e3o vemos o retorno dos impostos que pagamos\u201d<\/em>. Para termos muito retorno, precisamos pagar muito, como eles fazem. Para pagar muito, precisamos antes <em>produzir<\/em> muito. H\u00e1 uma fal\u00e1cia bem difundida segundo a qual os brasileiros pagam muito imposto, vez que a nossa carga tribut\u00e1ria (em torno de 36% do PIB) seria uma das maiores do mundo. Na verdade, n\u00e3o chega a ser uma das 25 maiores, e nosso imposto de renda \u00e9 baixo, mas n\u00e3o \u00e9 a\u00ed que est\u00e1 a fal\u00e1cia.<\/p>\n<p style=\"text-align: justify\">O Estado n\u00e3o paga suas contas em percentual do PIB, mas em dinheiro. Se produzimos pouco, e se a tributa\u00e7\u00e3o incide proporcionalmente, pagamos pouco, n\u00e3o importando nosso sacrif\u00edcio pessoal.<\/p>\n<p style=\"text-align: justify\"><a href=\"http:\/\/www.pedromigao.com.br\/ourodetolo\/wp-content\/uploads\/2014\/05\/Cristiano-ronaldo-2010-FI-006.jpg\"><img loading=\"lazy\" decoding=\"async\" class=\"alignright size-medium wp-image-26234\" src=\"http:\/\/www.pedromigao.com.br\/ourodetolo\/wp-content\/uploads\/2014\/05\/Cristiano-ronaldo-2010-FI-006-300x180.jpg\" alt=\"Cristiano-ronaldo-2010-FI-006\" width=\"300\" height=\"180\" srcset=\"http:\/\/www.pedromigao.com.br\/ourodetolo\/wp-content\/uploads\/2014\/05\/Cristiano-ronaldo-2010-FI-006-300x180.jpg 300w, http:\/\/www.pedromigao.com.br\/ourodetolo\/wp-content\/uploads\/2014\/05\/Cristiano-ronaldo-2010-FI-006.jpg 460w\" sizes=\"auto, (max-width: 300px) 100vw, 300px\" \/><\/a>Dizer que um brasileiro paga mais imposto que um americano, pois a porcentagem da\u00a0arrecada\u00e7\u00e3o sobre o PIB \u00e9 mais alta no Brasil que nos EUA, \u00e9 t\u00e3o falso quanto dizer que meu carro \u00e9 mais caro que o do Cristiano Ronaldo, j\u00e1 que o valor do meu representa uma parte maior dos meus rendimentos anuais do que a nova Ferrari em rela\u00e7\u00e3o aos ganhos de CR7. Ainda mais absurdo seria se, pela mesma raz\u00e3o, eu esperasse seriamente que o meu carro fosse t\u00e3o bom quanto o dele.<\/p>\n<p style=\"text-align: justify\">O presidente da FIFA Joseph Blatter comentou com singeleza a revolta do povo brasileiro com a Copa: <em>&#8220;O Brasil \u00e9 a sexta maior economia do mundo e, quando Lula estava na presid\u00eancia, ele disse que o Brasil ia melhorar. Mas, para isso, \u00e9 preciso que o povo tenha vontade de trabalhar&#8221;<\/em>.\u00a0A fala foi recebida com a irrita\u00e7\u00e3o costumeira, mas como discordar dela? Claro que os brasileiros trabalham, mas em 8 horas de trabalho de um brasileiro infelizmente se produz menos, em regra, que em 8 horas de trabalho de um japon\u00eas. Para aumentar nossa produtividade, precisamos trabalhar (e estudar) ainda mais.<\/p>\n<p style=\"text-align: justify\">Blatter s\u00f3 pode falar esse tipo de coisa porque n\u00e3o disputa elei\u00e7\u00f5es no Brasil. Com efeito, nunca houve aqui um pol\u00edtico com coragem para enunciar frases como as que marcaram os mandatos de John Kennedy <em>(\u201cN\u00e3o pergunte o que seu pa\u00eds pode fazer por voc\u00ea, mas o que voc\u00ea pode fazer por seu pa\u00eds\u201d<\/em>) e Ronald Reagan <em>(\u201cO governo n\u00e3o \u00e9 a solu\u00e7\u00e3o para os nossos problemas, o governo \u00e9 o problema\u201d<\/em>). Concorde-se ou n\u00e3o com tais ideias, \u00e9 certo que um l\u00edder brasileiro que dissesse coisas assim n\u00e3o teria mais o que fazer na pol\u00edtica.<\/p>\n<p style=\"text-align: justify\">No quadro atual, a fun\u00e7\u00e3o de Dilma \u00e9 negar a realidade, dizendo que tudo est\u00e1 uma maravilha. A de A\u00e9cio, dizer que a culpa pelo que est\u00e1 errado \u00e9 de Dilma, e fingir que todos os problemas ser\u00e3o resolvidos quando ele vencer a elei\u00e7\u00e3o. Se ele vencer, os pap\u00e9is se inverter\u00e3o imediatamente. Esta \u00e9 nossa forma de fazer pol\u00edtica. Desde Collor os presidentes t\u00eam sido eleitos com a promessa de passar o pa\u00eds para o &#8220;primeiro mundo&#8221; num passe de m\u00e1gica.<\/p>\n<p style=\"text-align: justify\">Temos acreditado nesse tipo de promessa a cada quatro anos. Nos intervalos, reclamamos que os pol\u00edticos s\u00e3o mentirosos.<\/p>\n","protected":false},"excerpt":{"rendered":"<p>No in\u00edcio da primeira parte deste artigo, disse que n\u00e3o tinha esperan\u00e7a de que algum leitor chegasse ao segundo par\u00e1grafo. Menos ainda acredito que, seTour Details<\/p>\n","protected":false},"author":20,"featured_media":0,"comment_status":"open","ping_status":"open","sticky":false,"template":"","format":"standard","meta":{"footnotes":""},"categories":[349],"tags":[53,98,24,4],"class_list":["post-26231","post","type-post","status-publish","format-standard","hentry","category-pitaco","tag-copa-2014","tag-educacao","tag-politica","tag-saude"],"_links":{"self":[{"href":"http:\/\/www.pedromigao.com.br\/ourodetolo\/wp-json\/wp\/v2\/posts\/26231","targetHints":{"allow":["GET"]}}],"collection":[{"href":"http:\/\/www.pedromigao.com.br\/ourodetolo\/wp-json\/wp\/v2\/posts"}],"about":[{"href":"http:\/\/www.pedromigao.com.br\/ourodetolo\/wp-json\/wp\/v2\/types\/post"}],"author":[{"embeddable":true,"href":"http:\/\/www.pedromigao.com.br\/ourodetolo\/wp-json\/wp\/v2\/users\/20"}],"replies":[{"embeddable":true,"href":"http:\/\/www.pedromigao.com.br\/ourodetolo\/wp-json\/wp\/v2\/comments?post=26231"}],"version-history":[{"count":0,"href":"http:\/\/www.pedromigao.com.br\/ourodetolo\/wp-json\/wp\/v2\/posts\/26231\/revisions"}],"wp:attachment":[{"href":"http:\/\/www.pedromigao.com.br\/ourodetolo\/wp-json\/wp\/v2\/media?parent=26231"}],"wp:term":[{"taxonomy":"category","embeddable":true,"href":"http:\/\/www.pedromigao.com.br\/ourodetolo\/wp-json\/wp\/v2\/categories?post=26231"},{"taxonomy":"post_tag","embeddable":true,"href":"http:\/\/www.pedromigao.com.br\/ourodetolo\/wp-json\/wp\/v2\/tags?post=26231"}],"curies":[{"name":"wp","href":"https:\/\/api.w.org\/{rel}","templated":true}]}}