{"id":26223,"date":"2014-05-27T13:44:09","date_gmt":"2014-05-27T16:44:09","guid":{"rendered":"http:\/\/www.pedromigao.com.br\/ourodetolo\/?p=26223"},"modified":"2015-03-04T12:42:33","modified_gmt":"2015-03-04T15:42:33","slug":"pitaco-nao-ha-dinheiro-parte-i","status":"publish","type":"post","link":"http:\/\/www.pedromigao.com.br\/ourodetolo\/2014\/05\/pitaco-nao-ha-dinheiro-parte-i\/","title":{"rendered":"Pitaco: \u201cN\u00e3o H\u00e1 Dinheiro \u2013 Parte I\u201d"},"content":{"rendered":"<p style=\"text-align: justify\">Alerto j\u00e1 nesta primeira frase que o artigo a seguir \u00e9 triplamente aborrecido. Primeiro, porque \u00e9 longo (em duas partes); segundo, porque cito muitos n\u00fameros; terceiro, porque digo uma coisa que ningu\u00e9m vai gostar de ouvir: o Brasil simplesmente n\u00e3o tem dinheiro para dar sa\u00fade e educa\u00e7\u00e3o de qualidade para seus cidad\u00e3os. OK, adeus, at\u00e9 a vista! Provavelmente seguirei sozinho a partir do pr\u00f3ximo par\u00e1grafo.<\/p>\n<p style=\"text-align: justify\"><em>\u201cN\u00e3o vai ter Copa\u201d<\/em> foi possivelmente a palavra de ordem mais marcante das passeatas de junho. Ela era esclarecida por outro slogan n\u00e3o menos eloquente: <em>\u201cDa Copa eu abro m\u00e3o\/Quero dinheiro para sa\u00fade e educa\u00e7\u00e3o\u201d<\/em>. O sentimento expresso nos motes era e continuou sendo alimentado por sucessivas reportagens que tratavam de forma escandalosa os investimentos p\u00fablicos na Copa. Aqui, um exemplo: <span style=\"color: #ff6600\"><a href=\"http:\/\/veja.abril.com.br\/noticia\/esporte\/custo-total-da-copa-podera-chegar-aos-30-bilhoes-de-reais\"><span style=\"color: #ff6600\">http:\/\/veja.abril.com.br\/noticia\/esporte\/custo-total-da-copa-podera-chegar-aos-30-bilhoes-de-reais.<\/span><\/a><\/span><\/p>\n<p style=\"text-align: justify\">N\u00e3o que tenha sido uma novidade para as pessoas informadas, mas na semana passada a Folha de S.Paulo publicou uma reportagem desconcertante, que mostrava que as despesas totais com a Copa \u2013 R$ 25,8 bilh\u00f5es \u2013 equivalem a n\u00e3o mais de um m\u00eas do or\u00e7amento anual da educa\u00e7\u00e3o p\u00fablica (<span style=\"color: #ff6600\"><a href=\"http:\/\/www1.folha.uol.com.br\/poder\/2014\/05\/1458720-custo-da-copa-equivale-a-um-mes-de-gastos-com-educacao.shtml\"><span style=\"color: #ff6600\">http:\/\/www1.folha.uol.com.br\/poder\/2014\/05\/1458720-custo-da-copa-equivale-a-um-mes-de-gastos-com-educacao.shtml<\/span><\/a><\/span>), que \u00e9 de R$ 280 bilh\u00f5es.<\/p>\n<p style=\"text-align: justify\"><a href=\"http:\/\/www.pedromigao.com.br\/ourodetolo\/wp-content\/uploads\/2014\/05\/20130622_131648.jpg\"><img loading=\"lazy\" decoding=\"async\" class=\"alignleft size-large wp-image-26225\" src=\"http:\/\/www.pedromigao.com.br\/ourodetolo\/wp-content\/uploads\/2014\/05\/20130622_131648-254x340.jpg\" alt=\"20130622_131648\" width=\"254\" height=\"340\" srcset=\"http:\/\/www.pedromigao.com.br\/ourodetolo\/wp-content\/uploads\/2014\/05\/20130622_131648-254x340.jpg 254w, http:\/\/www.pedromigao.com.br\/ourodetolo\/wp-content\/uploads\/2014\/05\/20130622_131648-225x300.jpg 225w\" sizes=\"auto, (max-width: 254px) 100vw, 254px\" \/><\/a>Mesmo isso ainda \u00e9 um exagero. Setenta por cento dos chamados \u201cgastos p\u00fablicos com a Copa\u201d se destina a projetos de seguran\u00e7a e infraestrutura (aeroportos, telecomunica\u00e7\u00f5es, mobilidade urbana, etc.). O total investido nos tais est\u00e1dios \u201cpadr\u00e3o FIFA\u201d foi R$ 8 bilh\u00f5es, por Estados, Munic\u00edpios, clubes e empresas. O governo federal <em>emprestou <\/em>metade desta quantia via BNDES. Tamb\u00e9m vale lembrar que o dinheiro foi aportado nos est\u00e1dios ao longo de sete anos. Se dividirmos o total gasto com educa\u00e7\u00e3o p\u00fablica ao longo de todo este tempo pelo investimento p\u00fablico final em est\u00e1dios no mesmo per\u00edodo, <strong>veremos que as arenas custaram o equivalente a um dia e meio de or\u00e7amento da educa\u00e7\u00e3o vezes sete (1,5 para cada ano de projeto) <\/strong>[1].<\/p>\n<p style=\"text-align: justify\">Os que tomaram birra da Copa dizem que, ainda assim, \u00e9 muito dinheiro. Passo este debate, pois n\u00e3o me proponho, aqui, a discutir os pr\u00f3s e contras do evento. Outros afirmam que o levantamento prova que o problema da educa\u00e7\u00e3o, assim como o da sa\u00fade (or\u00e7amento anual de R$ 206 bilh\u00f5es), n\u00e3o \u00e9 a falta de dinheiro, mas o desvio e o desperd\u00edcio deste por gestores corruptos e incompetentes. S\u00f3 um louco atestaria a qualidade e a honestidade da administra\u00e7\u00e3o p\u00fablica brasileira, mas a gest\u00e3o est\u00e1 bem longe de ser nosso principal problema.<\/p>\n<p style=\"text-align: justify\">Quase R$ 500 bilh\u00f5es por ano pode parecer muito dinheiro, mas somos 200 milh\u00f5es de habitantes, o que\u00a0tamb\u00e9m \u00e9 muito. Comecemos pela sa\u00fade. O or\u00e7amento dos tr\u00eas n\u00edveis de governo, somados, corresponde a R$ 1 mil por habitante do pa\u00eds <em>por ano<\/em>, ou R$ 83 por m\u00eas. Qualquer pessoa que paga um plano de sa\u00fade sabe que isso n\u00e3o \u00e9 suficiente para proporcionar sa\u00fade de qualidade para ningu\u00e9m. Nem precisamos considerar que mesmo a sa\u00fade privada, no Brasil, est\u00e1 a l\u00e9guas do para\u00edso.<\/p>\n<p style=\"text-align: justify\">E todos sabem que o Estado tem obriga\u00e7\u00f5es com a sa\u00fade p\u00fablica que v\u00e3o muito al\u00e9m daquelas das operadoras de planos: distribui\u00e7\u00e3o gratuita de rem\u00e9dios, vacina\u00e7\u00e3o, programas de erradica\u00e7\u00e3o de doen\u00e7as como hansen\u00edase, controle de epidemias como AIDS e tuberculose, combate ao mosquito da dengue, campanhas de esclarecimento \u00e0 popula\u00e7\u00e3o, saneamento b\u00e1sico, elimina\u00e7\u00e3o de detritos s\u00f3lidos e muito mais saem do or\u00e7amento da sa\u00fade p\u00fablica.<\/p>\n<p style=\"text-align: justify\">Tomemos, agora, a educa\u00e7\u00e3o. O Brasil tem 40 milh\u00f5es de estudantes nas redes p\u00fablicas estadual e municipal (sem contar a rede federal de ensino fundamental e m\u00e9dio). A evas\u00e3o, que precisa ser eliminada, \u00e9 de 3,5 milh\u00f5es. O Programa de Ensino T\u00e9cnico tinha seis milh\u00f5es de matr\u00edculas registradas em mar\u00e7o, e meta de chegar a oito milh\u00f5es at\u00e9 o fim do ano. Os estudantes de universidades p\u00fablicas s\u00e3o 1,5 milh\u00e3o, sem falar dos 380 mil benefici\u00e1rios do PROUNI.<\/p>\n<p style=\"text-align: justify\">Nosso\u00a0portentoso or\u00e7amento para a educa\u00e7\u00e3o reserva menos de R$ 450 por m\u00eas para cada uma dessas crian\u00e7as e jovens. Lembra quanto \u00e9 a mensalidade da sua filha? Pois \u00e9. As 20 escolas privadas com melhor coloca\u00e7\u00e3o no ENEM cobram, em m\u00e9dia, R$ 2 mil por m\u00eas. Um bom curso t\u00e9cnico custa mais que o ensino de segundo grau. E o valor da mensalidade m\u00e9dia das faculdades de medicina do Brasil \u00e9 R$ 5 mil.<\/p>\n<p style=\"text-align: justify\">A compara\u00e7\u00e3o que fiz com despesas privadas de sa\u00fade e educa\u00e7\u00e3o \u00e9 ainda inexata, porque dar sa\u00fade e educa\u00e7\u00e3o de qualidade aos pobres \u00e9 mais caro que dar aos ricos e remediados. Para os estudantes carentes, o Estado precisa fornecer livros, merenda e transporte. Os pobres brasileiros, por muitas vezes n\u00e3o terem saneamento b\u00e1sico, repouso suficiente nem alimenta\u00e7\u00e3o adequada, adoecem mais, t\u00eam imunidade mais baixa e um desgaste maior na terceira idade.<\/p>\n<p style=\"text-align: justify\"><a href=\"http:\/\/www.pedromigao.com.br\/ourodetolo\/wp-content\/uploads\/2014\/05\/ciep_478.01.jpg\"><img loading=\"lazy\" decoding=\"async\" class=\"alignright size-medium wp-image-26226\" src=\"http:\/\/www.pedromigao.com.br\/ourodetolo\/wp-content\/uploads\/2014\/05\/ciep_478.01-300x150.jpg\" alt=\"ciep_478.01\" width=\"300\" height=\"150\" srcset=\"http:\/\/www.pedromigao.com.br\/ourodetolo\/wp-content\/uploads\/2014\/05\/ciep_478.01-300x150.jpg 300w, http:\/\/www.pedromigao.com.br\/ourodetolo\/wp-content\/uploads\/2014\/05\/ciep_478.01-550x275.jpg 550w, http:\/\/www.pedromigao.com.br\/ourodetolo\/wp-content\/uploads\/2014\/05\/ciep_478.01.jpg 600w\" sizes=\"auto, (max-width: 300px) 100vw, 300px\" \/><\/a>Se algu\u00e9m ainda tem d\u00favida de que o problema \u00e9 dinheiro, e n\u00e3o gest\u00e3o, analise o desempenho brasileiro no PISA. Cada resultado do teste internacional renova o nosso vexame, pois as notas m\u00e9dias dos nossos estudantes frequentemente ficam atr\u00e1s dos de pa\u00edses mais pobres. Quando, por\u00e9m, olhamos os dados com lupa, nos deparamos com algumas surpresas.<\/p>\n<p style=\"text-align: justify\">Como se podia esperar, a m\u00e9dia dos brasileiros que estudam em escolas particulares \u00e9 bem superior \u00e0 dos de escolas p\u00fablicas. Mas o que joga para baixo a nota da educa\u00e7\u00e3o p\u00fablica \u00e9 a rede estadual\/municipal. Os alunos dos col\u00e9gios federais (ensino m\u00e9dio e militares) t\u00eam m\u00e9dia superior aos de escolas privadas brasileiras, e fazem uma \u00f3tima figura no contexto internacional. Ficam \u00e0 frente dos americanos e suecos em matem\u00e1tica, e entre os cinco melhores do mundo em leitura. Na nota agregada, um desempenho superior ao dos su\u00ed\u00e7os, alem\u00e3es e canadenses.<\/p>\n<p style=\"text-align: justify\">Devemos concluir da\u00ed que os governos estaduais e municipais s\u00e3o ineptos, mas que o federal \u00e9 um excelente gestor, melhor que a iniciativa privada? O senso comum preferir\u00e1 encontrar aqui a resposta: o gasto m\u00e9dio com um aluno das redes municipais e estaduais no Brasil foi de R$ 2,3 mil no ano de 2009. Na rede federal de ensino m\u00e9dio, foi de R$ 7,2 mil, e nos col\u00e9gios militares, de R$ 14 mil. Milagre tem pre\u00e7o.<\/p>\n<p style=\"text-align: justify\">Amanh\u00e3, a segunda parte.<\/p>\n<p style=\"text-align: justify\"><em>[N.do.E.: grifo do editor. PM]<\/em><\/p>\n","protected":false},"excerpt":{"rendered":"<p>Alerto j\u00e1 nesta primeira frase que o artigo a seguir \u00e9 triplamente aborrecido. Primeiro, porque \u00e9 longo (em duas partes); segundo, porque cito muitos n\u00fameros;Tour Details<\/p>\n","protected":false},"author":20,"featured_media":0,"comment_status":"open","ping_status":"open","sticky":false,"template":"","format":"standard","meta":{"footnotes":""},"categories":[349],"tags":[53,98,24,4],"class_list":["post-26223","post","type-post","status-publish","format-standard","hentry","category-pitaco","tag-copa-2014","tag-educacao","tag-politica","tag-saude"],"_links":{"self":[{"href":"http:\/\/www.pedromigao.com.br\/ourodetolo\/wp-json\/wp\/v2\/posts\/26223","targetHints":{"allow":["GET"]}}],"collection":[{"href":"http:\/\/www.pedromigao.com.br\/ourodetolo\/wp-json\/wp\/v2\/posts"}],"about":[{"href":"http:\/\/www.pedromigao.com.br\/ourodetolo\/wp-json\/wp\/v2\/types\/post"}],"author":[{"embeddable":true,"href":"http:\/\/www.pedromigao.com.br\/ourodetolo\/wp-json\/wp\/v2\/users\/20"}],"replies":[{"embeddable":true,"href":"http:\/\/www.pedromigao.com.br\/ourodetolo\/wp-json\/wp\/v2\/comments?post=26223"}],"version-history":[{"count":0,"href":"http:\/\/www.pedromigao.com.br\/ourodetolo\/wp-json\/wp\/v2\/posts\/26223\/revisions"}],"wp:attachment":[{"href":"http:\/\/www.pedromigao.com.br\/ourodetolo\/wp-json\/wp\/v2\/media?parent=26223"}],"wp:term":[{"taxonomy":"category","embeddable":true,"href":"http:\/\/www.pedromigao.com.br\/ourodetolo\/wp-json\/wp\/v2\/categories?post=26223"},{"taxonomy":"post_tag","embeddable":true,"href":"http:\/\/www.pedromigao.com.br\/ourodetolo\/wp-json\/wp\/v2\/tags?post=26223"}],"curies":[{"name":"wp","href":"https:\/\/api.w.org\/{rel}","templated":true}]}}