{"id":25841,"date":"2014-05-14T05:11:54","date_gmt":"2014-05-14T08:11:54","guid":{"rendered":"http:\/\/www.pedromigao.com.br\/ourodetolo\/?p=25841"},"modified":"2014-05-13T10:47:51","modified_gmt":"2014-05-13T13:47:51","slug":"filho-prodigo-os-cinco-anos","status":"publish","type":"post","link":"http:\/\/www.pedromigao.com.br\/ourodetolo\/2014\/05\/filho-prodigo-os-cinco-anos\/","title":{"rendered":"Filho Pr\u00f3digo: &#8220;Os Cinco Anos&#8221;"},"content":{"rendered":"<p style=\"text-align: justify;\">Eu n\u00e3o me lembro exatamente o dia, mas tendo a achar que foi 17 de junho de 2013. Um dia antes, tinha ido ao Maracan\u00e3 ver It\u00e1lia x M\u00e9xico pela Copa das Confedera\u00e7\u00f5es. Ainda l\u00e1 no M\u00e1rio Filho, pensei que todo o processo de compra de ingressos, retirada, acesso ao est\u00e1dio, experi\u00eancia de ver um torneio FIFA e a sa\u00edda dariam um texto bacana.<\/p>\n<p style=\"text-align: justify;\">Mas havia um problema: onde publicar. Apesar de, \u00e0 \u00e9poca, escrever para dois blogs diferentes, achei que n\u00e3o cabia em nenhum deles e, em um desses tweets que a gente publica e nem sabe porqu\u00ea, relatei que queria publicar um texto sobre o jogo, mas n\u00e3o tinha onde. E foi a\u00ed que recebi uma resposta um tanto quanto inesperada do Pedro Mig\u00e3o, a quem j\u00e1 seguia h\u00e1 uns dois anos e era seguido h\u00e1 alguns meses: \u201ctem espa\u00e7o no Ouro de Tolo\u201d.<\/p>\n<p style=\"text-align: justify;\"><a href=\"http:\/\/4.bp.blogspot.com\/_KYflagr2MuI\/TIWdr69hDEI\/AAAAAAAAC0w\/Q8RiLSmaFb8\/s1600\/IMG00236-20100831-2029.jpg\"><img loading=\"lazy\" decoding=\"async\" class=\"alignleft\" alt=\"\" src=\"http:\/\/4.bp.blogspot.com\/_KYflagr2MuI\/TIWdr69hDEI\/AAAAAAAAC0w\/Q8RiLSmaFb8\/s1600\/IMG00236-20100831-2029.jpg\" width=\"235\" height=\"178\" \/><\/a>Eu, ainda no Rio de Janeiro, aceitei de bate-pronto, mas fiquei meio surpreso. Eu no Ouro de Tolo? Eu dou conta? Essas perguntas tem uma explica\u00e7\u00e3o. Nos aproximadamente dois anos anteriores, foi aqui que eu me diverti com os contos do Aloisio Villar, al\u00e9m de suas colunas sempre muito pontuais. Foi aqui que finalmente entendi o sistema eleitoral americano e pude compreender melhor o sistema de escolha do Papa atrav\u00e9s de duas s\u00e9ries brilhantes de colunas do Rafael Rafic. Foi aqui que, atrav\u00e9s dos textos do editor-chefe, conheci hist\u00f3rias do samba e alguns sambas-enredo hist\u00f3ricos atrav\u00e9s da Samba de Ter\u00e7a (que deveria voltar, inclusive), sem falar nos relatos que foram de um <a href=\"http:\/\/www.pedromigao.com.br\/ourodetolo\/2009\/12\/dezessete-anos-em-noventa-minutos\/\" target=\"_blank\"><span style=\"color: #ff6600;\">jogo decisivo de Campeonato Brasileiro<\/span><\/a> a um <a href=\"http:\/\/www.pedromigao.com.br\/ourodetolo\/2010\/09\/um-passeio-pela-segunda-divisao-parte-ii\/\" target=\"_blank\"><span style=\"color: #ff6600;\">Ponte Preta x Brasiliense pela S\u00e9rie B do Brasileir\u00e3o<\/span><\/a>. Isso para ficar nos tr\u00eas exemplos mais pr\u00f3ximos com quem tenho mais contato atualmente.<\/p>\n<p style=\"text-align: justify;\">Criei, portanto, um h\u00e1bito de ler o blog como lia um jornal. Passei a valorizar as opini\u00f5es que lia aqui, mudei meu jeito de pensar algumas vezes e, naturalmente, era estranho pensar que, ainda com um texto, eu faria parte do time. Ainda no Rio de Janeiro e sem meu computador &#8211; que ficou, quebrado, em casa &#8211; digitei o texto no corpo do email pelo celular e mandei. Dois dias depois foi publicado <a href=\"http:\/\/www.pedromigao.com.br\/ourodetolo\/2013\/06\/a-fifa-e-o-novo-maracana-por-leonardo-dahi\/\" target=\"_blank\"><span style=\"color: #ff6600;\">\u201cA FIFA e o novo Maracan\u00e3\u201d<\/span><\/a>, a minha colabora\u00e7\u00e3o para a hist\u00f3ria do blog.<\/p>\n<p style=\"text-align: justify;\">O tempo passou e, l\u00e1 para o fim de julho, come\u00e7o de agosto, est\u00e1vamos conversando no Twitter quando o Mig\u00e3o disse que eu tinha recusado um convite para ser colunista do Ouro de Tolo. Agora o espanto foi dobrado. Ele sequer me perguntou nada, como eu poderia ter recusado? N\u00e3o s\u00f3 disse isso, como ainda aceitei o convite em seguida. Na mesma noite \u201cassinei contrato\u201d e o editor-chefe, ao saber que sou p\u00e9ssimo para intitular as coisas, criou um nome para minha coluna que achei bastante interessante: Filho Pr\u00f3digo (muito melhor que o apelido de Mig\u00e3ozinho que ganhei algum tempo depois e o de Emerson Sheik, os quais ainda n\u00e3o entendi at\u00e9 hoje).<\/p>\n<p style=\"text-align: justify;\">Em tr\u00eas meses passei de f\u00e3 do Ouro de Tolo a colunista do blog, o que era uma responsabilidade bem grande. Os amigos leitores que n\u00e3o me entendam mal, mas nem era a audi\u00eancia que me fazia ter cuidado com o que e como escrevia, mas sim os companheiros. Por exemplo: para dividir espa\u00e7o com aquele que, a meu ver, tem um dos melhores textos do Brasil hoje, o<a href=\"http:\/\/www.pedromigao.com.br\/ourodetolo\/category\/historias-brasileiras\/\" target=\"_blank\"><span style=\"color: #ff6600;\"> historiador Luiz Ant\u00f4nio Simas<\/span><\/a>, eu tinha que fazer algo com o m\u00ednimo de dec\u00eancia.<\/p>\n<p style=\"text-align: justify;\"><img loading=\"lazy\" decoding=\"async\" class=\"alignright\" alt=\"\" src=\"http:\/\/www.pedromigao.com.br\/ourodetolo\/wp-content\/uploads\/2013\/08\/Menores-na-Febem-Tatuape-Sao-Paulo-2000-Credito-Nair-Benedicto-N-Imagens-520x340.jpg\" width=\"328\" height=\"214\" \/>E n\u00e3o pensem que \u201cresponsabilidade\u201d quer dizer press\u00e3o, ou nervosismo, at\u00e9 porque o ambiente nunca foi desses. Era uma responsabilidade minha de tentar fazer algo bem feito para que eu mesmo n\u00e3o achasse que estava destoando muito do resto. Em 29 de agosto, estreei oficialmente com uma coluna intitulada <a href=\"http:\/\/www.pedromigao.com.br\/ourodetolo\/2013\/08\/filho-prodigo-uma-casa-sem-bem-estar\/\" target=\"_blank\"><span style=\"color: #ff6600;\">\u201cUma Casa sem Bem-Estar\u201d<\/span><\/a>, sobre uma reportagem que mostrava o p\u00e9ssimo tratamento dado a menores infratores em suas pris\u00f5es especiais.<\/p>\n<p style=\"text-align: justify;\">Nove meses depois de integrar oficialmente o time de colunistas e, na semana em que este espa\u00e7o comemora seu quinto anivers\u00e1rio (dia 15), posso afirmar: estou em casa. Tenho aqui uma liberdade para escrever que n\u00e3o espero encontrar em lugar nenhum. Acreditem: em 26 (contando com esse) textos, n\u00e3o tive uma linha censurada ou mesmo uma recomenda\u00e7\u00e3o para que n\u00e3o falasse algo, ainda que em pelo menos metade deles fosse na m\u00e3o extremamente contr\u00e1ria a do editor; e ainda que alguns desses revoltados virtuais que atacam em bando caiam aqui, o prejudicado maior seja ele.<\/p>\n<p style=\"text-align: justify;\">Porque o Ouro de Tolo \u00e9 assim, democr\u00e1tico em ess\u00eancia. Tem Hist\u00f3rias Brasileiras, coluna com nome afro e \u00e9 Made in USA. \u00c9 m\u00e9dico, jornalista, advogado, nerd e estudante, como eu. Tem espa\u00e7o para todo mundo. Aqui, pude sair um pouco do v\u00edcio de escrever apenas sobre futebol e carnaval (ainda que eles tenham dominado minha coluna, reconhe\u00e7o) e me aventurei em outras \u00e1reas, como pol\u00edtica, seguran\u00e7a, hist\u00f3ria e at\u00e9 Ayrton Senna.<\/p>\n<p style=\"text-align: justify;\">Falando nisso, a liberdade que os integrantes do Ouro de Tolo t\u00eam n\u00e3o s\u00e3o somente em seus pr\u00f3prios textos. O editor n\u00e3o s\u00f3 est\u00e1 aberto a sugest\u00f5es, como pede a todo momento que tenhamos novas ideias para o blog. Por sugest\u00e3o do Aloisio Villar, por exemplo, surgiu a <a href=\"http:\/\/www.pedromigao.com.br\/ourodetolo\/tag\/semana-senna\/\" target=\"_blank\"><span style=\"color: #ff6600;\">Semana Senna<\/span><\/a>. Ap\u00f3s algumas ideias aqui e ali, nasceu a <a href=\"http:\/\/www.pedromigao.com.br\/ourodetolo\/category\/meu-jogo-inesquecivel\/\" target=\"_blank\"><span style=\"color: #ff6600;\">\u201cMeu Jogo Inesquec\u00edvel\u201d<\/span><\/a> ou o <a href=\"http:\/\/www.pedromigao.com.br\/ourodetolo\/2014\/02\/e-a-campea-do-carnaval-2014-sera\/\" target=\"_blank\"><span style=\"color: #ff6600;\">debate sobre Carnaval<\/span><\/a> (acertei a campe\u00e3, inclusive).<\/p>\n<p style=\"text-align: justify;\"><a href=\"http:\/\/www.pedromigao.com.br\/ourodetolo\/wp-content\/uploads\/2014\/05\/20140308_200349.jpg\"><img loading=\"lazy\" decoding=\"async\" class=\"alignleft size-medium wp-image-25844\" alt=\"20140308_200349\" src=\"http:\/\/www.pedromigao.com.br\/ourodetolo\/wp-content\/uploads\/2014\/05\/20140308_200349-300x225.jpg\" width=\"300\" height=\"225\" srcset=\"http:\/\/www.pedromigao.com.br\/ourodetolo\/wp-content\/uploads\/2014\/05\/20140308_200349-300x225.jpg 300w, http:\/\/www.pedromigao.com.br\/ourodetolo\/wp-content\/uploads\/2014\/05\/20140308_200349-453x340.jpg 453w\" sizes=\"auto, (max-width: 300px) 100vw, 300px\" \/><\/a>E o que mais me alegra em estar presente no Ouro de Tolo \u00e9 ver o blog crescendo e isso, mais uma vez, nada tem a ver com audi\u00eancia, que tamb\u00e9m est\u00e1 em alta. O quadro de colunistas se renova a cada dia. Assim que cheguei, chegou outro amigo, o Rodrigo Salom\u00e3o com seu povo no blog e, mais recentemente, outro amigo, o curitibano Gustavo Vaz com suas cartas do freezer.<\/p>\n<p style=\"text-align: justify;\">O que dizer ent\u00e3o do Fred Sabino que, al\u00e9m das suas <a href=\"http:\/\/www.pedromigao.com.br\/ourodetolo\/category\/sabinadas\/\" target=\"_blank\"><span style=\"color: #ff6600;\">Sabinadas<\/span><\/a>, criou um dos melhores materiais jornal\u00edsticos sobre Carnaval de que tive not\u00edcia at\u00e9 hoje, a<a href=\"http:\/\/www.pedromigao.com.br\/ourodetolo\/category\/trinta-atos\/\" target=\"_blank\"><span style=\"color: #ff6600;\"> Samb\u00f3dromo em Trinta Atos<\/span><\/a>? Ele, ao lado do Mig\u00e3o e suas informa\u00e7\u00f5es sempre privilegiadas (semana passada ele me adiantou a campe\u00e3 do Grupo C da Intendente Magalh\u00e3es de 2046, garantiu todo mundo j\u00e1 sabe) fizeram 30 textos brilhantes contando a hist\u00f3ria da Marqu\u00eas de Sapuca\u00ed ano a ano. Isso n\u00e3o merece parar na internet: tem que ir para as prateleiras.<\/p>\n<p style=\"text-align: justify;\">Enfim, enquanto o Mig\u00e3o permitir, estarei aqui, de 15 em 15 dias, tentando n\u00e3o baixar muito o n\u00edvel do blog. Ele, ali\u00e1s, pode ser meio maluco, mas, como todos eles costumam ser (inclusive o tal Raul Seixas, cuja m\u00fasica d\u00e1 nome a este espa\u00e7o), teve uma ideia genial l\u00e1 naquele 2009. N\u00e3o era mais um blog. Era uma revista eletr\u00f4nica pela internet. Acho que ningu\u00e9m tem d\u00favidas de que deu certo.<\/p>\n<p style=\"text-align: justify;\">E que venham mais cinco anos.<\/p>\n","protected":false},"excerpt":{"rendered":"<p>Eu n\u00e3o me lembro exatamente o dia, mas tendo a achar que foi 17 de junho de 2013. Um dia antes, tinha ido ao Maracan\u00e3Tour Details<\/p>\n","protected":false},"author":12,"featured_media":0,"comment_status":"open","ping_status":"open","sticky":false,"template":"","format":"standard","meta":{"footnotes":""},"categories":[351],"tags":[121],"class_list":["post-25841","post","type-post","status-publish","format-standard","hentry","category-filho-prodigo","tag-blog"],"_links":{"self":[{"href":"http:\/\/www.pedromigao.com.br\/ourodetolo\/wp-json\/wp\/v2\/posts\/25841","targetHints":{"allow":["GET"]}}],"collection":[{"href":"http:\/\/www.pedromigao.com.br\/ourodetolo\/wp-json\/wp\/v2\/posts"}],"about":[{"href":"http:\/\/www.pedromigao.com.br\/ourodetolo\/wp-json\/wp\/v2\/types\/post"}],"author":[{"embeddable":true,"href":"http:\/\/www.pedromigao.com.br\/ourodetolo\/wp-json\/wp\/v2\/users\/12"}],"replies":[{"embeddable":true,"href":"http:\/\/www.pedromigao.com.br\/ourodetolo\/wp-json\/wp\/v2\/comments?post=25841"}],"version-history":[{"count":1,"href":"http:\/\/www.pedromigao.com.br\/ourodetolo\/wp-json\/wp\/v2\/posts\/25841\/revisions"}],"predecessor-version":[{"id":25842,"href":"http:\/\/www.pedromigao.com.br\/ourodetolo\/wp-json\/wp\/v2\/posts\/25841\/revisions\/25842"}],"wp:attachment":[{"href":"http:\/\/www.pedromigao.com.br\/ourodetolo\/wp-json\/wp\/v2\/media?parent=25841"}],"wp:term":[{"taxonomy":"category","embeddable":true,"href":"http:\/\/www.pedromigao.com.br\/ourodetolo\/wp-json\/wp\/v2\/categories?post=25841"},{"taxonomy":"post_tag","embeddable":true,"href":"http:\/\/www.pedromigao.com.br\/ourodetolo\/wp-json\/wp\/v2\/tags?post=25841"}],"curies":[{"name":"wp","href":"https:\/\/api.w.org\/{rel}","templated":true}]}}