{"id":25818,"date":"2014-05-13T04:31:41","date_gmt":"2014-05-13T07:31:41","guid":{"rendered":"http:\/\/www.pedromigao.com.br\/ourodetolo\/?p=25818"},"modified":"2014-05-12T12:40:02","modified_gmt":"2014-05-12T15:40:02","slug":"vamos-a-luta-feiras-sa","status":"publish","type":"post","link":"http:\/\/www.pedromigao.com.br\/ourodetolo\/2014\/05\/vamos-a-luta-feiras-sa\/","title":{"rendered":"Vamos \u00e0 Luta: &#8220;Feiras S\/A&#8221;"},"content":{"rendered":"<p style=\"text-align: justify;\">Nessa \u00faltima semana vivi uma experi\u00eancia intensa e in\u00e9dita em minha vida. A empresa que trabalho pela primeira vez participou com expositora numa feira gigantesca do setor supermercadista brasileiro, a Apas 2014.<\/p>\n<p style=\"text-align: justify;\">Nos \u00faltimos meses, diversas reuni\u00f5es, centenas de e-mails e mensagens preparat\u00f3rias davam uma no\u00e7\u00e3o relativa para aquilo que desej\u00e1vamos. Mas assim que as cortinas se abriram revelaram um mundo completamente novo para n\u00f3s e os parceiros que compartilharam o Stand.<\/p>\n<p style=\"text-align: justify;\"><a href=\"http:\/\/www.pedromigao.com.br\/ourodetolo\/wp-content\/uploads\/2014\/05\/IMG-20140508-WA0049_resized.jpg\"><img loading=\"lazy\" decoding=\"async\" class=\"alignleft size-medium wp-image-25821\" alt=\"IMG-20140508-WA0049_resized\" src=\"http:\/\/www.pedromigao.com.br\/ourodetolo\/wp-content\/uploads\/2014\/05\/IMG-20140508-WA0049_resized-300x225.jpg\" width=\"300\" height=\"225\" srcset=\"http:\/\/www.pedromigao.com.br\/ourodetolo\/wp-content\/uploads\/2014\/05\/IMG-20140508-WA0049_resized-300x225.jpg 300w, http:\/\/www.pedromigao.com.br\/ourodetolo\/wp-content\/uploads\/2014\/05\/IMG-20140508-WA0049_resized-453x340.jpg 453w, http:\/\/www.pedromigao.com.br\/ourodetolo\/wp-content\/uploads\/2014\/05\/IMG-20140508-WA0049_resized.jpg 816w\" sizes=\"auto, (max-width: 300px) 100vw, 300px\" \/><\/a>Inicialmente, nunca imaginei ter que aprovar e opinar sobre tantas coisas, como visual, design e at\u00e9 os vestidos das mo\u00e7as que trabalharam para n\u00f3s.<\/p>\n<p style=\"text-align: justify;\">A APAS ocupa todo o espa\u00e7o da Expo Center Norte e nesse ano completou 30 anos. Hoje essa associa\u00e7\u00e3o tem faturamento maior em S\u00e3o Paulo do que no restante todo do pa\u00eds. Recebemos visitantes em nosso espa\u00e7o de todo o Brasil. J\u00e1 no \u00faltimo dia de feira, a organiza\u00e7\u00e3o j\u00e1 faz contatos para reserva de espa\u00e7os para o ano seguinte e acredite, leitor: j\u00e1 n\u00e3o havia muitos espa\u00e7os vagos. \u00c9 impressionante&#8230;<\/p>\n<p style=\"text-align: justify;\">O custo para uma empresa pequena, nosso caso, para expor \u00e9 proibitivo. Desde o metro quadrado, montagem, seguran\u00e7a, pessoal \u00e9 tudo muito acima do valor do mercado. Mas, onde as empresas v\u00e3o conseguir montar uma rede de contato concentrada num local especifico? Onde far\u00e3o contato com seus clientes de forma descontra\u00edda sem pressa?<\/p>\n<p style=\"text-align: justify;\">\u00c9 da\u00ed que vem a pergunta \u201c<i>o que leva uma empresa a expor\u201d?<a href=\"http:\/\/www.pedromigao.com.br\/ourodetolo\/wp-content\/uploads\/2014\/05\/IMG-20140508-WA0034_resized.jpg\"><img loading=\"lazy\" decoding=\"async\" class=\"alignleft size-medium wp-image-25820\" alt=\"IMG-20140508-WA0034_resized\" src=\"http:\/\/www.pedromigao.com.br\/ourodetolo\/wp-content\/uploads\/2014\/05\/IMG-20140508-WA0034_resized-300x225.jpg\" width=\"300\" height=\"225\" srcset=\"http:\/\/www.pedromigao.com.br\/ourodetolo\/wp-content\/uploads\/2014\/05\/IMG-20140508-WA0034_resized-300x225.jpg 300w, http:\/\/www.pedromigao.com.br\/ourodetolo\/wp-content\/uploads\/2014\/05\/IMG-20140508-WA0034_resized-453x340.jpg 453w, http:\/\/www.pedromigao.com.br\/ourodetolo\/wp-content\/uploads\/2014\/05\/IMG-20140508-WA0034_resized.jpg 816w\" sizes=\"auto, (max-width: 300px) 100vw, 300px\" \/><\/a><\/i><\/p>\n<p style=\"text-align: justify;\">No caso desse foco ao atacado e varejo, vi que o que mais se tem \u00e9 o lan\u00e7amento de novos produtos. Stands Institucionais gigantes tamb\u00e9m existem, mas funcionam apenas como extens\u00e3o do escrit\u00f3rio das empresas. Ao lan\u00e7ar novos produtos temos que fazer o stand \u201cbombar\u201d e que todos os contatos circulem pelo local. Diversos estratagemas s\u00e3o usados. Sorteios, brindes e etc&#8230;<\/p>\n<p style=\"text-align: justify;\">Mas em todos, algo em comum. Mulheres bonitas.<\/p>\n<p style=\"text-align: justify;\"><a href=\"http:\/\/www.pedromigao.com.br\/ourodetolo\/wp-content\/uploads\/2014\/05\/IMG-20140508-WA0053_resized.jpg\"><img loading=\"lazy\" decoding=\"async\" class=\"alignright size-large wp-image-25822\" alt=\"IMG-20140508-WA0053_resized\" src=\"http:\/\/www.pedromigao.com.br\/ourodetolo\/wp-content\/uploads\/2014\/05\/IMG-20140508-WA0053_resized-255x340.jpg\" width=\"255\" height=\"340\" srcset=\"http:\/\/www.pedromigao.com.br\/ourodetolo\/wp-content\/uploads\/2014\/05\/IMG-20140508-WA0053_resized-255x340.jpg 255w, http:\/\/www.pedromigao.com.br\/ourodetolo\/wp-content\/uploads\/2014\/05\/IMG-20140508-WA0053_resized-225x300.jpg 225w, http:\/\/www.pedromigao.com.br\/ourodetolo\/wp-content\/uploads\/2014\/05\/IMG-20140508-WA0053_resized.jpg 1224w\" sizes=\"auto, (max-width: 255px) 100vw, 255px\" \/><\/a>Nesse ponto, acho que at\u00e9 cabe um tema para coluna futura sobre o papel da mulher na sociedade. Mas nesse mundo dos neg\u00f3cios, meio \u00e0 parte da sociedade real, ainda vemos um papel de vitrine. Decotes enormes, roupas apertadas e etc&#8230;<\/p>\n<p style=\"text-align: justify;\">\u201cCelebridades contratadas\u201d e se forma um verdadeiro mar de gente para prestigiar seu produto. Momentos de muita troca de informa\u00e7\u00f5es, de uma nova rede comercial, de estrat\u00e9gias para um novo ano de trabalho, de afinco nas rela\u00e7\u00f5es comerciais.<\/p>\n<p style=\"text-align: justify;\">Um mundo voraz, onde n\u00e3o h\u00e1 espa\u00e7os para trope\u00e7\u00f5es. Tem que atirar poucas vezes e acertar muitas. A sensa\u00e7\u00e3o de bem estar da feira \u00e9 o oposto do dia a dia. Por isso, muitos neg\u00f3cios s\u00e3o fechados l\u00e1.<\/p>\n<p style=\"text-align: justify;\">Estruturalmente, como sempre, o local deixa muito a desejar. N\u00e3o ter uma rede wifi \u00e9 uma vergonha. Estacionamento car\u00edssimo, restaurante de marca \u00fanica e uma seguran\u00e7a incapaz de evitar o saque de produtos ao final da feira. O turismo de neg\u00f3cios de S\u00e3o Paulo \u00e9 um dos maiores faturamentos da cidade. Urge novos pavilh\u00f5es. Mas, como sempre, o setor p\u00fablico se preocupa muito em faturar e pouco em oferecer.<\/p>\n<p style=\"text-align: justify;\"><strong>Imagens: Arquivo Pessoal do Autor<\/strong><\/p>\n","protected":false},"excerpt":{"rendered":"<p>Nessa \u00faltima semana vivi uma experi\u00eancia intensa e in\u00e9dita em minha vida. A empresa que trabalho pela primeira vez participou com expositora numa feira gigantescaTour Details<\/p>\n","protected":false},"author":26,"featured_media":0,"comment_status":"open","ping_status":"open","sticky":false,"template":"","format":"standard","meta":{"footnotes":""},"categories":[485],"tags":[58,17],"class_list":["post-25818","post","type-post","status-publish","format-standard","hentry","category-vamos-a-luta","tag-economia","tag-vida-empresarial"],"_links":{"self":[{"href":"http:\/\/www.pedromigao.com.br\/ourodetolo\/wp-json\/wp\/v2\/posts\/25818","targetHints":{"allow":["GET"]}}],"collection":[{"href":"http:\/\/www.pedromigao.com.br\/ourodetolo\/wp-json\/wp\/v2\/posts"}],"about":[{"href":"http:\/\/www.pedromigao.com.br\/ourodetolo\/wp-json\/wp\/v2\/types\/post"}],"author":[{"embeddable":true,"href":"http:\/\/www.pedromigao.com.br\/ourodetolo\/wp-json\/wp\/v2\/users\/26"}],"replies":[{"embeddable":true,"href":"http:\/\/www.pedromigao.com.br\/ourodetolo\/wp-json\/wp\/v2\/comments?post=25818"}],"version-history":[{"count":0,"href":"http:\/\/www.pedromigao.com.br\/ourodetolo\/wp-json\/wp\/v2\/posts\/25818\/revisions"}],"wp:attachment":[{"href":"http:\/\/www.pedromigao.com.br\/ourodetolo\/wp-json\/wp\/v2\/media?parent=25818"}],"wp:term":[{"taxonomy":"category","embeddable":true,"href":"http:\/\/www.pedromigao.com.br\/ourodetolo\/wp-json\/wp\/v2\/categories?post=25818"},{"taxonomy":"post_tag","embeddable":true,"href":"http:\/\/www.pedromigao.com.br\/ourodetolo\/wp-json\/wp\/v2\/tags?post=25818"}],"curies":[{"name":"wp","href":"https:\/\/api.w.org\/{rel}","templated":true}]}}