{"id":25795,"date":"2014-05-13T14:28:06","date_gmt":"2014-05-13T17:28:06","guid":{"rendered":"http:\/\/www.pedromigao.com.br\/ourodetolo\/?p=25795"},"modified":"2014-05-13T12:58:15","modified_gmt":"2014-05-13T15:58:15","slug":"historia-e-outros-assuntos-roland-corbisier-e-a-campanha-por-juscelino-kubitschek-parte-ii","status":"publish","type":"post","link":"http:\/\/www.pedromigao.com.br\/ourodetolo\/2014\/05\/historia-e-outros-assuntos-roland-corbisier-e-a-campanha-por-juscelino-kubitschek-parte-ii\/","title":{"rendered":"Hist\u00f3ria e Outros Assuntos: &#8220;Roland Corbisier e a campanha por Juscelino Kubitschek &#8211; Parte II&#8221;"},"content":{"rendered":"<p style=\"text-align: justify;\">Em 29 de dezembro, o general Canrobert Pereira da Costa, chefe do Estado-Maior das For\u00e7as Armadas (EMFA), dera uma declara\u00e7\u00e3o a O Jornal, afirmando que n\u00e3o haveria candidatura militar \u00e0 sucess\u00e3o presidencial. \u201cSou um simples eleitor, interessado em que se chegue a uma solu\u00e7\u00e3o honesta, capaz de atender, pela polariza\u00e7\u00e3o das for\u00e7as vivas nacionais, \u00e0 gravidade do momento\u201d<a title=\"\" href=\"#_ftn1\">[1]<\/a>.<\/p>\n<p style=\"text-align: justify;\">Para Corbisier, o epis\u00f3dio era tranquilizador. Ele anteriormente j\u00e1 cobrara de outras importantes lideran\u00e7as militares, como o brigadeiro Eduardo Gomes, ministro da Aeron\u00e1utica, e o general Juarez T\u00e1vora, chefe do Gabinete Militar, a coopera\u00e7\u00e3o na solu\u00e7\u00e3o da profunda e grave crise econ\u00f4mica e financeira pela qual o pa\u00eds passava. Pela l\u00f3gica de Corbisier, se os dois militares ocupavam posi\u00e7\u00f5es de destaque na alta hierarquia do poder, ambos n\u00e3o precisariam se candidatar \u00e0 Presid\u00eancia para resolver os problemas nacionais. Se j\u00e1 estavam no governo e frequentavam as reuni\u00f5es no Pal\u00e1cio do Catete, seria mais f\u00e1cil que contribu\u00edssem diretamente, no governo.<\/p>\n<p style=\"text-align: justify;\">Em 05 de janeiro de 1955, o brigadeiro Eduardo Gomes recebera no Minist\u00e9rio da Aeron\u00e1utica a visita da bancada da UDN na C\u00e2mara e no Senado, e tamb\u00e9m dos vereadores eleitos no Distrito Federal, que foram at\u00e9 l\u00e1 desejar um bom ano novo. O brigadeiro aproveitou ent\u00e3o para fazer um discurso de agradecimento, que seguiu a mesma linha do general Canrobert:<\/p>\n<p style=\"text-align: justify;\"><em>\u201c\u00c1rbitros v\u00e1rias vezes das crises profundas que t\u00eam afetado a exist\u00eancia nacional, os militares jamais pretenderam para si as responsabilidades do governo, que deve ser oriundo do voto popular leg\u00edtimo. A nossa miss\u00e3o tem consistido em velar para que n\u00e3o desapare\u00e7am as liberdades do povo, e para que o nosso progresso democr\u00e1tico n\u00e3o se revele somente na letra das leis e sim na pr\u00e1tica efetiva da legalidade.<\/em><\/p>\n<p style=\"text-align: justify;\"><em>(&#8230;) \u00c9 preciso que seja insuspeitada a base onde repousa o sistema representativo, com inscri\u00e7\u00f5es eleitorais expurgadas de v\u00edcios e com formas ou m\u00e9todos de escolha indenes \u00e0 viol\u00eancia, \u00e0 corrup\u00e7\u00e3o ou \u00e0 fraude. E, para que se cumpra o mandamento de que todo o poder emana do povo e em seu nome \u00e9 exercido, faz-se necess\u00e1rio que a elei\u00e7\u00e3o dos governantes tenha a consagr\u00e1-la a maioria absoluta dos cidad\u00e3os a cujo crit\u00e9rio se confiam os destinos da p\u00e1tria.<\/em>\u201d<a title=\"\" href=\"#_ftn2\">[2]<\/a><\/p>\n<p style=\"text-align: justify;\">A certa altura de seu pronunciamento, por\u00e9m, o brigadeiro disse:<\/p>\n<p style=\"text-align: justify;\"><em>(&#8230;) Se o fim do Estado \u00e9 promover o bem-estar dos indiv\u00edduos, atrav\u00e9s da justi\u00e7a social e da concilia\u00e7\u00e3o das classes, a pol\u00edtica deve ter presente que a pr\u00f3pria \u00e9tica reclama, no dizer de Bertrand Russell, se produzam institui\u00e7\u00f5es sob cuja \u00e9gide os interesses de indiv\u00edduos ou de grupos diferentes entrem o menos poss\u00edvel em conflito\u201d<\/em>.<a title=\"\" href=\"#_ftn3\">[3]<\/a><\/p>\n<p style=\"text-align: justify;\">O editorial do Correio da Manh\u00e3, na mesma edi\u00e7\u00e3o em que o discurso do brigadeiro fora publicado, n\u00e3o deixava d\u00favidas que este desarticulara de vez os boatos golpistas. Mas para Corbisier, o brigadeiro n\u00e3o fora muito claro nas palavras. O trecho em que cita Bertrand Russell, segundo Corbisier, seria o mais controverso, em que Eduardo Gomes parecia desaconselhar a competi\u00e7\u00e3o no jogo democr\u00e1tico. Para ele, o Ex\u00e9rcito n\u00e3o deveria ser uma institui\u00e7\u00e3o amorfa, ausente, ou indiferente \u00e0s quest\u00f5es nacionais. Era necess\u00e1rio, sim, chegar a um entendimento com as For\u00e7as Armadas, estreitando contato com essa institui\u00e7\u00e3o. N\u00e3o combinaria com democracia excluir as For\u00e7as Armadas da vida pol\u00edtica do pa\u00eds. Mas seria um equ\u00edvoco transferir para os quart\u00e9is a soberania nacional, j\u00e1 que esta n\u00e3o deveria ser reivindicada com exclusividade por nenhuma classe ou grupo civil ou militar, em nome do povo.<\/p>\n<p style=\"text-align: justify;\">A possibilidade de haver um golpe era grande e continuava a ganhar as p\u00e1ginas dos jornais. No dia 11 de janeiro, o jornal \u00daltima Hora publicou uma entrevista com Ernani do Amaral Peixoto, presidente do diret\u00f3rio nacional do PSD, com a seguinte manchete em primeira p\u00e1gina: \u201cAmaral Peixoto desmascara os pregoeiros da desordem e do golpe\u201d. Amaral Peixoto falou sobre a posi\u00e7\u00e3o pol\u00edtica do partido e da candidatura de Juscelino Kubitschek \u00e0 Presid\u00eancia da Rep\u00fablica. Mas aproveitou tamb\u00e9m para questionar os m\u00e9todos oposicionistas:<\/p>\n<p style=\"text-align: justify;\"><i>\u201cSe aquilo que se quer chamar de uni\u00e3o nacional \u00e9 apenas um pretexto de subvers\u00e3o das institui\u00e7\u00f5es em benef\u00edcio de fac\u00e7\u00f5es desesperadas pela pr\u00f3pria falta de resson\u00e2ncia no favor popular, nenhum nome mais apto a promov\u00ea-la do que Juscelino Kubitschek.<\/i><\/p>\n<p style=\"text-align: justify;\"><i>(&#8230;) O grupo advers\u00e1rio, divorciado do povo, quer impor uma nova escravatura pela inj\u00faria e difama\u00e7\u00e3o. Agora, na verdade, a na\u00e7\u00e3o est\u00e1 felizmente dividida: de um lado o povo, aguardando oportunidade de dizer o que pensa e o que sente, sem coa\u00e7\u00f5es nem viol\u00eancias, ao lado dos partidos, no desempenho normal de suas atividades, e do outro, o grupo \u2013 sempre esse grupo fatal \u2013 pondo a servi\u00e7o de seus complexos a inquieta\u00e7\u00e3o, a maledic\u00eancia, a agita\u00e7\u00e3o e o esc\u00e2ndalo\u201d.<a title=\"\" href=\"#_ftn4\"><b>[4]<\/b><\/a><\/i><\/p>\n<p style=\"text-align: justify;\"><a href=\"http:\/\/www.pedromigao.com.br\/ourodetolo\/wp-content\/uploads\/2014\/05\/Attachment-1.gif\"><img loading=\"lazy\" decoding=\"async\" class=\"alignright size-medium wp-image-25849\" alt=\"Attachment-1\" src=\"http:\/\/www.pedromigao.com.br\/ourodetolo\/wp-content\/uploads\/2014\/05\/Attachment-1-300x226.gif\" width=\"300\" height=\"226\" srcset=\"http:\/\/www.pedromigao.com.br\/ourodetolo\/wp-content\/uploads\/2014\/05\/Attachment-1-300x226.gif 300w, http:\/\/www.pedromigao.com.br\/ourodetolo\/wp-content\/uploads\/2014\/05\/Attachment-1-449x340.gif 449w\" sizes=\"auto, (max-width: 300px) 100vw, 300px\" \/><\/a>Corbisier (ao lado, com JK) concordava com Amaral Peixoto. Segundo ele, os udenistas \u201cs\u00f3 defendem a democracia quando t\u00eam a esperan\u00e7a de vencer, e passavam a sabot\u00e1-la quando se convencem de que ser\u00e3o derrotados nas urnas\u201d. (CORBISIER, 1976: 56)<\/p>\n<p style=\"text-align: justify;\">A \u201cuni\u00e3o nacional\u201d tamb\u00e9m foi tema do editorial do jornal O Globo, de 14 de janeiro de 1955:<\/p>\n<p style=\"text-align: justify;\"><i>\u201cDesde o primeiro dia O Globo tem sido inflex\u00edvel em bater-se por uma solu\u00e7\u00e3o nacional, sem exclusivismos personalistas, sem reabilita\u00e7\u00f5es dos \u201cgregorios\u201d, n\u00e3o s\u00f3 os indiv\u00edduos que boiavam no \u201cmar de lama\u201d. <a title=\"\" href=\"#_ftn5\"><b>[5]<\/b><\/a><\/i><\/p>\n<p style=\"text-align: justify;\">Um dos pontos principais que o editorial abordava era a entrevista concedida pelo marechal Eurico Gaspar Dutra, ex-presidente da Rep\u00fablica, na v\u00e9spera. O marechal desmentira boatos de que fosse o respons\u00e1vel pela candidatura de Juscelino \u00e0 Presid\u00eancia, sendo favor\u00e1vel ao exame e debate de v\u00e1rios nomes pela conven\u00e7\u00e3o pessedista:<\/p>\n<p style=\"text-align: justify;\"><i>\u201cN\u00e3o me considero autor, nem respons\u00e1vel pela eventual candidatura do governador Juscelino Kubitschek, nem no seu lan\u00e7amento, nem na sua manuten\u00e7\u00e3o. O PSD ainda n\u00e3o tem candidato\u201d<a title=\"\" href=\"#_ftn6\"><b>[6]<\/b><\/a><\/i><\/p>\n<p style=\"text-align: justify;\">Corbisier mostrou-se surpreso com as declara\u00e7\u00f5es do ex-presidente. Disse concordar, pelo menos nesse ponto, com o rival Carlos Lacerda: que os respons\u00e1veis pelo governo do pa\u00eds fossem mais claros e expl\u00edcitos em seus discursos e pronunciamentos. As declara\u00e7\u00f5es do marechal foram inesperadas e desconcertantes. \u201cN\u00e3o podemos concordar com o Sr. Dutra quando afirma que o PSD ainda n\u00e3o tem candidato, simplesmente porque essa afirma\u00e7\u00e3o n\u00e3o \u00e9 verdadeira\u201d. (CORBISIER, 1976: 59)<\/p>\n<p style=\"text-align: justify;\">O principal argumento de resist\u00eancia \u00e0 candidatura do governador mineiro, utilizado por seus advers\u00e1rios, era o de que ele estaria associado ao governo Vargas, um de seus herdeiros pol\u00edticos e restaurador de um passado que eles desejavam esquecer. O alvo das cr\u00edticas, por\u00e9m, continuava sendo os pol\u00edticos da UDN. No programa do dia 12 de janeiro, Corbisier dizia que eles eram carentes de senso hist\u00f3rico e de forma\u00e7\u00e3o sociol\u00f3gica. Segundo ele, devia passar pela cabe\u00e7a de um udenista que as derrotas pol\u00edticas seriam, no fundo, um atestado de sua idoneidade. Ou seja: sua impopularidade seria diagnosticada como incapacidade do povo, n\u00e3o suficientemente educado e esclarecido para reconhecer o real valor do partido. Para Corbisier, um grande fosso separava a UDN do povo, pois este partido n\u00e3o teria identidade pr\u00f3pria, exercendo um comportamento imut\u00e1vel, incapaz de reconhecer e tirar li\u00e7\u00f5es de suas derrotas. A UDN desconhecia o eleitorado, permanecendo longe da realidade, como marginais aristocr\u00e1ticos e conservadores reacion\u00e1rios. Seus pol\u00edticos seriam \u201cfariseus da democracia\u201d. Por n\u00e3o ter personalidade pr\u00f3pria, s\u00f3 restaria \u00e0 UDN depender das For\u00e7as Armadas e, com isso, optar pelo constante incitamento ao golpe.<\/p>\n<p style=\"text-align: justify;\">No programa do dia 19 de janeiro, Corbisier associava a imprensa golpista \u00e0 figura de Carlos Lacerda (foto ao alto do post), diretor do jornal Tribuna da Imprensa. Tratava-se, para ele, de uma corrente que espalhava boatos, segundo os quais,<\/p>\n<p style=\"text-align: justify;\">1)\u00a0\u00a0\u00a0\u00a0\u00a0\u00a0 A situa\u00e7\u00e3o no pa\u00eds \u00e9 absolutamente anormal e, devido \u00e0 sua excepcional gravidade, seria arriscado submeter a Na\u00e7\u00e3o a uma luta eleitoral em grande escala, como ser\u00e1 a luta pela sucess\u00e3o presidencial da Rep\u00fablica;<\/p>\n<p style=\"text-align: justify;\">2)\u00a0\u00a0\u00a0\u00a0\u00a0\u00a0 A candidatura de Juscelino Kubitschek significa uma amea\u00e7a de retorno ao passado, \u00e0 situa\u00e7\u00e3o anterior ao golpe de 24 de agosto;<\/p>\n<p style=\"text-align: justify;\">3)\u00a0\u00a0\u00a0\u00a0\u00a0\u00a0 Levando-se em conta a gravidade da situa\u00e7\u00e3o nacional e a amea\u00e7a representada pela candidatura mineira, os militares deveriam interferir, a fim de vetar essa candidatura e impor um nome em torno do qual se pudesse realizar a chamada uni\u00e3o nacional. Ou ent\u00e3o dar o golpe no regime e instaurar uma ditadura militar. (CORBISIER, 1976: 60-61)<\/p>\n<p style=\"text-align: justify;\">Corbisier concordava que a situa\u00e7\u00e3o no pa\u00eds era grave, mas a anormalidade absoluta era fantasiosa, principalmente do ponto de vista eleitoral, j\u00e1 que apenas dois meses ap\u00f3s a morte de Vargas j\u00e1 eram realizadas elei\u00e7\u00f5es, em quase todo o Brasil, inclusive no Distrito Federal.<a title=\"\" href=\"#_ftn7\">[7]<\/a> O tom dos advers\u00e1rios seria de provoca\u00e7\u00e3o, a fim de justificar a tese de que a situa\u00e7\u00e3o seria anormal e n\u00e3o comportaria elei\u00e7\u00f5es.<\/p>\n<p style=\"text-align: justify;\">Ele falava de um com\u00edcio promovido pelo Clube da Lanterna em Juiz de Fora (MG), em 15 de janeiro \u2013 um s\u00e1bado. No dia 18 de janeiro, o jornal \u00daltima Hora estampava a seguinte manchete: \u201cLacerda queria que a Pol\u00edcia espancasse o povo que o vaiou\u201d. O deputado federal Hildebrando Bisaglia, do PTB, nascido na pr\u00f3pria cidade, deu seu depoimento \u00e0 equipe de reportagem da \u00daltima Hora:<\/p>\n<p style=\"text-align: justify;\"><em><a href=\"http:\/\/www.pedromigao.com.br\/ourodetolo\/wp-content\/uploads\/2014\/05\/juiz-de-Fora-decada-1960-14-rest.jpg\"><img loading=\"lazy\" decoding=\"async\" class=\"alignleft size-medium wp-image-25797\" alt=\"juiz de Fora decada 1960 14 rest\" src=\"http:\/\/www.pedromigao.com.br\/ourodetolo\/wp-content\/uploads\/2014\/05\/juiz-de-Fora-decada-1960-14-rest-300x194.jpg\" width=\"300\" height=\"194\" srcset=\"http:\/\/www.pedromigao.com.br\/ourodetolo\/wp-content\/uploads\/2014\/05\/juiz-de-Fora-decada-1960-14-rest-300x194.jpg 300w, http:\/\/www.pedromigao.com.br\/ourodetolo\/wp-content\/uploads\/2014\/05\/juiz-de-Fora-decada-1960-14-rest-523x340.jpg 523w, http:\/\/www.pedromigao.com.br\/ourodetolo\/wp-content\/uploads\/2014\/05\/juiz-de-Fora-decada-1960-14-rest.jpg 1600w\" sizes=\"auto, (max-width: 300px) 100vw, 300px\" \/><\/a>\u201cCheguei a Juiz de Fora no s\u00e1bado e tive conhecimento, pelos jornais locais, que o sr. Carlos Lacerda e comitiva estavam sendo esperados para realizar um com\u00edcio da sacada do Palace Hotel, instalando a sucursal do Clube da Lanterna. Com sua chegada pude ouvir perfeitamente vaias ensurdecedoras que me atra\u00edram \u00e0s proximidades do local. Assisti, ent\u00e3o, o povo em massa compacta, diante dos oradores visitantes, manifestando-se em vaias e assobios, cada vez que os oradores iniciavam em linguagem violenta os seus discursos. O espet\u00e1culo era realmente impressionante. Milhares de pessoas gritavam, impedindo que os oradores, mesmo auxiliados por possantes microfones e alto-falantes da emissora local, prosseguissem insultando o governo e o povo mineiro. Como o sr. Lacerda tentasse continuar o seu discurso, a rea\u00e7\u00e3o do povo se fez ainda mais forte. Houve ent\u00e3o uma chuva de tomates e ovos sobre o palanque onde se encontravam os oradores udenistas. Impossibilitados de continuar a onda de improp\u00e9rios que lan\u00e7ava contra, para achincalhar a honra do governo mineiro, tornaram os membros da comitiva ao interior do Palace Hotel, onde permaneceram at\u00e9 uma hora da madrugada de domingo, quando se retiraram cercados por tropas do Ex\u00e9rcito e da Pol\u00edcia, fato que impediu que novas vaias e assobios atingissem os visitantes.<\/em>\u201d<a title=\"\" href=\"#_ftn8\">[8]<\/a><\/p>\n<p style=\"text-align: justify;\">O deputado, testemunha ocular dos fatos, finalizava assim seu relato ao jornal:<\/p>\n<p style=\"text-align: justify;\"><em>\u201cAusente completamente o governador mineiro da participa\u00e7\u00e3o das ocorr\u00eancias, frisamos, entretanto, que a viol\u00eancia de linguagem dos membros do Clube da Lanterna criar\u00e1 no Brasil um clima de hostilidade e desagrega\u00e7\u00e3o social e pol\u00edtica, capaz de perturbar a marcha normal de nossa evolu\u00e7\u00e3o moral e pol\u00edtica. A viol\u00eancia gera viol\u00eancia. Os membros do Clube da Lanterna receberam o que procuraram.\u201d<\/em><a title=\"\" href=\"#_ftn9\">[9]<\/a><\/p>\n<p style=\"text-align: justify;\">Juiz de Fora era justamente um dos redutos pol\u00edticos de Juscelino Kubitschek, que no mesmo dia e hor\u00e1rio do com\u00edcio do Clube da Lanterna estava em Manaus, cumprindo sua agenda de candidato. Era uma cidade industrial, um centro fabril e com grande contingente oper\u00e1rio. O PSD era o partido majorit\u00e1rio na cidade.<a title=\"\" href=\"#_ftn10\">[10]<\/a> Para Corbisier, diante das declara\u00e7\u00f5es do deputado mineiro, os \u201cudeno-lacerdistas\u201d n\u00e3o tinham como objetivo promover um com\u00edcio com fins propositivos ou de alavancar uma plataforma pol\u00edtica. Lacerda e seu Clube da Lanterna foram, sim, fazer um com\u00edcio contr\u00e1rio \u00e0 candidatura de Juscelino.<\/p>\n<p style=\"text-align: justify;\"><em>\u201cImaginem o que aconteceria se n\u00f3s promov\u00eassemos, na rua Toneleros, um com\u00edcio contra o sr. Carlos Lacerda e o Major Vaz, ou no Gale\u00e3o, um com\u00edcio contra os brigadeiros?\u201d<\/em> (CORBISIER, 1976: 62)<\/p>\n<p style=\"text-align: justify;\">Corbisier n\u00e3o poupava adjetivos para Lacerda:<\/p>\n<p style=\"text-align: justify;\"><em>\u201cOs r\u00e1dio-ouvintes conhecem bem o sr. Carlos Lacerda, e sabem que se trata de um homem sem nenhum senso de humor, um temperamento melodram\u00e1tico, quem sabe uma voca\u00e7\u00e3o teatral extraviada na pol\u00edtica e no jornalismo. Acontece que o Sr. Lacerda, cuja suposta intelig\u00eancia sofre \u00e0s vezes curiosos eclipses, foi agredir o candidato mineiro numa cidade mineira, pessedista e petebista. Que esperava o f\u00fchrer dos lanterneiros, que o carregassem em triunfo e o cobrissem de flores?\u201d<\/em> (CORBISIER, 1976: 63-64)<\/p>\n<p style=\"text-align: justify;\">Para Corbisier, Carlos Lacerda, o \u201cagitador da rua do Lavradio\u201d, o \u201cditador dos lanterneiros\u201d, o \u201cdiretor da Tribuna das Empresas\u201d<a title=\"\" href=\"#_ftn11\">[11]<\/a>, \u201cera um homem possu\u00eddo pela f\u00faria do an\u00e1tema, da den\u00fancia e da provoca\u00e7\u00e3o\u201d.<a title=\"\" href=\"#_ftn12\">[12]<\/a>. \u201cO Sr. Lacerda come\u00e7a a apresentar sintomas de desgaste, de descontrole, de desequil\u00edbrio e, em pleno desespero, agita-se freneticamente e faz movimentos espasm\u00f3dicos, desconexos, como as r\u00e3s eletrizadas\u201d. (CORBISIER, 1976: 69) Ele achava que com a morte de Vargas, Lacerda ficou sem ter o que dizer, ficando no vazio.<\/p>\n<p style=\"text-align: justify;\"><strong>Imagem: Arquivo Pessoal da Fam\u00edlia Corbisier<\/strong><\/p>\n<div><em>Notas:<\/em><br clear=\"all\" \/><\/p>\n<hr align=\"left\" size=\"1\" width=\"33%\" \/>\n<div style=\"text-align: justify;\">\n<p><em><a title=\"\" href=\"#_ftnref1\">[1]<\/a> O Jornal. 29\/12\/1954.<\/em><\/p>\n<\/div>\n<div style=\"text-align: justify;\">\n<p><em><a title=\"\" href=\"#_ftnref2\">[2]<\/a> Correio da Manh\u00e3. 06\/01\/1955.<\/em><\/p>\n<\/div>\n<div style=\"text-align: justify;\">\n<p><em><a title=\"\" href=\"#_ftnref3\">[3]<\/a> Correio da Manh\u00e3. 06\/01\/1955.<\/em><\/p>\n<\/div>\n<div style=\"text-align: justify;\">\n<p><em><a title=\"\" href=\"#_ftnref4\">[4]<\/a> \u00daltima Hora. 11\/01\/1955.<\/em><\/p>\n<\/div>\n<div style=\"text-align: justify;\">\n<p><em><a title=\"\" href=\"#_ftnref5\">[5]<\/a> O Globo. 14\/01\/1955. p.1.<\/em><\/p>\n<\/div>\n<div style=\"text-align: justify;\">\n<p><em><a title=\"\" href=\"#_ftnref6\">[6]<\/a> Idem<\/em><\/p>\n<\/div>\n<div style=\"text-align: justify;\">\n<p><em><a title=\"\" href=\"#_ftnref7\">[7]<\/a> Em 3 de outubro de 1954 foram realizadas elei\u00e7\u00f5es gerais no Brasil. Foram renovados onze governos estaduais, dois ter\u00e7os do Senado Federal e toda a C\u00e2mara dos Deputados e as Assembl\u00e9ias Legislativas.<\/em><\/p>\n<\/div>\n<div style=\"text-align: justify;\">\n<p><em><a title=\"\" href=\"#_ftnref8\">[8]<\/a> \u00daltima Hora. 18\/01\/1955<\/em><\/p>\n<\/div>\n<div style=\"text-align: justify;\">\n<p><em><a title=\"\" href=\"#_ftnref9\">[9]<\/a> Idem.<\/em><\/p>\n<\/div>\n<div style=\"text-align: justify;\">\n<p><em><a title=\"\" href=\"#_ftnref10\">[10]<\/a> Composi\u00e7\u00e3o da C\u00e3mara Municipal de Juiz de Fora: o PSD tinha cinco vereadores; o PTB quatro vereadores e a UDN apenas um vereador. (Fonte: TRE-MG)<\/em><\/p>\n<\/div>\n<div style=\"text-align: justify;\">\n<p><em><a title=\"\" href=\"#_ftnref11\">[11]<\/a> Programa. 16\/05\/1955. R\u00e1dio Mayrink Veiga.<\/em><\/p>\n<\/div>\n<div>\n<p style=\"text-align: justify;\"><em><a title=\"\" href=\"#_ftnref12\">[12]<\/a> Programa. 25\/11\/1954. R\u00e1dio Mayrink Veiga.<\/em><\/p>\n<\/div>\n<\/div>\n","protected":false},"excerpt":{"rendered":"<p>Em 29 de dezembro, o general Canrobert Pereira da Costa, chefe do Estado-Maior das For\u00e7as Armadas (EMFA), dera uma declara\u00e7\u00e3o a O Jornal, afirmando queTour Details<\/p>\n","protected":false},"author":28,"featured_media":0,"comment_status":"open","ping_status":"open","sticky":false,"template":"","format":"standard","meta":{"footnotes":""},"categories":[22],"tags":[35,24],"class_list":["post-25795","post","type-post","status-publish","format-standard","hentry","category-cacique-de-ramos","tag-historia","tag-politica"],"_links":{"self":[{"href":"http:\/\/www.pedromigao.com.br\/ourodetolo\/wp-json\/wp\/v2\/posts\/25795","targetHints":{"allow":["GET"]}}],"collection":[{"href":"http:\/\/www.pedromigao.com.br\/ourodetolo\/wp-json\/wp\/v2\/posts"}],"about":[{"href":"http:\/\/www.pedromigao.com.br\/ourodetolo\/wp-json\/wp\/v2\/types\/post"}],"author":[{"embeddable":true,"href":"http:\/\/www.pedromigao.com.br\/ourodetolo\/wp-json\/wp\/v2\/users\/28"}],"replies":[{"embeddable":true,"href":"http:\/\/www.pedromigao.com.br\/ourodetolo\/wp-json\/wp\/v2\/comments?post=25795"}],"version-history":[{"count":0,"href":"http:\/\/www.pedromigao.com.br\/ourodetolo\/wp-json\/wp\/v2\/posts\/25795\/revisions"}],"wp:attachment":[{"href":"http:\/\/www.pedromigao.com.br\/ourodetolo\/wp-json\/wp\/v2\/media?parent=25795"}],"wp:term":[{"taxonomy":"category","embeddable":true,"href":"http:\/\/www.pedromigao.com.br\/ourodetolo\/wp-json\/wp\/v2\/categories?post=25795"},{"taxonomy":"post_tag","embeddable":true,"href":"http:\/\/www.pedromigao.com.br\/ourodetolo\/wp-json\/wp\/v2\/tags?post=25795"}],"curies":[{"name":"wp","href":"https:\/\/api.w.org\/{rel}","templated":true}]}}