{"id":25789,"date":"2014-05-12T14:11:54","date_gmt":"2014-05-12T17:11:54","guid":{"rendered":"http:\/\/www.pedromigao.com.br\/ourodetolo\/?p=25789"},"modified":"2014-05-12T11:10:07","modified_gmt":"2014-05-12T14:10:07","slug":"historia-e-outros-assuntos-roland-corbisier-e-a-campanha-por-juscelino-kubitschek-parte-i","status":"publish","type":"post","link":"http:\/\/www.pedromigao.com.br\/ourodetolo\/2014\/05\/historia-e-outros-assuntos-roland-corbisier-e-a-campanha-por-juscelino-kubitschek-parte-i\/","title":{"rendered":"Hist\u00f3ria e Outros Assuntos: &#8220;Roland Corbisier e a campanha por Juscelino Kubitschek &#8211; Parte I&#8221;"},"content":{"rendered":"<p style=\"text-align: justify;\"><em>[N.do.E.: este \u00e9 o primeiro de uma s\u00e9rie de quatro artigos, a serem publicados sequencialmente de hoje a quinta feira. PM]<\/em><\/p>\n<p style=\"text-align: justify;\">Em 1954 o cen\u00e1rio pol\u00edtico brasileiro encontrava-se num momento bastante conturbado. Em agosto, o presidente Get\u00falio Vargas suicidara-se com um tiro no peito, e seu vice-presidente, Jo\u00e3o Caf\u00e9 Filho, assumira a Presid\u00eancia com um discurso de concilia\u00e7\u00e3o, congregando em seu governo, as principais for\u00e7as de oposi\u00e7\u00e3o a Vargas e ao trabalhismo. As elei\u00e7\u00f5es presidenciais estavam marcadas para outubro do ano seguinte e caberia a Caf\u00e9 Filho conduzir o processo pol\u00edtico, de transi\u00e7\u00e3o, rumo ao pleito eleitoral que definiria o novo presidente da Rep\u00fablica.<\/p>\n<p style=\"text-align: justify;\">Naquele malfadado m\u00eas, Roland Cavalcanti de Albuquerque Corbisier, um professor de filosofia, tamb\u00e9m formado em Direito pela Faculdade Nacional, no Largo de S\u00e3o Francisco, e ligado nos anos 1930 \u00e0 A\u00e7\u00e3o Integralista Brasileira, trabalhava como secret\u00e1rio-geral e coordenador da Assist\u00eancia T\u00e9cnica de Educa\u00e7\u00e3o e Cultura (ATEC) \u2013 \u00f3rg\u00e3o ligado ao Minist\u00e9rio da Educa\u00e7\u00e3o e Cultura<a title=\"\" href=\"#_ftn1\">[1]<\/a>. Em 1954, Corbisier deixara o cargo de diretor da Divis\u00e3o de A\u00e7\u00e3o Social da Reitoria da Universidade de S\u00e3o Paulo, transferindo-se para o Rio de Janeiro, onde acabara de fixar resid\u00eancia, rompendo n\u00e3o s\u00f3 la\u00e7os profissionais, mas tamb\u00e9m familiares.<\/p>\n<p style=\"text-align: justify;\">Na ocasi\u00e3o, ele n\u00e3o desempenhava nenhum envolvimento pol\u00edtico-partid\u00e1rio. Conhecera Juscelino Kubitschek, pol\u00edtico mineiro e governador de Minas Gerais pelo Partido Social Democr\u00e1tico (PSD) atrav\u00e9s do poeta Augusto Frederico Schmidt, amigo em comum de ambos, na casa do engenheiro Israel Klabin. O objetivo da reuni\u00e3o era apresentar Juscelino a um grupo de intelectuais \u2013 paulistas e cariocas &#8211; que vinha se reunindo periodicamente na cidade fluminense de Itatiaia para discutir as principais quest\u00f5es nacionais e que haviam fundado o Instituto Brasileiro de Sociologia e Pol\u00edtica (IBESP), no Rio de Janeiro. Aquele grupo de intelectuais deveria assessorar Juscelino durante &#8211; e depois \u2013 de sua campanha eleitoral, rumo \u00e0 Presid\u00eancia da Rep\u00fablica. Corbisier conhecia vagamente o candidato mineiro, mas simpatizara com suas propostas.<\/p>\n<p style=\"text-align: justify;\">Em dezembro daquele mesmo ano, Roland Corbisier comandaria um programa radiof\u00f4nico di\u00e1rio, na R\u00e1dio Mayrink Veiga, no Distrito Federal. O programa, que teve in\u00edcio em 20 de dezembro de 1954, ficou no ar at\u00e9 o dia 02 de junho de 1955, e tinha como objetivo discutir o cen\u00e1rio pol\u00edtico brasileiro naquele momento, comentar o dia a dia dos (potenciais) candidatos \u00e0 Presid\u00eancia da Rep\u00fablica, al\u00e9m de avaliar suas propostas e contradi\u00e7\u00f5es no per\u00edodo que antecedia as elei\u00e7\u00f5es presidenciais em 1955. Os programas assumiam uma posi\u00e7\u00e3o notadamente legalista e principalmente de defesa \u00e0 candidatura de Juscelino Kubitschek \u2013 candidato da legalidade e da ordem constitucional &#8211; nas elei\u00e7\u00f5es daquele ano. A s\u00e9rie de programas fora iniciada em meio a um clima carregado de amea\u00e7as, intimida\u00e7\u00f5es e boatos.<\/p>\n<p style=\"text-align: justify;\"><a href=\"http:\/\/www.pedromigao.com.br\/ourodetolo\/wp-content\/uploads\/2014\/05\/Caf\u00e9-Filho.jpg\"><img loading=\"lazy\" decoding=\"async\" class=\"alignleft size-medium wp-image-25793\" alt=\"Caf\u00e9-Filho\" src=\"http:\/\/www.pedromigao.com.br\/ourodetolo\/wp-content\/uploads\/2014\/05\/Caf\u00e9-Filho-197x300.jpg\" width=\"197\" height=\"300\" srcset=\"http:\/\/www.pedromigao.com.br\/ourodetolo\/wp-content\/uploads\/2014\/05\/Caf\u00e9-Filho-197x300.jpg 197w, http:\/\/www.pedromigao.com.br\/ourodetolo\/wp-content\/uploads\/2014\/05\/Caf\u00e9-Filho-223x340.jpg 223w, http:\/\/www.pedromigao.com.br\/ourodetolo\/wp-content\/uploads\/2014\/05\/Caf\u00e9-Filho.jpg 528w\" sizes=\"auto, (max-width: 197px) 100vw, 197px\" \/><\/a>Corbisier vivenciara de perto os acontecimentos que antecederam a morte de Vargas. Estivera na casa de Caf\u00e9 Filho (foto) na madrugada de 24 de agosto de 1954, levado por seu amigo M\u00e1rio Pedrosa. Observara pol\u00edticos e militares opositores ao governo. Seu engajamento na luta sucess\u00f3ria se dera, portanto, diante do suic\u00eddio do presidente e \u00e0 mudan\u00e7a no cen\u00e1rio pol\u00edtico do pa\u00eds. Para ele, a luta contra Vargas seria a mesma luta que se travaria contra Juscelino Kubitschek. Em suas mem\u00f3rias, d\u00e9cadas depois, seriam as mesmas for\u00e7as que golpeariam a democracia em 1964.<\/p>\n<p style=\"text-align: justify;\">Juscelino fora indicado, pelo diret\u00f3rio regional do PSD, \u00e0 Conven\u00e7\u00e3o Nacional do partido. Era, portanto, candidato a candidato. Mas essa simples indica\u00e7\u00e3o j\u00e1 mobilizava advers\u00e1rios pol\u00edticos \u2013 os mesmos, segundo Corbisier, que tramaram a ren\u00fancia e impeachment de Vargas, naquele ano.<\/p>\n<p style=\"text-align: justify;\">Em seu primeiro programa de r\u00e1dio, apresentou aos ouvintes qual seria a linha de conduta dos programas, defendendo o sentido da campanha de Juscelino \u00e0 Presid\u00eancia da Rep\u00fablica. Discutiu o lan\u00e7amento de sua candidatura, que ia de encontro ao desejo de determinadas for\u00e7as pol\u00edticas, que defendiam uma candidatura \u00fanica, de concilia\u00e7\u00e3o, de uni\u00e3o nacional \u2013 desejo compartilhado tamb\u00e9m pelo presidente Caf\u00e9 Filho.<\/p>\n<p style=\"text-align: justify;\"><i>\u201cO candidato \u00fanico, assim como o programa ou partido \u00fanico, contrariam a ess\u00eancia do regime democr\u00e1tico, que postula a variedade , a multiplicidade de opini\u00f5es. A gravidade da situa\u00e7\u00e3o nacional n\u00e3o justificaria a imposi\u00e7\u00e3o ao eleitorado, de um s\u00f3 candidato, pois semelhante imposi\u00e7\u00e3o implicaria no confisco de sua liberdade de escolha. O que assegura essa liberdade, e a possibilidade de exerc\u00ea-la concretamente, \u00e9 a pluralidade das candidaturas. Os partidos pol\u00edticos existem para drenar e organizar a opini\u00e3o p\u00fablica, apresentando ao eleitorado os nomes que consideram mais representativos e mais aptos para o exerc\u00edcio das fun\u00e7\u00f5es p\u00fablicas.\u201d <\/i>(CORBISIER, 1976: 25-26)<\/p>\n<p style=\"text-align: justify;\">Finalizava, com um aviso \u00e0queles que desejassem tumultuar o ambiente pol\u00edtico e eleitoral:<\/p>\n<p style=\"text-align: justify;\"><i>\u201cQueremos deixar bem claro o seguinte: estamos dispostos a repelir com maior energia qualquer tentativa de intimida\u00e7\u00e3o, qualquer amea\u00e7a, venha de onde vier. N\u00e3o suportamos mais essa atmosfera de terrorismo que vem se criando na capital do pa\u00eds. Queremos a luta, que, normal em regime democr\u00e1tico, \u00e9 salutar, porque estimula e galvaniza. Evitaremos o debate no campo pessoal, procurando mant\u00ea-lo no plano dos princ\u00edpios, das id\u00e9ias, dos programas. Mas n\u00e3o recusaremos a luta, onde quer que ela se nos apresente. A sorte est\u00e1 lan\u00e7ada e, se n\u00e3o depende de n\u00f3s for\u00e7ar a vit\u00f3ria, de n\u00f3s depende lutar at\u00e9 o fim\u201d.<\/i> (CORBISIER, 1976: 26-27)<\/p>\n<p style=\"text-align: justify;\">Ao longo dos programas, Roland Corbisier centrava coment\u00e1rios e an\u00e1lises em cima de alguns nomes: Odilon Braga &#8211; deputado federal da Uni\u00e3o Democr\u00e1tica Nacional (UDN) no Distrito Federal e presidente do partido entre 1950 e 1952, sendo um de seus fundadores<a title=\"\" href=\"#_ftn2\">[2]<\/a>; Etelvino Lins, que fora governador de Pernambuco e era ministro do Tribunal de Contas da Uni\u00e3o, indicado pelo presidente Caf\u00e9 Filho; Carlos Lacerda \u2013 jornalista, diretor do jornal Tribuna da Imprensa, pertencente \u00e0 UDN e fundador do Clube da Lanterna; e o general Juarez T\u00e1vora, que integrara a Coluna Prestes e apoiara a Revolu\u00e7\u00e3o de 1930, sendo apelidado de Vice-Rei do Norte, por causa da sua influ\u00eancia nas for\u00e7as nordestinas que apoiaram Get\u00falio Vargas naquela ocasi\u00e3o. Anos depois, o general romperia com Vargas, conspirando a favor da queda do presidente, em 1954.<\/p>\n<p style=\"text-align: justify;\">O deputado estivera presente numa reuni\u00e3o do Clube da Lanterna, realizada na sede da Associa\u00e7\u00e3o Brasileira de Imprensa (ABI) e fizera o discurso de encerramento, abordando o problema da sucess\u00e3o presidencial, desenvolvendo a tese de que as for\u00e7as democr\u00e1ticas n\u00e3o deveriam se deixar envolver pelos golpes pol\u00edticos daqueles que mantiveram rela\u00e7\u00f5es estreitas com a oligarquia que deixara o poder em 24 de agosto.<a title=\"\" href=\"#_ftn3\">[3]<\/a> Naquela reuni\u00e3o, a Comiss\u00e3o Diretora Nacional do Clube da Lanterna, representada por seu presidente, Amaral Neto, e seus dirigentes Raimundo Padilha e Odilon Braga, aprovara um telegrama, que seria enviado a Carlos Lacerda \u2013 fundador do Clube da Lanterna \u2013 que encontrava-se na Europa. A seguinte nota foi distribu\u00edda para a imprensa e publicada no Di\u00e1rio de Not\u00edcias, em 28 de novembro de 1954:<\/p>\n<p style=\"text-align: justify;\"><i>\u201cA Comiss\u00e3o Diretora Nacional do Clube da Lanterna, com a aprova\u00e7\u00e3o dos diret\u00f3rios de S\u00e3o Paulo, Pernambuco e Bahia, com o referendo do Conselho Nacional, resolveu tornar p\u00fablica a sua repulsa formal \u00e0 candidatura do sr. Juscelino Kubitschek para a Presid\u00eancia da Rep\u00fablica. Essa delibera\u00e7\u00e3o foi tomada tendo em vista as origens da tal candidatura. Considera o Clube da Lanterna como um acinte e uma aud\u00e1cia dos que exploram e roubam este pa\u00eds h\u00e1 quase vinte e cinco anos, a apresenta\u00e7\u00e3o do nome do governador de Minas. A partir desta data, o clube realizar\u00e1 em todo o pa\u00eds sistem\u00e1tica campanha contra a candidatura em apre\u00e7o.<\/i><\/p>\n<p style=\"text-align: justify;\"><i>(&#8230;) A candidatura Juscelino nasceu de um conluio de gregorios, vi\u00favas, dilapidadores dos dinheiros p\u00fablicos e agentes da corrup\u00e7\u00e3o que arrasou este pa\u00eds, for\u00e7ando a derrota dos bravos, honestos e leais representantes do PSD de alguns Estados que, por certo, n\u00e3o permanecer\u00e3o por muito tempo ombro a ombro com dirigentes inteiramente desqualificados para representar qualquer parcela, por m\u00ednima que seja, da opini\u00e3o p\u00fablica.<\/i><\/p>\n<p style=\"text-align: justify;\"><i>A candidatura Juscelino Kubitschek \u00e9 a suprema tentativa dos restos da oligarquia Vargas para conseguirem com a elei\u00e7\u00e3o do governador de Minas, n\u00e3o s\u00f3 a impunidade para os crimes que praticaram, como tamb\u00e9m um passe livre para o retorno deste pa\u00eds ao regime de negociatas e favoritismos.<\/i><\/p>\n<p style=\"text-align: justify;\"><i>O lema do Clube da Lanterna nesta campanha ser\u00e1: \u201cBasta de greg\u00f3rios e Juscelinos\u201d.<a title=\"\" href=\"#_ftn4\"><b>[4]<\/b><\/a><\/i><\/p>\n<p style=\"text-align: justify;\">Roland Corbisier dedicara o programa do dia 21 de dezembro a comentar a entrevista de Odilon Braga ao Di\u00e1rio de Not\u00edcias, quando o deputado afirmara categoricamente que a elei\u00e7\u00e3o de Juscelino significaria a vit\u00f3ria das mesmas for\u00e7as ocultas e dos mesmos homens e processos que arruinaram o governo de Get\u00falio Vargas, e deixaram a na\u00e7\u00e3o no desespero, sem moeda, sem c\u00e2mbio, sem repouso e entregue aos c\u00edrculos infernais da infla\u00e7\u00e3o.<a title=\"\" href=\"#_ftn5\">[5]<\/a> Odilon terminava a entrevista com a seguinte declara\u00e7\u00e3o: \u201cO problema n\u00e3o \u00e9 propriamente o de eleger um \u00f3timo candidato e sim o de evitar, seja como for, a elei\u00e7\u00e3o de Juscelino e a volta da turma do golpe e da corrup\u00e7\u00e3o. Recebemos de p\u00e9 atr\u00e1s a candidatura de Juscelino, precisamente porque surgiu das maquina\u00e7\u00f5es do getulismo perigoso, isto \u00e9, dos getulistas que muito depressa se esqueceram do chefe morto para alegremente se dedicarem a um novo chefe.\u201d<a title=\"\" href=\"#_ftn6\">[6]<\/a><\/p>\n<p style=\"text-align: justify;\">Para Corbisier, Odilon Braga era dotado de falta de imagina\u00e7\u00e3o e de coer\u00eancia, ao insistir no impedimento da candidatura de Juscelino. O fato de pertencer ao Clube da Lanterna colocava em d\u00favidas a sua credibilidade.<\/p>\n<p style=\"text-align: justify;\">Em 27 de dezembro, Corbisier chamava a aten\u00e7\u00e3o para o clima de intranquilidade, preocupa\u00e7\u00e3o e alarme, e boatos sobre a sucess\u00e3o e um poss\u00edvel golpe:<\/p>\n<p style=\"text-align: justify;\"><i>\u201cSabemos, de fonte segura afirma que certos grupos militares, representados pelos coron\u00e9is, estariam propensos a interferir nos acontecimentos, impedindo a realiza\u00e7\u00e3o das elei\u00e7\u00f5es e desfechando o golpe contra o regime. Somos da opini\u00e3o que o problema pol\u00edtico deve ser posto em termos eleitorais e n\u00e3o em termos de viol\u00eancia e de pronunciamento militar\u201d<\/i> (CORBISIER, 1976: 34)<\/p>\n<p style=\"text-align: justify;\">No mesmo programa, questionava Jos\u00e9 Am\u00e9rico de Almeida, que fora ministro da Via\u00e7\u00e3o e Obras P\u00fablicas de Vargas. Jos\u00e9 Am\u00e9rico compartilhava a id\u00e9ia de que, se Juscelino renunciasse \u00e0 candidatura, haveria uma concilia\u00e7\u00e3o favor\u00e1vel a uma candidatura de uni\u00e3o nacional. Corbisier discordava dessa id\u00e9ia, pois achava que a concilia\u00e7\u00e3o se daria em torno de um candidato imposto pela UDN ou ent\u00e3o oriundo da \u00f3rbita militar. Afinal, o PSD era o partido majorit\u00e1rio e quando seu diret\u00f3rio regional indicou o governador de Minas Gerais \u00e0 Conven\u00e7\u00e3o Nacional, a legenda exercera apenas seu direito, num regime democr\u00e1tico. Portanto, qualquer proposta fora do \u201cjogo jogado\u201d da democracia, seria um diagn\u00f3stico de desespero da UDN.<\/p>\n<p style=\"text-align: justify;\">Corbisier deixava transparecer, no programa de 29 de dezembro, que os boatos de golpe militar eram cada vez mais frequentes na capital da Rep\u00fablica. Ele temia um novo 24 de agosto:<\/p>\n<p style=\"text-align: justify;\"><i>\u201cSe querem a ditadura, o salazarismo ou o naguibismo, dever\u00e3o vencer previamente a nossa resist\u00eancia, a resist\u00eancia de todos aqueles que n\u00e3o querem a ditadura. Se querem a democracia, devem transferir a decis\u00e3o para o povo e resignar-se ao pronunciamento das urnas. Pois seria contradit\u00f3rio e absurdo querer salvar a democracia instaurando uma ditadura\u201d<\/i> (CORBISIER, 1976: 37)<\/p>\n<div><strong><em>Notas:<\/em><\/strong><br clear=\"all\" \/><\/p>\n<hr align=\"left\" size=\"1\" width=\"33%\" \/>\n<div style=\"text-align: justify;\">\n<p><em><a title=\"\" href=\"#_ftnref1\">[1]<\/a> A ATEC era formada por um grupo de pensadores reunidos para analisar a situa\u00e7\u00e3o da educa\u00e7\u00e3o e cultura no Brasil, sugerindo a\u00e7\u00f5es a serem implementadas nessas \u00e1reas, fiscalizar a atua\u00e7\u00e3o e os projetos do Minist\u00e9rio da Educa\u00e7\u00e3o e Cultura, al\u00e9m de servir como \u00f3rg\u00e3o consultivo para o ministro titular da pasta e o Congresso.<\/em><\/p>\n<\/div>\n<div style=\"text-align: justify;\">\n<p><em><a title=\"\" href=\"#_ftnref2\">[2]<\/a> Odilon Braga havia concorrido, nas elei\u00e7\u00f5es presidenciais de 1950, na chapa do brigadeiro Eduardo Gomes, como vice-presidente.<\/em><\/p>\n<\/div>\n<div style=\"text-align: justify;\">\n<p><em><a title=\"\" href=\"#_ftnref3\">[3]<\/a> Di\u00e1rio de Not\u00edcias. 25\/11\/1954.<\/em><\/p>\n<\/div>\n<div style=\"text-align: justify;\">\n<p><em><a title=\"\" href=\"#_ftnref4\">[4]<\/a> Di\u00e1rio de Not\u00edcias. 28\/11\/1954. p.4.<\/em><\/p>\n<\/div>\n<div style=\"text-align: justify;\">\n<p><em><a title=\"\" href=\"#_ftnref5\">[5]<\/a> Di\u00e1rio de Not\u00edcias. 20\/12\/1954. p.4.<\/em><\/p>\n<\/div>\n<div>\n<p style=\"text-align: justify;\"><em><a title=\"\" href=\"#_ftnref6\">[6]<\/a> Idem.<\/em><\/p>\n<\/div>\n<\/div>\n","protected":false},"excerpt":{"rendered":"<p>[N.do.E.: este \u00e9 o primeiro de uma s\u00e9rie de quatro artigos, a serem publicados sequencialmente de hoje a quinta feira. PM] Em 1954 o cen\u00e1rioTour Details<\/p>\n","protected":false},"author":28,"featured_media":0,"comment_status":"open","ping_status":"open","sticky":false,"template":"","format":"standard","meta":{"footnotes":""},"categories":[22],"tags":[35,24],"class_list":["post-25789","post","type-post","status-publish","format-standard","hentry","category-cacique-de-ramos","tag-historia","tag-politica"],"_links":{"self":[{"href":"http:\/\/www.pedromigao.com.br\/ourodetolo\/wp-json\/wp\/v2\/posts\/25789","targetHints":{"allow":["GET"]}}],"collection":[{"href":"http:\/\/www.pedromigao.com.br\/ourodetolo\/wp-json\/wp\/v2\/posts"}],"about":[{"href":"http:\/\/www.pedromigao.com.br\/ourodetolo\/wp-json\/wp\/v2\/types\/post"}],"author":[{"embeddable":true,"href":"http:\/\/www.pedromigao.com.br\/ourodetolo\/wp-json\/wp\/v2\/users\/28"}],"replies":[{"embeddable":true,"href":"http:\/\/www.pedromigao.com.br\/ourodetolo\/wp-json\/wp\/v2\/comments?post=25789"}],"version-history":[{"count":0,"href":"http:\/\/www.pedromigao.com.br\/ourodetolo\/wp-json\/wp\/v2\/posts\/25789\/revisions"}],"wp:attachment":[{"href":"http:\/\/www.pedromigao.com.br\/ourodetolo\/wp-json\/wp\/v2\/media?parent=25789"}],"wp:term":[{"taxonomy":"category","embeddable":true,"href":"http:\/\/www.pedromigao.com.br\/ourodetolo\/wp-json\/wp\/v2\/categories?post=25789"},{"taxonomy":"post_tag","embeddable":true,"href":"http:\/\/www.pedromigao.com.br\/ourodetolo\/wp-json\/wp\/v2\/tags?post=25789"}],"curies":[{"name":"wp","href":"https:\/\/api.w.org\/{rel}","templated":true}]}}