{"id":25341,"date":"2014-04-30T17:59:08","date_gmt":"2014-04-30T20:59:08","guid":{"rendered":"http:\/\/www.pedromigao.com.br\/ourodetolo\/?p=25341"},"modified":"2014-04-30T14:55:43","modified_gmt":"2014-04-30T17:55:43","slug":"vamos-a-luta-semana-senna-entre-anjos-e-demonios","status":"publish","type":"post","link":"http:\/\/www.pedromigao.com.br\/ourodetolo\/2014\/04\/vamos-a-luta-semana-senna-entre-anjos-e-demonios\/","title":{"rendered":"Vamos \u00e0 Luta: &#8220;Semana Senna &#8211; Entre Anjos e Dem\u00f4nios&#8230;&#8221;"},"content":{"rendered":"<p style=\"text-align: justify;\">Eram nove e pouco da manh\u00e3 ensolarada do dia primeiro de maio. Seguia-se um ritual iniciado h\u00e1 mais de dez anos. Levantar uns 15 minutos antes, enquanto tomava caf\u00e9 j\u00e1 esticava o pesco\u00e7o pra come\u00e7ar a ver a corrida. Ela come\u00e7a e tudo acaba ali&#8230;.<\/p>\n<p style=\"text-align: justify;\">O que se seguia n\u00e3o faria muito sentido&#8230;<\/p>\n<p style=\"text-align: justify;\">O fim de semana estava tenso no esporte. Um grave acidente na sexta, uma morte na pista s\u00e1bado. Para quem acompanha (numa \u00e9poca em que r\u00e1dio e jornal eram essenciais) se percebia que era uma corrida que todos torciam para que acabasse logo. As manchetes do dia seguinte evocariam a morte de um mito e\u00a0 a necessidade de reformula\u00e7\u00e3o total na seguran\u00e7a dos carros de corrida. Acho que fizeram bem feito, nunca mais houve um acidente fatal. A morte ao vivo trouxe uma sensa\u00e7\u00e3o estranha que parecia que ele era pr\u00f3ximo a todos. E talvez fosse.<\/p>\n<p style=\"text-align: justify;\">Nunca tive \u00eddolos na Formula 1. Torcer pra um ou outro, O.K.. Mas me derramar apaixonadamente por um piloto, nunca. Tenho minhas opin\u00f5es e algumas convic\u00e7\u00f5es e elas \u00e9 que dar\u00e3o o mote. Gosto muito do esporte. Da adrenalina aliada \u00e0 tecnologia. Da conversa de sempre tirar o m\u00e1ximo de um equipamento. Motivos que j\u00e1 me levaram uma d\u00fazia de vezes ao Grande Pr\u00eamio do Brasil em Interlagos e me levar\u00e3o em breve a assistir corridas em dois templos da velocidade. Senna foi dos grandes e \u00e9 disso que vamos tratar.<\/p>\n<p style=\"text-align: justify;\">Senna, aos 34 anos, tricampe\u00e3o, lutou dois anos para estar na Williams. Era seu sonho de consumo, chegando a esbarrar na \u00e9tica dizendo que correria de gra\u00e7a l\u00e1. P\u00f4s Prost na parede com essa hist\u00f3ria. Devido ao dom\u00ednio da equipe de Grove em 92 e 93, as regras tinham sido severamente alteradas e ele n\u00e3o conseguiu produzir em tr\u00eas corridas o que esperava.<\/p>\n<p style=\"text-align: justify;\"><a href=\"http:\/\/www.pedromigao.com.br\/ourodetolo\/wp-content\/uploads\/2014\/04\/sennaschumacher1994.jpg\"><img loading=\"lazy\" decoding=\"async\" class=\"size-medium wp-image-25364 alignleft\" alt=\"sennaschumacher1994\" src=\"http:\/\/www.pedromigao.com.br\/ourodetolo\/wp-content\/uploads\/2014\/04\/sennaschumacher1994-300x199.jpg\" width=\"300\" height=\"199\" srcset=\"http:\/\/www.pedromigao.com.br\/ourodetolo\/wp-content\/uploads\/2014\/04\/sennaschumacher1994-300x199.jpg 300w, http:\/\/www.pedromigao.com.br\/ourodetolo\/wp-content\/uploads\/2014\/04\/sennaschumacher1994.jpg 470w\" sizes=\"auto, (max-width: 300px) 100vw, 300px\" \/><\/a>E mais, ainda via o jovem Schumacher, cheio de amor pra dar, transformar a pequena Benetton numa equipe capaz de desafiar os grandes\u00b9. Incomodado, cuspia marimbondo nas entrevistas expondo a equipe em nome de suas derrotas. Ele tinha esse lado. Potencializava vit\u00f3rias e socializava derrotas. Tra\u00e7o t\u00edpico de g\u00eanios. N\u00e3o acho que Senna seria o oper\u00e1rio padr\u00e3o, mas muitas vezes o funcion\u00e1rio do m\u00eas.<\/p>\n<p style=\"text-align: justify;\">O quanto \u00e0 morte da pista colabora com a santifica\u00e7\u00e3o do mito Senna?<\/p>\n<p style=\"text-align: justify;\">Ayrton talvez tenha sido a figura que melhor se aproveitou de sua proximidade com a TV Globo e com isso potencializou em muito o n\u00edvel de seus feitos. Sua amizade com Galv\u00e3o Bueno colaborou muito para isso. Seus feitos s\u00e3o considerados muito maiores que os de Piquet e Emerson por exemplo. Suas vit\u00f3rias s\u00e3o cantadas de uma forma que se mistura m\u00e1gica, hero\u00edsmo e supera\u00e7\u00e3o a trag\u00e9dia. A mem\u00f3ria seletiva da maioria, hoje salva pelo Google, faz com que isso fique cada dia maior.<\/p>\n<p style=\"text-align: justify;\">N\u00e3o se engane, caro, ningu\u00e9m jamais foi campe\u00e3o do mundo sem ter um grande carro. Em 88 a McLaren ganhou 15 das 16 corridas. E a corrida que perdeu em Monza merece um grande asterisco pelas coisas que a FIA deixou a Ferrari fazer. Prost fez mais pontos que Senna naquele ano, que s\u00f3 foi campe\u00e3o devido a um maravilhoso sistema de descarte de pontos. Mito, monstro, g\u00eanio sim. Mas n\u00e3o o \u00fanico. Seus feitos incompar\u00e1veis em treinos, suas voltas voadoras, seu ritmo alucinante pelas vit\u00f3rias s\u00e3o proporcionais \u00e0s derrotas que lhe impuseram. Tudo normal. Tudo humano.<\/p>\n<p style=\"text-align: justify;\">Senna perdeu um titulo em 89. Uma corrida maluca. Ele e Prost voando. Disputando cent\u00edmetro a cent\u00edmetro. No final, Senna vai passar. Prost fecha, bate, Senna corta a chicane e \u00e9 punido (regra, injusta no caso, mas regra). Ano seguinte, mesma Suzuka, Prost larga na frente, na primeira curva Senna encosta no carro do franc\u00eas e saem os dois. Perigoso. Justi\u00e7a com as pr\u00f3prias m\u00e3os. Em 89 Prost um filho da puta. Em 90, justi\u00e7a.<\/p>\n<p style=\"text-align: justify;\"><a href=\"http:\/\/www.pedromigao.com.br\/ourodetolo\/wp-content\/uploads\/2014\/04\/sennaprost1988b.jpg\"><img loading=\"lazy\" decoding=\"async\" class=\"size-medium wp-image-25363 alignleft\" alt=\"sennaprost1988b\" src=\"http:\/\/www.pedromigao.com.br\/ourodetolo\/wp-content\/uploads\/2014\/04\/sennaprost1988b-300x176.jpg\" width=\"300\" height=\"176\" srcset=\"http:\/\/www.pedromigao.com.br\/ourodetolo\/wp-content\/uploads\/2014\/04\/sennaprost1988b-300x176.jpg 300w, http:\/\/www.pedromigao.com.br\/ourodetolo\/wp-content\/uploads\/2014\/04\/sennaprost1988b.jpg 465w\" sizes=\"auto, (max-width: 300px) 100vw, 300px\" \/><\/a>Em 1988, Prost garantia que havia motores no caminh\u00e3o da Honda com a inscri\u00e7\u00e3o &#8220;Engine for Ayrton&#8221; e que n\u00e3o havia isso para ele. O franc\u00eas tamb\u00e9m jurava que havia prefer\u00eancia da montadora japonesa pelo brasileiro\u00b2.<\/p>\n<p style=\"text-align: justify;\">N\u00e3o tem santo, n\u00e3o tem vil\u00e3o. Tem \u00e9 espirito de vencedor, presente nos grandes do esporte e da vida. Esbarrando em \u00e9ticas, passando por cima de tudo. Em nome da vit\u00f3ria, do m\u00e1ximo, do extremo. Todos os grandes j\u00e1 fizeram isso e v\u00e3o continuar fazendo. Vettel acaba de aposentar Webber e j\u00e1 deve ter percebido que fez p\u00e9ssimo neg\u00f3cio. O esporte chamado Formula 1 \u00e9 assim. E assim n\u00f3s f\u00e3s gostamos.<\/p>\n<p style=\"text-align: justify;\">Numa lista r\u00e1pida meu top 3 tem Schumacher, Fangio e Senna. Vettel j\u00e1 est\u00e1 implorando entrar nesse clube. Papo de boteco que tanto alimenta nossas alegres madrugadas na fila do setor G do aut\u00f3dromo anualmente. Ali temos hist\u00f3ria de gente que n\u00e3o se conforma com o dia 1-5 at\u00e9 hoje. Gente que invadiu a pista na vit\u00f3ria de 93. Gente que desmaiou na vit\u00f3ria de 91. Gente que o faz desde os anos 80 na esperan\u00e7a de ver novamente um piloto brasileiro vencer. Que \u00e9 isso que a maioria faz. Torce pelo brasileiro. Quando vence presta. Quando n\u00e3o vence, \u00e9 fraco. Calma.<\/p>\n<p style=\"text-align: justify;\">O que seria de Senna p\u00f3s maio de 94? Quantos t\u00edtulos ganharia? o que faria hoje em dia?<\/p>\n<p style=\"text-align: justify;\">Emerson Dinah responde: acho que teria ganho mais dois campeonatos e hoje faria algo como o Niki Lauda faz na Mercedes. Um super consultor na McLaren sendo preparado para assumir o cargo do Ron Dennis. Acho que comentarista do Globo nunca seria. Teria feito carreira no esporte.<\/p>\n<p style=\"text-align: justify;\">Mas esse \u00e9 mais um assunto pra fila&#8230; e meus amigos Roberto, Luciano, Rog\u00e9rio, Daniel, Edson, Alyson e Jelleya certamente estar\u00e3o, sempre com o copo na m\u00e3o, embaixo das lonas da vida prontos a discutir&#8230;<\/p>\n<p style=\"text-align: justify;\"><em>1 &#8211; Descobriu-se depois, como Senna suspeitava em conversas com amigos, que a Benetton tinha um controle de tra\u00e7\u00e3o disfar\u00e7ado no carro e retirara o filtro da mangueira de reabastecimento para agilizar os pit stops em at\u00e9 tr\u00eas segundos.<\/em><\/p>\n<p style=\"text-align: justify;\"><em>2 &#8211; Segundo o livro &#8220;Ayrton, o her\u00f3i revelado&#8221;, de Ernesto Rodrigues, a McLaren sorteava os motores a serem usados por Senna e Prost na presen\u00e7a dos mec\u00e2nicos-chefes de ambos, e no GP do Jap\u00e3o, que decidiu o campeonato a favor do brasileiro, os pr\u00f3prios pilotos foram convidados para o sorteio.<\/em><\/p>\n","protected":false},"excerpt":{"rendered":"<p>Eram nove e pouco da manh\u00e3 ensolarada do dia primeiro de maio. Seguia-se um ritual iniciado h\u00e1 mais de dez anos. Levantar uns 15 minutosTour Details<\/p>\n","protected":false},"author":26,"featured_media":25362,"comment_status":"open","ping_status":"open","sticky":false,"template":"","format":"standard","meta":{"footnotes":""},"categories":[485],"tags":[34,77,50,558],"class_list":["post-25341","post","type-post","status-publish","format-standard","has-post-thumbnail","hentry","category-vamos-a-luta","tag-automobilismo","tag-ayrton-senna","tag-formula-1","tag-semana-senna"],"_links":{"self":[{"href":"http:\/\/www.pedromigao.com.br\/ourodetolo\/wp-json\/wp\/v2\/posts\/25341","targetHints":{"allow":["GET"]}}],"collection":[{"href":"http:\/\/www.pedromigao.com.br\/ourodetolo\/wp-json\/wp\/v2\/posts"}],"about":[{"href":"http:\/\/www.pedromigao.com.br\/ourodetolo\/wp-json\/wp\/v2\/types\/post"}],"author":[{"embeddable":true,"href":"http:\/\/www.pedromigao.com.br\/ourodetolo\/wp-json\/wp\/v2\/users\/26"}],"replies":[{"embeddable":true,"href":"http:\/\/www.pedromigao.com.br\/ourodetolo\/wp-json\/wp\/v2\/comments?post=25341"}],"version-history":[{"count":0,"href":"http:\/\/www.pedromigao.com.br\/ourodetolo\/wp-json\/wp\/v2\/posts\/25341\/revisions"}],"wp:featuredmedia":[{"embeddable":true,"href":"http:\/\/www.pedromigao.com.br\/ourodetolo\/wp-json\/wp\/v2\/media\/25362"}],"wp:attachment":[{"href":"http:\/\/www.pedromigao.com.br\/ourodetolo\/wp-json\/wp\/v2\/media?parent=25341"}],"wp:term":[{"taxonomy":"category","embeddable":true,"href":"http:\/\/www.pedromigao.com.br\/ourodetolo\/wp-json\/wp\/v2\/categories?post=25341"},{"taxonomy":"post_tag","embeddable":true,"href":"http:\/\/www.pedromigao.com.br\/ourodetolo\/wp-json\/wp\/v2\/tags?post=25341"}],"curies":[{"name":"wp","href":"https:\/\/api.w.org\/{rel}","templated":true}]}}