{"id":25179,"date":"2014-04-27T08:56:35","date_gmt":"2014-04-27T11:56:35","guid":{"rendered":"http:\/\/www.pedromigao.com.br\/ourodetolo\/?p=25179"},"modified":"2014-04-24T12:39:54","modified_gmt":"2014-04-24T15:39:54","slug":"orun-aye-policia-para-quem-precisa","status":"publish","type":"post","link":"http:\/\/www.pedromigao.com.br\/ourodetolo\/2014\/04\/orun-aye-policia-para-quem-precisa\/","title":{"rendered":"Orun Ay\u00e9 &#8211; &#8220;Pol\u00edcia para quem precisa&#8221;"},"content":{"rendered":"<p style=\"text-align: justify;\">A coluna do <strong>compositor Aloisio Villar<\/strong> analisa o papel da Pol\u00edcia em nossa sociedade.<\/p>\n<p style=\"text-align: justify;\"><span style=\"text-decoration: underline;\"><em><strong>Pol\u00edcia para quem precisa<\/strong><\/em><\/span><\/p>\n<p style=\"text-align: justify;\">O caso de repercuss\u00e3o dessa semana \u00e9 o do dan\u00e7arino DG do programa \u201cEsquenta\u201d da Rede Globo. Ele apareceu morto no morro do Pav\u00e3o-Pav\u00e3ozinho, Rio de Janeiro. Teria sido morto por policiais da UPP que lhe confundiram com um traficante.<\/p>\n<p style=\"text-align: justify;\">UPP, Unidade de Pol\u00edcia Pacificadora, menina dos olhos do governo Sergio Cabral\/Pez\u00e3o. Programa criado para a recupera\u00e7\u00e3o de territ\u00f3rio ocupado por traficantes. Atrav\u00e9s desse programa 37 comunidades do Rio de Janeiro foram livradas do tr\u00e1fico de drogas.<\/p>\n<p style=\"text-align: justify;\">Na teoria tudo bem feito. Devolve cidadania ao morador de favela, seu direito de ir e vir. Tira o morador das m\u00e3os de bandidos e leva o Estado at\u00e9 l\u00e1 com patrulhamento policial, saneamento b\u00e1sico, educa\u00e7\u00e3o, infraestrutura e sem trocar um tiro, uma coisa planejada, bem feita, tudo para dar certo.<\/p>\n<p style=\"text-align: justify;\">Como eu disse: perfeito na teoria.<\/p>\n<p style=\"text-align: justify;\">Mas a vida n\u00e3o \u00e9 s\u00f3 teoria.<\/p>\n<p style=\"text-align: justify;\">Porque o caso desse dan\u00e7arino do &#8216;Esquenta&#8217; n\u00e3o \u00e9 o primeiro. Para quem n\u00e3o se lembra tivemos o Amarildo que at\u00e9 hoje n\u00e3o apareceu e com certeza devemos ter muitos casos parecidos. H\u00e1 den\u00fancias de abusos policiais, a perman\u00eancia do tr\u00e1fico de drogas, volta de traficantes a essas favelas e assim a popula\u00e7\u00e3o dessas comunidades que foram salvas pelas UPPs acabam se voltando contra elas.<\/p>\n<p style=\"text-align: justify;\">Por qu\u00ea isso acontece?<\/p>\n<p style=\"text-align: justify;\">O problema n\u00e3o \u00e9 da UPP, como eu disse o projeto \u00e9 bom. Tamb\u00e9m n\u00e3o acho que seja do comando da pol\u00edcia, da t\u00e3o alegada e real criminalidade, de estruturas arcaicas (concordo que sejam), nada disso, \u00e9 mais profundo e n\u00edtido.<\/p>\n<p style=\"text-align: justify;\">O problema \u00e9 a pol\u00edcia como um todo e como a pol\u00edcia faz parte da sociedade \u00e9 da sociedade.<\/p>\n<p style=\"text-align: justify;\">Todos perceberam j\u00e1 que o sistema policial brasileiro est\u00e1 falido. N\u00e3o \u00e9 preciso ser nenhum g\u00eanio para perceber e que n\u00e3o ser\u00e3o projetos como a UPP que ir\u00e3o resolver. Fala-se muito que a resolu\u00e7\u00e3o do problema vem da \u201ceduca\u00e7\u00e3o\u201d, mas isso \u00e9 muito vago tamb\u00e9m.<\/p>\n<p style=\"text-align: justify;\">Educa\u00e7\u00e3o escolar? De valores? Pode ser, mas como se faz isso? Como come\u00e7a? Melhor dizendo, a quem interessa que isso ocorra?<\/p>\n<p style=\"text-align: justify;\">Do fundo do cora\u00e7\u00e3o. Existe interesse da sociedade em uma pol\u00edcia honesta?<\/p>\n<p style=\"text-align: justify;\"><a href=\"http:\/\/www.pedromigao.com.br\/ourodetolo\/wp-content\/uploads\/2014\/04\/policia_odia.jpg\"><img loading=\"lazy\" decoding=\"async\" class=\"alignright size-medium wp-image-25201\" alt=\"policia_odia\" src=\"http:\/\/www.pedromigao.com.br\/ourodetolo\/wp-content\/uploads\/2014\/04\/policia_odia-300x200.jpg\" width=\"300\" height=\"200\" srcset=\"http:\/\/www.pedromigao.com.br\/ourodetolo\/wp-content\/uploads\/2014\/04\/policia_odia-300x200.jpg 300w, http:\/\/www.pedromigao.com.br\/ourodetolo\/wp-content\/uploads\/2014\/04\/policia_odia-507x340.jpg 507w, http:\/\/www.pedromigao.com.br\/ourodetolo\/wp-content\/uploads\/2014\/04\/policia_odia.jpg 620w\" sizes=\"auto, (max-width: 300px) 100vw, 300px\" \/><\/a>A UPP n\u00e3o dar\u00e1 certo pelo mesmo motivo que nada d\u00e1 certo. Falta car\u00e1ter e n\u00e3o s\u00f3 \u00e0 pol\u00edcia, mas \u00e0 sociedade. A carreira policial n\u00e3o \u00e9 f\u00e1cil, s\u00e3o muitos riscos, muito stress para sal\u00e1rio que \u00e9 uma piada.<\/p>\n<p style=\"text-align: justify;\">O cara sai de casa tendo que sustentar uma fam\u00edlia ganhando uma merreca para trocar tiro com traficante e com bandidos de todas as esp\u00e9cies. Muitas vezes esse cara divide espa\u00e7o de vizinhan\u00e7a com esses bandidos. Mora em favelas dominadas pelo tr\u00e1fico, anda de \u00f4nibus correndo risco desse ser invadido por bandidos e ser fuzilado ao ser descoberto em que trabalha; tenho conhecidos que morreram assim.<\/p>\n<p style=\"text-align: justify;\">Tipo de trabalho que endurece a pessoa, que seduz pelas facilidades em detrimento do que a honestidade n\u00e3o lhe d\u00e1. Tem que ser muito honesto, muito \u00edntegro pra n\u00e3o se deixar levar. Mas o honesto no Brasil \u00e9 sin\u00f4nimo de ot\u00e1rio.<\/p>\n<p style=\"text-align: justify;\">Da\u00ed nasce o policial corrupto e covarde. o que sai chutando porta de gente de fam\u00edlia, que rouba, humilha, mata, some, se imp\u00f5e perante o fraco e \u00e9 conivente com o forte. Uma pol\u00edcia despreparada e preconceituosa que \u00e9 cruel com o pobre e o preto. Que d\u00e1 medo, que assusta, que eu n\u00e3o gosto de encontrar de madrugada na rua quando devia gostar j\u00e1 que foi feita pra me proteger.<\/p>\n<p style=\"text-align: justify;\"><a href=\"http:\/\/www.pedromigao.com.br\/ourodetolo\/wp-content\/uploads\/2014\/04\/20140423.jpg\"><img loading=\"lazy\" decoding=\"async\" class=\"alignleft size-medium wp-image-25200\" alt=\"20140423\" src=\"http:\/\/www.pedromigao.com.br\/ourodetolo\/wp-content\/uploads\/2014\/04\/20140423-300x168.jpg\" width=\"300\" height=\"168\" srcset=\"http:\/\/www.pedromigao.com.br\/ourodetolo\/wp-content\/uploads\/2014\/04\/20140423-300x168.jpg 300w, http:\/\/www.pedromigao.com.br\/ourodetolo\/wp-content\/uploads\/2014\/04\/20140423-550x309.jpg 550w, http:\/\/www.pedromigao.com.br\/ourodetolo\/wp-content\/uploads\/2014\/04\/20140423.jpg 640w\" sizes=\"auto, (max-width: 300px) 100vw, 300px\" \/><\/a>Reflexo de uma sociedade tamb\u00e9m preconceituosa, racista, que em sua maioria n\u00e3o liga quando ocorre merda em favela, quando entram sem mandato em barraco e batem num pai na frente dos filhos, quando d\u00e3o dura em crioulo de madrugada na rua e tapa na cara dele. Que aplaude Capit\u00e3o Nascimento quando bota favelado no \u201csaco\u201d, mas pede justi\u00e7a quando a a\u00e7\u00e3o chega na classe m\u00e9dia, no asfalto.<\/p>\n<p style=\"text-align: justify;\">Fazem sinal de paz, pombas com as m\u00e3os, passeatas pela paz na maioria das vezes quando a bosta respinga no asfalto. Pedem mudan\u00e7a comportamental da pol\u00edcia, citam Tit\u00e3s como eu citei no t\u00edtulo da coluna, mas refa\u00e7o a pergunta.<\/p>\n<p style=\"text-align: justify;\">A quem interessa uma pol\u00edcia honesta?<\/p>\n<p style=\"text-align: justify;\">A quem interessa uma pol\u00edcia que leva em cana o cara que bebe e dirige? O mesmo cara que reclama de corruptos, mas segue perfil da lei seca pra fugir de blitz? A quem interessa policial que n\u00e3o deixa o garoto de classe m\u00e9dia fumar seu baseado na Lapa? A qual pai interessa buscar filho em delegacia de madrugada porque pichou, fez rachas? Mesmo pai que diz se preocupar com a viol\u00eancia e seu filho de madrugada na rua sem pensar que ele pode ser o autor.<\/p>\n<p style=\"text-align: justify;\">N\u00f3s temos um grave desvio de car\u00e1ter porque queremos justi\u00e7a sim, mas para os outros; para a gente pedimos <em>\u201cuma aliviada\u201d<\/em>. Interesses sempre v\u00eam antes da justi\u00e7a. Petistas acusam a oposi\u00e7\u00e3o, oposi\u00e7\u00e3o os petistas e nenhum lado se preocupa com o pa\u00eds e sim ferrar o outro.<\/p>\n<p style=\"text-align: justify;\">Um lado quer CPI da Petrobras com o objetivo de ferrar o governo em ano eleitoral, o governo tenta barrar a investiga\u00e7\u00e3o e quer colocar outros casos de corrup\u00e7\u00e3o pra ferrar a oposi\u00e7\u00e3o que a\u00ed n\u00e3o aceita. Ningu\u00e9m quer investigar nada e sim ferrar o inimigo. O Brasil \u00e9 isso. Um preocupado em ferrar o outro e se dar bem no fim.<\/p>\n<p style=\"text-align: justify;\">E a pol\u00edcia \u00e9 esse pitbull treinado pra atacar o inimigo, mas que sacrificamos quando morde a nossa perna lhe acusando de ser o respons\u00e1vel por aquilo que lhe treinamos.<\/p>\n<p style=\"text-align: justify;\">A pol\u00edcia do Brasil tem que acabar. \u00c9, isso mesmo, acabar. Tem que acabar e recome\u00e7ar do zero, com nova estrutura, forma de reconhecimento e valores assim como nossa sociedade.<\/p>\n<p style=\"text-align: justify;\">Pol\u00edcia para quem precisa.<\/p>\n<p class=\"MsoNormal\" style=\"text-align: justify;\">Para todos n\u00f3s que de forma direta ou n\u00e3o temos p\u00f3lvora na m\u00e3o.<span style=\"font-size: 16.0pt; font-family: Calibri;\"><span><br \/>\n<\/span><\/span><\/p>\n<p class=\"MsoNormal\" style=\"text-align: justify;\"><strong>Imagens: reprodu\u00e7\u00e3o de Internet, Extra e O Dia<\/strong><\/p>\n","protected":false},"excerpt":{"rendered":"<p>A coluna do compositor Aloisio Villar analisa o papel da Pol\u00edcia em nossa sociedade. Pol\u00edcia para quem precisa O caso de repercuss\u00e3o dessa semana \u00e9Tour Details<\/p>\n","protected":false},"author":8,"featured_media":0,"comment_status":"open","ping_status":"open","sticky":false,"template":"","format":"standard","meta":{"footnotes":""},"categories":[8],"tags":[414,26,24,27,6,549],"class_list":["post-25179","post","type-post","status-publish","format-standard","hentry","category-orun-aye","tag-criminalidade","tag-policia","tag-politica","tag-sociedade","tag-vida-cotidiana","tag-violencia"],"_links":{"self":[{"href":"http:\/\/www.pedromigao.com.br\/ourodetolo\/wp-json\/wp\/v2\/posts\/25179","targetHints":{"allow":["GET"]}}],"collection":[{"href":"http:\/\/www.pedromigao.com.br\/ourodetolo\/wp-json\/wp\/v2\/posts"}],"about":[{"href":"http:\/\/www.pedromigao.com.br\/ourodetolo\/wp-json\/wp\/v2\/types\/post"}],"author":[{"embeddable":true,"href":"http:\/\/www.pedromigao.com.br\/ourodetolo\/wp-json\/wp\/v2\/users\/8"}],"replies":[{"embeddable":true,"href":"http:\/\/www.pedromigao.com.br\/ourodetolo\/wp-json\/wp\/v2\/comments?post=25179"}],"version-history":[{"count":0,"href":"http:\/\/www.pedromigao.com.br\/ourodetolo\/wp-json\/wp\/v2\/posts\/25179\/revisions"}],"wp:attachment":[{"href":"http:\/\/www.pedromigao.com.br\/ourodetolo\/wp-json\/wp\/v2\/media?parent=25179"}],"wp:term":[{"taxonomy":"category","embeddable":true,"href":"http:\/\/www.pedromigao.com.br\/ourodetolo\/wp-json\/wp\/v2\/categories?post=25179"},{"taxonomy":"post_tag","embeddable":true,"href":"http:\/\/www.pedromigao.com.br\/ourodetolo\/wp-json\/wp\/v2\/tags?post=25179"}],"curies":[{"name":"wp","href":"https:\/\/api.w.org\/{rel}","templated":true}]}}