{"id":24625,"date":"2014-04-01T06:14:15","date_gmt":"2014-04-01T09:14:15","guid":{"rendered":"http:\/\/www.pedromigao.com.br\/ourodetolo\/?p=24625"},"modified":"2014-04-01T14:18:54","modified_gmt":"2014-04-01T17:18:54","slug":"filho-prodigo-relembrar-para-nao-repetir-sera","status":"publish","type":"post","link":"http:\/\/www.pedromigao.com.br\/ourodetolo\/2014\/04\/filho-prodigo-relembrar-para-nao-repetir-sera\/","title":{"rendered":"Filho Pr\u00f3digo: &#8220;Relembrar para n\u00e3o repetir. Ser\u00e1?&#8221;"},"content":{"rendered":"<p style=\"text-align: justify;\">Nesta ter\u00e7a-feira, <strong>o estudante Leonardo Dahi<\/strong> aborda o cinquenten\u00e1rio do golpe militar de 1964 e prop\u00f5e que o acontecimento jamais seja esquecido para que n\u00e3o ocorra novamente.<\/p>\n<p style=\"text-align: justify;\"><span style=\"text-decoration: underline;\"><em><b>Relembrar para n\u00e3o repetir. Ser\u00e1?<\/b><\/em><\/span><\/p>\n<p style=\"text-align: justify;\">Nesta ter\u00e7a-feira, foram completados 50 anos do Golpe Militar de 1964, que deu in\u00edcio ao per\u00edodo negro que chamamos de Ditadura no Brasil. Oficialmente, ele se encerrou em 1985, embora tenha entrado em decl\u00ednio algum tempo antes e seus \u00faltimos dias tenham sido apenas para \u201cpreparar o terreno\u201d para a volta de democracia.<\/p>\n<p style=\"text-align: justify;\">A Ditadura \u00e9 um tema muito pol\u00eamico, infelizmente. Digo infelizmente porque existem certas coisas que deveriam ser unanimidade. O fato de que a Ditadura foi a pior coisa que j\u00e1 nos aconteceu desde 1500, por exemplo, \u00e9 um deles.<\/p>\n<p style=\"text-align: justify;\"><a href=\"http:\/\/www.pedromigao.com.br\/ourodetolo\/wp-content\/uploads\/2014\/04\/ditadura8.jpg\"><img loading=\"lazy\" decoding=\"async\" class=\"alignleft size-medium wp-image-24693\" alt=\"ditadura\" src=\"http:\/\/www.pedromigao.com.br\/ourodetolo\/wp-content\/uploads\/2014\/04\/ditadura8-197x300.jpg\" width=\"197\" height=\"300\" srcset=\"http:\/\/www.pedromigao.com.br\/ourodetolo\/wp-content\/uploads\/2014\/04\/ditadura8-197x300.jpg 197w, http:\/\/www.pedromigao.com.br\/ourodetolo\/wp-content\/uploads\/2014\/04\/ditadura8-223x340.jpg 223w, http:\/\/www.pedromigao.com.br\/ourodetolo\/wp-content\/uploads\/2014\/04\/ditadura8.jpg 1800w\" sizes=\"auto, (max-width: 197px) 100vw, 197px\" \/><\/a>N\u00e3o existe, repito, n\u00e3o existe argumento nenhum que fa\u00e7a qualquer pessoa com c\u00e9rebro acreditar que o Regime Militar foi uma coisa boa para o pa\u00eds. Al\u00e9m da \u00f3bvia falta de liberdade de express\u00e3o e de opini\u00e3o, a economia foi de mal a pior \u2013 basta lembrar que a grav\u00edssima crise econ\u00f4mica dos anos 80 e 90 se deu por causa dos militares -, havia, sim, corrup\u00e7\u00e3o e tanto o povo quanto o pa\u00eds em geral ficaram atrasados em rela\u00e7\u00e3o ao resto do mundo.<\/p>\n<p style=\"text-align: justify;\">Foram, portanto, duas d\u00e9cadas que praticamente paralisaram o Brasil. E, mesmo ap\u00f3s quase tr\u00eas d\u00e9cadas de seu fim, ainda deixou algumas marcas na sociedade brasileira. Chega at\u00e9 a ser engra\u00e7ado, mas tem gente que at\u00e9 hoje ainda repete o discurso dos milicos de afastar o \u201cperigo comunista\u201d, mesmo com os candidatos do PCB n\u00e3o chegando nem a 0,01% dos votos nas Elei\u00e7\u00f5es.<\/p>\n<p style=\"text-align: justify;\">\u00c9 de fundamental import\u00e2ncia relembrar a Ditadura Militar. Cada brasileiro tem de lembrar todos os dias a trag\u00e9dia que isso foi para o pa\u00eds por um s\u00f3 motivo: jamais pensar em repetir algo assim. A hist\u00f3ria deve ser estudada como ela de fato foi, sem v\u00edcios e sem o olhar de 2014.<\/p>\n<p style=\"text-align: justify;\">Sim, porque se voc\u00ea for estudar a Ditadura atrav\u00e9s de um defensor da mesma, a menos que pense como se estivesse em 1970, corre o risco de acabar achando legal. O cidad\u00e3o vai fazer voc\u00ea acreditar (eles s\u00e3o \u00f3timos nisso) que n\u00e3o havia corrup\u00e7\u00e3o \u2013 claro, quando sa\u00eda um esc\u00e2ndalo do tipo o jornal n\u00e3o podia colocar na capa -, que o pa\u00eds era seguro \u2013 \u00f3bvio, ningu\u00e9m podia andar na rua depois de certo hor\u00e1rio \u2013 e que n\u00e3o \u00e9 verdade que o povo era contra o Regime \u2013 com certeza, afinal, quem era contra, era preso ou morria.<\/p>\n<p><a href=\"http:\/\/www.pedromigao.com.br\/ourodetolo\/wp-content\/uploads\/2014\/04\/ditadura2.jpg\"><img loading=\"lazy\" decoding=\"async\" class=\"size-medium wp-image-24630 alignleft\" alt=\"ditadura2\" src=\"http:\/\/www.pedromigao.com.br\/ourodetolo\/wp-content\/uploads\/2014\/04\/ditadura2-300x218.jpg\" width=\"300\" height=\"218\" srcset=\"http:\/\/www.pedromigao.com.br\/ourodetolo\/wp-content\/uploads\/2014\/04\/ditadura2-300x218.jpg 300w, http:\/\/www.pedromigao.com.br\/ourodetolo\/wp-content\/uploads\/2014\/04\/ditadura2.jpg 320w\" sizes=\"auto, (max-width: 300px) 100vw, 300px\" \/><\/a><\/p>\n<p style=\"text-align: justify;\">A\u00ed ele vai te transportar ao Brasil de 2014. Viol\u00eancia, falta de sa\u00fade, de educa\u00e7\u00e3o, corrup\u00e7\u00e3o, tudo isso que \u201cn\u00e3o acontecia\u201d em tempos de M\u00e9dicis e Castellos Brancos. Na \u201cdata cheia\u201d do golpe militar, os apoiadores da Ditadura, que antes s\u00f3 apareciam depois da quinta latinha de cerveja no churrasco de domingo, ganharam maior voz.<\/p>\n<p style=\"text-align: justify;\">Eles voltaram para a m\u00eddia, tomaram as redes sociais, adotaram com orgulho inacredit\u00e1vel o termo \u201cRevolu\u00e7\u00e3o de 64\u201d e at\u00e9 organizaram uma nova Marcha da Fam\u00edlia com Deus pela Liberdade, s\u00e9rie de manifesta\u00e7\u00f5es ocorridas 50 anos atr\u00e1s contra a tal \u201camea\u00e7a comunista\u201d representada por um discurso do ent\u00e3o Presidente Jo\u00e3o Goulart, que, ali\u00e1s, foi um enorme injusti\u00e7ado, talvez o maior deles nesse pa\u00eds at\u00e9 hoje.<\/p>\n<p style=\"text-align: justify;\">O discurso desse pessoal \u00e9 inacredit\u00e1vel. Outro dia um deles, embalado pelo clamor pseudo-popular do \u201cn\u00e3o vai ter Copa\u201d, relembrou que o Presidente Figueiredo, o \u00faltimo dos ditadores, recusou a realiza\u00e7\u00e3o da Copa de 1986 no Brasil, ap\u00f3s a Fifa retirar o Mundial da Col\u00f4mbia.<\/p>\n<p>Isso at\u00e9 \u00e9 verdade. De fato, antes do M\u00e9xico, o Brasil foi cogitado como sede e, de fato, Figueiredo recusou. Mas, ao contr\u00e1rio do que se diz, n\u00e3o foi porque ele teria dito ao ent\u00e3o Presidente da Fifa Jo\u00e3o Havelange, que o pa\u00eds tinha outras prioridades como sa\u00fade, educa\u00e7\u00e3o e combate \u00e0 seca no Nordeste, mas sim porque o pr\u00f3prio Havelange queria outra Copa no M\u00e9xico (que havia sido sede do torneio em 1970) devido \u00e0 amizade com o chef\u00e3o da Televisa e homem-forte do futebol local. Assim, devido ao pouco tempo para constru\u00e7\u00e3o e reforma dos est\u00e1dios, Figueiredo preferiu deixar essa para outro dia.<a href=\"http:\/\/www.pedromigao.com.br\/ourodetolo\/wp-content\/uploads\/2014\/04\/ditadura5.jpg\"><img loading=\"lazy\" decoding=\"async\" class=\"size-medium wp-image-24633 alignright\" alt=\"ditadura5\" src=\"http:\/\/www.pedromigao.com.br\/ourodetolo\/wp-content\/uploads\/2014\/04\/ditadura5-300x156.jpg\" width=\"300\" height=\"156\" srcset=\"http:\/\/www.pedromigao.com.br\/ourodetolo\/wp-content\/uploads\/2014\/04\/ditadura5-300x156.jpg 300w, http:\/\/www.pedromigao.com.br\/ourodetolo\/wp-content\/uploads\/2014\/04\/ditadura5-550x287.jpg 550w, http:\/\/www.pedromigao.com.br\/ourodetolo\/wp-content\/uploads\/2014\/04\/ditadura5.jpg 956w\" sizes=\"auto, (max-width: 300px) 100vw, 300px\" \/><\/a><\/p>\n<p style=\"text-align: justify;\">E assim s\u00e3o constru\u00eddas novas fal\u00e1cias, aproveitando-se do momento longe da perfei\u00e7\u00e3o vivido pelo nosso pa\u00eds. Confesso que at\u00e9 outro dia achava isso bem engra\u00e7ado. Velhos saudosistas ou jovens alienados repetindo mentiras absurdas de uma extrema-direita que cheira a mofo. S\u00f3 que, de uns tempos pra c\u00e1, eu tenho ficado preocupado.<\/p>\n<p style=\"text-align: justify;\">Estou vendo cada vez mais velhos saudosistas e cada vez mais jovens alienados repetindo essas hist\u00f3rias \u2013 e antes da primeira latinha. Os velhos saudosistas n\u00e3o me tiram o sono porque n\u00e3o est\u00e3o mais em condi\u00e7\u00f5es de fazer nada. Os jovens alienados, esses sim, me preocupam. Me preocupam porque est\u00e3o dando recados cada vez mais claros ao pessoal que vive nos quart\u00e9is: sim, voc\u00eas podem.<\/p>\n<p style=\"text-align: justify;\"><a href=\"http:\/\/www.pedromigao.com.br\/ourodetolo\/wp-content\/uploads\/2014\/04\/ditadura2.jpg\"><img loading=\"lazy\" decoding=\"async\" class=\"size-medium wp-image-24630 alignleft\" alt=\"ditadura2\" src=\"http:\/\/www.pedromigao.com.br\/ourodetolo\/wp-content\/uploads\/2014\/04\/ditadura2-300x218.jpg\" width=\"300\" height=\"218\" srcset=\"http:\/\/www.pedromigao.com.br\/ourodetolo\/wp-content\/uploads\/2014\/04\/ditadura2-300x218.jpg 300w, http:\/\/www.pedromigao.com.br\/ourodetolo\/wp-content\/uploads\/2014\/04\/ditadura2.jpg 320w\" sizes=\"auto, (max-width: 300px) 100vw, 300px\" \/><\/a>Acredito que, hoje, o Ex\u00e9rcito Brasileiro n\u00e3o tenha condi\u00e7\u00f5es de tomar o poder. Mas n\u00e3o d\u00e1 para saber como a coisa vai estar daqui a cinco, dez, quinze anos. N\u00e3o acho, de verdade, que os Militares estejam com muita pressa. Acho que h\u00e1 uma possibilidade, pequena, por enquanto, de eles come\u00e7arem a articular uma volta ao poder.<\/p>\n<p style=\"text-align: justify;\">Enquanto a gente fica aqui relembrando esse per\u00edodo negro para que ele n\u00e3o se repita, tem quem o distor\u00e7a para que ele volte. Acho que, infelizmente, chegou a hora de trocar as risadas por uma maior cautela. Cuidado com o seu voto e, principalmente, com a audi\u00eancia que voc\u00ea d\u00e1 para certas pessoas.<\/p>\n<p style=\"text-align: justify;\">Eles querem falar. Como isso felizmente \u00e9 uma democracia, deixe que falem. Mas, por favor, deixe que falem sozinhos.<\/p>\n","protected":false},"excerpt":{"rendered":"<p>Nesta ter\u00e7a-feira, o estudante Leonardo Dahi aborda o cinquenten\u00e1rio do golpe militar de 1964 e prop\u00f5e que o acontecimento jamais seja esquecido para que n\u00e3oTour Details<\/p>\n","protected":false},"author":12,"featured_media":0,"comment_status":"open","ping_status":"open","sticky":false,"template":"","format":"standard","meta":{"footnotes":""},"categories":[351],"tags":[537,536,27],"class_list":["post-24625","post","type-post","status-publish","format-standard","hentry","category-filho-prodigo","tag-ditadura","tag-golpe-militar","tag-sociedade"],"_links":{"self":[{"href":"http:\/\/www.pedromigao.com.br\/ourodetolo\/wp-json\/wp\/v2\/posts\/24625","targetHints":{"allow":["GET"]}}],"collection":[{"href":"http:\/\/www.pedromigao.com.br\/ourodetolo\/wp-json\/wp\/v2\/posts"}],"about":[{"href":"http:\/\/www.pedromigao.com.br\/ourodetolo\/wp-json\/wp\/v2\/types\/post"}],"author":[{"embeddable":true,"href":"http:\/\/www.pedromigao.com.br\/ourodetolo\/wp-json\/wp\/v2\/users\/12"}],"replies":[{"embeddable":true,"href":"http:\/\/www.pedromigao.com.br\/ourodetolo\/wp-json\/wp\/v2\/comments?post=24625"}],"version-history":[{"count":0,"href":"http:\/\/www.pedromigao.com.br\/ourodetolo\/wp-json\/wp\/v2\/posts\/24625\/revisions"}],"wp:attachment":[{"href":"http:\/\/www.pedromigao.com.br\/ourodetolo\/wp-json\/wp\/v2\/media?parent=24625"}],"wp:term":[{"taxonomy":"category","embeddable":true,"href":"http:\/\/www.pedromigao.com.br\/ourodetolo\/wp-json\/wp\/v2\/categories?post=24625"},{"taxonomy":"post_tag","embeddable":true,"href":"http:\/\/www.pedromigao.com.br\/ourodetolo\/wp-json\/wp\/v2\/tags?post=24625"}],"curies":[{"name":"wp","href":"https:\/\/api.w.org\/{rel}","templated":true}]}}