{"id":24472,"date":"2014-03-26T06:19:04","date_gmt":"2014-03-26T09:19:04","guid":{"rendered":"http:\/\/www.pedromigao.com.br\/ourodetolo\/?p=24472"},"modified":"2014-03-25T11:16:11","modified_gmt":"2014-03-25T14:16:11","slug":"a-historia-se-repetindo-como-farsa","status":"publish","type":"post","link":"http:\/\/www.pedromigao.com.br\/ourodetolo\/2014\/03\/a-historia-se-repetindo-como-farsa\/","title":{"rendered":"A Hist\u00f3ria se repetindo como Farsa"},"content":{"rendered":"<p style=\"text-align: justify;\">Na \u00faltima semana, talvez o maior destaque do notici\u00e1rio pol\u00edtico tenha sido a tentativa por parte de setores reacion\u00e1rios de se repetir as &#8220;Marchas da Fam\u00edlia com Deus pela Liberdade&#8221; ocorridas em 1964 como apoio ao movimento que terminaria por depor o Presidente Jo\u00e3o Goulart. Felizmente, apesar do alarido verificado na internet &#8211; com apoio de colunistas e \u00f3rg\u00e3os de imprensa mais conservadores &#8211; as manifesta\u00e7\u00f5es n\u00e3o lograram grandes movimenta\u00e7\u00f5es de pessoas.<\/p>\n<p style=\"text-align: justify;\">As reivindica\u00e7\u00f5es destes grupos s\u00e3o simples: uma interven\u00e7\u00e3o militar a fim de depor o governo e prender todos os pol\u00edticos e militantes do PT, com a volta aos &#8220;tempos dourados&#8221; dos militares. Tais grupos advogam que o PT \u00e9 &#8220;comunista&#8221; e &#8220;antidemocr\u00e1tico&#8221;, e por isso os militares precisam &#8216;salvar&#8217; o Brasil do comunismo, da corrup\u00e7\u00e3o e das garras da Uni\u00e3o Sovi\u00e9tica.<\/p>\n<p style=\"text-align: justify;\">Acessoriamente, combatem o projeto do marco civil da internet prestes a ser votado no Congresso Nacional. Inclusive com algumas p\u00e9rolas surreais:<\/p>\n<p style=\"text-align: justify;\"><em>-&#8220;Opini\u00e3o com liberdade s\u00f3 aqui. Imprensa 95% comprometida com o comunismo.&#8221;<\/em><\/p>\n<p style=\"text-align: justify;\"><em>&#8220;- Se comunismo fosse BOM mesmo a URSS estaria viva! Alemanha Nazista idem!&#8221; <\/em>(este, pelo visto, faltou \u00e0s aulas de Hist\u00f3ria no gin\u00e1sio)<\/p>\n<p style=\"text-align: justify;\"><em>&#8220;- Censurar a internet \u00e9 uma amea\u00e7a terr\u00edvel ao capitalismo!&#8221;<\/em><\/p>\n<p style=\"text-align: justify;\"><em>&#8220;-Aten\u00e7\u00e3o. PT \u00e9 a favor do Brasil ser anexado \u00e0 R\u00fassia.&#8221;<\/em><\/p>\n<p style=\"text-align: justify;\">Estas s\u00e3o algumas das ideias recolhidas em uma pesquisa r\u00e1pida pelo Twitter &#8211; pela qual agrade\u00e7o ao leitor F\u00e1bio Pav\u00e3o. O mais incr\u00edvel \u00e9 que h\u00e1 colunistas adorados pelos reacion\u00e1rios &#8211; como Reinaldo Azevedo e Rodrigo Constantino &#8211; que propagam este tipo de coment\u00e1rio como se verdade fosse. E com espa\u00e7o na chamada &#8220;grande m\u00eddia&#8221;.<a href=\"http:\/\/www.pedromigao.com.br\/ourodetolo\/wp-content\/uploads\/2014\/03\/2014032200530.jpg\"><img loading=\"lazy\" decoding=\"async\" class=\"aligncenter size-large wp-image-24477\" alt=\"2014032200530\" src=\"http:\/\/www.pedromigao.com.br\/ourodetolo\/wp-content\/uploads\/2014\/03\/2014032200530-550x315.jpg\" width=\"550\" height=\"315\" srcset=\"http:\/\/www.pedromigao.com.br\/ourodetolo\/wp-content\/uploads\/2014\/03\/2014032200530-550x315.jpg 550w, http:\/\/www.pedromigao.com.br\/ourodetolo\/wp-content\/uploads\/2014\/03\/2014032200530-300x171.jpg 300w, http:\/\/www.pedromigao.com.br\/ourodetolo\/wp-content\/uploads\/2014\/03\/2014032200530.jpg 712w\" sizes=\"auto, (max-width: 550px) 100vw, 550px\" \/><\/a>Cabe a estes segmentos a seguinte pergunta: realmente h\u00e1 no\u00e7\u00e3o do que significou a ditadura?<\/p>\n<p style=\"text-align: justify;\">Para lembrar a quem se esqueceu, s\u00f3 de in\u00edcio estas manifesta\u00e7\u00f5es contra o governo estariam proibidas. Opinar contra o governo era proibido: dava censura e cadeia &#8211; isso quando n\u00e3o ocorria coisa pior. Tortura, arb\u00edtrio, privil\u00e9gios a grupos econ\u00f4micos e falta de liberdade eram regra.<\/p>\n<p style=\"text-align: justify;\">Outra ideia difundida por estes grupos \u00e9 a de que n\u00e3o havia corrup\u00e7\u00e3o na ditadura, porque os militares teriam moral &#8220;inatac\u00e1vel&#8221;. \u00d3bvio que n\u00e3o adianta nada generalizar, mas o per\u00edodo entre 1964 e 1985 \u00e9 pr\u00f3digo em casos deste tipo. Inclusive com um governador bi\u00f4nico (ou seja, indicado pelo governo central) do Paran\u00e1, Haroldo Le\u00f3n Perez, for\u00e7ado a renunciar ao cargo em 1971 por ter sido flagrado negociando propinas com empreiteiro. Casos como as constru\u00e7\u00f5es da Transamaz\u00f4nica e da Ponte Rio Niter\u00f3i ou o esc\u00e2ndalo da Capemi (caixa de previd\u00eancia dos militares) tamb\u00e9m s\u00e3o bons exemplos desta fal\u00e1cia. E olha que nem cito aqui o ex-Ministro das Minas e Energia Shigeaki Ueki e o esc\u00e2ndalo das mordomias ministeriais&#8230;<\/p>\n<p style=\"text-align: justify;\">A \u00fanica diferen\u00e7a \u00e9 que a imprensa, naquele momento, n\u00e3o podia denunciar estes casos: estava sob censura. Com todas as cr\u00edticas que se faz ao governo atual, os \u00f3rg\u00e3os de m\u00eddia podem falar e publicar o que quiser, mesmo colocando a not\u00edcia, muitas vezes, subordinada a interesses pol\u00edtico-partid\u00e1rios. A ditadura torturava e matava jornalistas, ainda que sequer tivessem denunciado o que quer que seja no governo &#8211; haja visto o caso Vladimir Herzog.<\/p>\n<p style=\"text-align: justify;\">Na economia, a infla\u00e7\u00e3o elevou-se ano a ano, a d\u00edvida externa explodiu e a pol\u00edtica de compress\u00e3o salarial aumentou a desigualdade social. O Brasil chegou em 2002 (ou seja, 17 anos ap\u00f3s o final da ditadura) com 32 milh\u00f5es de pessoas passando fome cotidianamente ou em condi\u00e7\u00e3o de mis\u00e9ria absoluta. Como j\u00e1 escrevi em algumas ocasi\u00f5es aqui, o trabalho de diminui\u00e7\u00e3o da desigualdade social realizado de 2002 para c\u00e1 obteve resultados excelentes e est\u00e1 moldando um outro Brasil.<\/p>\n<p style=\"text-align: justify;\"><a href=\"http:\/\/www.pedromigao.com.br\/ourodetolo\/wp-content\/uploads\/2014\/03\/22mar2014-manifestantes-fazem-cartazes-na-praca-da-republicapara-a-marcha-da-familia-com-deus-pela-liberdade-no-centro-de-sao-paulo-outras-duas-marchas-uma-pro-e-uma-contra-a-intervencao-militar-no-1395511112891_956x500.jpg\"><img loading=\"lazy\" decoding=\"async\" class=\"aligncenter size-large wp-image-24474\" alt=\"22mar2014---manifestantes-fazem-cartazes-na-praca-da-republicapara-a-marcha-da-familia-com-deus-pela-liberdade-no-centro-de-sao-paulo-outras-duas-marchas-uma-pro-e-uma-contra-a-intervencao-militar-no-1395511112891_956x500\" src=\"http:\/\/www.pedromigao.com.br\/ourodetolo\/wp-content\/uploads\/2014\/03\/22mar2014-manifestantes-fazem-cartazes-na-praca-da-republicapara-a-marcha-da-familia-com-deus-pela-liberdade-no-centro-de-sao-paulo-outras-duas-marchas-uma-pro-e-uma-contra-a-intervencao-militar-no-1395511112891_956x500-550x287.jpg\" width=\"550\" height=\"287\" srcset=\"http:\/\/www.pedromigao.com.br\/ourodetolo\/wp-content\/uploads\/2014\/03\/22mar2014-manifestantes-fazem-cartazes-na-praca-da-republicapara-a-marcha-da-familia-com-deus-pela-liberdade-no-centro-de-sao-paulo-outras-duas-marchas-uma-pro-e-uma-contra-a-intervencao-militar-no-1395511112891_956x500-550x287.jpg 550w, http:\/\/www.pedromigao.com.br\/ourodetolo\/wp-content\/uploads\/2014\/03\/22mar2014-manifestantes-fazem-cartazes-na-praca-da-republicapara-a-marcha-da-familia-com-deus-pela-liberdade-no-centro-de-sao-paulo-outras-duas-marchas-uma-pro-e-uma-contra-a-intervencao-militar-no-1395511112891_956x500-300x156.jpg 300w, http:\/\/www.pedromigao.com.br\/ourodetolo\/wp-content\/uploads\/2014\/03\/22mar2014-manifestantes-fazem-cartazes-na-praca-da-republicapara-a-marcha-da-familia-com-deus-pela-liberdade-no-centro-de-sao-paulo-outras-duas-marchas-uma-pro-e-uma-contra-a-intervencao-militar-no-1395511112891_956x500.jpg 956w\" sizes=\"auto, (max-width: 550px) 100vw, 550px\" \/><\/a>Isso, ali\u00e1s, talvez seja um dos motes destes protestos implorando por um novo golpe militar. Afinal de contas, o senso comum \u00e9 que os militares &#8220;colocavam as pessoas em seus devidos lugares&#8221;. Ordem e progresso, n\u00e9? Podia-se pagar pouco e ao mesmo tempo ter a sensa\u00e7\u00e3o de exclusividade da qual a classe m\u00e9dia gosta muito de &#8220;usufruir&#8221;. Infelizmente n\u00e3o achei nenhuma foto, mas nas manifesta\u00e7\u00f5es recentes haviam alguns cartazes reclamando que os aeroportos &#8220;estavam parecendo rodovi\u00e1rias&#8221;. Revelador.<\/p>\n<p style=\"text-align: justify;\">Vale lembrar que nem a oposi\u00e7\u00e3o congressual brasileira embarcou nesta aventura. Seria mentira dizer que n\u00e3o se aventou, pelo menos, a possibilidade de um golpe &#8220;\u00e0 Paraguai&#8221; &#8211; ou seja, via Judici\u00e1rio &#8211; mas neste momento parece que perceberam que n\u00e3o h\u00e1 condi\u00e7\u00f5es pol\u00edticas para tal desrespeito \u00e0 democracia brasileira. Nos meios militares, tirando aqueles generais de pijama de sempre, tamb\u00e9m n\u00e3o parece haver descontentamento com o regime democr\u00e1tico brasileiro.<\/p>\n<p style=\"text-align: justify;\">O momento atual repete em um aspecto o malfadado 1964: um alarido oposicionista muito estridente, mas um governo com apoio popular. Dados divulgados recentemente indicam que Jo\u00e3o Goulart possu\u00eda amplo apoio popular \u00e0s v\u00e9speras do golpe de estado, <a href=\"http:\/\/www1.folha.uol.com.br\/folha\/brasil\/ult96u46767.shtml\" target=\"_blank\"><span style=\"color: #ff6600;\">como reproduzido abaixo de mat\u00e9ria da &#8220;Folha de S\u00e3o Paulo&#8221;<\/span><\/a>:<\/p>\n<p style=\"text-align: justify;\"><em>&#8220;Duas pesquisas feitas pelo Ibope \u00e0s v\u00e9speras do movimento militar de 31 de mar\u00e7o de 1964, e nunca divulgadas, mostram que o presidente Jo\u00e3o Goulart contava com amplo apoio popular ao ser deposto, apesar da polariza\u00e7\u00e3o ideol\u00f3gica que o pa\u00eds enfrentava. <\/em><\/p>\n<p style=\"text-align: justify;\"><em>Uma das pesquisas, feita pelo Ibope em tr\u00eas cidades paulistas, apontava que 15% dos ouvidos consideravam o governo Jango \u00f3timo, 30% bom e 24% regular. Para 16%, a administra\u00e7\u00e3o Goulart era m\u00e1 ou p\u00e9ssima. <\/em><\/p>\n<p style=\"text-align: justify;\"><em>A outra pesquisa do acervo do Ibope, que entrevistou eleitores de oito capitais entre os dias 9 e 26 de mar\u00e7o de 64, mostra que 49,8% dos pesquisados admitiam votar em Jango caso ele pudesse se candidatar \u00e0 reelei\u00e7\u00e3o, contra 41,8% que rejeitavam a possibilidade.<\/em><\/p>\n<p style=\"text-align: justify;\"><em>(&#8230;) Outra pesquisa feita pelo Ibope no per\u00edodo revela que 59% dos ouvidos eram a favor das medidas anunciadas por Jango no hist\u00f3rico com\u00edcio da Central do Brasil, no Rio, no dia 13 de mar\u00e7o de 64. As propostas inclu\u00edam a desapropria\u00e7\u00e3o de terras \u00e0s margens de rodovias e ferrovias e o encampamento das refinarias estrangeiras.&#8221;<\/em><\/p>\n<p style=\"text-align: justify;\">\u00c9 um quadro que se repete no Brasil de hoje: pesquisa do mesmo Ibope divulgada na \u00faltima semana indica que a atual Presidenta Dilma Rousseff teria 43% dos votos totais se a elei\u00e7\u00e3o presidencial fosse hoje, quase o dobro de seus poss\u00edveis advers\u00e1rios. Se h\u00e1 uma semelhan\u00e7a entre os dois cen\u00e1rios \u00e9 o fato da oposi\u00e7\u00e3o ao governo partir de setores da elite com controle sobre as vozes empresariais e os \u00f3rg\u00e3os de imprensa, mas sem voto. Uma esp\u00e9cie de UDN revisitada.<\/p>\n<p style=\"text-align: justify;\"><a href=\"http:\/\/www.pedromigao.com.br\/ourodetolo\/wp-content\/uploads\/2014\/03\/interven\u00e7\u00e3o-militar.jpg\"><img loading=\"lazy\" decoding=\"async\" class=\"aligncenter size-large wp-image-24475\" alt=\"interven\u00e7\u00e3o militar\" src=\"http:\/\/www.pedromigao.com.br\/ourodetolo\/wp-content\/uploads\/2014\/03\/interven\u00e7\u00e3o-militar-550x301.jpg\" width=\"550\" height=\"301\" srcset=\"http:\/\/www.pedromigao.com.br\/ourodetolo\/wp-content\/uploads\/2014\/03\/interven\u00e7\u00e3o-militar-550x301.jpg 550w, http:\/\/www.pedromigao.com.br\/ourodetolo\/wp-content\/uploads\/2014\/03\/interven\u00e7\u00e3o-militar-300x164.jpg 300w, http:\/\/www.pedromigao.com.br\/ourodetolo\/wp-content\/uploads\/2014\/03\/interven\u00e7\u00e3o-militar.jpg 620w\" sizes=\"auto, (max-width: 550px) 100vw, 550px\" \/><\/a>Obviamente, o governo atual tem problemas. Mas a percep\u00e7\u00e3o do eleitorado \u00e9 de que n\u00e3o somente o Brasil avan\u00e7ou em termos de emprego e renda como as op\u00e7\u00f5es pol\u00edticas constitucionais tem problemas ainda piores. Por isso, talvez, o alarido e a busca de solu\u00e7\u00f5es extra-constitucionais por parte desta minoria, por mais que haja alega\u00e7\u00e3o de que o artigo 142 da Constitui\u00e7\u00e3o permitiria isso:<\/p>\n<p style=\"text-align: justify;\"><em>&#8220;Art. 142. As For\u00e7as Armadas, constitu\u00eddas pela Marinha, pelo Ex\u00e9rcito e pela Aeron\u00e1utica, s\u00e3o institui\u00e7\u00f5es nacionais permanentes e regulares, organizadas com base na hierarquia e na disciplina, sob a autoridade suprema do Presidente da Rep\u00fablica, e destinam-se \u00e0 defesa da P\u00e1tria, \u00e0 garantia dos poderes constitucionais e, por iniciativa de qualquer destes, da lei e da ordem.&#8221;<\/em><\/p>\n<p style=\"text-align: justify;\">Como o leitor pode verificar, n\u00e3o h\u00e1 qualquer men\u00e7\u00e3o no artigo a golpes militares. Ao contr\u00e1rio: deixa claro que est\u00e3o subordinadas \u00e0 &#8220;autoridade suprema&#8221; do Presidente da Rep\u00fablica. N\u00e3o sou advogado nem especialista em Direito Constitucional, mas para mim parece claro que este pedido de &#8220;interven\u00e7\u00e3o militar constitucional&#8221; que alguns destes grupos pregam \u00e9 uma grande mentira: n\u00e3o h\u00e1 nada na Constitui\u00e7\u00e3o que permita que ela pr\u00f3pria seja rasgada.<\/p>\n<p style=\"text-align: justify;\"><a href=\"http:\/\/www.pedromigao.com.br\/ourodetolo\/wp-content\/uploads\/2014\/03\/marcha_pela_familia.jpg\"><img loading=\"lazy\" decoding=\"async\" class=\"aligncenter size-large wp-image-24476\" alt=\"marcha_pela_familia\" src=\"http:\/\/www.pedromigao.com.br\/ourodetolo\/wp-content\/uploads\/2014\/03\/marcha_pela_familia-453x340.jpg\" width=\"453\" height=\"340\" srcset=\"http:\/\/www.pedromigao.com.br\/ourodetolo\/wp-content\/uploads\/2014\/03\/marcha_pela_familia-453x340.jpg 453w, http:\/\/www.pedromigao.com.br\/ourodetolo\/wp-content\/uploads\/2014\/03\/marcha_pela_familia-300x225.jpg 300w, http:\/\/www.pedromigao.com.br\/ourodetolo\/wp-content\/uploads\/2014\/03\/marcha_pela_familia.jpg 620w\" sizes=\"auto, (max-width: 453px) 100vw, 453px\" \/><\/a>Na verdade, o que vemos aqui \u00e9 a repeti\u00e7\u00e3o daquela absolutamente verdadeira m\u00e1xima do grande economista e fil\u00f3sofo Karl Marx: <em>&#8220;A hist\u00f3ria se repete, a primeira vez como trag\u00e9dia e a segunda como farsa\u201d<\/em>. \u00c9 exatamente isso a que estamos assistindo hoje com esta tentativa de repetir 50 anos depois as &#8220;Marchas da Fam\u00edlia com Deus pela Liberdade&#8221; ocorridas em 1964. Farsa.<\/p>\n<p style=\"text-align: justify;\">Temos de nos lembrar dos 50 anos do Golpe, que se completam semana que vem. Para que jamais se repita.<\/p>\n<p style=\"text-align: justify;\"><strong>Imagens: Globo e Uol<\/strong><\/p>\n","protected":false},"excerpt":{"rendered":"<p>Na \u00faltima semana, talvez o maior destaque do notici\u00e1rio pol\u00edtico tenha sido a tentativa por parte de setores reacion\u00e1rios de se repetir as &#8220;Marchas daTour Details<\/p>\n","protected":false},"author":2,"featured_media":0,"comment_status":"open","ping_status":"open","sticky":false,"template":"","format":"standard","meta":{"footnotes":""},"categories":[289],"tags":[58,536,35,24,27],"class_list":["post-24472","post","type-post","status-publish","format-standard","hentry","category-pedro-migao","tag-economia","tag-golpe-militar","tag-historia","tag-politica","tag-sociedade"],"_links":{"self":[{"href":"http:\/\/www.pedromigao.com.br\/ourodetolo\/wp-json\/wp\/v2\/posts\/24472","targetHints":{"allow":["GET"]}}],"collection":[{"href":"http:\/\/www.pedromigao.com.br\/ourodetolo\/wp-json\/wp\/v2\/posts"}],"about":[{"href":"http:\/\/www.pedromigao.com.br\/ourodetolo\/wp-json\/wp\/v2\/types\/post"}],"author":[{"embeddable":true,"href":"http:\/\/www.pedromigao.com.br\/ourodetolo\/wp-json\/wp\/v2\/users\/2"}],"replies":[{"embeddable":true,"href":"http:\/\/www.pedromigao.com.br\/ourodetolo\/wp-json\/wp\/v2\/comments?post=24472"}],"version-history":[{"count":0,"href":"http:\/\/www.pedromigao.com.br\/ourodetolo\/wp-json\/wp\/v2\/posts\/24472\/revisions"}],"wp:attachment":[{"href":"http:\/\/www.pedromigao.com.br\/ourodetolo\/wp-json\/wp\/v2\/media?parent=24472"}],"wp:term":[{"taxonomy":"category","embeddable":true,"href":"http:\/\/www.pedromigao.com.br\/ourodetolo\/wp-json\/wp\/v2\/categories?post=24472"},{"taxonomy":"post_tag","embeddable":true,"href":"http:\/\/www.pedromigao.com.br\/ourodetolo\/wp-json\/wp\/v2\/tags?post=24472"}],"curies":[{"name":"wp","href":"https:\/\/api.w.org\/{rel}","templated":true}]}}