{"id":24460,"date":"2014-03-31T14:23:35","date_gmt":"2014-03-31T17:23:35","guid":{"rendered":"http:\/\/www.pedromigao.com.br\/ourodetolo\/?p=24460"},"modified":"2015-12-27T10:06:36","modified_gmt":"2015-12-27T12:06:36","slug":"sambodromo-em-30-atos-2008-livre-de-acusacoes-beija-flor-leva-mais-um-caneco","status":"publish","type":"post","link":"http:\/\/www.pedromigao.com.br\/ourodetolo\/2014\/03\/sambodromo-em-30-atos-2008-livre-de-acusacoes-beija-flor-leva-mais-um-caneco\/","title":{"rendered":"Samb\u00f3dromo em 30 Atos: &#8220;2008: Livre de acusa\u00e7\u00f5es, Beija-Flor leva mais um caneco&#8221;"},"content":{"rendered":"<p style=\"text-align: justify;\">A s\u00e9rie Samb\u00f3dromo em Trinta Atos, <strong>do jornalista esportivo Fred Sabino<\/strong>, nos leva de volta ao morno desfile de 2008, que teve mais um t\u00edtulo da Beija-Flor de Nil\u00f3polis depois de a apura\u00e7\u00e3o de 2007 ter sido alvo de investiga\u00e7\u00e3o da Pol\u00edcia Federal. Tamb\u00e9m chamou a aten\u00e7\u00e3o o calv\u00e1rio vivido pela Mangueira, desde a n\u00e3o op\u00e7\u00e3o de um enredo sobre Cartola at\u00e9 a esc\u00e2ndalos envolvendo traficantes e um desfile ruim.<\/p>\n<p style=\"text-align: justify;\"><span style=\"text-decoration: underline;\"><em><strong><span style=\"line-height: 1.5em;\">2008: Livre de acusa\u00e7\u00f5es, Beija-Flor leva mais um caneco<\/span><\/strong><\/em><\/span><\/p>\n<p style=\"text-align: justify;\">Com a Liesa tendo finalmente atingido o objetivo de reduzir a 12 o n\u00famero de agremia\u00e7\u00f5es no desfile do Grupo Especial, o notici\u00e1rio da fase pr\u00e9-carnavalesca foi recheado de pol\u00eamicas. Depois de a Beija-Flor de Nil\u00f3polis conquistar brilhantemente o t\u00edtulo de 2007, foram denunciadas irregularidades no julgamento e a C\u00e2mara dos Vereadores instaurou uma CPI para investigar a atua\u00e7\u00e3o dos julgadores do Carnaval.<\/p>\n<p style=\"text-align: justify;\">A comiss\u00e3o apurou contradi\u00e7\u00f5es nos depoimentos dos jurados sobre as suas fun\u00e7\u00f5es e a forma como eram escolhidos.\u00a0Uma das principais cr\u00edticas do relat\u00f3rio\u00a0foi o fato de os jurados levarem para casa os cadernos de notas entre as duas noites de desfile, o que poderia possibilitar fraudes.\u00a0A Pol\u00edcia Federal entrou em a\u00e7\u00e3o, mas as investiga\u00e7\u00f5es n\u00e3o comprovaram manipula\u00e7\u00e3o de resultados. Antes disso, o delegado respons\u00e1vel chegara a afirmar que haveria um &#8220;pistoleiro&#8221; amea\u00e7ando jurados, o que jamais se provou. Com isso, a conquista da Beija-Flor ficou mantida e a escola resolveu homenagear para 2008 Macap\u00e1, capital do Amap\u00e1, com patroc\u00ednio.<\/p>\n<p style=\"text-align: justify;\">J\u00e1 a Esta\u00e7\u00e3o Primeira de Mangueira, no ano do centen\u00e1rio de Cartola, deixou de lado a homenagem ao seu nome mais importante e escolheu o frevo como enredo. Mas a fase pr\u00e9-carnavalesca rendeu pol\u00eamicas ainda maiores.\u00a0Em setembro de 2007, o presidente Percival Pires renunciou ap\u00f3s ter levado ritmistas \u00e0 festa de casamento de Jaqueline de Morais por R$ 2.500 e cestas b\u00e1sicas. At\u00e9 a\u00ed tudo bem, mas o problema era que Jaqueline havia se casado com o traficante Fernandinho Beira-Mar, que n\u00e3o participou da festa por estar preso. Percival alegou que n\u00e3o sabia da liga\u00e7\u00e3o de Jaqueline com Beira-Mar, mas ainda assim deixou o cargo. Al\u00e9m disso, diversas mat\u00e9rias nos jornais durante o per\u00edodo pr\u00e9-carnavalesco explicitavam as rela\u00e7\u00f5es entre pessoas da diretoria e traficantes.<\/p>\n<p style=\"text-align: justify;\">Para colocar mais lenha no caldeir\u00e3o mangueirense, o samba vencedor nas eliminat\u00f3rias tinha a assinatura, al\u00e9m dos j\u00e1 consagrados Lequinho, J\u00fanior Fionda, An\u00edbal e Silv\u00e3o, de\u00a0Francisco do Pagode,\u00a0nome art\u00edstico de Francisco Paulo Testas Monteiro, de 44 anos, o Tuchinha, l\u00edder do narcotr\u00e1fico na comunidade. Na \u00e9poca, a Pol\u00edcia descobriu na Opera\u00e7\u00e3o Carnaval que\u00a0o traficante marcou encontros na quadra para vender drogas a artistas, al\u00e9m de ter acesso a um camarote, com uma passagem secreta para a favela.<\/p>\n<p style=\"text-align: justify;\">Pasmem, as pol\u00eamicas n\u00e3o terminaram por a\u00ed. O ent\u00e3o diretor de bateria Ivo Meirelles foi afastado depois de escolher como rainha de bateria a dan\u00e7arina Gracyanne Barbosa, namorada do cantor Belo (que j\u00e1 havia sido preso por associa\u00e7\u00e3o ao narcotr\u00e1fico), e de ser acusado por Viviane Ara\u00fajo (ex-namorada do pagodeiro) de cham\u00e1-la de &#8220;garota de programa&#8221; e influenciar na escolha da nova rainha. O veterano Mestre Taranta foi recolocado como diretor de bateria da Mangueira depois de 14 anos.<\/p>\n<p style=\"text-align: justify;\">A Viradouro tamb\u00e9m n\u00e3o esteve livre das confus\u00f5es na prepara\u00e7\u00e3o. O carnavalesco Paulo Barros\u00a0escolheu o abstrato enredo &#8220;\u00c9 de arrepiar!&#8221;, sobre as sensa\u00e7\u00f5es que causam arrepios ao ser humano, e pretendia levar para a avenida uma alegoria sobre o holocausto, com representa\u00e7\u00f5es de cad\u00e1veres e ossadas. Grupos judaicos alegaram que o carro era ofensivo e a Justi\u00e7a proibiu a alegoria a dois dias do desfile.<\/p>\n<p style=\"text-align: justify;\">A escolha do samba tamb\u00e9m foi pol\u00eamica: a bel\u00edssima obra de Gusttavo Clar\u00e3o e parceiros foi derrubada de forma surpreendente logo no come\u00e7o das eliminat\u00f3rias, e o int\u00e9rprete Dominguinhos do Est\u00e1cio, que defendia o samba, deixou a Vermelho e Branco ap\u00f3s\u00a0entrar em rota de colis\u00e3o com o novo presidente Marco Lira &#8211; este, diga-se de passagem, foi acusado posteriormente de ser ligado \u00e0 m\u00e1fia dos ca\u00e7a-n\u00edqueis e a uma mil\u00edcia em S\u00e3o Gon\u00e7alo, al\u00e9m de ter sido preso em 2014 acusado de ordenar o assassinato do subtenente reformado da PM Carlos Elmir Pinto de Miranda dois anos antes.<\/p>\n<p style=\"text-align: justify;\">Em rela\u00e7\u00e3o \u00e0s outras agremia\u00e7\u00f5es, a Grande Rio escolheu como enredo a hist\u00f3ria do g\u00e1s, com patroc\u00ednio de Coari, munic\u00edpio amazonense produtor de g\u00e1s natural. A Unidos da Tijuca optou por levar para a avenida as cole\u00e7\u00f5es feitas no dia a dia. Por sua vez, a Vila Isabel homenagearia os trabalhadores do pa\u00eds, com pol\u00eamica na escolha do samba &#8211; relembraremos mais adiante. O Salgueiro, mordido com o injusto s\u00e9timo lugar de 2007, decidiu fazer no enredo\u00a0um passeio pelo Rio de Janeiro.<\/p>\n<p style=\"text-align: justify;\">Depois de anos,\u00a0a Portela tentaria voltar \u00e0 briga pelas primeiras posi\u00e7\u00f5es tendo a preserva\u00e7\u00e3o da natureza como tema. J\u00e1 a Imperatriz Leopoldinense, ap\u00f3s o fracasso do ano anterior, decidiu voltar \u00e0 caracter\u00edstica de levar para a avenida enredos hist\u00f3ricos: as Marias na vida de D.Jo\u00e3o VI. A Mocidade Independente de Padre Miguel tamb\u00e9m teria tem\u00e1tica hist\u00f3rica: a vis\u00e3o ut\u00f3pica de Dom Sebasti\u00e3o sobre Portugal como Quinto Imp\u00e9rio Mundial. A Unidos do Porto da Pedra lembraria o centen\u00e1rio da imigra\u00e7\u00e3o japonesa ao Brasil e, fechando o Grupo Especial, a S\u00e3o Clemente faria uma bem-humorada vis\u00e3o da chegada da fam\u00edlia real portuguesa ao Brasil.<\/p>\n<p style=\"text-align: justify;\"><strong>OS DESFILES<\/strong><\/p>\n<p style=\"text-align: justify;\">A escola da Zona Sul teve a sempre ingrata miss\u00e3o de abrir mais uma maratona de desfiles ao retratar como Dona Maria I, a Louca, via a chegada da realeza de Portugal ao que viria a ser o nosso pa\u00eds. O enredo\u00a0\u201cO Clemente Jo\u00e3o VI no Rio: a redescoberta do Brasil\u201d, dos carnavalescos Milton Cunha, Mauro Quintaes e F\u00e1bio Santos, pretendia apresentar uma leitura escrachada daquele momento mas\u00a0enfrentou problemas.<\/p>\n<p style=\"text-align: justify;\">Para come\u00e7ar, os figurinos, embora corretos, estavam excessivamente pesados, o que n\u00e3o proporcionou uma evolu\u00e7\u00e3o cont\u00ednua &#8211; uma senhora de 60 anos da ala das baianas desmaiou e teve sua fantasia rasgada para que se sentisse melhor. J\u00e1 as alegorias eram menores, mas agradou o elemento &#8220;O Pal\u00e1cio de S\u00e3o Crist\u00f3v\u00e3o&#8221;, com tons de dourado e vermelho e\u00a0homens vestidos de frango assado, prato predileto de D. Jo\u00e3o.<\/p>\n<p style=\"text-align: justify;\">No entanto, o samba-enredo n\u00e3o pegou e a modelo goiana Viviane Castro ainda desfilou com a genit\u00e1lia \u00e0 mostra, algo proibido pelo regulamento. Ela jurou que desfilou com um tapa-sexo de 3,5 cent\u00edmetros para quebrar o recorde de menor tapa-sexo do mundo, mas, se a irregularidade fosse vista, isso custaria 0,5 \u00e0 escola, o que poderia ser fatal para as pretens\u00f5es de perman\u00eancia no grupo.<\/p>\n<p style=\"text-align: justify;\">Segunda escola a desfilar, a Unidos do Porto da Pedra levou para a avenida o enredo\u00a0\u201cCem anos de imigra\u00e7\u00e3o japonesa no Brasil \u2013 Tem pagode no Maru\u201d. O carnavalesco M\u00e1rio Borriello dividiu a escola com bastante coer\u00eancia, mas teve de enfrentar a falta de recursos. Em algumas alegorias, ele conseguiu efeito, como na que mostrava a chegada dos imigrantes, num navio todo feito em bambu. Em outros elementos e nas fantasias, a falta de luxo ficou mais clara. Al\u00e9m disso, muita coisa que passou como refer\u00eancia ao Jap\u00e3o, na realidade, fazia parte da cultura chinesa.<\/p>\n<p style=\"text-align: justify;\">O samba-enredo era agrad\u00e1vel mas tamb\u00e9m n\u00e3o funcionou e a escola teve problemas em harmonia e evolu\u00e7\u00e3o. Para piorar, Mestre Louro, que j\u00e1 enfrentava problemas de sa\u00fade, teve de sair do desfile no meio devido \u00e0 press\u00e3o alta &#8211; voltaria no fim. Uma das alegorias ainda pegou fogo, mas por sorte foi na dispers\u00e3o. Em resumo, um desfile muito irregular, que poderia resultar em descenso numa previs\u00edvel briga com a S\u00e3o Clemente pela fuga da degola.<\/p>\n<p style=\"text-align: center;\"><a href=\"http:\/\/www.pedromigao.com.br\/ourodetolo\/wp-content\/uploads\/2014\/03\/salgueiro2008c.jpg\"><img loading=\"lazy\" decoding=\"async\" class=\"wp-image-24549 aligncenter\" src=\"http:\/\/www.pedromigao.com.br\/ourodetolo\/wp-content\/uploads\/2014\/03\/salgueiro2008c.jpg\" alt=\"salgueiro2008c\" width=\"583\" height=\"388\" srcset=\"http:\/\/www.pedromigao.com.br\/ourodetolo\/wp-content\/uploads\/2014\/03\/salgueiro2008c.jpg 1024w, http:\/\/www.pedromigao.com.br\/ourodetolo\/wp-content\/uploads\/2014\/03\/salgueiro2008c-300x199.jpg 300w, http:\/\/www.pedromigao.com.br\/ourodetolo\/wp-content\/uploads\/2014\/03\/salgueiro2008c-511x340.jpg 511w\" sizes=\"auto, (max-width: 583px) 100vw, 583px\" \/><\/a><\/p>\n<p style=\"text-align: justify;\">Sob uma chuva chata e persistente, o Salgueiro fez uma \u00f3tima apresenta\u00e7\u00e3o e se colocou na disputa pelas primeiras coloca\u00e7\u00f5es. O enredo\u00a0\u201cO Rio de Janeiro continua sendo&#8230;\u201d foi mais uma demonstra\u00e7\u00e3o da capacidade dos carnavalescos Renato Lage e M\u00e1rcia L\u00e1via, com alegorias criativas e fantasias multicoloridas, que transmitiram a proposta com bastante facilidade.<\/p>\n<p style=\"text-align: justify;\">A criativa comiss\u00e3o de frente (foto acima) representou a chegada dos navegadores portugueses mas de uma forma bem humorada, com eles carregando um barco em forma de banana para encontrar uma \u00edndia que os recebia sambando. Eles ainda carregavam sombrinhas e estendiam um tapete pintado de cal\u00e7ad\u00e3o de Copacabana. O lindo e dourado abre-alas (foto abaixo) trazia &#8220;A Vis\u00e3o Paradis\u00edaca&#8221;, simbolizando o que os portugueses viram na chegada ao Rio, ou seja, \u00edndios e golfinhos.<\/p>\n<p style=\"text-align: justify;\"><a href=\"http:\/\/www.pedromigao.com.br\/ourodetolo\/wp-content\/uploads\/2014\/03\/salgueiro2008b.jpg\"><img loading=\"lazy\" decoding=\"async\" class=\"wp-image-24548 alignleft\" src=\"http:\/\/www.pedromigao.com.br\/ourodetolo\/wp-content\/uploads\/2014\/03\/salgueiro2008b-511x340.jpg\" alt=\"salgueiro2008b\" width=\"409\" height=\"272\" srcset=\"http:\/\/www.pedromigao.com.br\/ourodetolo\/wp-content\/uploads\/2014\/03\/salgueiro2008b-511x340.jpg 511w, http:\/\/www.pedromigao.com.br\/ourodetolo\/wp-content\/uploads\/2014\/03\/salgueiro2008b-300x199.jpg 300w, http:\/\/www.pedromigao.com.br\/ourodetolo\/wp-content\/uploads\/2014\/03\/salgueiro2008b.jpg 1024w\" sizes=\"auto, (max-width: 409px) 100vw, 409px\" \/><\/a>O segundo carro era chamado &#8220;A Fran\u00e7a invadiu a nossa praia&#8221;, com uma enorme, vazada e bem iluminada embarca\u00e7\u00e3o, na qual a Intr\u00e9pida Trupe fazia uma demonstra\u00e7\u00e3o com uma cama el\u00e1stica. A Pra\u00e7a Mau\u00e1 com o Mosteiro de S\u00e3o Bento foram representados em outra bela alegoria, com muito barroco e luxo t\u00edpicos da \u00e9poca, com acabamento impec\u00e1vel.<\/p>\n<p style=\"text-align: justify;\">Tamb\u00e9m agradou o elemento sobre a Lapa, com os bares e os arcos. O bom e velho Maracan\u00e3 e os clubes foram representados por outra alegoria, com bastante neon &#8211; antigos craques como J\u00fanior e Jairzinho desfilaram como destaques. Por fim, o pr\u00f3prio Carnaval do Rio foi lembrado no bel\u00edssimo carro &#8220;N\u00e3o me Leve a Mal &#8230; Hoje \u00c9 Carnaval&#8221;, com muito luxo e branco.<\/p>\n<p><a href=\"http:\/\/www.pedromigao.com.br\/ourodetolo\/wp-content\/uploads\/2014\/03\/salgueiro2008.jpg\"><img loading=\"lazy\" decoding=\"async\" class=\"size-medium wp-image-24547 alignright\" src=\"http:\/\/www.pedromigao.com.br\/ourodetolo\/wp-content\/uploads\/2014\/03\/salgueiro2008-300x199.jpg\" alt=\"salgueiro2008\" width=\"300\" height=\"199\" srcset=\"http:\/\/www.pedromigao.com.br\/ourodetolo\/wp-content\/uploads\/2014\/03\/salgueiro2008-300x199.jpg 300w, http:\/\/www.pedromigao.com.br\/ourodetolo\/wp-content\/uploads\/2014\/03\/salgueiro2008-511x340.jpg 511w, http:\/\/www.pedromigao.com.br\/ourodetolo\/wp-content\/uploads\/2014\/03\/salgueiro2008.jpg 1024w\" sizes=\"auto, (max-width: 300px) 100vw, 300px\" \/><\/a><\/p>\n<p style=\"text-align: justify;\">Tambpem agradaram muito as fantasias, descontra\u00eddas ou luxuosas de acordo com cada quadro do enredo. Eram engra\u00e7ad\u00edssimos os figurinos da ala &#8220;Gar\u00e7ons&#8221;, com bandeja e tulipas de chope de adere\u00e7os de m\u00e3o e uma roupa com os Arcos da Lapa e agradou muito a ala de pierrots, com figurinos muito bem acabados. A divis\u00e3o crom\u00e1tica das fantasias foi excelente, muito colorida sem ser pesada.<\/p>\n<p style=\"text-align: justify;\"><span style=\"text-align: justify; line-height: 1.5em;\">J\u00e1 o samba-enredo n\u00e3o me agradou muito por ser marcheado, mas a bateria de Mestre Marc\u00e3o esteve impec\u00e1vel nas marca\u00e7\u00f5es. Sem problemas vis\u00edveis de evolu\u00e7\u00e3o e com uma harmonia muito boa na maior parte do desfile, o Salgueiro deixou a pista certo de uma \u00f3tima coloca\u00e7\u00e3o, mas dependeria do desempenho das demais escolas para sonhar com o t\u00edtulo, justamente porque o samba n\u00e3o explodiu.<\/span><\/p>\n<p style=\"text-align: justify;\"><a href=\"http:\/\/www.pedromigao.com.br\/ourodetolo\/wp-content\/uploads\/2014\/03\/portela2008.jpg\"><img loading=\"lazy\" decoding=\"async\" class=\"wp-image-24545 alignleft\" src=\"http:\/\/www.pedromigao.com.br\/ourodetolo\/wp-content\/uploads\/2014\/03\/portela2008-511x340.jpg\" alt=\"portela2008\" width=\"368\" height=\"245\" srcset=\"http:\/\/www.pedromigao.com.br\/ourodetolo\/wp-content\/uploads\/2014\/03\/portela2008-511x340.jpg 511w, http:\/\/www.pedromigao.com.br\/ourodetolo\/wp-content\/uploads\/2014\/03\/portela2008-300x199.jpg 300w, http:\/\/www.pedromigao.com.br\/ourodetolo\/wp-content\/uploads\/2014\/03\/portela2008.jpg 1024w\" sizes=\"auto, (max-width: 368px) 100vw, 368px\" \/><\/a>Depois de um longo e tenebroso inverno, como se diz por a\u00ed, a Portela se recuperou dos desfiles irregulares ou terr\u00edveis na d\u00e9cada (exceto 2002 e 2004) e fez uma apresenta\u00e7\u00e3o para voltar a brigar, sendo bem pessimista, por uma vaguinha no desfile das campe\u00e3s, qui\u00e7\u00e1 algo melhor. O carnavalesco Cah\u00ea Rodrigues desenvolveu bem o enredo\u00a0\u201cReconstruindo a Natureza, recriando a vida: o sonho vira realidade\u201d e a Majestade do Samba passou com corre\u00e7\u00e3o nos quesitos como h\u00e1 algum tempo n\u00e3o se via.<\/p>\n<p style=\"text-align: justify;\">A comiss\u00e3o de frente mostrava &#8220;O bal\u00e9 das \u00e1guas vivas&#8221; e seus componentes faziam evolu\u00e7\u00f5es com as saias em cor verde-\u00e1gua para demonstrar o balan\u00e7o do mar. J\u00e1 a \u00e1guia estava fora das caracter\u00edsticas tradicionais da Portela, mas n\u00e3o menos linda. Na alegoria, o carnavalesco quis mostrar a profundezas da \u00e1gua e, para isso, usou dois quil\u00f4metros de neon para transmitir a sensa\u00e7\u00e3o de movimento para uma \u00e1guia parada &#8211; o que deu muito certo &#8211; e ainda 6 mil litros de \u00e1gua.<\/p>\n<p style=\"text-align: justify;\"><a href=\"http:\/\/www.pedromigao.com.br\/ourodetolo\/wp-content\/uploads\/2014\/03\/portela2008b.jpg\"><img loading=\"lazy\" decoding=\"async\" class=\"size-medium wp-image-24546 alignleft\" src=\"http:\/\/www.pedromigao.com.br\/ourodetolo\/wp-content\/uploads\/2014\/03\/portela2008b-300x201.jpg\" alt=\"portela2008b\" width=\"300\" height=\"201\" srcset=\"http:\/\/www.pedromigao.com.br\/ourodetolo\/wp-content\/uploads\/2014\/03\/portela2008b-300x201.jpg 300w, http:\/\/www.pedromigao.com.br\/ourodetolo\/wp-content\/uploads\/2014\/03\/portela2008b-506x340.jpg 506w, http:\/\/www.pedromigao.com.br\/ourodetolo\/wp-content\/uploads\/2014\/03\/portela2008b.jpg 1024w\" sizes=\"auto, (max-width: 300px) 100vw, 300px\" \/><\/a>As demais alegorias tamb\u00e9m se referiram aos elementos da natureza. O segundo carro tamb\u00e9m falava sobre a \u00e1gua e tinha esculturas de baleias, ostras, arraias e outros seres marinhos. A terceira alegoria chamava-se &#8220;Tempo da evolu\u00e7\u00e3o: terra&#8221; e mostrava os animais e as florestas, com uma excelente escultura de tigre (foto) feita pelo pessoal de Parintins, com movimentos). J\u00e1 o elemento ar foi representado no quarto carro, com v\u00e1rias borboletas e os destaques simulando uma revoada de p\u00e1ssaros com suas fantasias.<\/p>\n<p style=\"text-align: justify;\">A melhor alegoria do desfile foi a quinta, chamada &#8220;Viva a Vida&#8221;. O elemento de in\u00edcio passava pela pista todo em tons de marrom bem escuro, com os componentes fazendo coreografias que simbolizavam a mis\u00e9ria e os problemas do mundo, e ainda uma escultura de beb\u00ea subnutrido. De repente, flores brotavam do carro e o beb\u00ea se tornava saud\u00e1vel, com verde em volta para simbolizar que era preciso olhar para os rec\u00e9m-nascidos para evitar a desnutri\u00e7\u00e3o.<\/p>\n<p style=\"text-align: justify;\">Gostei tamb\u00e9m da\u00a0alegoria referente \u00e0 \u00c1frica e seus problemas, com um enorme gorila recebendo os l\u00edderes das na\u00e7\u00f5es para que, juntos, pudessem lutar por um mundo melhor e pela preserva\u00e7\u00e3o da natureza &#8211; ao contr\u00e1rio do visto em outras alegorias ao longo dos anos, este gorila esteve bem concebido e acabado. A Portela encerrou sua s\u00e9rie de carros com um lindo elemento com a velha guarda e esp\u00e9cies importantes que estavam amea\u00e7adas de extin\u00e7\u00e3o.<\/p>\n<p style=\"text-align: justify;\">Mesmo sem ter sido um &#8220;sacode&#8221;, o samba-enredo assinado por\u00a0Diogo Nogueira, Ciraninho, Celsinho Andrade, Junior Scafura e o veterano Ary do Cavaco era dos mais corretos do ano (embora n\u00e3o fosse o preferido nas eliminat\u00f3rias) e a Tabajara do Samba teve bom andamento. Sem sobressaltos de evolu\u00e7\u00e3o, a Portela terminou seu desfile com o sentimento de dever cumprido, at\u00e9 porque, como dizia o samba era <em>&#8220;preciso parar pra pensar&#8221;<\/em> e o objetivo foi alcan\u00e7ado.<\/p>\n<p style=\"text-align: justify;\">Depois de todos os problemas na fase pr\u00e9-carnavalesca, esperava-se que a Esta\u00e7\u00e3o Primeira de Mangueira desse a volta por cima da forma como mais sabe: desfilando com garra e samba no p\u00e9. N\u00e3o foi isso que aconteceu. Debaixo de forte chuva, a Verde e Rosa teve problemas com fantasias e alegorias devido \u00e0 \u00e1gua e os desfilantes acabaram evoluindo sem entusiasmo, at\u00e9 porque o samba n\u00e3o era essa maravilha toda.<\/p>\n<p style=\"text-align: justify;\">A comiss\u00e3o de frente desta vez desfilou com dan\u00e7arinos de frevo tipicamente trajados e com sombrinhas, mas a coreografia foi prejudicada pela pista molhada. O\u00a0carnavalesco Max Lopes dividiu o criticado enredo \u201cCem anos de Frevo, \u00e9 de perder o sapato. Recife mandou me chamar&#8230;\u201d\u00a0com coer\u00eancia, e a concep\u00e7\u00e3o de alegorias foi adequada. Mas evidentemente houve claros problemas de acabamento por causa da precipita\u00e7\u00e3o que n\u00e3o deu tr\u00e9gua.<\/p>\n<p style=\"text-align: justify;\">O desfile n\u00e3o chegou a ser um desastre absoluto, mas pouca coisa se destacou na apresenta\u00e7\u00e3o mangueirense: no caso, a bateria de Mestre Taranta, que fez o feij\u00e3o com arroz e esteve bastante firme, e o brilhante casal de mestre-sala e porta-bandeira Marquinho e Giovanna, que, mesmo com o asfalto molhado, deixou a expectativa de quatro notas dez &#8211; o que viria a acontecer na apura\u00e7\u00e3o.<\/p>\n<p style=\"text-align: justify;\">Somente na \u00faltima alegoria a escola lembrou do centen\u00e1rio de Cartola, num elemento que mostrava a uni\u00e3o do frevo com o samba da escola. Mesmo com a sempre emocionante participa\u00e7\u00e3o dos baluartes, foi muito pouco para a import\u00e2ncia que o extraordin\u00e1rio compositor teve para a Esta\u00e7\u00e3o Primeira\u00a0como um de seus fundadores.\u00a0Sorte da Verde e Rosa que S\u00e3o Clemente e Porto da Pedra fizeram desfiles problem\u00e1ticos e com falhas em v\u00e1rios quesitos, ent\u00e3o a Mangueira provavelmente ficaria na zona da marola.<\/p>\n<p style=\"text-align: justify;\"><span style=\"line-height: 1.5em;\"><a href=\"http:\/\/www.pedromigao.com.br\/ourodetolo\/wp-content\/uploads\/2014\/03\/viradouro2008b.jpg\"><img loading=\"lazy\" decoding=\"async\" class=\"size-medium wp-image-24554 alignleft\" src=\"http:\/\/www.pedromigao.com.br\/ourodetolo\/wp-content\/uploads\/2014\/03\/viradouro2008b-300x201.jpg\" alt=\"viradouro2008b\" width=\"300\" height=\"201\" srcset=\"http:\/\/www.pedromigao.com.br\/ourodetolo\/wp-content\/uploads\/2014\/03\/viradouro2008b-300x201.jpg 300w, http:\/\/www.pedromigao.com.br\/ourodetolo\/wp-content\/uploads\/2014\/03\/viradouro2008b-506x340.jpg 506w, http:\/\/www.pedromigao.com.br\/ourodetolo\/wp-content\/uploads\/2014\/03\/viradouro2008b.jpg 1024w\" sizes=\"auto, (max-width: 300px) 100vw, 300px\" \/><\/a>Depois de muita pol\u00eamica na fase pr\u00e9-carnavalesca, a Unidos do Viradouro teve uma exibi\u00e7\u00e3o irregular com o enredo\u00a0<\/span><span style=\"line-height: 1.5em;\">\u201c\u00c9 de arrepiar\u201d. O carnavalesco Paulo Barros queria surpreender e chocar o p\u00fablico. At\u00e9 que conseguiu, mas, para os cr\u00edticos, ficou a sensa\u00e7\u00e3o (sem trocadilhos) de que o enredo foi um cata-cata de coisas sem que o conjunto fizesse sentido.<\/span><\/p>\n<p style=\"text-align: justify;\">Por exemplo, a comiss\u00e3o de frente\u00a0tinha os componentes inspirados em personagens do Sr.Gelo, inimigo de Batman no filme &#8220;Batman &amp; Robin&#8221; (1997), e estes eram &#8220;congelados&#8221;, trocados por est\u00e1tuas de gelo, quebrados e varridos.\u00a0O abre-alas queria demonstrar que o frio causava arrepios e, para isso, havia<span style=\"line-height: 1.5em;\">\u00a0uma pista artificial de esqui com 26 toneladas de gelo e 40 metros de comprimento (foto).\u00a0<\/span>A escola trouxe o gelo de S\u00e3o Paulo e o deixou num caminh\u00e3o frigor\u00edfico at\u00e9 a entrada na pista. O gelo resistiu e esquiadores conseguiram fazer descidas na neve improvisada.<\/p>\n<p style=\"text-align: justify;\">As refer\u00eancias ao cinema seguiram numa ala que remetia ao filme &#8220;Edward M\u00e3os de Tesoura&#8221;, numa alegoria com a\u00a0parte frontal do casar\u00e3o do filme e v\u00e1rias peruas em secadores de cabelos, claro, arrepiados.\u00a0O &#8220;arrepio do parto&#8221; foi simbolizado por uma alegoria com um enorme beb\u00ea rec\u00e9m-nascido de cabe\u00e7a para baixo com excelentes movimentos e dois enormes bra\u00e7os a segur\u00e1-lo &#8211; havia seis mil bonecos de beb\u00eas a completar o elemento. A alegoria seguinte representava o prazer sexual e &#8220;o arrepio da sensualidade&#8221;, com\u00a0casais praticamente nus pintados de dourado, simulando as posi\u00e7\u00f5es do Kama Sutra.<\/p>\n<p style=\"text-align: justify;\"><a href=\"http:\/\/www.pedromigao.com.br\/ourodetolo\/wp-content\/uploads\/2014\/03\/viradouro2008c.jpg\"><img loading=\"lazy\" decoding=\"async\" class=\" wp-image-24555 alignleft\" src=\"http:\/\/www.pedromigao.com.br\/ourodetolo\/wp-content\/uploads\/2014\/03\/viradouro2008c-300x225.jpg\" alt=\"viradouro2008c\" width=\"300\" height=\"210\" \/><\/a><a href=\"http:\/\/www.pedromigao.com.br\/ourodetolo\/wp-content\/uploads\/2014\/03\/viradouro2008d.jpg\"><img loading=\"lazy\" decoding=\"async\" class=\"wp-image-24556 alignleft\" src=\"http:\/\/www.pedromigao.com.br\/ourodetolo\/wp-content\/uploads\/2014\/03\/viradouro2008d-300x200.jpg\" alt=\"viradouro2008d\" width=\"300\" height=\"210\" \/><\/a>A pol\u00eamica alegoria do holocausto (na foto \u00e0 esquerda, como seria), representando &#8220;os arrepios do horror&#8221; foi totalmente modificada \u00e0s pressas por causa da decis\u00e3o judicial e\u00a0virou uma montanha branca cercada de p\u00e1s (outra foto), com os destaques amorda\u00e7ados, um deles representando Tiradentes e faixas como os dizeres &#8220;Liberdade Ainda que Tardia&#8221; e &#8220;N\u00e3o \u00c9 Enterrando o Passado que se Constr\u00f3i a Hist\u00f3ria&#8221; &#8211; \u00a0isso renderia perda de pontos na apura\u00e7\u00e3o por causa da mudan\u00e7a na apresenta\u00e7\u00e3o do enredo. Em seguida, outra &#8220;alegoria humana&#8221; (denomina\u00e7\u00e3o que Paulo Barros detesta, diga-se de passagem) era chamada &#8220;O Banquete&#8221; e tinha a invas\u00e3o de baratas.<\/p>\n<p style=\"text-align: justify;\">No fim, a Viradouro lembrou dos carnavais que arrepiaram, em alas como a que representou o desfile da Beija-Flor em 1989 (&#8220;Ratos e Urubus, Larguem Minha Fantasia&#8221;) e prestou um tributo a Cartola numa linda alegoria representando a saudade do compositor por interm\u00e9dio de uma escultura e as rosas desabrochando num belo efeito para simbolizar o maior sucesso dele: &#8220;As Rosas n\u00e3o Falam&#8221;. Fora da Mangueira devido \u00e0 barra\u00e7\u00e3o no desfile de 2007, Beth Carvalho foi convidada pela Viradouro para desfilar.<\/p>\n<p style=\"text-align: justify;\">O samba-enredo era apenas razo\u00e1vel e isso se refletiu no irregular canto dos desfilantes. Al\u00e9m disso, o p\u00fablico s\u00f3 se empolgou em alguns momentos devido \u00e0 excepcional atua\u00e7\u00e3o da bateria de Mestre Ci\u00e7a. No mais, apesar de uma evolu\u00e7\u00e3o sem grandes problemas, foi um desfile de altos e baixos pela forma como a ideia foi transferida, misturando baratas, com filmes de terror, parto, holocausto que n\u00e3o foi holocausto e Cartola. Convenhamos, ficou estranho.<\/p>\n<p style=\"text-align: justify;\">Outra escola envolta em problemas na prepara\u00e7\u00e3o, a Mocidade Independente de Padre Miguel entrou com muita garra na pista para abrir os desfiles de segunda-feira. O carnavalesco Cid Carvalho desenvolveu o enredo\u00a0\u201cO Quinto Imp\u00e9rio: de Portugal ao Brasil, uma utopia na hist\u00f3ria\u201d e a Verde e Branco fez uma apresenta\u00e7\u00e3o, sen\u00e3o arrebatadora, bastante correta.<\/p>\n<p style=\"text-align: justify;\">Gostei da comiss\u00e3o de frente pela primeira vez sob a lideran\u00e7a de F\u00e1bio de Mello, ex-Imperatriz Leopoldinense. Os componentes, muito bem trajados, representaram\u00a0\u201cO nascimento m\u00edstico de Portugal\u201d com o\u00a0passeio de D.Jo\u00e3o, Carlota\u00a0Joaquina e Dona Maria pelo Rio com integrantes\u00a0da corte e escravos na chegada em 1808. Em seguida, a lind\u00edssima ala das baianas simbolizava &#8220;A Luz do Divino&#8221;, quando D.Sebasti\u00e3o teria recebido uma luz sobre o Quinto Imp\u00e9rio.<\/p>\n<p style=\"text-align: justify;\">Como pedia a vis\u00e3o ut\u00f3pica sobre o desejado imp\u00e9rio, que, segundo explicou Cid, era o sonho \u00a0de Dom Sebasti\u00e3o e depois de D.Jo\u00e3o VI quando a fam\u00edlia real veio, a divis\u00e3o crom\u00e1tica\u00a0era bastante colorida e com tons fortes. Isso ficou patente logo no interessante abre-alas, que tinha quatro trip\u00e9s representando os imp\u00e9rios universais (Babil\u00f4nia, P\u00e9rsia, Roma e Gr\u00e9cia)\u00a0e um carro acoplados em 40 metros. As alas e alegorias mantiveram essa toada, em especial o bonito carro &#8220;Portugal e Espanha, Uni\u00e3o das Coroas&#8221;, representando o imp\u00e9rio de Filipe II ap\u00f3s a morte de Dom Sebasti\u00e3o.<\/p>\n<p style=\"text-align: justify;\">Agradou muito a atua\u00e7\u00e3o da bateria, mais uma vez com a cad\u00eancia que se exige para uma escola de samba de verdade. A evolu\u00e7\u00e3o, por outro lado, n\u00e3o foi t\u00e3o precisa assim, apesar de o samba-enredo bastante descritivo ter sido bem cantado pelos componentes e pelo int\u00e9rprete Bruno Ribas (que seria agraciado com o Estandarte de Ouro). A Mocidade deixou a passarela pelo menos tranquila de que n\u00e3o correria riscos na apura\u00e7\u00e3o, uma vit\u00f3ria dado o fraco desfile de 2007 e a prepara\u00e7\u00e3o dif\u00edcil.<\/p>\n<p style=\"text-align: justify;\"><a href=\"http:\/\/www.pedromigao.com.br\/ourodetolo\/wp-content\/uploads\/2014\/03\/tijuca2008.jpg\"><img loading=\"lazy\" decoding=\"async\" class=\"wp-image-24550 alignleft\" src=\"http:\/\/www.pedromigao.com.br\/ourodetolo\/wp-content\/uploads\/2014\/03\/tijuca2008-509x340.jpg\" alt=\"tijuca2008\" width=\"407\" height=\"272\" srcset=\"http:\/\/www.pedromigao.com.br\/ourodetolo\/wp-content\/uploads\/2014\/03\/tijuca2008-509x340.jpg 509w, http:\/\/www.pedromigao.com.br\/ourodetolo\/wp-content\/uploads\/2014\/03\/tijuca2008-300x200.jpg 300w, http:\/\/www.pedromigao.com.br\/ourodetolo\/wp-content\/uploads\/2014\/03\/tijuca2008.jpg 1024w\" sizes=\"auto, (max-width: 407px) 100vw, 407px\" \/><\/a>Segunda agremia\u00e7\u00e3o na avenida, a Unidos da Tijuca voltou a passar bem com o enredo de nome dif\u00edcil\u00a0\u201cVou juntando o que eu quiser, minha mania vale ouro.\u00a0Sou Tijuca, trago a arte colecionando o meu tesouro\u201d mas que se mostrou de f\u00e1cil compreens\u00e3o. Bem desenvolvidas pelo carnavalesco Luiz Carlos Bruno, as alegorias e fantasias se mostraram muito criativas.<\/p>\n<p style=\"text-align: justify;\">Chamada de &#8220;Cole\u00e7\u00e3o de M\u00e1scaras&#8221;, a comiss\u00e3o de frente era composta por arlequins carregando um trip\u00e9 que, quando aberto, formava seis espelhos que simbolizavam a multiplica\u00e7\u00e3o dos desejos gra\u00e7as ao reflexo dos desfilantes. O lind\u00edssimo abre-alas era uma grande &#8220;alegoria humana&#8221; em dourado, com os 86 componentes fazendo coreografias com leques roxos formando a cauda do pav\u00e3o, s\u00edmbolo da escola (foto).<\/p>\n<p><a href=\"http:\/\/www.pedromigao.com.br\/ourodetolo\/wp-content\/uploads\/2014\/03\/tijuca2008b.jpg\"><img loading=\"lazy\" decoding=\"async\" class=\"alignnone size-medium wp-image-24551 alignright\" src=\"http:\/\/www.pedromigao.com.br\/ourodetolo\/wp-content\/uploads\/2014\/03\/tijuca2008b-200x300.jpg\" alt=\"tijuca2008b\" width=\"200\" height=\"300\" srcset=\"http:\/\/www.pedromigao.com.br\/ourodetolo\/wp-content\/uploads\/2014\/03\/tijuca2008b-200x300.jpg 200w, http:\/\/www.pedromigao.com.br\/ourodetolo\/wp-content\/uploads\/2014\/03\/tijuca2008b-226x340.jpg 226w, http:\/\/www.pedromigao.com.br\/ourodetolo\/wp-content\/uploads\/2014\/03\/tijuca2008b.jpg 683w\" sizes=\"auto, (max-width: 200px) 100vw, 200px\" \/><\/a><\/p>\n<p style=\"text-align: justify;\">Outro elemento com coreografias representava a cole\u00e7\u00e3o de pinguins de geladeira (foto abaixo), tanto com esculturas como com integrantes fantasiados do animal. Uma das alegorias mais bonitas era a que mostrava a casa de bonecas, mesclando criatividade e bom gosto no acabamento e figurinos dos destaques.<\/p>\n<p style=\"text-align: justify;\"><a href=\"http:\/\/www.pedromigao.com.br\/ourodetolo\/wp-content\/uploads\/2014\/03\/tijuca2008c.jpg\"><img loading=\"lazy\" decoding=\"async\" class=\"size-thumbnail wp-image-24552 alignleft\" src=\"http:\/\/www.pedromigao.com.br\/ourodetolo\/wp-content\/uploads\/2014\/03\/tijuca2008c-150x150.jpg\" alt=\"tijuca2008c\" width=\"150\" height=\"150\" \/><\/a>O carro &#8220;Cole\u00e7\u00e3o Exot\u00e9rica&#8221; mostrava uma floresta encantada, com \u00e1rvores e duendes, estes em refer\u00eancia aos an\u00f5es de jardim. A alegoria &#8220;Antiqu\u00e1rio&#8221; era criativa com as coreografias e luxuosa ao mesmo tempo. J\u00e1 outra alegoria representava uma biblioteca e sua cole\u00e7\u00e3o de livros. Assim como as alegorias, as alas estavam muito adequadas \u00e0 proposta do enredo, com cole\u00e7\u00f5es de animais\u00a0<span style=\"line-height: 1.5em;\">de pel\u00facia e at\u00e9 \u00e1lbuns de figurinhas (foto).<\/span><\/p>\n<p style=\"text-align: justify;\">O samba-enredo era correto, mas n\u00e3o empolgou tanto o p\u00fablico e a escola teve problemas no quesito Harmonia, talvez pelo ritmo da bateria ter sido acelerado demais. Em evolu\u00e7\u00e3o, ao contr\u00e1rio, o desfile fluiu sem grandes sobressaltos e a Tijuca tamb\u00e9m se colocou como uma das melhores escolas do ano, embora tenha deixado a impress\u00e3o de que a vit\u00f3ria continuaria sendo, como dizia o samba, uma pe\u00e7a a completar a cole\u00e7\u00e3o da escola.<\/p>\n<p style=\"text-align: justify;\"><span style=\"text-align: justify; line-height: 1.5em;\"><a href=\"http:\/\/www.pedromigao.com.br\/ourodetolo\/wp-content\/uploads\/2014\/03\/imperatriz2008b.jpg\"><img loading=\"lazy\" decoding=\"async\" class=\"size-medium wp-image-24544 alignleft\" src=\"http:\/\/www.pedromigao.com.br\/ourodetolo\/wp-content\/uploads\/2014\/03\/imperatriz2008b-300x199.jpg\" alt=\"imperatriz2008b\" width=\"300\" height=\"199\" srcset=\"http:\/\/www.pedromigao.com.br\/ourodetolo\/wp-content\/uploads\/2014\/03\/imperatriz2008b-300x199.jpg 300w, http:\/\/www.pedromigao.com.br\/ourodetolo\/wp-content\/uploads\/2014\/03\/imperatriz2008b-511x340.jpg 511w, http:\/\/www.pedromigao.com.br\/ourodetolo\/wp-content\/uploads\/2014\/03\/imperatriz2008b.jpg 1024w\" sizes=\"auto, (max-width: 300px) 100vw, 300px\" \/><\/a>Ap\u00f3s um desastroso desfile em 2007, a Imperatriz Leopoldinense se recuperou com uma bonita apresenta\u00e7\u00e3o na defesa do enredo &#8220;Jo\u00e3o e Marias&#8221;, que teve \u00f3timo desenvolvimento por parte de Rosa Magalh\u00e3es, com as Marias que marcaram a vida de D.Jo\u00e3o, no caso D.Maria, a Louca, Antonieta e Leopoldina. A comiss\u00e3o de frente coreografada pela estreante Alice Arja chamava-se &#8220;Princesas Marias em baile de gala\u201d, com<\/span><span style=\"line-height: 1.5em;\">\u00a0homens travestidos de mulheres dan\u00e7ando no bal\u00e9<\/span><span style=\"text-align: justify; line-height: 1.5em;\">\u00a0\u201cA Cinderela\u201d.<\/span><\/p>\n<p style=\"text-align: justify;\">Curiosamente, Rosa fugiu do estilo cl\u00e1ssico no abre-alas chamado &#8220;Vem brincar nesse trem com as Marias&#8221; e optou por uma est\u00e9tica mais moderna, com muitas luzes, para conclamar as in\u00fameras Marias que existiam no Brasil para acompanhar o desfile. J\u00e1 na segunda e terceira alegorias, que representavam Maria Antonieta e a Revolu\u00e7\u00e3o Francesa, o requinte ficou evidente, com muitos detalhes em dourado no primeiro elemento (foto) e a representa\u00e7\u00e3o de Napole\u00e3o e dos revolucion\u00e1rios no segundo.<\/p>\n<p style=\"text-align: justify;\"><a href=\"http:\/\/www.pedromigao.com.br\/ourodetolo\/wp-content\/uploads\/2014\/03\/imperatriz2008.jpg\"><img loading=\"lazy\" decoding=\"async\" class=\"size-medium wp-image-24543 alignleft\" src=\"http:\/\/www.pedromigao.com.br\/ourodetolo\/wp-content\/uploads\/2014\/03\/imperatriz2008-300x201.jpg\" alt=\"imperatriz2008\" width=\"300\" height=\"201\" srcset=\"http:\/\/www.pedromigao.com.br\/ourodetolo\/wp-content\/uploads\/2014\/03\/imperatriz2008-300x201.jpg 300w, http:\/\/www.pedromigao.com.br\/ourodetolo\/wp-content\/uploads\/2014\/03\/imperatriz2008-506x340.jpg 506w, http:\/\/www.pedromigao.com.br\/ourodetolo\/wp-content\/uploads\/2014\/03\/imperatriz2008.jpg 1024w\" sizes=\"auto, (max-width: 300px) 100vw, 300px\" \/><\/a>Em seguida, mais dois belos carros: &#8220;Todos se v\u00e3o de Portugal&#8221;, com dois grandes cavalos e uma carruagem para simbolizar a viagem da fam\u00edlia real para o Brasil (foto) e &#8220;D.Jo\u00e3o chega ao Rio de Janeiro&#8221;, com as riquezas naturais encontradas aqui. J\u00e1 o elemento &#8220;D.Pedro e D.Leopoldina, que ser\u00e1 a nossa Imperatriz&#8221;, todo em tons de verde e com grandes flores, mostrava o per\u00edodo em que Pedro casou-se com Leopoldina, que deu nome \u00e0 agremia\u00e7\u00e3o de Ramos.<\/p>\n<p style=\"text-align: justify;\">No fim, a alegoria &#8220;O Imp\u00e9rio de Marias e Jo\u00e3os&#8221; fazia uma homenagem \u00e0 pr\u00f3pria Imperatriz e os gresilenses, com representantes da velha guarda como destaques, entre eles a grande porta-bandeira Maria Helena. O elemento, tamb\u00e9m predominantemente verde, tinha a bel\u00edssima coroa, s\u00edmbolo da escola, muito bem detalhada.<\/p>\n<p style=\"text-align: justify;\">Mas, apesar da beleza do desfile, o destaque absoluto foi a bateria de Mestre Marcone. Estreante como diretor dos ritmistas da escola, Marcone revitalizou a bateria da Imperatriz e brindou o p\u00fablico com excepcionais bossas e paradinhas a ponto de ganhar o Estandarte de Ouro de &#8220;O Globo&#8221; como revela\u00e7\u00e3o. Al\u00e9m disso, Luiza Brunet estava de volta \u00e0 frente dos ritmistas. S\u00f3 que, apesar do excepcional samba-enredo, a escola apresentou falhas no quesito Harmonia e houve irregularidade no canto das alas. J\u00e1 a evolu\u00e7\u00e3o foi coesa, e sem grandes correrias, o que credenciava a Imperatriz aos primeiros lugares.<span style=\"text-decoration: underline;\"><br \/>\n<\/span><\/p>\n<p style=\"text-align: justify;\">J\u00e1 a Unidos de Vila Isabel fez uma apresenta\u00e7\u00e3o abaixo do que se esperava, com o enredo &#8220;Trabalhadores do Brasil&#8221;, cujo t\u00edtulo remetia aos discursos do ex-presidente Get\u00falio Vargas. Apesar de visualmente a escola estar bonita, com alegorias e fantasias adequadas, houve problemas s\u00e9rios de evolu\u00e7\u00e3o, causados sobretudo pela demora intermin\u00e1vel da entrada do \u00faltimo carro aleg\u00f3rico.<\/p>\n<p style=\"text-align: justify;\">Para piorar, o samba-enredo foi um desastre por causa de uma jun\u00e7\u00e3o que se mostrou equivocada. Quando separados, os trechos dos diferentes sambas usados at\u00e9 que eram interessantes, mas quando unidos formavam uma verdadeira salada, com claras quebras mel\u00f3dicas. Melhor teria sido optar pelo belo samba de Mart&#8217;n\u00e1lia, degolado numa pol\u00eamica eliminat\u00f3ria. Como resultado, nem os componentes nem o p\u00fablico cantaram com entusiasmo.<\/p>\n<p style=\"text-align: justify;\">Tamb\u00e9m n\u00e3o causou impacto o desenvolvimento do enredo, mas gostei dos setores que lembravam o trabalho escravo, a luta dos trabalhadores do interior pela dignidade e o per\u00edodo em que Vargas implantou os direitos aos trabalhadores brasileiros. Foi aquele t\u00edpico desfile que parecia destinado \u00e0 zona da marola, sem chances de vaga no s\u00e1bado nem risco de rebaixamento &#8211; apesar dos v\u00e1rios problemas de evolu\u00e7\u00e3o durante o desfile.<\/p>\n<p style=\"text-align: justify;\"><img loading=\"lazy\" decoding=\"async\" class=\"size-large wp-image-24542 alignleft\" src=\"http:\/\/www.pedromigao.com.br\/ourodetolo\/wp-content\/uploads\/2014\/03\/granderio2008-226x340.jpg\" alt=\"granderio2008\" width=\"226\" height=\"340\" srcset=\"http:\/\/www.pedromigao.com.br\/ourodetolo\/wp-content\/uploads\/2014\/03\/granderio2008-226x340.jpg 226w, http:\/\/www.pedromigao.com.br\/ourodetolo\/wp-content\/uploads\/2014\/03\/granderio2008-199x300.jpg 199w, http:\/\/www.pedromigao.com.br\/ourodetolo\/wp-content\/uploads\/2014\/03\/granderio2008.jpg 681w\" sizes=\"auto, (max-width: 226px) 100vw, 226px\" \/><\/p>\n[audio:http:\/\/www.pedromigao.com.br\/ourodetolo\/wp-content\/uploads\/2014\/03\/05_GRANDE-RIO.mp3]\n<p style=\"text-align: justify;\">Pen\u00faltima escola a desfilar, a Acad\u00eamicos do Grande Rio chegou \u00e0 Sapuca\u00ed com um grande problema: onde estava o int\u00e9rprete Wander Pires? Ningu\u00e9m sabia&#8230; Sem poder esperar, a escola come\u00e7ou a desfilar conduzida por Emerson Dias, e Wander finalmente chegou, com o desfile em andamento (o \u00e1udio ao vivo do desfile, acima, deixa claro). O cantor alegou ter sofrido um acidente de carro na ida para a Sapuca\u00ed:\u00a0<em>&#8220;Tenho me dedicado muito \u00e0 escola. Estava h\u00e1 quatro noites sem dormir e o m\u00e9dico me receitou um rem\u00e9dio muito forte, acabei dormindo e me atrasei&#8221;<\/em>.<\/p>\n<p style=\"text-align: justify;\">O presidente Helinho de Oliveira n\u00e3o perdoou e demitiu o cantor ap\u00f3s o desfile: <em>&#8220;No \u00faltimo ensaio t\u00e9cnico na Sapuca\u00ed, ele chegou com 35 minutos de atraso. No desfile oficial, ele desrespeitou toda comunidade de Caxias e o p\u00fablico presente na Avenida, quando chegou mais uma vez atrasado. Para piorar, o Wander pediu para que fosse liberado para cantar em S\u00e3o Paulo e no Rio em 2009&#8221;<\/em>.<\/p>\n<p style=\"text-align: justify;\">Quanto ao desfile em si, o \u00e1rido enredo\u00a0\u201cDo verde de Coari, vem meu g\u00e1s, Sapuca\u00ed\u201d n\u00e3o agradou. A escola contou a hist\u00f3ria de gases como hidrog\u00eanio e oxig\u00eanio e lembrou que o Rio tinha ilumina\u00e7\u00e3o por interm\u00e9dio de g\u00e1s natural. No fim, como a escola foi patrocinada pelo munic\u00edpio amazonense de Coari,\u00a0o \u00faltimo carro aleg\u00f3rico tinha uma representa\u00e7\u00e3o de rob\u00f4 de prospec\u00e7\u00e3o de g\u00e1s natural ap\u00f3s pesquisa com t\u00e9cnicos que trabalhavam no local.<\/p>\n<p style=\"text-align: justify;\">Apesar da concep\u00e7\u00e3o correta de alegorias e fantasias, e de os elementos serem grandes e com materiais caros, o conjunto visual n\u00e3o causou grande impacto, talvez pela pouca popularidade do enredo. Para piorar, o samba era fraco e Wander Pires aparentou cantar num tom desanimado, talvez pelo problema antes do desfile. O destaque, mais uma vez, foi a cadenciada e precisa bateria de Mestre Odilon.<\/p>\n<p style=\"text-align: justify;\">Mas no conjunto foi uma exibi\u00e7\u00e3o de meio de tabela para tr\u00e1s, at\u00e9 porque houve s\u00e9rios problemas de evolu\u00e7\u00e3o do meio para o fim do desfile pelo incha\u00e7o da escola, e ainda houve o desacoplamento de uma alegoria, o que fatalmente renderia \u00a0perda de pontos durante a apura\u00e7\u00e3o.<\/p>\n<p style=\"text-align: center;\"><a href=\"http:\/\/www.pedromigao.com.br\/ourodetolo\/wp-content\/uploads\/2014\/03\/beijaflor2008d.jpg\"><img loading=\"lazy\" decoding=\"async\" class=\"wp-image-24540 aligncenter\" src=\"http:\/\/www.pedromigao.com.br\/ourodetolo\/wp-content\/uploads\/2014\/03\/beijaflor2008d.jpg\" alt=\"beijaflor2008d\" width=\"553\" height=\"369\" srcset=\"http:\/\/www.pedromigao.com.br\/ourodetolo\/wp-content\/uploads\/2014\/03\/beijaflor2008d.jpg 1024w, http:\/\/www.pedromigao.com.br\/ourodetolo\/wp-content\/uploads\/2014\/03\/beijaflor2008d-300x200.jpg 300w, http:\/\/www.pedromigao.com.br\/ourodetolo\/wp-content\/uploads\/2014\/03\/beijaflor2008d-509x340.jpg 509w\" sizes=\"auto, (max-width: 553px) 100vw, 553px\" \/><\/a><\/p>\n<p style=\"text-align: justify;\">Com tantas apresenta\u00e7\u00f5es irregulares e sem que nenhuma escola tivesse empolgado o p\u00fablico, o cen\u00e1rio ficou perfeito para a Beija-Flor, que, com sua precis\u00e3o habitual nos quesitos, tinha tudo para arrancar rumo a mais um t\u00edtulo. E foi isso que acabou acontecendo. O patrocinado enredo\u00a0\u201cMacapaba: equin\u00f3cio solar, viagens fant\u00e1sticas ao meio do mundo\u201d foi bem desenvolvido e, se tamb\u00e9m n\u00e3o foi uma exibi\u00e7\u00e3o emocionante ou empolgante, foi fort\u00edssima tanto nos quesitos visuais como nos de pista.<\/p>\n<p style=\"text-align: justify;\">Como Macap\u00e1 \u00e9 a \u00fanica capital brasileira cortada pela Linha do Equador, \u00e9 poss\u00edvel ver com precis\u00e3o o fen\u00f4meno do equin\u00f3cio, no qual o sol ilumina exatamente a mesma \u00e1rea dos hemisf\u00e9rios Norte e Sul. Diante disso, a comiss\u00e3o de frente fantasiada em dourado brilhante simbolizou o &#8220;encontro com o beija-flor brilho de fogo&#8221;, j\u00e1 que essa peculiar esp\u00e9cie, com vinte cent\u00edmetros, habita a regi\u00e3o de Macap\u00e1.<\/p>\n<p style=\"text-align: justify;\"><a href=\"http:\/\/www.pedromigao.com.br\/ourodetolo\/wp-content\/uploads\/2014\/03\/beijaflor2008b.jpg\"><img loading=\"lazy\" decoding=\"async\" class=\"size-medium wp-image-24538 alignleft\" src=\"http:\/\/www.pedromigao.com.br\/ourodetolo\/wp-content\/uploads\/2014\/03\/beijaflor2008b-199x300.jpg\" alt=\"beijaflor2008b\" width=\"199\" height=\"300\" srcset=\"http:\/\/www.pedromigao.com.br\/ourodetolo\/wp-content\/uploads\/2014\/03\/beijaflor2008b-199x300.jpg 199w, http:\/\/www.pedromigao.com.br\/ourodetolo\/wp-content\/uploads\/2014\/03\/beijaflor2008b-226x340.jpg 226w, http:\/\/www.pedromigao.com.br\/ourodetolo\/wp-content\/uploads\/2014\/03\/beijaflor2008b.jpg 681w\" sizes=\"auto, (max-width: 199px) 100vw, 199px\" \/><\/a>O imponente abre-alas, como vinha sendo costume na escola, era acoplado e tinha 50 metros de extens\u00e3o. Um dos carnavalescos, Alexandre Louzada, revelou um gasto de R$ 150 mil s\u00f3 na compra de acetato para dar brilho \u00e0 alegoria &#8220;Brilho de Fogo, o Rastro Iluminado&#8221;, toda em dourado bastante forte como raios de sol, e com um grande beija-flor no topo. Em seguida, surgiu a natureza de Macap\u00e1, com o carro &#8220;Macapaba Deslumbrante Belezas que Emanam do Cora\u00e7\u00e3o da Amaz\u00f4nia&#8221;, todo em verde com \u00e1rvores e animais.<\/p>\n<p style=\"text-align: justify;\">O artesanato de Macap\u00e1 tamb\u00e9m foi lembrado, no n\u00e3o menos bonito elemento &#8220;Cunani, Marac\u00e1, Arist\u00e9 e Anu\u00e3, A Cer\u00e2mica das Civiliza\u00e7\u00f5es Perdidas&#8221;, que tinha diversas grandes esculturas dos vasos e elementos t\u00edpicos feitos pelos artes\u00e3os locais.\u00a0As lendas sobre os tesouros de Macap\u00e1 tamb\u00e9m foram bem reproduzidas em uma alegoria com um enorme e bem realizado tigre protetor. A pirataria dos invasores de Macap\u00e1 tamb\u00e9m foi retratada, com diversos olhos gigantes em busca das riquezas locais (foto ao lado).<\/p>\n<p style=\"text-align: justify;\">J\u00e1 a alegoria &#8220;Mazag\u00e3o de Al\u00e9m-Mar, Semente de Origem Africana&#8221; mostrava a mistura entre fen\u00edcios e \u00edndios que formou o povo da cidade. Por fim, a Beija-Flor\u00a0retratou a grande fortaleza do local, conhecida como Fortaleza de S\u00e3o Jos\u00e9 de Macap\u00e1, e ainda o Marco-zero, este com uma alegoria em estilo bem high-tech mostrando o ponto em que se v\u00ea o equin\u00f3cio em Macap\u00e1 na Linha do Equador.<\/p>\n<p style=\"text-align: justify;\"><a href=\"http:\/\/www.pedromigao.com.br\/ourodetolo\/wp-content\/uploads\/2014\/03\/beijaflor2008.jpg\"><img loading=\"lazy\" decoding=\"async\" class=\"size-medium wp-image-24537 alignleft\" src=\"http:\/\/www.pedromigao.com.br\/ourodetolo\/wp-content\/uploads\/2014\/03\/beijaflor2008-300x201.jpg\" alt=\"beijaflor2008\" width=\"300\" height=\"201\" srcset=\"http:\/\/www.pedromigao.com.br\/ourodetolo\/wp-content\/uploads\/2014\/03\/beijaflor2008-300x201.jpg 300w, http:\/\/www.pedromigao.com.br\/ourodetolo\/wp-content\/uploads\/2014\/03\/beijaflor2008-506x340.jpg 506w, http:\/\/www.pedromigao.com.br\/ourodetolo\/wp-content\/uploads\/2014\/03\/beijaflor2008.jpg 1024w\" sizes=\"auto, (max-width: 300px) 100vw, 300px\" \/><\/a>Se as alegorias tiveram acabamento e concep\u00e7\u00e3o impec\u00e1veis, as fantasias n\u00e3o ficaram atr\u00e1s, e, al\u00e9m disso, tinham uma divis\u00e3o crom\u00e1tica inteligente e muito colorida mas sem ser pesada, o que valorizou a proposta do enredo e proporcionou um belo visual. Duas das fantasias mais interessantes eram as da porta-bandeira Selminha Sorriso e do mestre-sala Claudinho, com arco-\u00edris em degrad\u00ea.<\/p>\n<p style=\"text-align: justify;\">O samba-enredo recebeu cr\u00edticas pelo fato de que os versos <em>&#8220;A luz solar ilumina meu interior \/\u00a0Vou viajar na linha do Equador&#8221;<\/em> teriam melodia id\u00eantica ao trecho <em>&#8220;\u00c1frica: o baob\u00e1 da vida il\u00ea if\u00e9 \/\u00a0\u00c1fricas: realidade e realeza, ax\u00e9&#8221;<\/em>, do samba de 2007. Mas fato \u00e9 que o samba\u00a0tinha boa melodia e descrevia bem o enredo, apesar de n\u00e3o ser uma &#8220;pedrada&#8221; como em 2007, e a comunidade nilopolitana cantou com a for\u00e7a de costume. A bateria, a exemplo do que ocorrera no ano anterior, passou conservadora mas com firmeza.<\/p>\n<p style=\"text-align: justify;\"><strong>REPERCUSS\u00c3O E APURA\u00c7\u00c3O<\/strong><\/p>\n<p style=\"text-align: justify;\"><span style=\"line-height: 1.5em;\">Terminados os desfiles, a Beija-Flor despontou como favorita a mais um campeonato menos por ter feito uma exibi\u00e7\u00e3o inesquec\u00edvel ou emocionante, mas por ter ido bem nos quesitos e ter feito uma apresenta\u00e7\u00e3o superior no conjunto da obra. Apenas o Salgueiro parecia com alguma chance, enquanto Portela e Unidos da Tijuca corriam por fora. E a apura\u00e7\u00e3o acabaria sendo t\u00e3o mon\u00f3tona como boa parte dos desfiles.<\/span><\/p>\n<p style=\"text-align: justify;\">Isso porque a Beija-Flor liderou de cabo a rabo, com quatro notas dez em sete dos dez quesitos. O 11\u00ba t\u00edtulo da agremia\u00e7\u00e3o nilopolitana saiu com 1,3 ponto de vantagem sobre o Salgueiro, que perdeu qualquer chance de amea\u00e7ar a escola de Nil\u00f3polis ao levar uma estranha nota 9,2 logo no segundo quesito lido (Harmonia).<\/p>\n<p style=\"text-align: justify;\">Mas nem assim a Vermelho e Branco teve o vice-campeonato amea\u00e7ado, j\u00e1 que, surpreendentemente, a Grande Rio (mesmo punida em 0,1 pelo desacoplamento de uma alegoria) ficou em terceiro lugar, 0,1 \u00e0 frente da Portela, que foi despontuada em 0,6 no \u00faltimo quesito (Comiss\u00e3o de Frente). Unidos da Tijuca e Imperatriz Leopoldinense marcaram 396 pontos e acabaram na quinta e sexta posi\u00e7\u00f5es &#8211; o desempate foi no \u00faltimo quesito, no qual a escola tijucana alcan\u00e7ou a Rainha de Ramos.<\/p>\n<p style=\"text-align: justify;\">Como destaques negativos, as fracas coloca\u00e7\u00f5es de Vila Isabel e Mangueira, que terminaram em nono e d\u00e9cimo lugares. A S\u00e3o Clemente acabou rebaixada, a 0,7 da pen\u00faltima colocada Porto da Pedra &#8211; a escola da Zona Sul realmente foi punida em 0,5 pela genit\u00e1lia desnuda da modelo Viviane Castro.<\/p>\n<p style=\"text-align: justify;\">O Imp\u00e9rio Serrano conquistou com facilidade &#8211; e alguma controv\u00e9rsia &#8211; o t\u00edtulo do Grupo de Acesso A em uma homenagem a Carmen Miranda (em enredo confeccionado por M\u00e1rcia L\u00e1via) debaixo de chuva torrencial. No Acesso B, Inocentes de Belford Roxo e Para\u00edso do Tuiuti (com homenagem a Cartola) conquistaram a subida ao Grupo A, apesar do brilhante desfile da Unidos de Padre Miguel &#8211; mais detalhes no &#8220;Cantinho&#8221;.<\/p>\n<p style=\"text-align: justify;\"><strong>RESULTADO FINAL<\/strong><\/p>\n<table style=\"width: 590px; height: 300px;\">\n<tbody>\n<tr>\n<td>POS.<\/td>\n<td>ESCOLA<\/td>\n<td>PONTOS<\/td>\n<\/tr>\n<tr>\n<td>1\u00ba<\/td>\n<td>Beija-Flor de Nil\u00f3polis<\/td>\n<td>399,3<\/td>\n<\/tr>\n<tr>\n<td>2\u00ba<\/td>\n<td>Acad\u00eamicos do Salgueiro<\/td>\n<td>398<\/td>\n<\/tr>\n<tr>\n<td>3\u00ba<\/td>\n<td>Acad\u00eamicos do Grande Rio<\/td>\n<td>396,9<\/td>\n<\/tr>\n<tr>\n<td>4\u00ba<\/td>\n<td>Portela<\/td>\n<td>396,8<\/td>\n<\/tr>\n<tr>\n<td>5\u00ba<\/td>\n<td>Unidos da Tijuca<\/td>\n<td>396,5<\/td>\n<\/tr>\n<tr>\n<td>6\u00ba<\/td>\n<td>Imperatriz Leopoldinense<\/td>\n<td>396,5<\/td>\n<\/tr>\n<tr>\n<td>7\u00ba<\/td>\n<td>Unidos do Viradouro<\/td>\n<td>396<\/td>\n<\/tr>\n<tr>\n<td>8\u00ba<\/td>\n<td>Mocidade Independente de Padre Miguel<\/td>\n<td>395,1<\/td>\n<\/tr>\n<tr>\n<td>9\u00ba<\/td>\n<td>Unidos de Vila Isabel<\/td>\n<td>394,6<\/td>\n<\/tr>\n<tr>\n<td>10\u00ba<\/td>\n<td>Esta\u00e7\u00e3o Primeira de Mangueira<\/td>\n<td>393,9<\/td>\n<\/tr>\n<tr>\n<td>11\u00ba<\/td>\n<td>Unidos do Porto da Pedra<\/td>\n<td>388,2<\/td>\n<\/tr>\n<tr>\n<td>12\u00ba<\/td>\n<td>S\u00e3o Clemente<\/td>\n<td>387,5 (rebaixada)<\/td>\n<\/tr>\n<\/tbody>\n<\/table>\n<p style=\"text-align: justify;\">\n<p style=\"text-align: justify;\"><strong>CURIOSIDADES<\/strong><\/p>\n<p style=\"text-align: justify;\">&#8211; Um dos momentos mais hil\u00e1rios da hist\u00f3ria das transmiss\u00f5es de Carnaval pela TV ocorreu no fim da apresenta\u00e7\u00e3o da Uni\u00e3o da Ilha no Acesso. O rep\u00f3rter da CNT foi entrevistar uma destaque da escola, mas na verdade era um destaque&#8230; Jorge Perlingeiro e (principalmente) Milton Cunha fizeram gra\u00e7a da situa\u00e7\u00e3o. Vejam no v\u00eddeo, a partir dos 4m20.<\/p>\n<p><iframe loading=\"lazy\" title=\"Uni\u00e3o da ilha 2008 - \u00e9 hoje o dia\" width=\"525\" height=\"394\" src=\"https:\/\/www.youtube.com\/embed\/BRfpSBn2o7o?feature=oembed\" frameborder=\"0\" allow=\"accelerometer; autoplay; clipboard-write; encrypted-media; gyroscope; picture-in-picture; web-share\" referrerpolicy=\"strict-origin-when-cross-origin\" allowfullscreen><\/iframe><\/p>\n<p style=\"text-align: justify;\">&#8211; Falando em Uni\u00e3o da Ilha, a escola reeditou o cl\u00e1ssico samba-enredo de 1982 &#8220;\u00c9 Hoje!&#8221;, mas obteve apenas a quinta coloca\u00e7\u00e3o, o que adiou mais uma vez \u00a0a volta ao Grupo Especial, sonho finalmente alcan\u00e7ado em 2009 de forma controvertida &#8211; falaremos sobre isso no pr\u00f3ximo texto da s\u00e9rie.<\/p>\n<p style=\"text-align: justify;\">&#8211; Na TV Globo, Dudu Nobre comentou os desfiles e se concentrou em analisar as baterias, munido de um metr\u00f4nomo, aparelho que detecta as batidas por minuto. Apesar da grande atua\u00e7\u00e3o da bateria da Imperatriz Leopoldinense, o m\u00fasico citou que o metr\u00f4nomo ultrapassou as 150 bpm e que isso caracterizaria marcha em vez de samba. Na apura\u00e7\u00e3o, a escola de Ramos levou quatro notas 10 e Mestre Marcone disse no Desfile das Campe\u00e3s que as notas eram a melhor resposta.<\/p>\n<p style=\"text-align: justify;\">&#8211; Quem tamb\u00e9m comentou, ou melhor, fez piadas durante os desfiles na transmiss\u00e3o da Globo foi o humorista H\u00e9lio de la Pe\u00f1a, do Casseta &amp; Planeta. Sobre o min\u00fasculo tapa-sexo da modelo Viviane Castro, ele emendou: <em>&#8220;Fiquei sabendo do que aconteceu. Ela ficou t\u00e3o inibida, t\u00e3o mal&#8230; Coitada&#8230;&#8221;<\/em>. No mais, o humorista disse que a todo instante iria procurar men\u00e7\u00f5es ao Egito durante os desfiles e quando isso acontecia, ele fazia a festa&#8230;<\/p>\n<p style=\"text-align: justify;\">&#8211; Chamada de musa do tapa-sexo ap\u00f3s o desfile da S\u00e3o Clemente, Viviane Castro posou nua para a Playboy logo ap\u00f3s o Carnaval. E, sobre a pol\u00eamica em que se envolveu, ela garantiu:\u00a0<em>&#8220;Estava bem colado, com super bonder. Tanto que tive de ficar meia hora numa banheira de \u00e1gua quente para descolar. Fui t\u00e3o original que confundi os jurados&#8221;<\/em>.<\/p>\n<p style=\"text-align: justify;\">&#8211; Um tel\u00e3o gigante foi colocado pela TV Globo na concentra\u00e7\u00e3o exibindo imagens dos desfiles para o p\u00fablico. Algumas propagandas tamb\u00e9m foram mostradas.<\/p>\n<p style=\"text-align: justify;\">&#8211; Foi o \u00faltimo ano de Max Lopes como carnavalesco da Mangueira. Em onze desfiles concebidos por Max, a Mangueira conquistou tr\u00eas t\u00edtulos (1984, 1984-supercampeonato e 2002), um vice (2003), tr\u00eas terceiros lugares (2001, 2004 e 2007), um quarto (2006), um quinto (1983), um sexto (2005) e um d\u00e9cimo (2008). Nos oito anos seguintes, a Verde e Rosa teve seis trocas de carnavalescos: 2009 (Roberto Szaniecki), 2010 (Jorge Carib\u00e9 e Jaime Ces\u00e1rio), 2011 (Mauro Quintaes e Wagner Gon\u00e7alves), 2012, 2013 e 2015 (Cid Carvalho) e 2014 (Rosa Magalh\u00e3es) &#8211; e mudou de novo para 2016 (Leandro Vieira). E a Mangueira ficou apenas\u00a0uma vez entre as tr\u00eas primeiras colocadas, em 2011, quando tr\u00eas escolas n\u00e3o foram julgadas&#8230;<\/p>\n<p style=\"text-align: justify;\">&#8211; Com o lind\u00edssimo samba-enredo &#8220;Jo\u00e3o e Marias&#8221;, a Imperatriz Leopoldinense iniciou uma sequ\u00eancia de bel\u00edssimas obras e, de 2008 a 2015, emplacou quatro dos oito pr\u00eamios do Estandarte de Ouro no quesito. A curiosidade \u00e9 que o samba de 2008 recebeu cr\u00edticas: acusavam seus detratores que o refr\u00e3o <em>&#8220;Vem brincar neste trem, amor \/ Que vai parar na esta\u00e7\u00e3o do cora\u00e7\u00e3o&#8221;<\/em> tinha a melodia copiada do refr\u00e3o <em>&#8220;Batam palmas, ela j\u00e1 chegou \/\u00a0Em meu cora\u00e7\u00e3o um &#8216;X&#8217; marcou&#8221;, <\/em>do samba que a Caprichosos de Pilares escolheu para homenagear Xuxa em 2004.<\/p>\n<p style=\"text-align: justify;\">&#8211; Causou pol\u00eamica a sa\u00edda do int\u00e9rprete Wantuir da Unidos da Tijuca e o acerto com a Grande Rio logo ap\u00f3s o Carnaval de 2008. O presidente tijucano Fernando Horta alegou ao jornal &#8220;O Dia&#8221;:\u00a0<em>&#8220;Mais uma vez fui tra\u00eddo. O Wantuir tinha contrato comigo at\u00e9 o dia 28 de fevereiro de 2009. Infelizmente ele se igualou aos outros. Estou decepcionado com a postura dele. O Washington Reis <\/em>(ent\u00e3o prefeito de Duque de Caxias)<em> me ligou pedindo a libera\u00e7\u00e3o e eu informei que contrato do Wantuir com a escola ia at\u00e9 fevereiro de 2009. N\u00e3o vou brigar com pol\u00edticos. Ele prometeu emprego para toda fam\u00edlia dele, um mundo de dinheiro e vai lan\u00e7\u00e1-lo candidato a vereador de Caxias. Na Unidos da Tijuca s\u00f3 fica quem quer&#8221;<\/em>. Wantuir rebateu ao site SRZD: <em>&#8220;Jamais teria fechado com a Grande Rio sem conversar com o Fernando Horta. N\u00e3o faria isso, porque sei que o que consegui na minha carreira posso perder facilmente. O Fernando foi um paiz\u00e3o. Saio da Unidos da Tijuca com muito mais experi\u00eancia.&#8221;<\/em>\u00a0Horta disse que a Grande Rio ofereceu R$ 120 mil e duas empresas de Caxias, R$ 80 mil. Wantuir nem confirmou nem negou.<\/p>\n<p style=\"text-align: justify;\"><strong>CANTINHO DO EDITOR &#8211; por Pedro Mig\u00e3o<\/strong><\/p>\n<p style=\"text-align: justify;\">Sobre o desfile da Portela, vale lembrar que o enredo uma vez mais foi anunciado apenas em meados de agosto, tal e qual no ano anterior. A disputa de samba mais uma vez teve certa pol\u00eamica, pois o samba da parceria capitaneada por J\u00fanior Scafura se imp\u00f4s sobre o belo samba da parceria de Wanderley Monteiro e Luiz Carlos M\u00e1ximo, preferido pelos segmentos portelenses &#8211; abaixo.<\/p>\n[audio:http:\/\/www.pedromigao.com.br\/ourodetolo\/wp-content\/uploads\/2014\/03\/Portela_2008_LUIZ_CARLOS_MAXIMO.mp3]\n<p style=\"text-align: justify;\">Ainda assim, o correto desfile acabou se refletindo na volta ao Desfile das Campe\u00e3s ap\u00f3s dez anos. Tamb\u00e9m marcava o \u00faltimo ano do meu hiato de afastamento da escola, de tr\u00eas carnavais. No pr\u00e9-carnaval daquele ano me tornei s\u00f3cio contribuinte da escola.<\/p>\n<p style=\"text-align: justify;\"><a href=\"http:\/\/www.pedromigao.com.br\/ourodetolo\/wp-content\/uploads\/2014\/03\/Acesso-B-2008-173.jpg\"><img loading=\"lazy\" decoding=\"async\" class=\"alignleft size-medium wp-image-24627\" src=\"http:\/\/www.pedromigao.com.br\/ourodetolo\/wp-content\/uploads\/2014\/03\/Acesso-B-2008-173-300x225.jpg\" alt=\"Acesso B 2008 173\" width=\"300\" height=\"225\" srcset=\"http:\/\/www.pedromigao.com.br\/ourodetolo\/wp-content\/uploads\/2014\/03\/Acesso-B-2008-173-300x225.jpg 300w, http:\/\/www.pedromigao.com.br\/ourodetolo\/wp-content\/uploads\/2014\/03\/Acesso-B-2008-173-453x340.jpg 453w, http:\/\/www.pedromigao.com.br\/ourodetolo\/wp-content\/uploads\/2014\/03\/Acesso-B-2008-173.jpg 1024w\" sizes=\"auto, (max-width: 300px) 100vw, 300px\" \/><\/a>Assisti aos dois grupos de Acesso nas frisas do setor 3 e desfilei na Uni\u00e3o da Ilha, na Vizinha Faladeira e no Boi da Ilha, no qual estava como diretor de Planejamento. Na Vizinha Faladeira, um dos diretores da escola passou com camisas de compositores e chap\u00e9us para oferecer a quem quisesse desfilar (foto ao lado). Por outro lado, no Boi da Ilha desfilei com a roupa de 2007 pois as camisas de diretoria n\u00e3o chegaram a tempo.<\/p>\n<p style=\"text-align: justify;\">Reza a lenda que Wander Pires, ap\u00f3s chegar atrasado para o desfile da Grande Rio, teria se ajoelhado em frente ao patrono da escola Jaider Soares para que este o deixasse cantar. Tamb\u00e9m se diz que ele teria levado um &#8220;sacode&#8221; &#8211; com direito a alguns tapas na cara &#8211; de alguns diretores da escola.<\/p>\n<p style=\"text-align: justify;\">A Mangueira teve um pr\u00e9 carnaval bastante atribulado, com repetidas den\u00fancias de envolvimento de sua diretoria com o comando do tr\u00e1fico na localidade. Sobre o fato de se preterir o centen\u00e1rio de Cartola, ouvi de um dos diretores da escola (que trabalhava comigo na \u00e9poca) que <em>&#8220;Cartola n\u00e3o dava enredo porque ficou afastado da Mangueira por 30 anos e n\u00e3o nos interessa mostrar a sua contribui\u00e7\u00e3o \u00e0 m\u00fasica brasileira.&#8221;<\/em> A escola recebeu em valores da \u00e9poca R$ 3 milh\u00f5es de patroc\u00ednio da prefeitura do Recife, o que gerou outro fato inusitado: o frevo e o carnaval de Olinda n\u00e3o foram mostrados por exig\u00eancia do patrocinador.<\/p>\n<p style=\"text-align: justify;\"><a href=\"http:\/\/www.pedromigao.com.br\/ourodetolo\/wp-content\/uploads\/2014\/03\/Acesso-A-2008-054.jpg\"><img loading=\"lazy\" decoding=\"async\" class=\"alignright size-medium wp-image-24635\" src=\"http:\/\/www.pedromigao.com.br\/ourodetolo\/wp-content\/uploads\/2014\/03\/Acesso-A-2008-054-300x225.jpg\" alt=\"Acesso A 2008 054\" width=\"300\" height=\"225\" srcset=\"http:\/\/www.pedromigao.com.br\/ourodetolo\/wp-content\/uploads\/2014\/03\/Acesso-A-2008-054-300x225.jpg 300w, http:\/\/www.pedromigao.com.br\/ourodetolo\/wp-content\/uploads\/2014\/03\/Acesso-A-2008-054-453x340.jpg 453w, http:\/\/www.pedromigao.com.br\/ourodetolo\/wp-content\/uploads\/2014\/03\/Acesso-A-2008-054.jpg 1024w\" sizes=\"auto, (max-width: 300px) 100vw, 300px\" \/><\/a>N\u00e3o se pode dizer que o t\u00edtulo do Imp\u00e9rio Serrano no Acesso A tenha sido injusto, mas houve algumas esquisitices, para se dizer o menos. A escola &#8220;gabaritou&#8221; os quesitos samba-enredo, fantasias e alegorias mesmo estando abaixo de outras nestes quesitos. A Uni\u00e3o da Ilha, que saiu do desfile como sua grande concorrente, parou apenas no quinto lugar &#8211; com direito a ter simplesmente o samba &#8220;\u00c9 Hoje&#8221;, um dos grandes cl\u00e1ssicos do carnaval carioca, apontado por um dos jurados como o <strong>PIOR SAMBA DO ANO<\/strong> no grupo &#8211; e perdendo pontos em outro jurado.<\/p>\n<p style=\"text-align: justify;\">Ali\u00e1s, a Acad\u00eamicos do Cubango, que tinha o melhor samba-enredo in\u00e9dito deste grupo, foi rebaixada justamente devido a um 9,1 neste quesito. A pol\u00eamica deste julgamento acabou levando \u00e0 cria\u00e7\u00e3o da Lesga, de triste mem\u00f3ria &#8211; quatro campe\u00e3s injustas (para dizer o m\u00ednimo) em quatro anos de exist\u00eancia&#8230; Abaixo, a largada da Uni\u00e3o da Ilha daquele ano, de arrepiar.<\/p>\n[audio:http:\/\/www.pedromigao.com.br\/ourodetolo\/wp-content\/uploads\/2014\/04\/02_Uniao_da_Ilha.mp3]\n<p style=\"text-align: justify;\"><a href=\"http:\/\/www.pedromigao.com.br\/ourodetolo\/wp-content\/uploads\/2014\/03\/Acesso-B-2008-108.jpg\"><img loading=\"lazy\" decoding=\"async\" class=\"alignleft size-medium wp-image-24639\" src=\"http:\/\/www.pedromigao.com.br\/ourodetolo\/wp-content\/uploads\/2014\/03\/Acesso-B-2008-108-300x225.jpg\" alt=\"Acesso B 2008 108\" width=\"300\" height=\"225\" srcset=\"http:\/\/www.pedromigao.com.br\/ourodetolo\/wp-content\/uploads\/2014\/03\/Acesso-B-2008-108-300x225.jpg 300w, http:\/\/www.pedromigao.com.br\/ourodetolo\/wp-content\/uploads\/2014\/03\/Acesso-B-2008-108-453x340.jpg 453w, http:\/\/www.pedromigao.com.br\/ourodetolo\/wp-content\/uploads\/2014\/03\/Acesso-B-2008-108.jpg 1024w\" sizes=\"auto, (max-width: 300px) 100vw, 300px\" \/><\/a>Se a apura\u00e7\u00e3o do Acesso A foi pol\u00eamica, a do Grupo B foi caso de Pol\u00edcia. Mesmo tendo sido disparada a melhor escola, a Unidos de Padre Miguel acabou apenas no terceiro lugar, sem conseguir o Acesso \u00e0 S\u00e9rie A &#8211; um verdadeiro assalto o que fizeram com a agremia\u00e7\u00e3o da Vila Vint\u00e9m. O Para\u00edso do Tuiuti, promovido com o vice-campeonato, passou cheio de esculturas recicladas da Mangueira, inclusive com um Cartola que havia passado no domingo &#8211; e com direito a camiseta baby look e ao pobre compositor com vitiligo, algo que ele nunca teve (foto)&#8230;<\/p>\n<p style=\"text-align: justify;\">O samba do Tuiuti tamb\u00e9m trazia o traficante &#8220;Tuchinha&#8221; como um de seus autores.<\/p>\n<p style=\"text-align: justify;\">Ali\u00e1s, os desfiles do Acesso na Sapuca\u00ed em 2008 foram marcados pela forte chuva. Vale ressaltar a descortesia da atriz Nivea Stelmann, rainha da Renascer de Jacarepagu\u00e1, que ignorou nossos repetidos apelos nas frisas para chegasse perto a fim de ser fotografada. Preferiu os camarotes, apesar do temporal que ca\u00eda aquele momento.<\/p>\n<p style=\"text-align: justify;\">S\u00e3o Clemente e Mocidade Independente, que abriram os desfiles do Grupo Especial, levaram R$ 2 milh\u00f5es da Prefeitura do Rio de Janeiro para contar os 200 anos da chegada de D. Jo\u00e3o VI ao Brasil. No Acesso A, Imp\u00e9rio da Tijuca, Lins Imperial e Santa Cruz levaram cerca de R$ 300 mil cada (em valores da \u00e9poca, n\u00e3o corrigidos) para tamb\u00e9m abordar o tema.<\/p>\n<p style=\"text-align: justify;\">Muitos habitantes de Macap\u00e1 reclamaram que a cidade mostrada pela Beija Flor tinha muitos pontos de disson\u00e2ncia com a cidade real. Por outro lado, antes da divulga\u00e7\u00e3o da sinopse da Imperatriz muita gente achava que o enredo, na realidade, seria sobre o universo infantil.<\/p>\n<p style=\"text-align: justify;\"><strong>Links<\/strong><\/p>\n<p style=\"text-align: justify;\">O desfile que deu mais um campeonato \u00e0 Beija-Flor<\/p>\n<p><iframe loading=\"lazy\" title=\"Beija-Flor - Carnaval 2008 - Desfile Completo\" width=\"525\" height=\"394\" src=\"https:\/\/www.youtube.com\/embed\/iaThwwUp4dQ?feature=oembed\" frameborder=\"0\" allow=\"accelerometer; autoplay; clipboard-write; encrypted-media; gyroscope; picture-in-picture; web-share\" referrerpolicy=\"strict-origin-when-cross-origin\" allowfullscreen><\/iframe><\/p>\n<p style=\"text-align: justify;\">A boa apresenta\u00e7\u00e3o do Salgueiro em 2008<\/p>\n<p><iframe loading=\"lazy\" title=\"Compacto Oficial Carnaval 2008 - Acad\u00eamicos do Salgueiro\" width=\"525\" height=\"394\" src=\"https:\/\/www.youtube.com\/embed\/nbPmjUx_5BY?feature=oembed\" frameborder=\"0\" allow=\"accelerometer; autoplay; clipboard-write; encrypted-media; gyroscope; picture-in-picture; web-share\" referrerpolicy=\"strict-origin-when-cross-origin\" allowfullscreen><\/iframe><\/p>\n<p style=\"text-align: justify;\">A exibi\u00e7\u00e3o que levou a Portela ao quarto lugar<\/p>\n<p><iframe loading=\"lazy\" title=\"Carnaval Completo - Portela 2008\" width=\"525\" height=\"394\" src=\"https:\/\/www.youtube.com\/embed\/W5RyaKZGdm4?feature=oembed\" frameborder=\"0\" allow=\"accelerometer; autoplay; clipboard-write; encrypted-media; gyroscope; picture-in-picture; web-share\" referrerpolicy=\"strict-origin-when-cross-origin\" allowfullscreen><\/iframe><\/p>\n<p style=\"text-align: justify;\">O belo desfile da Imperatriz Leopoldinense<\/p>\n<p><iframe loading=\"lazy\" title=\"Imperatriz Leopoldinense - Carnaval 2008 - Desfile Completo\" width=\"525\" height=\"394\" src=\"https:\/\/www.youtube.com\/embed\/4y0Ze_S0j2A?feature=oembed\" frameborder=\"0\" allow=\"accelerometer; autoplay; clipboard-write; encrypted-media; gyroscope; picture-in-picture; web-share\" referrerpolicy=\"strict-origin-when-cross-origin\" allowfullscreen><\/iframe><\/p>\n<p>&nbsp;<\/p>\n<p style=\"text-align: justify;\"><strong>Fotos:\u00a0Liesa, O Globo e Arquivo Pessoal Pedro Mig\u00e3o<\/strong><\/p>\n","protected":false},"excerpt":{"rendered":"<p>A s\u00e9rie Samb\u00f3dromo em Trinta Atos, do jornalista esportivo Fred Sabino, nos leva de volta ao morno desfile de 2008, que teve mais um t\u00edtuloTour Details<\/p>\n","protected":false},"author":14,"featured_media":24539,"comment_status":"open","ping_status":"open","sticky":false,"template":"","format":"standard","meta":{"footnotes":""},"categories":[353],"tags":[63,18,66,49,104,187],"class_list":["post-24460","post","type-post","status-publish","format-standard","has-post-thumbnail","hentry","category-trinta-atos","tag-beija-flor","tag-carnaval","tag-mangueira","tag-portela","tag-salgueiro","tag-viradouro"],"_links":{"self":[{"href":"http:\/\/www.pedromigao.com.br\/ourodetolo\/wp-json\/wp\/v2\/posts\/24460","targetHints":{"allow":["GET"]}}],"collection":[{"href":"http:\/\/www.pedromigao.com.br\/ourodetolo\/wp-json\/wp\/v2\/posts"}],"about":[{"href":"http:\/\/www.pedromigao.com.br\/ourodetolo\/wp-json\/wp\/v2\/types\/post"}],"author":[{"embeddable":true,"href":"http:\/\/www.pedromigao.com.br\/ourodetolo\/wp-json\/wp\/v2\/users\/14"}],"replies":[{"embeddable":true,"href":"http:\/\/www.pedromigao.com.br\/ourodetolo\/wp-json\/wp\/v2\/comments?post=24460"}],"version-history":[{"count":0,"href":"http:\/\/www.pedromigao.com.br\/ourodetolo\/wp-json\/wp\/v2\/posts\/24460\/revisions"}],"wp:featuredmedia":[{"embeddable":true,"href":"http:\/\/www.pedromigao.com.br\/ourodetolo\/wp-json\/wp\/v2\/media\/24539"}],"wp:attachment":[{"href":"http:\/\/www.pedromigao.com.br\/ourodetolo\/wp-json\/wp\/v2\/media?parent=24460"}],"wp:term":[{"taxonomy":"category","embeddable":true,"href":"http:\/\/www.pedromigao.com.br\/ourodetolo\/wp-json\/wp\/v2\/categories?post=24460"},{"taxonomy":"post_tag","embeddable":true,"href":"http:\/\/www.pedromigao.com.br\/ourodetolo\/wp-json\/wp\/v2\/tags?post=24460"}],"curies":[{"name":"wp","href":"https:\/\/api.w.org\/{rel}","templated":true}]}}