{"id":24286,"date":"2014-03-23T08:34:49","date_gmt":"2014-03-23T11:34:49","guid":{"rendered":"http:\/\/www.pedromigao.com.br\/ourodetolo\/?p=24286"},"modified":"2014-03-21T10:22:12","modified_gmt":"2014-03-21T13:22:12","slug":"orun-aye-a-identidade-barros","status":"publish","type":"post","link":"http:\/\/www.pedromigao.com.br\/ourodetolo\/2014\/03\/orun-aye-a-identidade-barros\/","title":{"rendered":"Orun Ay\u00e9 &#8211; &#8220;A identidade Barros&#8221;"},"content":{"rendered":"<p style=\"text-align: justify;\">Neste domingo o <strong>compositor Aloisio Villar<\/strong> fala sobre a contrata\u00e7\u00e3o de Paulo Barros pela Mocidade Independente de Padre Miguel.<\/p>\n<p style=\"text-align: justify;\"><span style=\"text-decoration: underline;\"><em><strong>A identidade Barros<\/strong><\/em><\/span><\/p>\n<p style=\"text-align: justify;\">E Paulo Barros foi para a Mocidade.<\/p>\n<p style=\"text-align: justify;\">J\u00e1 era uma not\u00edcia que circulava pelo mundo do samba e mais ou menos esperada, mas mesmo assim causa impacto. Afinal, o carnavalesco mais aclamado da folia carioca nesse s\u00e9culo trocava uma agremia\u00e7\u00e3o na qual tinha um casamento perfeito e sequ\u00eancia de grandes resultados por uma que\u00a0 h\u00e1 alguns anos enfrenta crise e briga contra rebaixamento.<\/p>\n<p style=\"text-align: justify;\">Mesmo essa sendo a gigantesca Mocidade Independente de Padre Miguel.<\/p>\n<p style=\"text-align: justify;\">Algumas perguntas ficam no ar: qual ser\u00e1 o futuro da Unidos da Tijuca? Como ficar\u00e1 o arranjo de for\u00e7as do carnaval carioca?<\/p>\n<p style=\"text-align: justify;\">Qual ser\u00e1 a identidade de Paulo Barros na Mocidade? Justo na escola que mostrando sua identidade mostrou a verdade a essa gente. Escola grande que tem sua identidade pr\u00f3pria, independente de carnavalesco.<\/p>\n<p style=\"text-align: justify;\">N\u00e3o sou adepto da cat\u00e1strofe como muitos que apregoam o fim da Tijuca. Incr\u00edvel como muitos falam isso at\u00e9 felizes, vibrando. \u00c9 aquilo, uma escola de samba s\u00f3 \u00e9 querida, amada, enquanto n\u00e3o amea\u00e7a. Quando ela come\u00e7a a vencer logo ganha antipatia e certa inveja.<\/p>\n<p style=\"text-align: justify;\">A Unidos da Tijuca, como disse numa coluna recente, \u00e9 a grande for\u00e7a hoje do carnaval, det\u00e9m o poder e mesmo que se enfraque\u00e7a sem o Paulo n\u00e3o pode ser descartada de cara. Me parece hoje uma escola profissional, bem administrada e organizada.<\/p>\n<p style=\"text-align: justify;\">Muito desse crescimento, claro, se deve ao per\u00edodo Paulo Barros, mas acho que a Tijuca soube se organizar pra crescer junto com\u00a0 explos\u00e3o de seu carnavalesco. Tanto que vejo mais o dedo dele no boom da parceria em 2004, 2005, at\u00e9 mesmo o t\u00edtulo de 2010 que em 2012 e 2014 que mesmo com o enorme m\u00e9rito de Paulo Barros me pareceram t\u00edtulos da escola como um todo.<\/p>\n<p style=\"text-align: justify;\">Ao contr\u00e1rio da Vila, campe\u00e3 incontest\u00e1vel de 2013, n\u00e3o ocorreu debandada na Tijuca. Saiu sim seu grande craque, mas por enquanto s\u00f3 ele. Os core\u00f3grafos da comiss\u00e3o de frente &#8211; sempre t\u00e3o elogiadas, por exemplo, continuam [1].<\/p>\n<p style=\"text-align: justify;\">A Tijuca pode em vez de seguir o exemplo da Vila seguir o da Beija-Flor que era nada at\u00e9 a chegada de Jo\u00e3osinho Trinta e seguiu poderosa com sua sa\u00edda. Soube crescer junto com seu carnavalesco.<\/p>\n<p style=\"text-align: justify;\"><a href=\"http:\/\/www.pedromigao.com.br\/ourodetolo\/wp-content\/uploads\/2014\/03\/20140304_051740.jpg\"><img loading=\"lazy\" decoding=\"async\" class=\"aligncenter size-large wp-image-24299\" alt=\"20140304_051740\" src=\"http:\/\/www.pedromigao.com.br\/ourodetolo\/wp-content\/uploads\/2014\/03\/20140304_051740-453x340.jpg\" width=\"453\" height=\"340\" srcset=\"http:\/\/www.pedromigao.com.br\/ourodetolo\/wp-content\/uploads\/2014\/03\/20140304_051740-453x340.jpg 453w, http:\/\/www.pedromigao.com.br\/ourodetolo\/wp-content\/uploads\/2014\/03\/20140304_051740-300x225.jpg 300w\" sizes=\"auto, (max-width: 453px) 100vw, 453px\" \/><\/a>Dizem que a Tijuca foi bem avaliada esse ano em alguns quesitos em que poderia perder pontos devido ao nome Paulo Barros. N\u00e3o sei. Quem realmente tem moral na Liesa? Paulo Barros ou Fernando Horta? Ningu\u00e9m sabe ao certo os meandros da Liesa, mas uma coisa \u00e9 certa. O portugu\u00eas tem moral.<\/p>\n<p style=\"text-align: justify;\">Se n\u00e3o tivesse e o queridinho e fosse apenas Paulo Barros teriam dado um jeito antes de colocar o carnavalesco em outra escola. Ali\u00e1s, nunca \u00e9 demais lembrar que ele j\u00e1 saiu da Tijuca antes. Foi para a Viradouro que na \u00e9poca tinha dinheiro, for\u00e7a pol\u00edtica, era uma das escolas de ponta no carnaval e fracassou de forma retumbante a ponto de \u201clhe enfiarem\u201d na Vila para n\u00e3o ficar sem emprego e no\u00a0 ano seguinte ter que voltar pra Tijuca.<\/p>\n<p style=\"text-align: justify;\">Vai fracassar de novo?<\/p>\n<p style=\"text-align: justify;\">N\u00e3o sei. Ele amadureceu e a Mocidade n\u00e3o \u00e9 a Viradouro. Cada uma tem sua caracter\u00edstica. S\u00f3 posso dizer que para Mocidade foi bom demais.<\/p>\n<p style=\"text-align: justify;\">A escola vinha se apequenando nas m\u00e3os de Paulo Vianna, a cada ano menos cogitada entre as favoritas, mais pr\u00f3xima do Acesso e parecia inerte, sem for\u00e7as. Mudaram o presidente, entrou o controvertido contraventor Rog\u00e9rio Andrade, cercado de pol\u00eamicas e com situa\u00e7\u00f5es em rela\u00e7\u00e3o a ele e principalmente a quem exalta a ele, mas que n\u00e3o cabe discutir aqui.<\/p>\n<p style=\"text-align: justify;\">S\u00f3 dizer que parece que carnaval \u00e9 salvo conduto. Parece que nele \u00e9 permitido exaltar aquilo que nos indigna no restante do ano.<\/p>\n<p style=\"text-align: justify;\"><a href=\"http:\/\/www.pedromigao.com.br\/ourodetolo\/wp-content\/uploads\/2014\/03\/20140303_220618.jpg\"><img loading=\"lazy\" decoding=\"async\" class=\"aligncenter size-large wp-image-24300\" alt=\"20140303_220618\" src=\"http:\/\/www.pedromigao.com.br\/ourodetolo\/wp-content\/uploads\/2014\/03\/20140303_220618-453x340.jpg\" width=\"453\" height=\"340\" srcset=\"http:\/\/www.pedromigao.com.br\/ourodetolo\/wp-content\/uploads\/2014\/03\/20140303_220618-453x340.jpg 453w, http:\/\/www.pedromigao.com.br\/ourodetolo\/wp-content\/uploads\/2014\/03\/20140303_220618-300x225.jpg 300w\" sizes=\"auto, (max-width: 453px) 100vw, 453px\" \/><\/a>Mas enfim. Ele \u00e9 o presidente e parece querer tirar a Mocidade dessa in\u00e9rcia. Sacudiu o mundo do samba como faziam seu tio Castor e primo Paulinho, mostrou que\u00a0 a Mocidade est\u00e1 viva e j\u00e1 fez da agremia\u00e7\u00e3o a mais esperada de 2015.<\/p>\n<p style=\"text-align: justify;\">Movimenta\u00e7\u00e3o brilhante.<\/p>\n<p style=\"text-align: justify;\">Mas o que esperar de Paulo Barros?<\/p>\n<p style=\"text-align: justify;\">Que ele seja Paulo Barros. Mantenha sua identidade. A Mocidade lhe contratou para ser esse carnavalesco atrevido e genial que foi na Tijuca. Com todos seus fatores hollywoodianos e \u201cMichaelJackiza\u00e7\u00e3o\u201d dos desfiles. Que ele n\u00e3o tente imitar Fernando Pinto, Arlindo Rodrigues e Renato Lage.<\/p>\n<p style=\"text-align: justify;\">A Mocidade tem sua identidade que \u00e9 ser atrevida, inovadora, mesma identidade do Paulo Barros. Que conciliem suas identidades e levem a Mocidade de volta \u00e0 briga pelo topo.<\/p>\n<p style=\"text-align: justify;\">Tor\u00e7o principalmente que sua ala de compositores, muito boa, seja preservada. As escolas que passaram pelas m\u00e3os de super carnavalescos como Jo\u00e3osinho Trinta e Paulo Barros costumam apresentar sambas sofr\u00edveis. Talvez pela vaidade exacerbada desses g\u00eanios.<\/p>\n<p style=\"text-align: justify;\">Come\u00e7ou o carnaval 2015.<\/p>\n<p style=\"text-align: justify;\"><em>[N.do.E.: ap\u00f3s o fechamento da coluna tornaram-se indefinidas as situa\u00e7\u00f5es dos core\u00f3grafos de comiss\u00e3o de frente e do mestre de bateria Casagrande. Poss\u00edvel que ambos saiam da Tijuca.]<\/em><\/p>\n","protected":false},"excerpt":{"rendered":"<p>Neste domingo o compositor Aloisio Villar fala sobre a contrata\u00e7\u00e3o de Paulo Barros pela Mocidade Independente de Padre Miguel. A identidade Barros E Paulo BarrosTour Details<\/p>\n","protected":false},"author":8,"featured_media":0,"comment_status":"open","ping_status":"open","sticky":false,"template":"","format":"standard","meta":{"footnotes":""},"categories":[8],"tags":[18,535,496,533,532,534],"class_list":["post-24286","post","type-post","status-publish","format-standard","hentry","category-orun-aye","tag-carnaval","tag-carnaval-2015","tag-escola-de-samba","tag-mocidade","tag-paulo-barros","tag-tijuca"],"_links":{"self":[{"href":"http:\/\/www.pedromigao.com.br\/ourodetolo\/wp-json\/wp\/v2\/posts\/24286","targetHints":{"allow":["GET"]}}],"collection":[{"href":"http:\/\/www.pedromigao.com.br\/ourodetolo\/wp-json\/wp\/v2\/posts"}],"about":[{"href":"http:\/\/www.pedromigao.com.br\/ourodetolo\/wp-json\/wp\/v2\/types\/post"}],"author":[{"embeddable":true,"href":"http:\/\/www.pedromigao.com.br\/ourodetolo\/wp-json\/wp\/v2\/users\/8"}],"replies":[{"embeddable":true,"href":"http:\/\/www.pedromigao.com.br\/ourodetolo\/wp-json\/wp\/v2\/comments?post=24286"}],"version-history":[{"count":0,"href":"http:\/\/www.pedromigao.com.br\/ourodetolo\/wp-json\/wp\/v2\/posts\/24286\/revisions"}],"wp:attachment":[{"href":"http:\/\/www.pedromigao.com.br\/ourodetolo\/wp-json\/wp\/v2\/media?parent=24286"}],"wp:term":[{"taxonomy":"category","embeddable":true,"href":"http:\/\/www.pedromigao.com.br\/ourodetolo\/wp-json\/wp\/v2\/categories?post=24286"},{"taxonomy":"post_tag","embeddable":true,"href":"http:\/\/www.pedromigao.com.br\/ourodetolo\/wp-json\/wp\/v2\/tags?post=24286"}],"curies":[{"name":"wp","href":"https:\/\/api.w.org\/{rel}","templated":true}]}}