{"id":24262,"date":"2014-03-24T15:09:54","date_gmt":"2014-03-24T18:09:54","guid":{"rendered":"http:\/\/www.pedromigao.com.br\/ourodetolo\/?p=24262"},"modified":"2015-12-26T11:29:26","modified_gmt":"2015-12-26T13:29:26","slug":"24262","status":"publish","type":"post","link":"http:\/\/www.pedromigao.com.br\/ourodetolo\/2014\/03\/24262\/","title":{"rendered":"Samb\u00f3dromo em 30 Atos &#8211; &#8220;2007: Beija-Flor recupera t\u00edtulo em ano de desfiles frios&#8221;"},"content":{"rendered":"<p style=\"text-align: justify;\">Nesta segunda-feira, <strong>o jornalista esportivo Fred Sabino<\/strong> conta na s\u00e9rie Samb\u00f3dromo em Trinta Atos o desfile de 2007, que teve uma categ\u00f3rica vit\u00f3ria da Beija-Flor de Nil\u00f3polis, a barra\u00e7\u00e3o de Beth Carvalho no desfile da Mangueira e o novo rebaixamento do Imp\u00e9rio Serrano, num ano de apresenta\u00e7\u00f5es bonitas mas sem grandes emo\u00e7\u00f5es da maioria das agremia\u00e7\u00f5es.<\/p>\n<p style=\"text-align: justify;\"><span style=\"text-decoration: underline;\"><em><strong>2007: Beija-Flor recupera t\u00edtulo em ano de desfiles frios<br \/>\n<\/strong><\/em><\/span><\/p>\n<p style=\"text-align: justify;\">Depois que Mocidade e Salgueiro iniciaram os desfiles de domingo em 2005 e 2006 e tiveram p\u00e9ssimos resultados nas apura\u00e7\u00f5es, a Liesa anunciou que a campe\u00e3 do Grupo de Acesso voltaria a abrir os desfiles. Isso, claro, porque houve uma enxurrada de cr\u00edticas dos torcedores por duas tradicionais escolas terem sido canetadas (em excesso) ap\u00f3s abrirem os desfiles.<\/p>\n<p style=\"text-align: justify;\">Sem outras novidades no regulamento, uma not\u00edcia movimentou os bastidores do Carnaval carioca depois dos desfiles de 2006: o badalado carnavalesco Paulo Barros deixou a Unidos da Tijuca seduzido por uma tentadora proposta da Unidos do Viradouro e prometeu um surpreendente desfile sobre os jogos com o t\u00edtulo &#8220;A Viradouro vira o jogo&#8221;.<\/p>\n<p style=\"text-align: justify;\">J\u00e1 a Unidos da Tijuca escolheu como enredo a hist\u00f3ria da fotografia e dividiu os trabalhos entre os carnavalescos Luiz Carlos Bruno e Lane Santana. Restava d\u00favida se a escola manteria a pegada dos anos Paulo Barros, mas o presidente Fernando Horta prometia criatividade na concep\u00e7\u00e3o do enredo.<\/p>\n<p style=\"text-align: justify;\">Campe\u00e3 de 2006, a Unidos de Vila Isabel optou por outra tem\u00e1tica: as transforma\u00e7\u00f5es do mundo, ou melhor, as metamorfoses. A Acad\u00eamicos do Grande Rio continuava firme no sonho do t\u00edtulo in\u00e9dito e contaria a hist\u00f3ria de sua casa, o munic\u00edpio de Caxias. Sem Jamel\u00e3o, a Esta\u00e7\u00e3o Primeira de Mangueira faria um tributo \u00e0 l\u00edngua portuguesa. J\u00e1 a Beija-Flor de Nil\u00f3polis exaltaria o continente africano com um samba primoroso.<\/p>\n<p style=\"text-align: justify;\">Os Jogos Pan-Americanos, que seriam disputados na cidade meses depois do Carnaval, seriam lembrados pela Portela, enquanto o vizinho Imp\u00e9rio Serrano contaria a hist\u00f3ria das pessoas que, mesmo com limita\u00e7\u00f5es, davam certo na sociedade. Buscando uma nova tem\u00e1tica, a Imperatriz Leopoldinense de Rosa Magalh\u00e3es contaria a hist\u00f3ria do bacalhau com bom humor e a Mocidade Independente de Padre Miguel passearia pelo artesanato brasileiro.<\/p>\n<p style=\"text-align: justify;\">Mordido com o 11\u00ba lugar de 2006, o Salgueiro teria um instigante enredo sobre as rainhas da \u00c1frica Oriental e as negras que superavam as dificuldades do dia a dia, com um samba que, pela primeira vez em muito tempo, era mais po\u00e9tico e menos oba-oba. Completavam o Grupo Especial a Unidos do Porto da Pedra, que faria uma homenagem \u00e0 \u00c1frica do Sul (com um belo samba-enredo), e a Est\u00e1cio de S\u00e1, de volta \u00e0 elite com a reedi\u00e7\u00e3o de &#8220;O tititi do Sapoti&#8221;, de 1987.<\/p>\n<p style=\"text-align: justify;\"><strong>OS DESFILES<\/strong><\/p>\n<p style=\"text-align: justify;\">Dez anos depois de cair, a Est\u00e1cio finalmente retornou \u00e0 elite e fez uma bonita, mas fria apresenta\u00e7\u00e3o. Antes do desfile, a escola pediu um minuto de sil\u00eancio devido ao assassinato do menino Jo\u00e3o H\u00e9lio, que revoltou o Brasil. O famoso samba-enredo puxado por Anderson Paz teve um andamento muito r\u00e1pido pro meu gosto e, com o samb\u00f3dromo ainda frio, a escola n\u00e3o conseguiu empolgar o p\u00fablico.<\/p>\n<p style=\"text-align: justify;\">Mas a escola esteve inegavelmente bonita, com uma comiss\u00e3o de frente representando os senhores da selva e a civiliza\u00e7\u00e3o asteca, com os bailarinos mascando chicletes para lembrar a goma de mascar feita com a seiva do sapoti.\u00a0O enorme e bonito abre-alas em dourado era ladeado por seis trip\u00e9s e\u00a0um pede-passagem.<\/p>\n<p style=\"text-align: justify;\">Uma das mais criativas alegorias foi a chamada\u00a0&#8220;Isso virou tutti-frutti&#8221;, com uma representa\u00e7\u00e3o da Est\u00e1tua da Liberdade coberta por 600 mil pastilhas de chicletes. Gostei tamb\u00e9m das fantasias, mas, por incr\u00edvel que pare\u00e7a, como os figurinos foram grandes e luxuosos, os desfilantes n\u00e3o evolu\u00edram com grande empolga\u00e7\u00e3o, a despeito de o enredo ser leve e o samba, popular. Restava saber o qu\u00e3o isso implicaria na apura\u00e7\u00e3o.<\/p>\n<p style=\"text-align: justify;\">J\u00e1 o Imp\u00e9rio Serrano mais uma vez frustrou seus torcedores ao escolher para uma data redonda (no caso, a dos 60 anos de funda\u00e7\u00e3o) um enredo pouco caracter\u00edstico das tradi\u00e7\u00f5es da escola:\u00a0\u201cSer diferente \u00e9 normal: o Imp\u00e9rio Serrano faz a diferen\u00e7a no carnaval\u201d, do carnavalesco Jack Vasconcelos. Paulo Menezes, carnavalesco de 2006, foi demitido por ter se recusado a fazer este enredo, assinando o carnaval da Est\u00e1cio de S\u00e1. Apesar de alguns bons momentos, infelizmente n\u00e3o foi uma boa apresenta\u00e7\u00e3o nos quesitos de pista, principalmente em Evolu\u00e7\u00e3o, com descompassos e buracos.<\/p>\n<p style=\"text-align: justify;\">As exalta\u00e7\u00f5es\u00a0a deficientes visuais, cadeirantes, portadores de defici\u00eancia auditiva e portadores de s\u00edndrome de Down emocionaram e \u00a0gostei das homenagens a Noel Rosa, Arthur Bispo do Ros\u00e1rio e Aleijadinho. Mas\u00a0visualmente a escola esteve abaixo da Est\u00e1cio, exceto pelo interessante carro &#8220;O Tempo e o Espa\u00e7o da Intelig\u00eancia&#8221;, com o c\u00e9rebro de Albert Einstein iluminado por neon. Reflexo de um enredo dif\u00edcil de carnavalizar.<\/p>\n<p style=\"text-align: justify;\">O destaque absoluto foi mesmo a bateria de Mestre \u00c1tila, apesar de o samba-enredo dos craques\u00a0Arlindo Cruz, Mauri\u00e7\u00e3o, Carlos Sena, Alu\u00edsio Machado e Jo\u00e3o Bosco n\u00e3o ter ca\u00eddo no gosto do p\u00fablico. No fim das contas, a ideia foi passada de forma confusa, j\u00e1 que o Imp\u00e9rio usou o setor que homenageava a pr\u00f3pria escola de forma a dizer que a escola era diferente das demais. Pareceu mais uma forma de enxertar no desfile alguma lembran\u00e7a pelos 60 anos da Verde e Branco. Um desfile bem irregular, em resumo.<span style=\"text-decoration: underline;\"><br \/>\n<\/span><\/p>\n<p><a href=\"http:\/\/www.pedromigao.com.br\/ourodetolo\/wp-content\/uploads\/2014\/03\/mangueira2007.jpg\"><img loading=\"lazy\" decoding=\"async\" class=\"wp-image-24416 aligncenter\" src=\"http:\/\/www.pedromigao.com.br\/ourodetolo\/wp-content\/uploads\/2014\/03\/mangueira2007.jpg\" alt=\"mangueira2007\" width=\"540\" height=\"360\" srcset=\"http:\/\/www.pedromigao.com.br\/ourodetolo\/wp-content\/uploads\/2014\/03\/mangueira2007.jpg 600w, http:\/\/www.pedromigao.com.br\/ourodetolo\/wp-content\/uploads\/2014\/03\/mangueira2007-300x200.jpg 300w, http:\/\/www.pedromigao.com.br\/ourodetolo\/wp-content\/uploads\/2014\/03\/mangueira2007-510x340.jpg 510w\" sizes=\"auto, (max-width: 540px) 100vw, 540px\" \/><\/a><\/p>\n<p style=\"text-align: justify;\">Terceira escola a desfilar, a Esta\u00e7\u00e3o Primeira de Mangueira manteve o alto padr\u00e3o de suas apresenta\u00e7\u00f5es na d\u00e9cada (exceto 2005) e se colocou como candidata \u00e0s primeiras coloca\u00e7\u00f5es, gra\u00e7as a um excepcional trabalho do carnavalesco Max Lopes na confec\u00e7\u00e3o do enredo\u00a0\u201cMinha l\u00edngua \u00e9 minha p\u00e1tria, Mangueira, meu amor. Meu\u00a0samba vai ao l\u00e1cio e colhe a \u00faltima flor\u201d, sobre a l\u00edngua portuguesa. Mas a escola passou\u00a0por tr\u00eas situa\u00e7\u00f5es complicadas, uma na fase pr\u00e9-carnavalesca, e outras quando a escola j\u00e1 se armava na concentra\u00e7\u00e3o.<\/p>\n<p style=\"text-align: justify;\">Como Jamel\u00e3o n\u00e3o teve mais condi\u00e7\u00f5es de continuar como int\u00e9rprete oficial depois de complica\u00e7\u00f5es no estado de sa\u00fade, a escola promoveu o experiente e competente Luizito, que estava na Mangueira desde 1998 como apoio do lend\u00e1rio cantor. Mas o pr\u00f3prio Luizito, que em 2006 n\u00e3o desfilara devido \u00e0 morte da esposa, sofreu um princ\u00edpio de infarto num ensaio t\u00e9cnico no come\u00e7o do ano. A participa\u00e7\u00e3o dele era incerta at\u00e9 a entrada da escola na Sapuca\u00ed, mas Luizito cumpriria com brilhantismo seu papel, mesmo alertado pelos m\u00e9dicos sobre os riscos de um infarto mais s\u00e9rio.<\/p>\n<p style=\"text-align: justify;\"><a href=\"http:\/\/www.pedromigao.com.br\/ourodetolo\/wp-content\/uploads\/2014\/03\/mangueira2007b.jpg\"><img loading=\"lazy\" decoding=\"async\" class=\"size-large wp-image-24417 alignleft\" src=\"http:\/\/www.pedromigao.com.br\/ourodetolo\/wp-content\/uploads\/2014\/03\/mangueira2007b-226x340.jpg\" alt=\"mangueira2007b\" width=\"226\" height=\"340\" srcset=\"http:\/\/www.pedromigao.com.br\/ourodetolo\/wp-content\/uploads\/2014\/03\/mangueira2007b-226x340.jpg 226w, http:\/\/www.pedromigao.com.br\/ourodetolo\/wp-content\/uploads\/2014\/03\/mangueira2007b-200x300.jpg 200w, http:\/\/www.pedromigao.com.br\/ourodetolo\/wp-content\/uploads\/2014\/03\/mangueira2007b.jpg 400w\" sizes=\"auto, (max-width: 226px) 100vw, 226px\" \/><\/a>J\u00e1 a cantora Beth Carvalho, que estava com problemas de coluna, queria desfilar numa das alegorias por n\u00e3o reunir condi\u00e7\u00f5es de passar pelos 700 metros da pista. Segundo consta, estaria tudo acertado, mas em cima da hora ela ficou sem lugar. Beth, ent\u00e3o, tentou sair no carro dos baluartes<span style=\"color: #000000;\">\u00a0<span style=\"text-decoration: underline;\"><span style=\"color: #ff6600; text-decoration: underline;\"><a href=\"http:\/\/www.youtube.com\/watch?v=N0wEbfFsb3Q\" target=\"_blank\"><span style=\"color: #ff6600; text-decoration: underline;\">mas foi expulsa sob a alega\u00e7\u00e3o\u00a0de que n\u00e3o poderia desfilar ali\u00a0justamente por n\u00e3o\u00a0ser baluarte<\/span><\/a><\/span><\/span>.<\/span>\u00a0Depois de grande confus\u00e3o, Beth ficou aos prantos na concentra\u00e7\u00e3o enquanto a escola desfilava. Ela ficaria afastada da Mangueira at\u00e9 2010, quando seria convidada a voltar pelo novo presidente Ivo Meirelles. Outro que n\u00e3o desfilou foi Nelson Sargento, que desistiu de subir no carro dos baluartes porque sua esposa e filho n\u00e3o receberam fantasias da escola, prometidas pelo presidente Percival Pires.<\/p>\n<p style=\"text-align: justify;\">Tens\u00f5es \u00e0 parte, a Mangueira fez um bonito desfile, a come\u00e7ar pela excelente comiss\u00e3o de frente\u00a0que tinha integrantes vestidos ora com a cor da escola em tons bem fortes ora com figurinos tipicamente portugueses. Os componentes ainda levantavam placas com as palavras poesia, Mangueira, Jamel\u00e3o, felicidade, galera, entre outras. Em seguida, um belo pede-passagem com inscri\u00e7\u00f5es em neon precedia as primeiras alas que representavam o latim (surgido na regi\u00e3o do L\u00e1cio, na It\u00e1lia), ladeados por lindos trip\u00e9s sobre o imp\u00e9rio romano, e um lindo carro acoplado de 60 metros simbolizando essa \u00e9poca todo em dourado e soltando chamas.<\/p>\n<p style=\"text-align: justify;\">A alegoria &#8220;Navegar \u00e9 Preciso&#8221; era ainda maior e, a meu ver, a mais bonita do desfile, com uma grande caravela dourada inspirada no barroco portugu\u00eas. O requinte foi t\u00e3o grande que a pintura foi feita em p\u00f3 de ouro.\u00a0Outro belo carro era chamado &#8220;Inspira\u00e7\u00e3o Liter\u00e1ria&#8221; com uma grande representa\u00e7\u00e3o do quadro &#8220;Abaporu&#8221;, de Tarsila do Amaral, para homenagear a Semana de Arte Moderna de 1922. Mas infelizmente houve problemas na alegoria &#8220;Miscigena\u00e7\u00e3o Brasileira&#8221;, pois o topo de uma igreja estava danificado. Al\u00e9m disso, um\u00a0erro impediu que uma das alas desfilasse na posi\u00e7\u00e3o correta.<\/p>\n<p style=\"text-align: justify;\">Apesar desses percal\u00e7os, o desfile continuou muito bonito, com Max Lopes adotando diferentes tons para o verde e o rosa, o que \u00e9 sempre complicado, e com fantasias bel\u00edssimas e bem acabadas. Gostei muito da ala das baianas, que representou &#8220;As rosas n\u00e3o falam&#8221;, de Cartola. A Mangueira fez ainda um passeio pelos pa\u00edses que falam a nossa l\u00edngua e o\u00a0belo samba-enredo agradou. A bateria, que tinha Mestre Russo de volta, teve \u00f3timo andamento e a velha batida seca do surdo um, com boas bossas e paradinhas. N\u00e3o foi um desfile tecnicamente perfeito, mas a escola estava credenciada a brigar pelos primeiros lugares.<\/p>\n<p><a href=\"http:\/\/www.pedromigao.com.br\/ourodetolo\/wp-content\/uploads\/2014\/03\/viradouro2007b.jpg\"><img loading=\"lazy\" decoding=\"async\" class=\"wp-image-24425 aligncenter\" src=\"http:\/\/www.pedromigao.com.br\/ourodetolo\/wp-content\/uploads\/2014\/03\/viradouro2007b.jpg\" alt=\"viradouro2007b\" width=\"570\" height=\"326\" srcset=\"http:\/\/www.pedromigao.com.br\/ourodetolo\/wp-content\/uploads\/2014\/03\/viradouro2007b.jpg 712w, http:\/\/www.pedromigao.com.br\/ourodetolo\/wp-content\/uploads\/2014\/03\/viradouro2007b-300x171.jpg 300w, http:\/\/www.pedromigao.com.br\/ourodetolo\/wp-content\/uploads\/2014\/03\/viradouro2007b-550x315.jpg 550w\" sizes=\"auto, (max-width: 570px) 100vw, 570px\" \/><\/a><\/p>\n<p style=\"text-align: justify;\">Debaixo de muita expectativa, a Unidos do Viradouro entrou com for\u00e7a na passarela e fez um desfile surpreendente. Na chegada a Niter\u00f3i, o carnavalesco Paulo Barros usou e abusou de criatividade, e a proposta do enredo &#8220;A Viradouro vira o jogo&#8221; foi bem recebida pelo p\u00fablico, mas com ressalvas pela cr\u00edtica carnavalesca &#8211; chegaremos l\u00e1 mais tarde. O show come\u00e7ou com a comiss\u00e3o de frente chamada &#8220;Embaralhando as Cartas&#8221;, cujos componentes estavam vestidos de curinga e usavam grandes cartas de baralho (cujos versos tinham letras para formar palavras) para executar coreografias.<\/p>\n<p style=\"text-align: justify;\">O abre-alas\u00a0vinha cheio de dados que giravam e pierr\u00f4s mascarados dentro deles. J\u00e1 o carro &#8220;Cassino&#8221; era todo em dourado, mas os componentes giravam discos em formato de roletas e isso dava bel\u00edssimo efeito. A tamb\u00e9m criativa alegoria tinha a assinatura de Paulo Barros, com os componentes representando\u00a0o tradicional or\u00e1culo oriental do I Ching\u00a0em interessante coreografia.<\/p>\n<p style=\"text-align: justify;\"><a href=\"http:\/\/www.pedromigao.com.br\/ourodetolo\/wp-content\/uploads\/2014\/03\/viradouro2007.jpg\"><img loading=\"lazy\" decoding=\"async\" class=\"size-large wp-image-24424 alignleft\" src=\"http:\/\/www.pedromigao.com.br\/ourodetolo\/wp-content\/uploads\/2014\/03\/viradouro2007-278x340.jpg\" alt=\"viradouro2007\" width=\"278\" height=\"340\" srcset=\"http:\/\/www.pedromigao.com.br\/ourodetolo\/wp-content\/uploads\/2014\/03\/viradouro2007-278x340.jpg 278w, http:\/\/www.pedromigao.com.br\/ourodetolo\/wp-content\/uploads\/2014\/03\/viradouro2007-245x300.jpg 245w, http:\/\/www.pedromigao.com.br\/ourodetolo\/wp-content\/uploads\/2014\/03\/viradouro2007.jpg 400w\" sizes=\"auto, (max-width: 278px) 100vw, 278px\" \/><\/a>Mas as grandes surpresas ainda estavam por vir. Uma alegoria representava um gigantesco tabuleiro de xadrez (foto ao lado), mas as pe\u00e7as eram simplesmente os ritmistas da bateria. Ora eles ficavam em cima do carro, ora desciam para o recuo da bateria e eram substitu\u00eddos por componentes da ala posterior, que tinham a mesma fantasia. Mas nada superou o elemento\u00a0\u201cCastelo de cartas\u201d (foto acima), constru\u00eddo de cabe\u00e7a para baixo com as rodas no topo da alegoria. Infelizmente, o mecanismo da alegoria que representava os jogos de dados teve problemas durante o desfile.<\/p>\n<p style=\"text-align: justify;\">As alas representaram \u00a0diversos tipos de jogos como os de racioc\u00ednio e estrat\u00e9gia, jogo da velha, dama, xadrez, al\u00e9m de jogos de adrenalina, v\u00eddeo-game, batalha naval, carros eletr\u00f4nicos, futebol e paintball. Gostei muito da ala que representava um &#8220;efeito domin\u00f3&#8221; e a que simbolizava o &#8220;Cubo M\u00e1gico&#8221;. J\u00e1 a ala das\u00a0baianas representava o jogo de b\u00fazios.<\/p>\n<p style=\"text-align: justify;\">No entanto, tudo isso, se mais uma vez comprovou a indiscut\u00edvel capacidade de Paulo Barros surpreender e inovar, gerou reclama\u00e7\u00f5es mais fortes dos puristas. Estes reclamavam que Barros utilizava uma linguagem e est\u00e9tica que n\u00e3o contavam simplesmente um enredo, mas juntavam diversas ideias isoladas e serviam simplesmente para chamar a aten\u00e7\u00e3o sem compromisso com uma hist\u00f3ria de in\u00edcio meio e fim. Um dos motivos para as cr\u00edticas foi o fato de o carnavalesco mais uma vez recorrer a filmes ou personagens, como nos carros\u00a0sobre o filme &#8220;Guerra nas Estrelas&#8221; e o livro &#8220;Onde Est\u00e1 Wally?&#8221;. De fato, nestes casos achei um exagero.<\/p>\n<p style=\"text-align: justify;\">Em rela\u00e7\u00e3o aos quesitos de pista, o samba-enredo funcionou para a escola, mas n\u00e3o ocorreu o &#8220;sacode&#8221; que se imaginava, apesar de n\u00e3o ter sido um desfile frio. J\u00e1 a bateria de Mestre Ci\u00e7a, embora com a precis\u00e3o de sempre nas marca\u00e7\u00f5es e a criatividade de costume, imprimiu um andamento acelerado demais pro meu gosto. A expectativa de favorita ao t\u00edtulo n\u00e3o se confirmou, mas de qualquer forma um agrad\u00e1vel desfile da Viradouro, que a colocaria nas primeiras coloca\u00e7\u00f5es, j\u00e1 que, repito, a proposta do enredo (ou tema, como preferem os cr\u00edticos de Paulo Barros) foi bem transmitida.<\/p>\n<p style=\"text-align: justify;\">J\u00e1 a Mocidade Independente de Padre Miguel, com o enredo\u00a0\u201cO futuro do pret\u00e9rito \u2013 uma hist\u00f3ria feita \u00e0 m\u00e3o\u201d, do promissor carnavalesco Alex de Souza, abordou a arte feita pelas m\u00e3os do homem, mas a ideia foi um tanto confusa para o p\u00fablico. A escola viajou pela hist\u00f3ria dos artes\u00e3os brasileiros, com belas alegorias diga-se de passagem, mas fez uma associa\u00e7\u00e3o com o que seria o futuro da cria\u00e7\u00e3o, com uma est\u00e9tica chamada de &#8220;retrofuturista&#8221;, colocando como quest\u00e3o se a criatura poderia amea\u00e7ar a cria\u00e7\u00e3o.<\/p>\n<p style=\"text-align: justify;\">Gostei mais da parte em que o desfile passou por cria\u00e7\u00f5es como as obras em cer\u00e2mica, as rendas, os curtumes, mas essa parte mais ficcional n\u00e3o agradou tanto. O samba-enredo foi bem cantado pelo estreante Bruno Ribas e a bateria esteve firme, ainda com uma cad\u00eancia verdadeira de samba-enredo. Foi um desfile irregular, daqueles de meio para o fim de tabela.<\/p>\n<p style=\"text-align: justify;\">Outra que fez uma irregular, mas bonita apresenta\u00e7\u00e3o, foi Vila Isabel, com o enredo\u00a0\u201cMetamorfoses: do Reino animal \u00e0 Corte popular do carnaval\u201d, que misturava as transforma\u00e7\u00f5es do mundo, dos animais, das plantas e&#8230; da pr\u00f3pria escola do bairro de Noel,\u00a0a campe\u00e3 de 2006 &#8211; o samba dizia que <em>&#8220;A Vila tamb\u00e9m se modificou \/ No universo do Carnaval \/ Lindamente desabrochou \/ E um sonho fez real&#8221;<\/em>. Inegavelmente a escola esteve bem nos quesitos pl\u00e1sticos, mas foi outro desfile frio.<\/p>\n<p style=\"text-align: justify;\">A comiss\u00e3o de frente representava a &#8220;Transmuta\u00e7\u00e3o da Esp\u00e9cie Humana&#8221; e tinha seus componentes vestidos de macacos, com um trip\u00e9 em forma de torre de rel\u00f3gio para mostrar a passagem do tempo, mas a coreografia n\u00e3o agradou. O interessante abre-alas era multicolorido com uma grande escultura de lagarto e\u00a0os componentes\u00a0vestidos de borboletas para mostrar o processo de metamorfose.<\/p>\n<p style=\"text-align: justify;\">Gostei tamb\u00e9m do segundo carro, que se chamava &#8220;M\u00e3e \u00c1frica&#8221; e mostrava a evolu\u00e7\u00e3o do homem, com destaques vestidos de macacos, homens das cavernas e e homens da atualidade. Mas o que agradou ainda mais foi o elemento &#8220;A robotiza\u00e7\u00e3o humana&#8221;, com uma grande escultura de rob\u00f4, com bons movimentos e muito neon, e ainda um enorme teclado de computador, o que valorizava a alegoria.<\/p>\n<p style=\"text-align: justify;\"><span style=\"line-height: 1.5em;\">As fantasias tamb\u00e9m eram muito bonitas, com plumas e materiais ricos. O samba-enredo era correto, mas a escola esteve irregular no quesito Harmonia, apesar da for\u00e7a da bateria de Mestre Mug, que fez muitas paradinhas e bossas. J\u00e1 a evolu\u00e7\u00e3o foi constante e sem problemas aparentes, o que colocava a escola com boas condi\u00e7\u00f5es de pelo menos voltar no s\u00e1bado. Mas o t\u00edtulo era um sonho mais distante.<\/span><\/p>\n<p style=\"text-align: justify;\">A segunda noite de desfiles come\u00e7ou com uma agrad\u00e1vel apresenta\u00e7\u00e3o da Unidos do Porto da Pedra. O enredo &#8220;Preto e Branco a cores&#8221;, do carnavalesco Milton Cunha, abordava a luta na \u00c1frica do Sul pelo fim do regime do apartheid e prestava uma homenagem a Nelson Mandela.<\/p>\n<p style=\"text-align: justify;\">A comiss\u00e3o de frente teve dez integrantes representando Mandela, com uma excelente caracteriza\u00e7\u00e3o e carregando uma enorme bandeira da \u00c1frica do Sul, e cinco fantasiados de tigres, o s\u00edmbolo da agremia\u00e7\u00e3o. Havia ainda uma roda met\u00e1lica com o mapa da \u00c1frica do Sul.<\/p>\n<p style=\"text-align: justify;\">O lindo abre alas tinha o tigre em preto e branco e o segundo, chamado &#8220;Anjo Colonizador Racista&#8221; mostrava a revolta contra o\u00a0apartheid e esculturas de pessoas feridas, como a de um pai carregando o filho. As alegorias, embora menores, tinham bons movimentos e eram coerentes.<\/p>\n<p style=\"text-align: justify;\">Diga-se de passagem, gostei muito da abordagem do enredo, com setores em preto e branco representando o apartheid e outros coloridos simbolizando a nova \u00c1frica do Sul, com a uni\u00e3o das ra\u00e7as. As fantasias n\u00e3o estavam t\u00e3o luxuosas, mas contavam bem a proposta a ideia.<\/p>\n<p style=\"text-align: justify;\">O excelente samba-enredo funcionou e ainda teve uma bateria dirigida pelo saudoso Mestre Louro, com um andamento acelerado, mas muitas ousadias. A Vermelho e Branco terminou seu desfile sem riscos de rebaixamento.<\/p>\n<p style=\"text-align: justify;\"><a href=\"http:\/\/www.pedromigao.com.br\/ourodetolo\/wp-content\/uploads\/2014\/03\/tijuca2007.jpg\"><img loading=\"lazy\" decoding=\"async\" class=\"size-large wp-image-24423 alignleft\" src=\"http:\/\/www.pedromigao.com.br\/ourodetolo\/wp-content\/uploads\/2014\/03\/tijuca2007-226x340.jpg\" alt=\"tijuca2007\" width=\"226\" height=\"340\" srcset=\"http:\/\/www.pedromigao.com.br\/ourodetolo\/wp-content\/uploads\/2014\/03\/tijuca2007-226x340.jpg 226w, http:\/\/www.pedromigao.com.br\/ourodetolo\/wp-content\/uploads\/2014\/03\/tijuca2007-200x300.jpg 200w, http:\/\/www.pedromigao.com.br\/ourodetolo\/wp-content\/uploads\/2014\/03\/tijuca2007.jpg 400w\" sizes=\"auto, (max-width: 226px) 100vw, 226px\" \/><\/a>Segunda escola do dia, a Unidos da Tijuca jogou para longe qualquer desconfian\u00e7a que existia depois da sa\u00edda de Paulo Barros e fez uma criativa e inteligente exibi\u00e7\u00e3o ao contar a hist\u00f3ria da fotografia. O enredo\u00a0\u201cDe lambida em lambida, a Tijuca d\u00e1 um click na avenida\u201d foi muito bem desenvolvido pelos carnavalescos e lembrou desde o tradicional lambe-lambe at\u00e9 as modernas m\u00e1quinas digitais.<\/p>\n<p style=\"text-align: justify;\">A criativa comiss\u00e3o de frente se chamava &#8220;Paparazzi imperial&#8221; e o principal componente estava fantasiado de D.Pedro II, respons\u00e1vel por trazer a fotografia para o Brasil, e carregava um trip\u00e9 em formato de c\u00e2mera antiga. Os demais componentes representavam os presidentes das outras escolas de samba do Grupo Especial e estes eram &#8220;fotografados&#8221;.<\/p>\n<p style=\"text-align: justify;\">O abre-alas\u00a0tinha uma enorme escultura de diabo com barras de f\u00f3sforo e magn\u00e9sio, usados como flash quando a fotografia surgiu, e mostrava a passagem da\u00a0<span style=\"line-height: 1.5em;\">pintura para a fotografia, com a disputa entre pintores e fot\u00f3grafos. Havia ainda um Leonardo da Vinci pintando uma Monalisa na avenida &#8211; a alegoria sofreria um inc\u00eandio durante o desfile das campe\u00e3s.<\/span><\/p>\n<p style=\"text-align: justify;\">Agradou muito a alegoria &#8220;\u00c1lbum de Fam\u00edlia&#8221;, que mostrava o velho h\u00e1bito de se reunir os entes queridos para registrar momentos do dia a dia, com os componentes realizando coreografias. Outro elemento muito criativo tinha imagens do p\u00fablico registradas em tempo real por dois fot\u00f3grafos e exibidas em tel\u00f5es.<\/p>\n<p style=\"text-align: justify;\">Houve tamb\u00e9m espa\u00e7o para momentos mais s\u00e9rios, como o carro aleg\u00f3rico &#8220;Retratos da Vida&#8221;, que retratou (sem trocadilhos) a famosa fotografia da menina fugindo sem roupas ap\u00f3s um ataque durante a Guerra do\u00a0Vietn\u00e3.\u00a0As fantasias tamb\u00e9m agradaram, tanto em concep\u00e7\u00e3o como em acabamento, al\u00e9m de serem muito criativas.<\/p>\n<p style=\"text-align: justify;\">O agrad\u00e1vel samba-enredo, mesmo sem ser nenhuma obra-prima, rendeu na voz do sempre competente Wantuir e a Tijuca n\u00e3o s\u00f3 cumpriu com louvor a miss\u00e3o de se dissociar da figura de Paulo Barros, como se colocou como uma das melhores escolas do ano com tranquilidade.<\/p>\n<p><a href=\"http:\/\/www.pedromigao.com.br\/ourodetolo\/wp-content\/uploads\/2014\/03\/salgueiro2007b.jpg\"><img loading=\"lazy\" decoding=\"async\" class=\"wp-image-24421 aligncenter\" src=\"http:\/\/www.pedromigao.com.br\/ourodetolo\/wp-content\/uploads\/2014\/03\/salgueiro2007b.jpg\" alt=\"salgueiro2007b\" width=\"540\" height=\"360\" srcset=\"http:\/\/www.pedromigao.com.br\/ourodetolo\/wp-content\/uploads\/2014\/03\/salgueiro2007b.jpg 600w, http:\/\/www.pedromigao.com.br\/ourodetolo\/wp-content\/uploads\/2014\/03\/salgueiro2007b-300x200.jpg 300w, http:\/\/www.pedromigao.com.br\/ourodetolo\/wp-content\/uploads\/2014\/03\/salgueiro2007b-510x340.jpg 510w\" sizes=\"auto, (max-width: 540px) 100vw, 540px\" \/><\/a><\/p>\n<p style=\"text-align: justify;\">Terceira escola a entrar na pista, o Salgueiro fez uma apresenta\u00e7\u00e3o arrebatadora ao defender o enredo &#8220;Candaces&#8221;, sobre as rainhas da \u00c1frica Oriental desde a \u00e9poca antes de Cristo. O brilhante carnavalesco Renato Lage, que teve ao lado a esposa M\u00e1rcia L\u00e1via, mostrou que n\u00e3o \u00e9 s\u00f3 competente ao conceber enredos mais contempor\u00e2neos, mas tamb\u00e9m com tem\u00e1ticas mais densas e cl\u00e1ssicas &#8211; <span style=\"text-decoration: underline;\"><span style=\"color: #ff6600;\"><a href=\"http:\/\/www.pedromigao.com.br\/ourodetolo\/2010\/07\/samba-de-terca-candaces\/\" target=\"_blank\"><span style=\"color: #ff6600; text-decoration: underline;\">o Mig\u00e3o j\u00e1 escreveu sobre esse desfile no Ouro de Tolo<\/span><\/a><\/span><\/span>.<\/p>\n<p style=\"text-align: justify;\"><a href=\"http:\/\/www.pedromigao.com.br\/ourodetolo\/wp-content\/uploads\/2014\/03\/salgueiro2007.jpg\"><img loading=\"lazy\" decoding=\"async\" class=\"size-large wp-image-24420 alignleft\" src=\"http:\/\/www.pedromigao.com.br\/ourodetolo\/wp-content\/uploads\/2014\/03\/salgueiro2007-226x340.jpg\" alt=\"salgueiro2007\" width=\"226\" height=\"340\" srcset=\"http:\/\/www.pedromigao.com.br\/ourodetolo\/wp-content\/uploads\/2014\/03\/salgueiro2007-226x340.jpg 226w, http:\/\/www.pedromigao.com.br\/ourodetolo\/wp-content\/uploads\/2014\/03\/salgueiro2007-200x300.jpg 200w, http:\/\/www.pedromigao.com.br\/ourodetolo\/wp-content\/uploads\/2014\/03\/salgueiro2007.jpg 400w\" sizes=\"auto, (max-width: 226px) 100vw, 226px\" \/><\/a>A comiss\u00e3o de frente (foto acima) tinha coreografia baseada na tradi\u00e7\u00e3o eg\u00edpcia da\u00a0busca pela imortalidade buscava uma das\u00a0Candaces citadas no enredo, Nefertiti. O bel\u00edssimo abre-alas chamava-se &#8220;Ra\u00edzes da Cria\u00e7\u00e3o&#8221; (foto ao lado) e tinha um grande baob\u00e1 e uma impressionante escultura de feiticeira, com incr\u00edveis movimentos e acabamento perfeito, cercada por orix\u00e1s.<\/p>\n<p style=\"text-align: justify;\">O segundo carro, chamado &#8220;Cortejo de Mekeda&#8221;, representava uma das rainhas africanas e tamb\u00e9m era maravilhoso, com perfeita ilumina\u00e7\u00e3o, e diversas esculturas de negras. Mas, a meu ver, o elemento mais impressionante era chamado &#8220;Egito de Neferiti&#8221;, com uma riqueza de detalhes incr\u00edvel &#8211; al\u00e9m do rosto da rainha, havia diversos coqueiros t\u00edpicos e, a exemplo dos demais elementos, pendia para o dourado.<\/p>\n<p style=\"text-align: justify;\">J\u00e1 o carro &#8220;Maracatu e a Gl\u00f3ria Real da Corte Negra&#8221; trazia o enredo para o Brasil, com os escravos que surgiram na Bahia e ao ritmo que apareceu em Pernambuco. Para fechar o show salgueirense, a linda alegoria &#8220;M\u00e3es de Santo, M\u00e3es do Samba&#8221; (foto ao lado), com uma gigante e muito bem acabada escultura de m\u00e3e de santo aben\u00e7oando o ritmo que tanto amamos e os grandes nomes da agremia\u00e7\u00e3o, que estavam como destaques.<a href=\"http:\/\/www.pedromigao.com.br\/ourodetolo\/wp-content\/uploads\/2014\/03\/salgueiro2007c.jpg\"><img loading=\"lazy\" decoding=\"async\" class=\"size-medium wp-image-24422 alignright\" src=\"http:\/\/www.pedromigao.com.br\/ourodetolo\/wp-content\/uploads\/2014\/03\/salgueiro2007c-300x200.jpg\" alt=\"salgueiro2007c\" width=\"300\" height=\"200\" srcset=\"http:\/\/www.pedromigao.com.br\/ourodetolo\/wp-content\/uploads\/2014\/03\/salgueiro2007c-300x200.jpg 300w, http:\/\/www.pedromigao.com.br\/ourodetolo\/wp-content\/uploads\/2014\/03\/salgueiro2007c-510x340.jpg 510w, http:\/\/www.pedromigao.com.br\/ourodetolo\/wp-content\/uploads\/2014\/03\/salgueiro2007c.jpg 600w\" sizes=\"auto, (max-width: 300px) 100vw, 300px\" \/><\/a><\/p>\n<p style=\"text-align: justify;\">Assim como as alegorias, as fantasias estavam tamb\u00e9m brilhantes, como por exemplo o espetacular figurino da ala das baianas, com bastante palha. Diga-se de passagem, a divis\u00e3o crom\u00e1tica da escola foi um col\u00edrio para os olhos, com bastante dourado misturado ao vermelho, o que aumentou ainda mais a for\u00e7a da apresenta\u00e7\u00e3o salgueirense.<\/p>\n<!--[if lt IE 9]><script>document.createElement('audio');<\/script><![endif]-->\n<audio class=\"wp-audio-shortcode\" id=\"audio-24262-1\" preload=\"none\" style=\"width: 100%;\" controls=\"controls\"><source type=\"audio\/mpeg\" src=\"http:\/\/www.pedromigao.com.br\/ourodetolo\/wp-content\/uploads\/2014\/03\/09-Salgueiro.mp3?_=1\" \/><a href=\"http:\/\/www.pedromigao.com.br\/ourodetolo\/wp-content\/uploads\/2014\/03\/09-Salgueiro.mp3\">http:\/\/www.pedromigao.com.br\/ourodetolo\/wp-content\/uploads\/2014\/03\/09-Salgueiro.mp3<\/a><\/audio>\n<p style=\"text-align: justify;\">O samba-enredo (acima, o \u00e1udio ao vivo do desfile) era valente, apesar de n\u00e3o deixar de ser curioso e engra\u00e7ado uma obra classuda como aquela &#8211; e bem diferente dos \u00faltimos sambas da escola &#8211; ter sido intercalada pelos cacos do int\u00e9rprete Quinho, como no trecho <em>&#8220;Oray\u00ea y\u00ea o, oxum (T\u00c1 CEEEERTOOO!) \/\u00a0Oba xi ob\u00e1&#8221; &#8211; <\/em>e estes cacos trariam perda de pontos no quesito durante a apura\u00e7\u00e3o. A bateria de Mestre Marc\u00e3o esteve em grande noite, com \u00f3timas viradas e paradinhas criativas.<\/p>\n<p style=\"text-align: justify;\">Apesar de problemas de harmonia, o \u00a0Salgueiro fez a melhor apresenta\u00e7\u00e3o at\u00e9 aquele momento e se candidatou \u00e0 disputa pelo campeonato pela grandiosidade das alegorias e a corre\u00e7\u00e3o com que o enredo foi abordado.<\/p>\n<audio class=\"wp-audio-shortcode\" id=\"audio-24262-2\" preload=\"none\" style=\"width: 100%;\" controls=\"controls\"><source type=\"audio\/mpeg\" src=\"http:\/\/www.pedromigao.com.br\/ourodetolo\/wp-content\/uploads\/2014\/03\/11-2007_Portela_Esquenta.mp3?_=2\" \/><a href=\"http:\/\/www.pedromigao.com.br\/ourodetolo\/wp-content\/uploads\/2014\/03\/11-2007_Portela_Esquenta.mp3\">http:\/\/www.pedromigao.com.br\/ourodetolo\/wp-content\/uploads\/2014\/03\/11-2007_Portela_Esquenta.mp3<\/a><\/audio>\n<p style=\"text-align: justify;\"><a href=\"http:\/\/www.pedromigao.com.br\/ourodetolo\/wp-content\/uploads\/2014\/03\/portela2007.jpg\"><img loading=\"lazy\" decoding=\"async\" class=\"size-medium wp-image-24418 alignleft\" src=\"http:\/\/www.pedromigao.com.br\/ourodetolo\/wp-content\/uploads\/2014\/03\/portela2007-300x200.jpg\" alt=\"portela2007\" width=\"300\" height=\"200\" srcset=\"http:\/\/www.pedromigao.com.br\/ourodetolo\/wp-content\/uploads\/2014\/03\/portela2007-300x200.jpg 300w, http:\/\/www.pedromigao.com.br\/ourodetolo\/wp-content\/uploads\/2014\/03\/portela2007-510x340.jpg 510w, http:\/\/www.pedromigao.com.br\/ourodetolo\/wp-content\/uploads\/2014\/03\/portela2007.jpg 600w\" sizes=\"auto, (max-width: 300px) 100vw, 300px\" \/><\/a>J\u00e1 a Portela (acima, o esquenta com &#8220;Portela na Avenida&#8221;) fez uma simp\u00e1tica apresenta\u00e7\u00e3o ao levar para a avenida o enredo\u00a0\u201cOs Deuses do Olimpo na Terra do carnaval: uma festa dos esportes, da sa\u00fade e da beleza\u201d, sobre o Pan do Rio de Janeiro que come\u00e7aria meses depois.<\/p>\n<p style=\"text-align: justify;\">Gostei muito da comiss\u00e3o de frente, com a deusa da vit\u00f3ria Nik\u00e9 e deuses do olimpo mostrando as primeiras modalidades esportivas com acrobacias bem feitas, cercados por trip\u00e9s em formato de colunas gregas. Um pede-passagem em formato de arena grega levou a \u00e1guia, que estava muito bonita (foto). O abre-alas representava a Gr\u00e9cia antiga e tinha outras 21 \u00e1guias representando os t\u00edtulos da escola.<\/p>\n<p style=\"text-align: justify;\">O enredo passou pela fase em que o Bar\u00e3o de Coubertin criou os Jogos Ol\u00edmpicos da Era Moderna &#8211; ora bolas, o conceito do Pan evidentemente saiu das Olimp\u00edadas &#8211; e depois fez uma homenagem ao Rio, sede dos Jogos de 2007. O belo elemento &#8220;As Pratas da Casa s\u00e3o Ouro&#8221; era muito bem resolvido, todo em dourado, e n\u00e3o faltaram atletas famosos como os ginastas\u00a0Diego e Danielle Hypolito\u00a0e\u00a0Daiane dos Santos, al\u00e9m do bicampe\u00e3o ol\u00edmpico no v\u00f4lei Giovane e do medalhista Robson Caetano.<\/p>\n<p style=\"text-align: justify;\">No entanto, apesar deste bonito carro, a Majestade do Samba apresentou um conjunto visual um tanto irregular, tanto em alegorias como em fantasias, com elementos mais pobres em rela\u00e7\u00e3o a outras escolas &#8211; mais detalhes no &#8220;Cantinho do Editor&#8221;. Surpreendentemente em se tratando de Portela, houve tamb\u00e9m problemas em Harmonia e Evolu\u00e7\u00e3o.<\/p>\n<p style=\"text-align: justify;\">J\u00e1 a bateria, que tinha a exuberante Adriana Bombom \u00e0 frente, teve uma grande exibi\u00e7\u00e3o e estava vestida de terno e gravata, representando &#8220;A Delega\u00e7\u00e3o Medalha de Ouro da Portela&#8221;. O samba assinado por Diogo Nogueira (filho do grande Jo\u00e3o Nogueira), Ciraninho e Celso Andrade era bonito e os componentes cantaram com entusiasmo. Enfim, uma apresenta\u00e7\u00e3o agrad\u00e1vel, mas irregular.<\/p>\n<p style=\"text-align: justify;\">Com o complicado enredo \u201cTerezinha uhuhuuu!!! Voc\u00eas querem bacalhau?\u201d\u00a0sobre a hist\u00f3ria do bacalhau e as brincadeiras que o povo faz sobre o peixe, a Imperatriz Leopoldinense fez uma apresenta\u00e7\u00e3o muito abaixo do que vinha sendo habitual.<\/p>\n<p style=\"text-align: justify;\">Com alegorias concebidas por Rosa Magalh\u00e3es muito abaixo de seu padr\u00e3o habitual (especialmente o abre-alas e o carro que retratava o encontro da geleira com o vulc\u00e3o), a ideia da escola de fazer um desfile irreverente sucumbiu devido a um fraqu\u00edssimo e quilom\u00e9trico samba-enredo, que se arrastou na avenida e n\u00e3o conquistou nem p\u00fablico nem componentes, apesar da volta do grande Preto Joia ao posto de int\u00e9rprete principal. A escola passou praticamente muda, \u00e0 exce\u00e7\u00e3o da \u00faltima ala, a do Bacalhau do Batata &#8211; que ganharia o Estandarte de Ouro.<\/p>\n<p style=\"text-align: justify;\">Al\u00e9m disso, a mistura que envolveu Noruega (patrocinadora do enredo, diga-se de passagem), Chacrinha e os blocos de Carnaval pernambucanos complicou muito o entendimento da ideia. Foi aquele t\u00edpico desfile de meio de tabela para tr\u00e1s, mas sem risco aparente de descenso &#8211; embora muitos especialistas em carnaval tenham colocado o desfile da escola como pass\u00edvel de rebaixamento.<\/p>\n<p style=\"text-align: justify;\"><a href=\"http:\/\/www.pedromigao.com.br\/ourodetolo\/wp-content\/uploads\/2014\/03\/granderio2007.jpg\"><img loading=\"lazy\" decoding=\"async\" class=\"size-medium wp-image-24414 alignleft\" src=\"http:\/\/www.pedromigao.com.br\/ourodetolo\/wp-content\/uploads\/2014\/03\/granderio2007-200x300.jpg\" alt=\"granderio2007\" width=\"200\" height=\"300\" srcset=\"http:\/\/www.pedromigao.com.br\/ourodetolo\/wp-content\/uploads\/2014\/03\/granderio2007-200x300.jpg 200w, http:\/\/www.pedromigao.com.br\/ourodetolo\/wp-content\/uploads\/2014\/03\/granderio2007-226x340.jpg 226w, http:\/\/www.pedromigao.com.br\/ourodetolo\/wp-content\/uploads\/2014\/03\/granderio2007.jpg 400w\" sizes=\"auto, (max-width: 200px) 100vw, 200px\" \/><\/a>Outro desfile que decepcionou (pelo menos a mim) foi o da vice-campe\u00e3 de 2006 Acad\u00eamicos do Grande Rio. O enredo\u00a0\u201cCaxias, caminho do progresso, um retrato do Brasil\u201d, do carnavalesco Roberto Szaniecki, teoricamente era uma exalta\u00e7\u00e3o \u00e0 casa da Tricolor, mas me pareceu uma propaganda pol\u00edtica velada da cidade e seus governantes.<\/p>\n<p style=\"text-align: justify;\">Isso ficou patente no setor do desfile que falava sobre a refinaria do munic\u00edpio, j\u00e1 que, como dizia o trecho do (fraco) samba <em>&#8220;A minha refinaria \/ tem combust\u00edvel para exporta\u00e7\u00e3o<\/em> \/ <em>Eu sou de Caxias \/ Sou pura energia \/ Suficiente pra alegrar seu cora\u00e7\u00e3o&#8221;<\/em>. A obra ainda louvava Ten\u00f3rio Cavalcanti como um dos \u00edcones da cidade.<\/p>\n<p style=\"text-align: justify;\">Com alegorias enormes e luxuosas, mas sem muita criatividade, a Grande Rio passeou pelo surgimento de Caxias (ali\u00e1s, a comiss\u00e3o de frente representava formigas, j\u00e1 que a constru\u00e7\u00e3o da cidade foi, segundo queria dizer o enredo, uma esp\u00e9cie de trabalho de formiguinhas), a religiosidade e manifesta\u00e7\u00f5es do folclore nordestino que forma o povo local, al\u00e9m de personagens famosos da cidade como Zeca Pagodinho, ent\u00e3o morador de Xer\u00e9m, e o hoje presidente de direito Milton Per\u00e1cio.<\/p>\n<p style=\"text-align: justify;\">Assim como em 2006, a escola cometeu s\u00e9rias falhas no quesito Evolu\u00e7\u00e3o devido \u00e0 grandiosidade das alegorias. Mais uma vez o destaque absoluto foi a cadenciada e firme bateria de Mestre Odilon, que levantou o p\u00fablico e deu vida ao longu\u00edssimo (e, repito, chat\u00edssimo) samba. Um desfile bem irregular, com cara de meio de tabela.<\/p>\n<p><a href=\"http:\/\/www.pedromigao.com.br\/ourodetolo\/wp-content\/uploads\/2014\/03\/beijaflor2007b.jpg\"><img loading=\"lazy\" decoding=\"async\" class=\"wp-image-24411 aligncenter\" src=\"http:\/\/www.pedromigao.com.br\/ourodetolo\/wp-content\/uploads\/2014\/03\/beijaflor2007b.jpg\" alt=\"beijaflor2007b\" width=\"540\" height=\"360\" srcset=\"http:\/\/www.pedromigao.com.br\/ourodetolo\/wp-content\/uploads\/2014\/03\/beijaflor2007b.jpg 600w, http:\/\/www.pedromigao.com.br\/ourodetolo\/wp-content\/uploads\/2014\/03\/beijaflor2007b-300x200.jpg 300w, http:\/\/www.pedromigao.com.br\/ourodetolo\/wp-content\/uploads\/2014\/03\/beijaflor2007b-510x340.jpg 510w\" sizes=\"auto, (max-width: 540px) 100vw, 540px\" \/><\/a><\/p>\n<p style=\"text-align: justify;\">Assim como em 2005, a Beija-Flor de Nil\u00f3polis encerrou os desfiles com uma apresenta\u00e7\u00e3o maravilhosa, que a credenciou como favorita ao campeonato. Com o enredo\u00a0\u201c\u00c1fricas \u2013 Do ber\u00e7o Real \u00e0 Corte Brasiliana\u201d, a Azul e Branco n\u00e3o s\u00f3 esteve riqu\u00edssima nos quesitos pl\u00e1sticos, como teve o melhor samba-enredo do ano e ainda uma fort\u00edssima exibi\u00e7\u00e3o em todos os quesitos.<\/p>\n<p style=\"text-align: justify;\">A comiss\u00e3o de frente era chamada &#8220;\u00c1fricas: realidade, realeza e ax\u00e9&#8221; e representava a g\u00eanese africana, com bel\u00edssimas fantasias de guerreiros. A seguir, como j\u00e1 vinha sendo h\u00e1bito, Claudinho e Selminha Sorriso e depois uma ala com enormes trip\u00e9s em formato de girafas &#8211; elas pareciam de verdade e pareciam desfilar de verdade.<\/p>\n<p style=\"text-align: justify;\"><a href=\"http:\/\/www.pedromigao.com.br\/ourodetolo\/wp-content\/uploads\/2014\/03\/beijaflor2007c.jpg\"><img loading=\"lazy\" decoding=\"async\" class=\"size-medium wp-image-24412 alignleft\" src=\"http:\/\/www.pedromigao.com.br\/ourodetolo\/wp-content\/uploads\/2014\/03\/beijaflor2007c-300x201.jpg\" alt=\"beijaflor2007c\" width=\"300\" height=\"201\" srcset=\"http:\/\/www.pedromigao.com.br\/ourodetolo\/wp-content\/uploads\/2014\/03\/beijaflor2007c-300x201.jpg 300w, http:\/\/www.pedromigao.com.br\/ourodetolo\/wp-content\/uploads\/2014\/03\/beijaflor2007c-507x340.jpg 507w, http:\/\/www.pedromigao.com.br\/ourodetolo\/wp-content\/uploads\/2014\/03\/beijaflor2007c.jpg 600w\" sizes=\"auto, (max-width: 300px) 100vw, 300px\" \/><\/a>Chamado de &#8220;O Imponente dom divino&#8221;, o gigante e acoplado abre-alas era em tons dourados e tinha um lind\u00edssimo beija-flor que se movimentava. Al\u00e9m disso, os destaques vestidos em dourado carregavam nas m\u00e3os esp\u00e9cies de asas e faziam coreografias que simbolizavam mais efeitos de p\u00e1ssaros, o que dava um grande impacto.<\/p>\n<p style=\"text-align: justify;\">O segundo elemento fazia jus ao nome e se chamava &#8220;Majestosa Negra \u00c1frica&#8221;, simbolizando a cultura africana, com esculturas de le\u00f5es e bel\u00edssimas fantasias para os destaques. O terceiro carro era muito bem resolvido e, em vez de a escola utilizar um navio negreiro cl\u00e1ssico para simbolizar a viagem dos negros para o Brasil, os colocou nos bra\u00e7os de Iemanj\u00e1, em tons de prata.<\/p>\n<p style=\"text-align: justify;\">Outro carro aleg\u00f3rico trazia uma lembran\u00e7a do arrebatador (e injusti\u00e7ado) desfile de 2001 e trazia &#8220;A Luz que vem de Daom\u00e9&#8221;, com duas grandes esculturas de m\u00e3es de santo na parte traseira. Em seguida, a meu ver a melhor alegoria do desfile: &#8220;Zumbi, Rei Guardi\u00e3o de Palmares&#8221;, simbolizando o grande quilombo com uma grande escultura de Zumbi, al\u00e9m de muita palha, bambu e fantasias dos destaques com plumas verdes. Um efeito maravilhoso!<\/p>\n<p>A alegoria &#8220;Vila Rica, a dourada \u00c1frica de Chico Rei&#8221; voltou a trazer tons de dourado e tamb\u00e9m foi de uma realiza\u00e7\u00e3o impec\u00e1vel, mesclando \u00f3tima ilumina\u00e7\u00e3o e efeitos de \u00e1gua. Em seguida, um outro carro prateado, mostrando as tradi\u00e7\u00f5es folcl\u00f3ricas como o maracatu, e a \u00faltima alegoria com uma enorme baiana e seu tabuleiro. No fim, a escola passeou pelos bairros da Gamboa e Sa\u00fade, que receberam os negros no Rio de Janeiro.\u00a0<a href=\"http:\/\/www.pedromigao.com.br\/ourodetolo\/wp-content\/uploads\/2014\/03\/beijaflor2007d.jpg\"><img loading=\"lazy\" decoding=\"async\" class=\"size-medium wp-image-24413 alignright\" src=\"http:\/\/www.pedromigao.com.br\/ourodetolo\/wp-content\/uploads\/2014\/03\/beijaflor2007d-300x201.jpg\" alt=\"beijaflor2007d\" width=\"300\" height=\"201\" srcset=\"http:\/\/www.pedromigao.com.br\/ourodetolo\/wp-content\/uploads\/2014\/03\/beijaflor2007d-300x201.jpg 300w, http:\/\/www.pedromigao.com.br\/ourodetolo\/wp-content\/uploads\/2014\/03\/beijaflor2007d-507x340.jpg 507w, http:\/\/www.pedromigao.com.br\/ourodetolo\/wp-content\/uploads\/2014\/03\/beijaflor2007d.jpg 600w\" sizes=\"auto, (max-width: 300px) 100vw, 300px\" \/><\/a><\/p>\n<p style=\"text-align: justify;\">Em rela\u00e7\u00e3o \u00e0s fantasias, ao contr\u00e1rio do Salgueiro, que optou durante praticamente todo o desfile pelo dourado e vermelho, no come\u00e7o a Beija-Flor teve essa colora\u00e7\u00e3o mais forte nos figurinos, e depois optou por tons mais claros e coloridos que se juntaram ao azul e branco da escola, no que obteve sucesso, j\u00e1 que todos os elementos tinham excelente realiza\u00e7\u00e3o e acabamento.<\/p>\n<audio class=\"wp-audio-shortcode\" id=\"audio-24262-3\" preload=\"none\" style=\"width: 100%;\" controls=\"controls\"><source type=\"audio\/mpeg\" src=\"http:\/\/www.pedromigao.com.br\/ourodetolo\/wp-content\/uploads\/2014\/03\/10-Beija-Flor-2007.mp3?_=3\" \/><a href=\"http:\/\/www.pedromigao.com.br\/ourodetolo\/wp-content\/uploads\/2014\/03\/10-Beija-Flor-2007.mp3\">http:\/\/www.pedromigao.com.br\/ourodetolo\/wp-content\/uploads\/2014\/03\/10-Beija-Flor-2007.mp3<\/a><\/audio>\n<p style=\"text-align: justify;\">O samba-enredo (acima, em vers\u00e3o ao vivo), como j\u00e1 dito, era o melhor do ano tecnicamente, com melodia e letra perfeitas. A comunidade nilopolitana, como de costume, cantou com muita garra do come\u00e7o ao fim, ao som da precisa bateria de Mestre Paulinho, que, como nos anos anteriores, procurou priorizar a firmeza em fez de usar e abusar de paradinhas e conven\u00e7\u00f5es mirabolantes.<\/p>\n<p style=\"text-align: justify;\"><strong>REPERCUSS\u00c3O E APURA\u00c7\u00c3O<\/strong><\/p>\n<p style=\"text-align: justify;\">Mal a Beija-Flor deixou a pista e foi considerada a favorita ao campeonato, pela grandeza de sua apresenta\u00e7\u00e3o e corre\u00e7\u00e3o nos quesitos. Al\u00e9m disso, a Azul e Branco conquistou os dois principais pr\u00eamios do Estandarte de Ouro (melhor escola e melhor samba-enredo).\u00a0Com seus bonitos desfiles, Salgueiro (principalmente), Viradouro, Mangueira e Tijuca tamb\u00e9m eram cotadas para as primeiras coloca\u00e7\u00f5es, mas n\u00e3o pareciam\u00a0ter for\u00e7a suficiente para amea\u00e7ar a vit\u00f3ria nilopolitana, pois falharam em algum momento.<\/p>\n<p style=\"text-align: justify;\">A Verde e Rosa liderou a apura\u00e7\u00e3o depois dos dois primeiros quesitos (Comiss\u00e3o de frente e Enredo), mas caiu para o quarto lugar depois da leitura das notas de Harmonia, atr\u00e1s da nova l\u00edder Beija-Flor, Grande Rio e Viradouro. A esta altura, o Salgueiro j\u00e1 havia perdido muito terreno e estava praticamente fora da briga.<\/p>\n<p style=\"text-align: justify;\">Dali at\u00e9 o fim da apura\u00e7\u00e3o foi um passeio tranquilo da Beija-Flor, que dos 28 julgadores seguintes teve apenas tr\u00eas notas diferentes de dez (totalizando 0,4 ponto perdid0). A Azul e Branco terminou com 399,3 pontos contra 397,9 da surpreendente, para n\u00e3o dizer inexplic\u00e1vel, vice-campe\u00e3 Grande Rio, que, mesmo com problemas em alegorias, fantasias e evolu\u00e7\u00e3o, foi menos despontuada do que deveria.<\/p>\n<p style=\"text-align: justify;\">A Mangueira terminou em terceiro lugar, seguida pela Unidos da Tijuca, que somou a mesma pontua\u00e7\u00e3o da Viradouro mas superou a escola de Niter\u00f3i no desempate (Evolu\u00e7\u00e3o). A Vila Isabel fechou o grupo das seis que voltariam no desfile das campe\u00e3s. J\u00e1 o Salgueiro, que deveria ter brigado pelas primeiras posi\u00e7\u00f5es, inexplicavelmente ficou num injusto s\u00e9timo lugar, \u00e0 frente da Portela. Ca\u00edram Imp\u00e9rio Serrano e Est\u00e1cio de S\u00e1.<\/p>\n<p style=\"text-align: justify;\"><strong>RESULTADO FINAL<\/strong><\/p>\n<table style=\"width: 590px; height: 300px;\">\n<tbody>\n<tr>\n<td>POS.<\/td>\n<td>ESCOLA<\/td>\n<td>PONTOS<\/td>\n<\/tr>\n<tr>\n<td>1\u00ba<\/td>\n<td>Beija-Flor de Nil\u00f3polis<\/td>\n<td>399,3<\/td>\n<\/tr>\n<tr>\n<td>2\u00ba<\/td>\n<td>Acad\u00eamicos do Grande Rio<\/td>\n<td>397,9<\/td>\n<\/tr>\n<tr>\n<td>3\u00ba<\/td>\n<td>Esta\u00e7\u00e3o Primeira de Mangueira<\/td>\n<td>397,4<\/td>\n<\/tr>\n<tr>\n<td>4\u00ba<\/td>\n<td>Unidos da Tijuca<\/td>\n<td>397,3<\/td>\n<\/tr>\n<tr>\n<td>5\u00ba<\/td>\n<td>Unidos do Viradouro<\/td>\n<td>397,3<\/td>\n<\/tr>\n<tr>\n<td>6\u00ba<\/td>\n<td>Unidos de Vila Isabel<\/td>\n<td>396,6<\/td>\n<\/tr>\n<tr>\n<td>7\u00ba<\/td>\n<td>Acad\u00eamicos do Salgueiro<\/td>\n<td>396,4<\/td>\n<\/tr>\n<tr>\n<td>8\u00ba<\/td>\n<td>Portela<\/td>\n<td>394,8<\/td>\n<\/tr>\n<tr>\n<td>9\u00ba<\/td>\n<td>Imperatriz Leopoldinense<\/td>\n<td>392<\/td>\n<\/tr>\n<tr>\n<td>10\u00ba<\/td>\n<td>Unidos do Porto da Pedra<\/td>\n<td>391,2<\/td>\n<\/tr>\n<tr>\n<td>11\u00ba<\/td>\n<td>Mocidade Independente de Padre Miguel<\/td>\n<td>391,1<\/td>\n<\/tr>\n<tr>\n<td>12\u00ba<\/td>\n<td>Imp\u00e9rio Serrano<\/td>\n<td>389,6 (rebaixada)<\/td>\n<\/tr>\n<tr>\n<td>13\u00ba<\/td>\n<td>Est\u00e1cio de S\u00e1<\/td>\n<td>386,5 (rebaixada)<\/td>\n<\/tr>\n<\/tbody>\n<\/table>\n<p style=\"text-align: justify;\">\n<p style=\"text-align: justify;\">Se a vit\u00f3ria da Beija-Flor foi incontest\u00e1vel, o Carnaval de 2007 n\u00e3o deixou muitas saudades nos amantes dos desfiles de escolas de samba, j\u00e1 que o p\u00fablico em pouqu\u00edssimos momentos ficou empolgado e, apesar de alguns bons momentos (sobretudo de Beija-Flor e Salgueiro), houve uma irregularidade patente nas bonitas, mas frias apresenta\u00e7\u00f5es.<\/p>\n<p style=\"text-align: justify;\">No Grupo de Acesso A, que teve um desfile de n\u00edvel sofr\u00edvel, a S\u00e3o Clemente foi a campe\u00e3 com um enredo que pedia o fim da discrimina\u00e7\u00e3o a pessoas como gays, negros, nordestinos e funkeiros &#8211; apesar do \u00f3timo desfile do Imp\u00e9rio da Tijuca. No Acesso B, a Lins Imperial conquistou o t\u00edtulo com a reedi\u00e7\u00e3o do enredo &#8220;Chico Mendes, o arauto da natureza&#8221;, do Carnaval de 1991.<\/p>\n<p style=\"text-align: justify;\"><strong>CURIOSIDADES<\/strong><\/p>\n<p style=\"text-align: justify;\">&#8211; O carnavalesco Chico Spinoza passou a integrar a equipe de comentaristas da TV Globo. Ele ficou bastante impressionado com o trabalho de Renato Lage e M\u00e1rcia L\u00e1via no desfile do Salgueiro, que tamb\u00e9m emocionou o grande salgueirense Haroldo Costa.<\/p>\n<p style=\"text-align: justify;\">&#8211; Infelizmente foi o \u00faltimo desfile completo de Mestre Louro. Um dos grandes diretores de bateria da hist\u00f3ria do Carnaval carioca, Lourival de Souza Serra sucumbiu a um c\u00e2ncer no est\u00f4mago, aos 58 anos, no dia 14 de mar\u00e7o de 2008. Filho de Iracy Serra, um dos fundadores do Salgueiro, e irm\u00e3o de Almir Guineto, Louro se consagrou na Vermelho e Branco e ainda defendeu Caprichosos de Pilares e Unidos do Porto da Pedra, sua \u00faltima escola. No desfile de 2008 ele passou mal no primeiro recuo e somente retornou no segundo, em m\u00e1s condi\u00e7\u00f5es.<\/p>\n<p style=\"text-align: justify;\">&#8211; Ouvi pela primeira vez o samba-enredo da Beija-Flor ainda durante as eliminat\u00f3rias, pelo (infelizmente) extinto site Tamborins.com.br, e fiquei impressionado pela qualidade da obra, ainda na voz de Bruno Ribas. Cheguei a apostar na reda\u00e7\u00e3o do jornal em que trabalhava que a Beija-Flor s\u00f3 perderia o t\u00edtulo se um meteoro atingisse a Terra. Desta vez, acertei.<\/p>\n<p style=\"text-align: justify;\">&#8211; Ap\u00f3s a pol\u00eamica criada por Benvindo Siqueira no julgamento de 2006, as escolas passaram a se preocupar em destacar as s\u00edlabas t\u00f4nicas nas letras dos sambas. A Mangueira, por exemplo, trocou a entona\u00e7\u00e3o de dois versos entre a grava\u00e7\u00e3o das eliminat\u00f3rias e a oficial:<em> &#8220;Faz no Pal\u00e1cio do Samba&#8221;<\/em>, que tinha uma entona\u00e7\u00e3o <em>&#8220;P\u00e1lacio do Samba&#8221;<\/em> teve mudan\u00e7as para n\u00e3o haver riscos de despontua\u00e7\u00e3o. Da mesma forma, o verso <em>&#8220;Caid\u00e1s de Mangueira&#8221;<\/em> teve a s\u00edlaba t\u00f4nica destacada <em>&#8220;Ca\u00eddas de Mangueira&#8221;<\/em>. Ficou estranho, mas na apura\u00e7\u00e3o a escola levou quatro dez.<\/p>\n<p style=\"text-align: justify;\">&#8211; Antes dos desfiles, quem estava cotada como favorit\u00edssima ao t\u00edtulo era a Viradouro, gra\u00e7as \u00e0 chegada de Paulo Barros. Al\u00e9m disso, o refr\u00e3o principal<em> &#8220;Sou Viradouro e vou cantar \/ Com muito orgulho, com muito amor \/ Esse jogo vai virar \/ E eu quero ser o vencedor&#8221;<\/em> era muito popular desde a fase pr\u00e9-carnavalesca a ponto de as torcidas de Vasco e Botafogo terem cantado os versos no Maracan\u00e3, trocando o nome da escola pelos dos times, claro.<\/p>\n<p style=\"text-align: justify;\">&#8211; Depois de um longo tempo de inatividade, o grande int\u00e9rprete Sobrinho chegou a ser anunciado pela Uni\u00e3o da Ilha para defender o samba &#8220;Ripa na tulipa, Ilha&#8221;, sobre a cerveja, . Mas o cantor, que j\u00e1 tinha problemas de sa\u00fade, n\u00e3o se adaptou ao samba e acabou n\u00e3o participando da grava\u00e7\u00e3o e do desfile.<\/p>\n<p style=\"text-align: justify;\">&#8211; A Unidos da Tijuca mostrou for\u00e7a e ficou na quarta coloca\u00e7\u00e3o \u00e0 frente da badalada Viradouro de Paulo Barros. Mesmo elogiando Barros, o presidente Fernando Horta disse depois da apura\u00e7\u00e3o que a escola <em>&#8220;n\u00e3o depende de carnavalesco&#8221;<\/em>, frase que repetiria recentemente, depois da sa\u00edda do profissional ap\u00f3s o t\u00edtulo de 2014.<\/p>\n<p style=\"text-align: justify;\">&#8211; Depois de 21 carnavais, mudou a gravadora respons\u00e1vel pela produ\u00e7\u00e3o e venda do disco de sambas-enredo: saiu a BMG e entrou a Universal. De 2007 a 2009 a grava\u00e7\u00e3o ainda foi num estilo mais artificial, mas depois voltou o estilo de grava\u00e7\u00e3o &#8220;ao vivo&#8221; &#8211; comentaremos mais tarde na s\u00e9rie Trinta Atos.<\/p>\n<p style=\"text-align: justify;\"><strong>CANTINHO DO EDITOR \u2013 por Pedro Mig\u00e3o<\/strong><a href=\"http:\/\/www.pedromigao.com.br\/ourodetolo\/wp-content\/uploads\/2014\/03\/Barrac\u00e3o-Portela-2007-I.jpg\"><img loading=\"lazy\" decoding=\"async\" class=\"aligncenter size-large wp-image-24441\" src=\"http:\/\/www.pedromigao.com.br\/ourodetolo\/wp-content\/uploads\/2014\/03\/Barrac\u00e3o-Portela-2007-I-445x340.jpg\" alt=\"Barrac\u00e3o Portela 2007 (I)\" width=\"445\" height=\"340\" srcset=\"http:\/\/www.pedromigao.com.br\/ourodetolo\/wp-content\/uploads\/2014\/03\/Barrac\u00e3o-Portela-2007-I-445x340.jpg 445w, http:\/\/www.pedromigao.com.br\/ourodetolo\/wp-content\/uploads\/2014\/03\/Barrac\u00e3o-Portela-2007-I-300x229.jpg 300w, http:\/\/www.pedromigao.com.br\/ourodetolo\/wp-content\/uploads\/2014\/03\/Barrac\u00e3o-Portela-2007-I.jpg 651w\" sizes=\"auto, (max-width: 445px) 100vw, 445px\" \/><\/a>As fotos acima e abaixo, de minha autoria e tiradas na ocasi\u00e3o pelo celular na Cidade do Samba, mostram o estado do barrac\u00e3o da Portela a 18 dias do desfile: carros ainda no chassi, alguma coisa em madeira e muita no ferro.<\/p>\n<p style=\"text-align: justify;\">Ali\u00e1s, isso seria uma constante nos anos do mandato de Nilo Figueiredo, bem como a demora no an\u00fancio do enredo \u2013 feito j\u00e1 em meados de agosto de 2006. Chegou-se a cogitar um enredo sobre a pr\u00f3pria escola para aquele ano, assim como foi feito em 2011 \u2013 ambas as vezes descartado.<\/p>\n<p style=\"text-align: justify;\">Levando-se em conta que o barrac\u00e3o foi feito em tr\u00eas semanas, o oitavo lugar saiu melhor que a encomenda. Ajudou para isso o bom samba, naquela que at\u00e9 2011 seria a \u00fanica disputa \u201c\u00e0 vera\u201d do mandato do presidente Nilo Figueiredo.<a href=\"http:\/\/www.pedromigao.com.br\/ourodetolo\/wp-content\/uploads\/2014\/03\/Barrac\u00e3o-Portela-2007-II.jpg\"><img loading=\"lazy\" decoding=\"async\" class=\"aligncenter size-large wp-image-24442\" src=\"http:\/\/www.pedromigao.com.br\/ourodetolo\/wp-content\/uploads\/2014\/03\/Barrac\u00e3o-Portela-2007-II-438x340.jpg\" alt=\"Barrac\u00e3o Portela 2007 (II)\" width=\"438\" height=\"340\" srcset=\"http:\/\/www.pedromigao.com.br\/ourodetolo\/wp-content\/uploads\/2014\/03\/Barrac\u00e3o-Portela-2007-II-438x340.jpg 438w, http:\/\/www.pedromigao.com.br\/ourodetolo\/wp-content\/uploads\/2014\/03\/Barrac\u00e3o-Portela-2007-II-300x232.jpg 300w, http:\/\/www.pedromigao.com.br\/ourodetolo\/wp-content\/uploads\/2014\/03\/Barrac\u00e3o-Portela-2007-II.jpg 655w\" sizes=\"auto, (max-width: 438px) 100vw, 438px\" \/><\/a>A Mocidade tamb\u00e9m s\u00f3 confirmaria seu enredo em meados de julho. A reedi\u00e7\u00e3o de \u201cA Festa do Divino\u201d, de 1974, chegou a ser considerada pela dire\u00e7\u00e3o da agremia\u00e7\u00e3o \u00e0 \u00e9poca.<\/p>\n<p style=\"text-align: justify;\">Assisti na Sapuca\u00ed aos dois grupos de Acesso nas frisas do Setor 3, <span style=\"text-decoration: underline;\"><a href=\"http:\/\/www.pedromigao.com.br\/ourodetolo\/2010\/02\/samba-de-terca-tem-boi-na-linha\/\" target=\"_blank\"><span style=\"color: #ff6600; text-decoration: underline;\">desfilando no Boi da Ilha do Governador pelo segundo ano<\/span><\/a><\/span> seguido (foto no fim desta se\u00e7\u00e3o). Ali\u00e1s, acho que foi a \u00fanica vez em que desfilei acompanhando o carro de som.<\/p>\n<p style=\"text-align: justify;\"><a href=\"http:\/\/www.pedromigao.com.br\/ourodetolo\/wp-content\/uploads\/2014\/03\/est\u00e1cio.jpg\"><img loading=\"lazy\" decoding=\"async\" class=\"alignleft size-full wp-image-24443\" src=\"http:\/\/www.pedromigao.com.br\/ourodetolo\/wp-content\/uploads\/2014\/03\/est\u00e1cio.jpg\" alt=\"est\u00e1cio\" width=\"270\" height=\"169\" \/><\/a>Foi um pr\u00e9-carnaval atribulado para Est\u00e1cio de S\u00e1 e Salgueiro: Fl\u00e1vio Eleut\u00e9rio, presidente da primeira, foi assassinado em outubro de 2006 com quatro tiros e encontrado dentro da mala de seu carro (foto). Antecedendo o que tamb\u00e9m ocorreria em 2014, Guaracy Paes, vice presidente do Salgueiro, foi assassinado na porta da quadra a uma semana do carnaval junto com a sua esposa \u2013 seu carro recebeu mais de 20 tiros. At\u00e9 onde consta, ambos os crimes ficaram sem solu\u00e7\u00e3o.<\/p>\n<p style=\"text-align: justify;\">O desfile do Acesso A teve um n\u00edvel t\u00e9cnico fraqu\u00edssimo \u2013 e mais uma subida controversa da S\u00e3o Clemente. Lins Imperial e Inocentes de Belford Roxo, campe\u00e3 e vice do Acesso B, disputariam tranquilamente as primeiras posi\u00e7\u00f5es do grupo anterior.<\/p>\n<p style=\"text-align: justify;\">A Caprichosos n\u00e3o teve seu desfile transmitido pela televis\u00e3o (ent\u00e3o na CNT), porque a sua diretoria n\u00e3o concordou com os valores oferecidos.<\/p>\n<p style=\"text-align: justify;\">A Tradi\u00e7\u00e3o reeditou n\u00e3o somente o samba: repetiu ipsis litteris todas as fantasias do enredo original de 1994 \u2013 e um carro onde o 14 Bis era maior que a Torre Eiffel&#8230; Obviamente, foi rebaixada.<\/p>\n<p style=\"text-align: justify;\">A Uni\u00e3o da Ilha foi bastante prejudicada em seu desfile devido \u00e0s diverg\u00eancias pol\u00edticas internas.<\/p>\n<p style=\"text-align: justify;\">A Unidos da Tijuca levou para o Desfile das Campe\u00e3s uma faixa onde se dizia \u201cO Borel vira o jogo\u201d, em clara provoca\u00e7\u00e3o \u00e0 Viradouro e ao fato de ter se colocado \u00e0 frente mesmo sem Paulo Barros.<\/p>\n<p style=\"text-align: justify;\">A meu ju\u00edzo as grandes injusti\u00e7as do resultado final foram o Salgueiro fora do Desfile das Campe\u00e3s (deveria ter ficado, no m\u00ednimo, com o vice campeonato) e o n\u00e3o rebaixamento da Imperatriz, que fez de longe o pior desfile do Grupo Especial de 2007. Este mesmo desfile em uma escola com menos for\u00e7a pol\u00edtica cairia com uns 15 pontos a menos que as demais, em minha opini\u00e3o.<\/p>\n<p style=\"text-align: justify;\">Reza a lenda que, al\u00e9m do samba da campe\u00e3 Beija Flor, um dos autores tamb\u00e9m estava, sem assinar, em outras tr\u00eas composi\u00e7\u00f5es do Grupo Especial \u2013 inclusive uma delas acho melhor que o premiado samba nilopolitano.<\/p>\n<p style=\"text-align: justify;\">Ainda sobre a Beija Flor, em sua disputa de samba chamou a aten\u00e7\u00e3o a for\u00e7a econ\u00f4mica da parceria vencedora, que chegava a levar 30 \u00f4nibus com torcedores \u00e0 quadra por eliminat\u00f3ria e distribu\u00eda cestas b\u00e1sicas \u00e0 torcida e, dizem, a alguns segmentos. Que fique claro que a composi\u00e7\u00e3o tem \u00f3tima qualidade.<\/p>\n<p style=\"text-align: justify;\">O Imp\u00e9rio Serrano tinha um de seus carros andando \u201cde marcha a r\u00e9\u201d \u2013 a frente era a traseira e vice versa. De acordo com relatos de amigos, pessoas na arquibancada acusavam o motorista de \u201cestar b\u00eabado\u201d por ter deixado o carro entrar ao contr\u00e1rio na avenida.<\/p>\n<p style=\"text-align: justify;\">A prop\u00f3sito, a escola repetiu o erro de seu cinquenten\u00e1rio e foi punida com o rebaixamento \u2013 e, pior, o patroc\u00ednio prometido n\u00e3o veio&#8230; O enredo, originalmente, seria sobre a S\u00edndrome de Down, sendo \u201calargado\u201d durante o desenvolvimento.<\/p>\n<p style=\"text-align: justify;\">No Acesso B, durante o desfile da Alegria da Zona Sul um diretor de Harmonia virou para outro e gritou: &#8220;- Canta, porra!&#8221; Recebeu como resposta: &#8220;Canta voc\u00ea&#8221;. pano r\u00e1pido&#8230;<\/p>\n<p style=\"text-align: justify;\"><a href=\"http:\/\/www.pedromigao.com.br\/ourodetolo\/wp-content\/uploads\/2010\/02\/Imagem+053.jpg\"><img loading=\"lazy\" decoding=\"async\" class=\"aligncenter size-full wp-image-15671\" src=\"http:\/\/www.pedromigao.com.br\/ourodetolo\/wp-content\/uploads\/2010\/02\/Imagem+053.jpg\" alt=\"Imagem+053\" width=\"400\" height=\"300\" srcset=\"http:\/\/www.pedromigao.com.br\/ourodetolo\/wp-content\/uploads\/2010\/02\/Imagem+053.jpg 400w, http:\/\/www.pedromigao.com.br\/ourodetolo\/wp-content\/uploads\/2010\/02\/Imagem+053-300x225.jpg 300w\" sizes=\"auto, (max-width: 400px) 100vw, 400px\" \/><\/a><\/p>\n<p style=\"text-align: justify;\"><strong>Links<\/strong><\/p>\n<p style=\"text-align: justify;\">O desfile que deu o t\u00edtulo \u00e0 Beija-Flor<\/p>\n<p><iframe loading=\"lazy\" title=\"Compacto Oficial Carnaval 2007 - Beija-Flor de Nil\u00f3polis\" width=\"525\" height=\"394\" src=\"https:\/\/www.youtube.com\/embed\/UXMqo6sMS2Y?feature=oembed\" frameborder=\"0\" allow=\"accelerometer; autoplay; clipboard-write; encrypted-media; gyroscope; picture-in-picture; web-share\" referrerpolicy=\"strict-origin-when-cross-origin\" allowfullscreen><\/iframe><\/p>\n<p style=\"text-align: justify;\">A boa apresenta\u00e7\u00e3o da Mangueira em 2007<\/p>\n<p><iframe loading=\"lazy\" title=\"Compacto Oficial Carnaval 2007 - Esta\u00e7\u00e3o Primeira de Mangueira\" width=\"525\" height=\"394\" src=\"https:\/\/www.youtube.com\/embed\/rG5IZeH2E0A?feature=oembed\" frameborder=\"0\" allow=\"accelerometer; autoplay; clipboard-write; encrypted-media; gyroscope; picture-in-picture; web-share\" referrerpolicy=\"strict-origin-when-cross-origin\" allowfullscreen><\/iframe><\/p>\n<p style=\"text-align: justify;\">A criativa exibi\u00e7\u00e3o da Unidos da Tijuca<\/p>\n<p><iframe loading=\"lazy\" title=\"Compacto Oficial Carnaval 2007 - Unidos da Tijuca\" width=\"525\" height=\"394\" src=\"https:\/\/www.youtube.com\/embed\/UlchLvplSJM?feature=oembed\" frameborder=\"0\" allow=\"accelerometer; autoplay; clipboard-write; encrypted-media; gyroscope; picture-in-picture; web-share\" referrerpolicy=\"strict-origin-when-cross-origin\" allowfullscreen><\/iframe><\/p>\n<p style=\"text-align: justify;\">A bonita apresenta\u00e7\u00e3o da Viradouro<\/p>\n<p><iframe loading=\"lazy\" title=\"Compacto Oficial Carnaval 2007 - Unidos do Viradouro\" width=\"525\" height=\"394\" src=\"https:\/\/www.youtube.com\/embed\/gn6vg-IWyyM?feature=oembed\" frameborder=\"0\" allow=\"accelerometer; autoplay; clipboard-write; encrypted-media; gyroscope; picture-in-picture; web-share\" referrerpolicy=\"strict-origin-when-cross-origin\" allowfullscreen><\/iframe><\/p>\n<p style=\"text-align: justify;\"><strong>Fotos: Liesa, O Globo,G1 e O Dia<\/strong><\/p>\n","protected":false},"excerpt":{"rendered":"<p>Nesta segunda-feira, o jornalista esportivo Fred Sabino conta na s\u00e9rie Samb\u00f3dromo em Trinta Atos o desfile de 2007, que teve uma categ\u00f3rica vit\u00f3ria da Beija-FlorTour Details<\/p>\n","protected":false},"author":14,"featured_media":24410,"comment_status":"open","ping_status":"open","sticky":false,"template":"","format":"standard","meta":{"footnotes":""},"categories":[353],"tags":[63,18,19,61,66,68,187],"class_list":["post-24262","post","type-post","status-publish","format-standard","has-post-thumbnail","hentry","category-trinta-atos","tag-beija-flor","tag-carnaval","tag-escolas-de-samba","tag-grande-rio","tag-mangueira","tag-unidos-da-tijuca","tag-viradouro"],"_links":{"self":[{"href":"http:\/\/www.pedromigao.com.br\/ourodetolo\/wp-json\/wp\/v2\/posts\/24262","targetHints":{"allow":["GET"]}}],"collection":[{"href":"http:\/\/www.pedromigao.com.br\/ourodetolo\/wp-json\/wp\/v2\/posts"}],"about":[{"href":"http:\/\/www.pedromigao.com.br\/ourodetolo\/wp-json\/wp\/v2\/types\/post"}],"author":[{"embeddable":true,"href":"http:\/\/www.pedromigao.com.br\/ourodetolo\/wp-json\/wp\/v2\/users\/14"}],"replies":[{"embeddable":true,"href":"http:\/\/www.pedromigao.com.br\/ourodetolo\/wp-json\/wp\/v2\/comments?post=24262"}],"version-history":[{"count":1,"href":"http:\/\/www.pedromigao.com.br\/ourodetolo\/wp-json\/wp\/v2\/posts\/24262\/revisions"}],"predecessor-version":[{"id":39006,"href":"http:\/\/www.pedromigao.com.br\/ourodetolo\/wp-json\/wp\/v2\/posts\/24262\/revisions\/39006"}],"wp:featuredmedia":[{"embeddable":true,"href":"http:\/\/www.pedromigao.com.br\/ourodetolo\/wp-json\/wp\/v2\/media\/24410"}],"wp:attachment":[{"href":"http:\/\/www.pedromigao.com.br\/ourodetolo\/wp-json\/wp\/v2\/media?parent=24262"}],"wp:term":[{"taxonomy":"category","embeddable":true,"href":"http:\/\/www.pedromigao.com.br\/ourodetolo\/wp-json\/wp\/v2\/categories?post=24262"},{"taxonomy":"post_tag","embeddable":true,"href":"http:\/\/www.pedromigao.com.br\/ourodetolo\/wp-json\/wp\/v2\/tags?post=24262"}],"curies":[{"name":"wp","href":"https:\/\/api.w.org\/{rel}","templated":true}]}}