{"id":24157,"date":"2014-03-16T08:36:19","date_gmt":"2014-03-16T11:36:19","guid":{"rendered":"http:\/\/www.pedromigao.com.br\/ourodetolo\/?p=24157"},"modified":"2014-03-14T09:25:15","modified_gmt":"2014-03-14T12:25:15","slug":"orun-aye-reage-boi","status":"publish","type":"post","link":"http:\/\/www.pedromigao.com.br\/ourodetolo\/2014\/03\/orun-aye-reage-boi\/","title":{"rendered":"Orun Ay\u00e9 &#8211; &#8220;Reage Boi&#8221;"},"content":{"rendered":"<p><!--[if gte mso 9]&gt;--><\/p>\n<p style=\"text-align: justify;\">Neste domingo o <strong>compositor Aloisio Villar<\/strong> conta os \u00faltimos acontecimentos envolvendo o Boi da Ilha do Governador.<\/p>\n<p style=\"text-align: justify;\"><span style=\"text-decoration: underline;\"><em><strong>Reage Boi<\/strong><\/em><\/span><\/p>\n<p style=\"text-align: justify;\">S\u00e1bado de carnaval acordo tarde devido ao desfile de sexta na Marqu\u00eas de Sapuca\u00ed e decido entrar no Facebook para ver as novidades. Entro e parece que o mundo est\u00e1 acabando. V\u00e1rias pessoas me perguntam sobre a hist\u00f3ria do Boi da Ilha n\u00e3o desfilar segunda de carnaval na Intendente Magalh\u00e3es.<\/p>\n<p style=\"text-align: justify;\">J\u00e1 falei muito do Boi aqui e devo ser a pessoa que mais fala na agremia\u00e7\u00e3o na internet. Sem presun\u00e7\u00e3o nenhuma, acredito ser o maior porta voz e embaixador da escola.<\/p>\n<p style=\"text-align: justify;\">O Boi foi fundado como bloco carnavalesco Boi da Freguesia em 1965 e sempre se orgulhou de ser o maior celeiro de sambistas da Ilha do Governador; al\u00e9m de possuir um fenomenal acervo de sambas de enredo assinados, entre outros, por gente como Didi e Aroldo Melodia.<\/p>\n<p style=\"text-align: justify;\">Em 1988 virou escola de samba, o Boi da Ilha e em 1997 ingressei na agremia\u00e7\u00e3o fazendo com ela um dos casamentos mais bem sucedidos da minha vida.<\/p>\n<p style=\"text-align: justify;\">Disputei 15 concursos de sambas, fiz 14 finais vencendo 7. Quatro desses sambas foram notas m\u00e1ximas na avenida e ganhei 3 pr\u00eamios. SambaNet e trof\u00e9u Jorge Lafond em 2009 como melhor samba do grupo B. Estandarte de Ouro em 2001, \u00fanico da hist\u00f3ria do Boi em um samba que tenho orgulho de dizer que \u00e9 considerado um dos maiores da hist\u00f3ria do grupo de acesso em 2001. Estandarte de Ouro de melhor samba do grupo A.<\/p>\n<p style=\"text-align: justify;\">Essa agremia\u00e7\u00e3o, esse meu amor que estava morrendo s\u00e1bado de carnaval.<\/p>\n<p style=\"text-align: justify;\">N\u00e3o acreditei na hist\u00f3ria e pedi paci\u00eancia a todos dizendo que tentaria descobrir a verdade. Liguei para o cantor da escola, meu parceiro Cadinho que disse ter estado no dia anterior com o presidente e n\u00e3o ter sido informado de nada. Disse que ligaria para ele e me retornaria.<\/p>\n<p style=\"text-align: justify;\">Sim. Se voc\u00eas me acompanham leram essa hist\u00f3ria ontem no conto \u201cA escola que ningu\u00e9m viu\u201d. Ela foi baseada nesse drama do Boi da Ilha. Alguns minutos depois um estarrecido Cadinho me liga e diz que a hist\u00f3ria era verdadeira. O Boi n\u00e3o desfilaria.<\/p>\n<p style=\"text-align: justify;\">A not\u00edcia caiu como uma bomba. Ainda zonzo postei a not\u00edcia na internet e meu telefone &#8211; al\u00e9m do chat no Facebook &#8211; n\u00e3o parou mais. Eu tentava dar explica\u00e7\u00f5es sobre o inexplic\u00e1vel. Explica\u00e7\u00f5es que n\u00e3o teria que ser eu a dar e sim o presidente que sumira. Tentei ajuda para o Boi com amigos com condi\u00e7\u00f5es financeiras e pol\u00edticas, todos disseram a mesma coisa. Faltando dois dias n\u00e3o tinha nada a se fazer. Se fosse um pouco antes dava, n\u00e3o faltando dois dias.<\/p>\n<p style=\"text-align: justify;\">Era a ducha de \u00e1gua fria. Era o fim.<\/p>\n<p style=\"text-align: justify;\">Me informei sobre as puni\u00e7\u00f5es. O Boi teria que devolver\u00a0 subven\u00e7\u00e3o e ficaria impedido de desfilar dois anos. Para uma escola em crise financeira e institucional como o Boi era o encerramento de suas atividades.<\/p>\n<p style=\"text-align: justify;\">Com m\u00e3os atadas, sem ter o que fazer, entrei no Youtube. Pus o desfile de 2001 para rodar. O grande momento do Boi e meu no samba, compartilhei no Facebook e escrevi \u201cfica o orgulho\u201d. Era inacredit\u00e1vel. O Boi da Ilha tinha acabado.<\/p>\n<p style=\"text-align: justify;\">At\u00e9 que o Cadinho come\u00e7ou a me ligar, insistir, queria cantar o samba na avenida nem que passasse apenas ele cantando e eu com a bandeira. No come\u00e7o n\u00e3o dei aten\u00e7\u00e3o para aquela ideia, fui contr\u00e1rio, mas pensei \u201cPelo menos escapa da puni\u00e7\u00e3o de dois anos e quem sabe n\u00e3o marca um renascimento\u201d.<\/p>\n<p style=\"text-align: justify;\">Sou t\u00edmido, n\u00e3o gosto de ser centro das aten\u00e7\u00f5es e iria ser terr\u00edvel para mim desfilar com uma bandeira, um surdo, cantor e atraindo a aten\u00e7\u00e3o da Intendente toda, mas pelo Boi valia. Tive a certeza que assim n\u00e3o existiria a puni\u00e7\u00e3o de dois anos e respondi que topava.<\/p>\n<p style=\"text-align: justify;\">Mas fui al\u00e9m. Escrevi no Facebook que far\u00edamos isso e chamei os boiadeiros e aquelas pessoas que gostam da escola a comparecer e fazer o mesmo. Nem que fosse para desfilarmos de bermuda e chinelo. A ideia teve aceita\u00e7\u00e3o imediata e muita gente \u201ccomprou nosso barulho\u201d. Muitos se propuseram a comparecer e desfilar sem fantasias, carros, sem locomo\u00e7\u00e3o para levar na avenida. Apenas o amor.<\/p>\n<p style=\"text-align: justify;\">Os incans\u00e1veis do ateli\u00ea e barrac\u00e3o que trabalhavam sem condi\u00e7\u00f5es nenhuma, sem receber e choravam pelo desperd\u00edcio de seus trabalhos e pela dor do fim da agremia\u00e7\u00e3o decidiram levar o trabalho at\u00e9 o fim, mesmo sem dinheiro. Fantasias seriam entreguem, pessoas compareceriam. A maravilhosa Velha Guarda estaria l\u00e1 linda como sempre. Essa mobiliza\u00e7\u00e3o toda fez o presidente come\u00e7ar a mudar de ideia.<\/p>\n<p style=\"text-align: justify;\">Mudou em definitivo na madrugada de s\u00e1bado para domingo enquanto da Sapuca\u00ed vendo o Acesso A eu brigava com ele via internet e dizia que n\u00e3o importava o modo. O Boi tinha que desfilar. Desfilou. Estava l\u00e1 na Intendente Magalh\u00e3es na segunda de carnaval. Com pouca gente, bagun\u00e7ado, com um comando fr\u00e1gil, mas estava l\u00e1.<\/p>\n<p style=\"text-align: justify;\">N\u00e3o era nem a sombra da escola que assustou a Uni\u00e3o da Ilha em 2002. Mas sua ess\u00eancia estava l\u00e1. Sua ra\u00e7a, garra, vibra\u00e7\u00e3o. O desfilante passou com raiva, as fantasias, que eram muito bonitas, ganhavam mais brilho e dessa forma o Boi desfilou.<\/p>\n<p style=\"text-align: justify;\">Caiu como o esperado. Ficou em \u00faltimo gra\u00e7as \u00e0s obrigatoriedades, onde come\u00e7ou com menos dois pontos e seis d\u00e9cimos (Para quem n\u00e3o iria desfilar e ficaria com menos 400 era lucro). Caiu para o \u00faltimo grupo do carnaval carioca; mas caiu na pista, n\u00e3o se acovardou.<\/p>\n<p style=\"text-align: justify;\">E agora ganha uma nova chance.<\/p>\n<p style=\"text-align: justify;\">Mesmo sendo uma escola pequena o Boi sempre foi uma escola com v\u00e1rias correntes pol\u00edticas e diverg\u00eancias, mas o grande susto desse ano fez todos se unirem buscando o melhor para o Boi e acima de qualquer vaidade a solu\u00e7\u00e3o para evitar seu fim.<\/p>\n<p style=\"text-align: justify;\">Criei a p\u00e1gina \u201cReage Boi\u201d no Facebook que j\u00e1 conta com mais de 130 membros. N\u00e3o sou l\u00edder de nada, n\u00e3o pretendo ser presidente. Apenas dei o pontap\u00e9 inicial de um movimento sem donos e que n\u00e3o pretende fazer ca\u00e7a as bruxas nem ser contra ningu\u00e9m. N\u00e3o somos contra, somos a favor. A favor do Boi.<\/p>\n<p style=\"text-align: justify;\">J\u00e1 temos reuni\u00f5es marcadas. Grupo para cuidar de planejamento, busca de recursos, gente que quer ajudar no carnaval, escolas que querem ceder fantasias, esculturas e assim continua viva a mobiliza\u00e7\u00e3o iniciada no s\u00e1bado de carnaval.<\/p>\n<p style=\"text-align: justify;\">Algumas coisas precisam ser acertadas ainda como a situa\u00e7\u00e3o do presidente Gino, mas como boiadeiro que \u00e9 espero que a gente chegue em um entendimento e ele esteja conosco nessa miss\u00e3o.<\/p>\n<p style=\"text-align: justify;\">O Acad\u00eamicos do Dend\u00ea tamb\u00e9m caiu para esse grupo, mas sua situa\u00e7\u00e3o \u00e9 diferente. O Dend\u00ea peca nos detalhes, em situa\u00e7\u00f5es inacredit\u00e1veis como em 2012 n\u00e3o subir por falha de comunica\u00e7\u00e3o no m\u00ednimo de ritmistas exigido e esse ano cair porque ningu\u00e9m percebeu um repique com a logomarca da Uni\u00e3o da Ilha. O que \u00e9 proibido.<\/p>\n<p style=\"text-align: justify;\">O problema do Boi \u00e9 pior. \u00c9 financeiro, estrutural, de gest\u00e3o e vem desde suas ra\u00edzes com pouco apoio de comunidade e centraliza\u00e7\u00e3o em tomadas de decis\u00f5es que impediram a renova\u00e7\u00e3o natural que toda institui\u00e7\u00e3o necessita.<\/p>\n<p style=\"text-align: justify;\">Mas espero que aquele s\u00e1bado de carnaval que representaria seu fim tenha sido o dia da mudan\u00e7a, da rea\u00e7\u00e3o. Que possamos botar na pr\u00e1tica o verso de 2009 \u201cboiadeiro tem ra\u00e7a, se esmera\u201d.<\/p>\n<p style=\"text-align: justify;\">A chance \u00e9 essa. O\u00a0 momento \u00e9 esse.<\/p>\n<p style=\"text-align: justify;\">Reage Boi!!<\/p>\n","protected":false},"excerpt":{"rendered":"<p>Neste domingo o compositor Aloisio Villar conta os \u00faltimos acontecimentos envolvendo o Boi da Ilha do Governador. Reage Boi S\u00e1bado de carnaval acordo tarde devidoTour Details<\/p>\n","protected":false},"author":8,"featured_media":0,"comment_status":"open","ping_status":"open","sticky":false,"template":"","format":"standard","meta":{"footnotes":""},"categories":[8],"tags":[75,18,341,496,19],"class_list":["post-24157","post","type-post","status-publish","format-standard","hentry","category-orun-aye","tag-boi-da-ilha","tag-carnaval","tag-carnaval-2014","tag-escola-de-samba","tag-escolas-de-samba"],"_links":{"self":[{"href":"http:\/\/www.pedromigao.com.br\/ourodetolo\/wp-json\/wp\/v2\/posts\/24157","targetHints":{"allow":["GET"]}}],"collection":[{"href":"http:\/\/www.pedromigao.com.br\/ourodetolo\/wp-json\/wp\/v2\/posts"}],"about":[{"href":"http:\/\/www.pedromigao.com.br\/ourodetolo\/wp-json\/wp\/v2\/types\/post"}],"author":[{"embeddable":true,"href":"http:\/\/www.pedromigao.com.br\/ourodetolo\/wp-json\/wp\/v2\/users\/8"}],"replies":[{"embeddable":true,"href":"http:\/\/www.pedromigao.com.br\/ourodetolo\/wp-json\/wp\/v2\/comments?post=24157"}],"version-history":[{"count":0,"href":"http:\/\/www.pedromigao.com.br\/ourodetolo\/wp-json\/wp\/v2\/posts\/24157\/revisions"}],"wp:attachment":[{"href":"http:\/\/www.pedromigao.com.br\/ourodetolo\/wp-json\/wp\/v2\/media?parent=24157"}],"wp:term":[{"taxonomy":"category","embeddable":true,"href":"http:\/\/www.pedromigao.com.br\/ourodetolo\/wp-json\/wp\/v2\/categories?post=24157"},{"taxonomy":"post_tag","embeddable":true,"href":"http:\/\/www.pedromigao.com.br\/ourodetolo\/wp-json\/wp\/v2\/tags?post=24157"}],"curies":[{"name":"wp","href":"https:\/\/api.w.org\/{rel}","templated":true}]}}