{"id":23955,"date":"2014-03-06T14:42:52","date_gmt":"2014-03-06T17:42:52","guid":{"rendered":"http:\/\/www.pedromigao.com.br\/ourodetolo\/?p=23955"},"modified":"2014-03-06T17:10:38","modified_gmt":"2014-03-06T20:10:38","slug":"algumas-pilulas-sobre-o-carnaval","status":"publish","type":"post","link":"http:\/\/www.pedromigao.com.br\/ourodetolo\/2014\/03\/algumas-pilulas-sobre-o-carnaval\/","title":{"rendered":"Algumas P\u00edlulas sobre o Carnaval"},"content":{"rendered":"<p style=\"text-align: justify;\">Resultados divulgados, j\u00e1 de volta ao trabalho, alguns r\u00e1pidos pitacos sobre o que eu vi nas quatro noites de desfile:<\/p>\n<p style=\"text-align: justify;\">1) N\u00e3o irei comentar resultados por motivos \u00f3bvios, mas imposs\u00edvel n\u00e3o registrar que o rebaixamento do Imp\u00e9rio da Tijuca foi bastante injusto, ainda mais se pensarmos o caminh\u00e3o de pontos que ela ficou atr\u00e1s da S\u00e3o Clemente. E nem cito aqui as notas de quesitos pl\u00e1sticos e de Enredo da Vila Isabel&#8230;<\/p>\n<p style=\"text-align: justify;\">2) Beija Flor tamb\u00e9m sofreu com a m\u00e3o pesada dos jurados;<\/p>\n<p style=\"text-align: justify;\"><a href=\"http:\/\/www.pedromigao.com.br\/ourodetolo\/wp-content\/uploads\/2014\/03\/20140303_210305.jpg\"><img loading=\"lazy\" decoding=\"async\" class=\"alignleft size-medium wp-image-23969\" alt=\"20140303_210305\" src=\"http:\/\/www.pedromigao.com.br\/ourodetolo\/wp-content\/uploads\/2014\/03\/20140303_210305-300x225.jpg\" width=\"300\" height=\"225\" srcset=\"http:\/\/www.pedromigao.com.br\/ourodetolo\/wp-content\/uploads\/2014\/03\/20140303_210305-300x225.jpg 300w, http:\/\/www.pedromigao.com.br\/ourodetolo\/wp-content\/uploads\/2014\/03\/20140303_210305-453x340.jpg 453w\" sizes=\"auto, (max-width: 300px) 100vw, 300px\" \/><\/a>3) A Portela poderia ter sido perfeitamente a campe\u00e3, mas levando-se em conta que pegamos a escola destru\u00edda, em apenas pouco mais de nove meses j\u00e1 coloc\u00e1-la no terceiro lugar \u00e9 um \u00f3timo resultado. Manter e aperfei\u00e7oar o trabalho e o t\u00edtulo fatalmente vir\u00e1 em breve;<\/p>\n<p style=\"text-align: justify;\">4) O julgamento de samba enredo do grupo de acesso A foi inacredit\u00e1vel. &#8220;Os Sert\u00f5es&#8221; s\u00f3 teve uma (!) nota 10, com direito a um 9,6! Outro jurado tirou pontos da Cubango, simplesmente o melhor samba in\u00e9dito que passou englobando Especial e Acesso A. Por outro lado, as para l\u00e1 de medianas composi\u00e7\u00f5es de Viradouro e Imp\u00e9rio Serrano gabaritaram o quesito;<\/p>\n<p style=\"text-align: justify;\">5) A prop\u00f3sito, a vit\u00f3ria da Viradouro foi justa mas a chuva de notas 10 foi exagerada. Por outro lado o rebaixamento foi exatamente o que previ na coluna que publiquei na manh\u00e3 de domingo. Al\u00e9m disso, a Inocentes foi bastante penalizada.<\/p>\n<p style=\"text-align: justify;\">6) Durante o desfile da Cubango, no refr\u00e3o do meio (adaptado de um ponto de umbanda) praticamente toda a escola fazia movimentos de dan\u00e7a como as encontradas nos terreiros religiosos. Boa parte do p\u00fablico tamb\u00e9m &#8211; inclusive este escriba&#8230;<a href=\"http:\/\/www.pedromigao.com.br\/ourodetolo\/wp-content\/uploads\/2014\/03\/20140302_061729.jpg\"><img loading=\"lazy\" decoding=\"async\" class=\"alignright size-medium wp-image-23970\" alt=\"20140302_061729\" src=\"http:\/\/www.pedromigao.com.br\/ourodetolo\/wp-content\/uploads\/2014\/03\/20140302_061729-300x225.jpg\" width=\"300\" height=\"225\" srcset=\"http:\/\/www.pedromigao.com.br\/ourodetolo\/wp-content\/uploads\/2014\/03\/20140302_061729-300x225.jpg 300w, http:\/\/www.pedromigao.com.br\/ourodetolo\/wp-content\/uploads\/2014\/03\/20140302_061729-453x340.jpg 453w\" sizes=\"auto, (max-width: 300px) 100vw, 300px\" \/><\/a><\/p>\n<p style=\"text-align: justify;\">7) O carnaval carioca precisa de desfiles \u00e0 luz do dia. O Grupo Especial nas duas noites terminou por volta de 05:30 da manh\u00e3, o que comportaria perfeitamente mais uma agremia\u00e7\u00e3o. Por outro lado, \u00e9 invi\u00e1vel se iniciar um desfile \u00e0s 21 horas de sexta feira com todo o tr\u00e2nsito de sa\u00edda do Rio ocorrendo; o ideal seria iniciar \u00e0s 22 horas ou at\u00e9 mais tarde um pouco. Vale lembrar que a Cubango s\u00f3 desfilou com o dia claro devido ao atraso de cerca de 40 minutos provocado pela quebra da alegoria da Alegria da Zona Sul e pela demora no in\u00edcio do desfile.<\/p>\n<p style=\"text-align: justify;\">8) Impressiona a queda crescente da Renascer, para uma escola que h\u00e1 apenas dois anos esteve no Grupo Especial. Sabemos que a escola est\u00e1 sem quadra, mas o que se viu de fantasias e especialmente alegorias estava abaixo da cr\u00edtica.<\/p>\n<p style=\"text-align: justify;\"><a href=\"http:\/\/www.pedromigao.com.br\/ourodetolo\/wp-content\/uploads\/2014\/03\/IMG_10983726974646.jpeg\"><img loading=\"lazy\" decoding=\"async\" class=\"alignleft size-medium wp-image-23971\" alt=\"IMG_10983726974646\" src=\"http:\/\/www.pedromigao.com.br\/ourodetolo\/wp-content\/uploads\/2014\/03\/IMG_10983726974646-300x225.jpeg\" width=\"300\" height=\"225\" srcset=\"http:\/\/www.pedromigao.com.br\/ourodetolo\/wp-content\/uploads\/2014\/03\/IMG_10983726974646-300x225.jpeg 300w, http:\/\/www.pedromigao.com.br\/ourodetolo\/wp-content\/uploads\/2014\/03\/IMG_10983726974646-453x340.jpeg 453w, http:\/\/www.pedromigao.com.br\/ourodetolo\/wp-content\/uploads\/2014\/03\/IMG_10983726974646.jpeg 640w\" sizes=\"auto, (max-width: 300px) 100vw, 300px\" \/><\/a>9) Ainda sobre a Renascer, pelo segundo ano seguido a Dire\u00e7\u00e3o de Harmonia comete o equ\u00edvoco de amarrar a escola demais no in\u00edcio e depois correr desesperadamente para n\u00e3o estourar o tempo. Resultado: pelo segundo ano fui filmado pela Globo correndo &#8211; desta vez desviando dos obst\u00e1culos, inclusive do pr\u00f3prio c\u00e2mera da emissora.<\/p>\n<p style=\"text-align: justify;\">10) Mas em termos de &#8220;brincar carnaval&#8221; foi um desfile divertido na Ala de Compositores da Renascer. O bom samba ajudou bastante;<\/p>\n<p style=\"text-align: justify;\">11) Ao contr\u00e1rio de 2012, agora o acesso dos setores pares para a concentra\u00e7\u00e3o \u00e9 direto, sem precisar ir quase no pr\u00e9dio dos Correios para se retornar.Vale ressaltar que a seguran\u00e7a estava muito prec\u00e1ria do lado de quem concentrava no &#8220;Balan\u00e7a&#8221;, com v\u00e1rios registros de assaltos;<a href=\"http:\/\/www.pedromigao.com.br\/ourodetolo\/wp-content\/uploads\/2014\/03\/20140304_045309.jpg\"><img loading=\"lazy\" decoding=\"async\" class=\"alignright size-medium wp-image-23972\" alt=\"20140304_045309\" src=\"http:\/\/www.pedromigao.com.br\/ourodetolo\/wp-content\/uploads\/2014\/03\/20140304_045309-300x225.jpg\" width=\"300\" height=\"225\" srcset=\"http:\/\/www.pedromigao.com.br\/ourodetolo\/wp-content\/uploads\/2014\/03\/20140304_045309-300x225.jpg 300w, http:\/\/www.pedromigao.com.br\/ourodetolo\/wp-content\/uploads\/2014\/03\/20140304_045309-453x340.jpg 453w\" sizes=\"auto, (max-width: 300px) 100vw, 300px\" \/><\/a><\/p>\n<p style=\"text-align: justify;\">12) Contudo, \u00e9 inadmiss\u00edvel que n\u00e3o haja banheiros permanentes dispon\u00edveis para o p\u00fablico das frisas do Setor 2 &#8211; eram qu\u00edmicos. No lado \u00edmpar, onde assisti aos dois dias do Acesso, os acanhados banheiros precisam urgentemente de uma reforma geral;<\/p>\n<p style=\"text-align: justify;\">13) O ponto de t\u00e1xi tamb\u00e9m fica muito distante para os setores pares;<\/p>\n<p style=\"text-align: justify;\">14) Fazendo uma brincadeira, o posto de gasolina trazido pela Tijuca estava sonegando impostos: basta ver o pre\u00e7o dos combust\u00edveis no totem (foto acima);<a href=\"http:\/\/www.pedromigao.com.br\/ourodetolo\/wp-content\/uploads\/2014\/03\/20140302_041657.jpg\"><img loading=\"lazy\" decoding=\"async\" class=\" wp-image-23974 alignright\" alt=\"20140302_041657\" src=\"http:\/\/www.pedromigao.com.br\/ourodetolo\/wp-content\/uploads\/2014\/03\/20140302_041657-300x225.jpg\" width=\"210\" height=\"158\" srcset=\"http:\/\/www.pedromigao.com.br\/ourodetolo\/wp-content\/uploads\/2014\/03\/20140302_041657-300x225.jpg 300w, http:\/\/www.pedromigao.com.br\/ourodetolo\/wp-content\/uploads\/2014\/03\/20140302_041657-453x340.jpg 453w\" sizes=\"auto, (max-width: 210px) 100vw, 210px\" \/><\/a><\/p>\n<p style=\"text-align: justify;\"><a href=\"http:\/\/www.pedromigao.com.br\/ourodetolo\/wp-content\/uploads\/2014\/03\/20140303_220621.jpg\"><img loading=\"lazy\" decoding=\"async\" class=\" wp-image-23973 alignleft\" alt=\"20140303_220621\" src=\"http:\/\/www.pedromigao.com.br\/ourodetolo\/wp-content\/uploads\/2014\/03\/20140303_220621-300x225.jpg\" width=\"205\" height=\"153\" srcset=\"http:\/\/www.pedromigao.com.br\/ourodetolo\/wp-content\/uploads\/2014\/03\/20140303_220621-300x225.jpg 300w, http:\/\/www.pedromigao.com.br\/ourodetolo\/wp-content\/uploads\/2014\/03\/20140303_220621-453x340.jpg 453w\" sizes=\"auto, (max-width: 205px) 100vw, 205px\" \/><\/a>15) Mocidade e Santa Cruz trouxeram carros absolutamente id\u00eanticos, s\u00f3 mudando a cor (fotos). Ilha e Imperatriz tinham fantasias tamb\u00e9m muito parecidas em suas alas de baianas;<\/p>\n<p style=\"text-align: justify;\">16) Durante o desfile do Tuiuti os bombeiros foram chamados para resgatar uma suposta pessoa que teria ca\u00eddo embaixo de um dos carros. Felizmente, nada foi achado.<\/p>\n<p style=\"text-align: justify;\">17) Emocionante a ova\u00e7\u00e3o recebida por Beth Carvalho nas duas noites do desfile do Acesso. Quando ela passou em uma cadeira de rodas motorizada o p\u00fablico come\u00e7ou a aplaudir e a cantar seu sucesso &#8220;Vou Festejar&#8221;;<\/p>\n<p style=\"text-align: justify;\"><a href=\"http:\/\/www.pedromigao.com.br\/ourodetolo\/wp-content\/uploads\/2014\/03\/20140301_050306.jpg\"><img loading=\"lazy\" decoding=\"async\" class=\"alignleft size-medium wp-image-23960\" alt=\"20140301_050306\" src=\"http:\/\/www.pedromigao.com.br\/ourodetolo\/wp-content\/uploads\/2014\/03\/20140301_050306-225x300.jpg\" width=\"225\" height=\"300\" srcset=\"http:\/\/www.pedromigao.com.br\/ourodetolo\/wp-content\/uploads\/2014\/03\/20140301_050306-225x300.jpg 225w, http:\/\/www.pedromigao.com.br\/ourodetolo\/wp-content\/uploads\/2014\/03\/20140301_050306-254x340.jpg 254w\" sizes=\"auto, (max-width: 225px) 100vw, 225px\" \/><\/a>18) Este ano n\u00e3o desfilei no Imp\u00e9rio Serrano, mas a ina\u00e7\u00e3o da Dire\u00e7\u00e3o de Harmonia deu raiva. Chegou um momento que me deu vontade de pular para a pista para tentar ajudar. A escola precisa de um movimento como o que se levou a termo na Portela. Uma esp\u00e9cie de &#8220;Imp\u00e9rio Verdade&#8221;. Outra coisa \u00e9 que at\u00e9 camisa com estampa ao contr\u00e1rio foi para a avenida (foto);<\/p>\n<p style=\"text-align: justify;\">19) Jairzinho, o Furac\u00e3o da Copa, assistiu ao desfile de s\u00e1bado na frisa ao lado da nossa. Bastante simp\u00e1tico, inclusive.<\/p>\n<p style=\"text-align: justify;\">20) O terceiro carro da Caprichosos era um dos mais &#8220;bonitos&#8221; do desfile. Arrancou suspiros de muito marmanjo na avenida de desfiles.<\/p>\n<p style=\"text-align: justify;\">21) A Portela voltou a esquentar com &#8220;Foi Um Rio que Passou em Minha Vida&#8221; ap\u00f3s 16 anos. O samba foi cantado por Monarco e Paulinho da Viola (abaixo, o \u00e1udio extra\u00eddo do YouTube);<\/p>\n<p style=\"text-align: justify;\"><!--[if lt IE 9]><script>document.createElement('audio');<\/script><![endif]-->\n<audio class=\"wp-audio-shortcode\" id=\"audio-23955-1\" preload=\"none\" style=\"width: 100%;\" controls=\"controls\"><source type=\"audio\/mpeg\" src=\"http:\/\/www.pedromigao.com.br\/ourodetolo\/wp-content\/uploads\/2014\/03\/Paulinho-da-Viola-e-Monarco-comandam-o-esquenta-da-Portela.mp3?_=1\" \/><a href=\"http:\/\/www.pedromigao.com.br\/ourodetolo\/wp-content\/uploads\/2014\/03\/Paulinho-da-Viola-e-Monarco-comandam-o-esquenta-da-Portela.mp3\">http:\/\/www.pedromigao.com.br\/ourodetolo\/wp-content\/uploads\/2014\/03\/Paulinho-da-Viola-e-Monarco-comandam-o-esquenta-da-Portela.mp3<\/a><\/audio><\/p>\n<p style=\"text-align: justify;\">22) N\u00e3o vi, mas a Imperatriz esquentou sua bateria com o Hino do Flamengo. Espero que repita no Desfile das Campe\u00e3s;<a href=\"http:\/\/www.pedromigao.com.br\/ourodetolo\/wp-content\/uploads\/2014\/03\/20140228_202841.jpg\"><img loading=\"lazy\" decoding=\"async\" class=\"size-medium wp-image-23990 alignright\" alt=\"20140228_202841\" src=\"http:\/\/www.pedromigao.com.br\/ourodetolo\/wp-content\/uploads\/2014\/03\/20140228_202841-225x300.jpg\" width=\"225\" height=\"300\" srcset=\"http:\/\/www.pedromigao.com.br\/ourodetolo\/wp-content\/uploads\/2014\/03\/20140228_202841-225x300.jpg 225w, http:\/\/www.pedromigao.com.br\/ourodetolo\/wp-content\/uploads\/2014\/03\/20140228_202841-254x340.jpg 254w\" sizes=\"auto, (max-width: 225px) 100vw, 225px\" \/><\/a><\/p>\n<p style=\"text-align: justify;\">23) Sou contra fechar as escolas apenas com alas de comunidade, mas vi na pr\u00e1tica que o ideal seria restringir o n\u00famero de alas comerciais apenas ao necess\u00e1rio para atender o pessoal que desfila todo ano e n\u00e3o tem como ensaiar duas vezes na semana. A Mangueira \u00e9 um bom exemplo disso: suas alas estavam lotadas de estrangeiros &#8211; e isso impacta diretamente em quesitos.<\/p>\n<p style=\"text-align: justify;\">24) Harmonia e Evolu\u00e7\u00e3o, os dois quesitos onde tive participa\u00e7\u00e3o indireta, obtiveram 59,9 pontos v\u00e1lidos em 60 poss\u00edveis. Miss\u00e3o cumprida. Eu estava t\u00e3o concentrado que o trip\u00e9 que viria atr\u00e1s da ala que fiz Harmonia n\u00e3o desfilou devido a um problema e s\u00f3 hoje que fui reparar nisso&#8230;<\/p>\n<p style=\"text-align: justify;\">25) A Beija Flor foi muito vaiada durante seu esquenta pelos Setores 2 e 3, por cantar a m\u00fasica tema da Rede Globo de Televis\u00e3o &#8211; e n\u00e3o pelo ritual do diretor La\u00edla, como noticiado por ve\u00edculos do grupo. Pelo menos do Setor 2, onde eu estava, n\u00e3o dava para ver o tal ritual. Antes que o leitor me pergunte, me abstive de acompanhar os apupos. Segundo jornalista amigo meu me contou depois, o Setor 1, esse sim, vaiou o ritual.<\/p>\n<p style=\"text-align: justify;\"><a href=\"http:\/\/www.pedromigao.com.br\/ourodetolo\/wp-content\/uploads\/2014\/03\/20140302_152034.jpg\"><img loading=\"lazy\" decoding=\"async\" class=\"alignleft size-medium wp-image-23992\" alt=\"20140302_152034\" src=\"http:\/\/www.pedromigao.com.br\/ourodetolo\/wp-content\/uploads\/2014\/03\/20140302_152034-225x300.jpg\" width=\"225\" height=\"300\" srcset=\"http:\/\/www.pedromigao.com.br\/ourodetolo\/wp-content\/uploads\/2014\/03\/20140302_152034-225x300.jpg 225w, http:\/\/www.pedromigao.com.br\/ourodetolo\/wp-content\/uploads\/2014\/03\/20140302_152034-254x340.jpg 254w\" sizes=\"auto, (max-width: 225px) 100vw, 225px\" \/><\/a>26) Pelo menos em termos de acessos a <a href=\"http:\/\/www.pedromigao.com.br\/ourodetolo\/tag\/carnaval-2014\/\" target=\"_blank\"><span style=\"color: #ff6600;\">cobertura especial do Carnaval<\/span><\/a> parece ter agradado aos leitores. O n\u00famero de acessos \u00fanicos e page views mais que dobrou, em m\u00e9dia. O <a href=\"http:\/\/www.pedromigao.com.br\/ourodetolo\/2014\/03\/quando-o-carnaval-acabar\/\" target=\"_blank\"><span style=\"color: #ff6600;\">artigo que escrevi no \u00faltimo s\u00e1bado no jornal Folha de S\u00e3o Paulo tamb\u00e9m agradou<\/span><\/a> &#8211; a ponto de pessoas da Liesa terem ido \u00e0 minha frisa no s\u00e1bado me cumprimentar e elogiar o artigo.<\/p>\n<p style=\"text-align: justify;\"><em>(Fotos, pela ordem: eu no desfile da Cubango, com o tamb\u00e9m conselheiro S\u00e1vio Ara\u00fajo e as respectivas esposas, ala de baianas da Cubango, Renascer de Jacarepagu\u00e1 &#8211; em foto do amigo Rodrigo Mattar, posto de gasolina da Unidos da Tijuca, carros da Mocidade e da Santa Cruz, componente do Imp\u00e9rio Serrano, in\u00edcio da sexta feira de carnaval e o distintivo que usei em meu terno de diretoria &#8211; que, ali\u00e1s, perdi na Dispers\u00e3o&#8230;)<\/em><\/p>\n","protected":false},"excerpt":{"rendered":"<p>Resultados divulgados, j\u00e1 de volta ao trabalho, alguns r\u00e1pidos pitacos sobre o que eu vi nas quatro noites de desfile: 1) N\u00e3o irei comentar resultadosTour Details<\/p>\n","protected":false},"author":2,"featured_media":0,"comment_status":"open","ping_status":"open","sticky":false,"template":"","format":"standard","meta":{"footnotes":""},"categories":[289],"tags":[18,341,12,19],"class_list":["post-23955","post","type-post","status-publish","format-standard","hentry","category-pedro-migao","tag-carnaval","tag-carnaval-2014","tag-cultura","tag-escolas-de-samba"],"_links":{"self":[{"href":"http:\/\/www.pedromigao.com.br\/ourodetolo\/wp-json\/wp\/v2\/posts\/23955","targetHints":{"allow":["GET"]}}],"collection":[{"href":"http:\/\/www.pedromigao.com.br\/ourodetolo\/wp-json\/wp\/v2\/posts"}],"about":[{"href":"http:\/\/www.pedromigao.com.br\/ourodetolo\/wp-json\/wp\/v2\/types\/post"}],"author":[{"embeddable":true,"href":"http:\/\/www.pedromigao.com.br\/ourodetolo\/wp-json\/wp\/v2\/users\/2"}],"replies":[{"embeddable":true,"href":"http:\/\/www.pedromigao.com.br\/ourodetolo\/wp-json\/wp\/v2\/comments?post=23955"}],"version-history":[{"count":0,"href":"http:\/\/www.pedromigao.com.br\/ourodetolo\/wp-json\/wp\/v2\/posts\/23955\/revisions"}],"wp:attachment":[{"href":"http:\/\/www.pedromigao.com.br\/ourodetolo\/wp-json\/wp\/v2\/media?parent=23955"}],"wp:term":[{"taxonomy":"category","embeddable":true,"href":"http:\/\/www.pedromigao.com.br\/ourodetolo\/wp-json\/wp\/v2\/categories?post=23955"},{"taxonomy":"post_tag","embeddable":true,"href":"http:\/\/www.pedromigao.com.br\/ourodetolo\/wp-json\/wp\/v2\/tags?post=23955"}],"curies":[{"name":"wp","href":"https:\/\/api.w.org\/{rel}","templated":true}]}}