{"id":23947,"date":"2014-03-07T05:36:23","date_gmt":"2014-03-07T08:36:23","guid":{"rendered":"http:\/\/www.pedromigao.com.br\/ourodetolo\/?p=23947"},"modified":"2014-03-06T14:51:37","modified_gmt":"2014-03-06T17:51:37","slug":"sabinadas-um-julgamento-inaceitavel","status":"publish","type":"post","link":"http:\/\/www.pedromigao.com.br\/ourodetolo\/2014\/03\/sabinadas-um-julgamento-inaceitavel\/","title":{"rendered":"Sabinadas: &#8220;Um julgamento inaceit\u00e1vel&#8221;"},"content":{"rendered":"<p style=\"text-align: justify;\">Nesta quinta-feira, o<strong> jornalista esportivo Fred Sabino<\/strong> comenta o julgamento do Grupo Especial do Rio de Janeiro e discorre quesito a quesito os problemas vistos em algumas notas, al\u00e9m de fazer um balan\u00e7o das coloca\u00e7\u00f5es finais.<\/p>\n<p style=\"text-align: justify;\"><span style=\"text-decoration: underline;\"><em><strong>Um julgamento inaceit\u00e1vel<\/strong><\/em><\/span><\/p>\n<p style=\"text-align: justify;\">J\u00e1 vi julgamentos estranhos mas muito do que aconteceu ontem no samb\u00f3dromo foi absolutamente bizarro. Notas inaceit\u00e1veis para diversas escolas, tanto para o bem como para o mal, de julgadores que inexplicavelmente n\u00e3o viram erros crassos cometidos por algumas agremia\u00e7\u00f5es e injustamente &#8216;canetaram&#8217; outras.<\/p>\n<p style=\"text-align: justify;\">Se a vit\u00f3ria da Unidos da Tijuca n\u00e3o foi um absurdo, pois, apesar de a Portela ter sido superior, a escola do Borel realmente fez um \u00f3timo desfile, outras coloca\u00e7\u00f5es foram incompreens\u00edveis, principalmente a do Imp\u00e9rio da Tijuca, absurdamente rebaixado mesmo tendo feito um desfile superior a S\u00e3o Clemente e Vila Isabel &#8211; ali\u00e1s, as notas da escola de Noel nos quesitos pl\u00e1sticos foram um verdadeiro acinte.<\/p>\n<p style=\"text-align: justify;\">Tamb\u00e9m causaram estranheza algumas despontua\u00e7\u00f5es de Portela, Beija-Flor e Mangueira em quesitos nos quais as escolas tiveram bom desempenho. J\u00e1 o Salgueiro, apesar de ter feito um brilhante desfile, teve erros em harmonia e evolu\u00e7\u00e3o que foram pouco apontados, o que mudaria a parte de cima da tabela.<\/p>\n<p style=\"text-align: justify;\">Agora, um balan\u00e7o quesito a quesito:<\/p>\n<p style=\"text-align: justify;\"><strong>Enredo<\/strong> &#8211; Antes de tudo, vale frisar que as notas deste quesito n\u00e3o s\u00e3o atribu\u00eddas \u00fanica e exclusivamente pelo fato de o enredo ser &#8220;legal&#8221; ou n\u00e3o, mas sim se foi desenvolvido da forma prevista e se as ideias foram passadas de maneira clara. N\u00e3o foi um dos quesitos mais bizarros de 2014.<\/p>\n<p style=\"text-align: justify;\"><strong>Fantasia<\/strong> &#8211; Eis aqui o grande absurdo da apura\u00e7\u00e3o. Isso porque a Vila Isabel, a despeito de ter desfilado com diversas alas desfalcadas e com fantasias incompletas e mal acabadas, foi despontuada em apenas 0,5 somando as notas v\u00e1lidas. Ou seja, para os p\u00e9ssimos julgadores deste quesito, a Azul e Branco teve um conjunto de fantasias no mesmo n\u00edvel da Beija-Flor, que teve figurinos completos e superiores. A julgadora L\u00facia Simas, ent\u00e3o, abusou da incompet\u00eancia: colocou a Vila no mesmo patamar (9,8) de Beija-Flor, Salgueiro, Imperatriz e S\u00e3o Clemente e acima do Imp\u00e9rio da Tijuca (9,6), todas com fantasias muito melhores. Com toda a raz\u00e3o, o presidente do Imperinho, Antonio Carlos Teles, afirmou:\u00a0<em>&#8220;Vou fazer um enredo de cueca. N\u00e3o precisa mais de fantasia&#8221;.<\/em><\/p>\n<p style=\"text-align: justify;\"><strong>Alegorias e Adere\u00e7os<\/strong> &#8211; Outro julgamento vergonhoso. A Portela, a despeito de ter se apresentado com o conjunto aleg\u00f3rico mais bem acabado, luxuoso e pertinente ao enredo entre todas as escolas, n\u00e3o levou nenhum dez, o que a matou na briga pelo t\u00edtulo. A Mangueira, que deveria ter sido despontuada apenas no m\u00f3dulo em que teve o incidente com o carro do \u00edndio na torre de TV, tamb\u00e9m n\u00e3o levou nenhum dez apesar de ter tido carros de muito bom gosto e acabamento. Da mesma forma, o Salgueiro, que teve um conjunto aleg\u00f3rico brilhante, foi despontuado por todos os jurados &#8211; talvez pelo denominado &#8220;carro da Nissan&#8221;, que estava abaixo dos demais. E a Vila Isabel, que teve alegorias mal acabadas e de gosto duvidoso, chegou a levar um dez e, para os jurados, esteve no mesmo n\u00edvel ou superior do que Portela, Mangueira, Beija-Flor e Salgueiro. Al\u00e9m disso, a Uni\u00e3o da Ilha, que teve algumas alegorias apagadas (foto) e uma tombando no meio da pista, foi pouco despontuada para o que se viu.<a href=\"http:\/\/www.pedromigao.com.br\/ourodetolo\/wp-content\/uploads\/2014\/03\/20140303_232514.jpg\"><img loading=\"lazy\" decoding=\"async\" class=\"alignleft size-medium wp-image-23997\" alt=\"20140303_232514\" src=\"http:\/\/www.pedromigao.com.br\/ourodetolo\/wp-content\/uploads\/2014\/03\/20140303_232514-300x225.jpg\" width=\"300\" height=\"225\" srcset=\"http:\/\/www.pedromigao.com.br\/ourodetolo\/wp-content\/uploads\/2014\/03\/20140303_232514-300x225.jpg 300w, http:\/\/www.pedromigao.com.br\/ourodetolo\/wp-content\/uploads\/2014\/03\/20140303_232514-453x340.jpg 453w\" sizes=\"auto, (max-width: 300px) 100vw, 300px\" \/><\/a><\/p>\n<p style=\"text-align: justify;\"><strong>Mestre-Sala e Porta-Bandeira<\/strong> &#8211; Este \u00e9 um julgamento que n\u00e3o me sinto apto a opinar com precis\u00e3o, pois, al\u00e9m de ser mais subjetivo, n\u00e3o consegui acompanhar todas as apresenta\u00e7\u00f5es. Pelas notas, n\u00e3o houve algo discrepante demais que me chamasse a aten\u00e7\u00e3o.<\/p>\n<p style=\"text-align: justify;\"><strong>Samba-enredo<\/strong> &#8211; Entre tantas aberra\u00e7\u00f5es, finalmente um quesito julgado com um pouco mais de coer\u00eancia. Mas&#8230; A Uni\u00e3o da Ilha tem motivos para reclamar, pois foi prejudicada neste quesito, afinal seu samba-enredo recebeu duas notas 9,7, um exagero. E a Unidos da Tijuca, que tinha um samba mediano, levou notas muito altas. No mais, um julgamento correto, principalmente por parte do jurado Alexandre Wanderley, que, sem exagero, foi o mais preciso de todos os 40 julgadores, canetando quem deveria e dando dez a quem merecia. Para n\u00f3s que gostamos de samba-enredo n\u00e3o deixa de ser um alento o quesito mais importante do Carnaval ser julgado de forma mais adequada.<\/p>\n<p style=\"text-align: justify;\"><strong>Harmonia<\/strong> &#8211; Outro quesito mal julgado. Afinal, Portela e Unidos da Tijuca, que foram perfeitas durante todo o desfile, com as alas cantando o tempo todo em \u00f3timo entrosamento com o carro de som, foram despontuadas. J\u00e1 o Salgueiro (principalmente) e a Uni\u00e3o da Ilha, que foram irregulares ao longo da pista, receberam notas mais altas.<\/p>\n<p style=\"text-align: justify;\"><strong>Evolu\u00e7\u00e3o<\/strong> &#8211; Depois dos quesitos pl\u00e1sticos, foi o pior julgamento. Salgueiro e Uni\u00e3o da Ilha, que tiveram clar\u00edssimos problemas e correram demasiadamente da metade para a frente do desfile, al\u00e9m de terem tido buracos vis\u00edveis, foram pouco ou nada despontuados. Portela e Unidos da Tijuca, que foram perfeitas no quesito e evolu\u00edram de forma coesa e constante do come\u00e7o ao fim, foram despontuadas por algum jurado &#8211; nos dois casos, a nota foi descartada.<\/p>\n<p style=\"text-align: justify;\"><strong>Conjunto<\/strong> &#8211; No geral, n\u00e3o foi um quesito t\u00e3o mal julgado, exceto pelo Imp\u00e9rio da Tijuca, que foi massacrado injustamente pelos jurados, e pela Vila Isabel, que, pelos in\u00fameros problemas, deveria ser mais despontuada, afinal, como o pr\u00f3prio nome diz, Conjunto \u00e9 uma vis\u00e3o geral do desfile, analisando todos os aspectos.<\/p>\n<p style=\"text-align: justify;\"><strong>Comiss\u00e3o de frente<\/strong> &#8211; Outro quesito no qual as notas foram muito distorcidas. A Mangueira, que teve uma das melhores comiss\u00f5es do ano, a ponto de ser agraciada com o Estandarte de Ouro, n\u00e3o levou nenhum dez, incrivelmente. Outra que recebeu despontua\u00e7\u00f5es inconceb\u00edveis foi a supercriativa comiss\u00e3o da Uni\u00e3o da Ilha. Injusti\u00e7as \u00e0 parte, penso que, a exemplo do que ocorre na S\u00e9rie A, os trip\u00e9s deveriam ser proibidos pois esses monstrengos que t\u00eam sido usados descaracterizam o quesito, que a priori serve para apresentar a escola; al\u00e9m de que s\u00e3o elementos t\u00e3o grandes que me parecem mais carros aleg\u00f3ricos disfar\u00e7ados.<\/p>\n<p style=\"text-align: justify;\"><strong>Bateria<\/strong> &#8211; N\u00e3o foi um dos piores julgamentos do ano, mas as baterias de Mangueira e Mocidade (principalmente) foram despontuadas indevidamente. Insisto que, mais do que as paradinhas e bossas, que, concordo, d\u00e3o molho aos desfiles, o maior valor deste quesito deveria ser dado \u00e0 cad\u00eancia da bateria e \u00e0 manuten\u00e7\u00e3o do ritmo durante o desfile. Nisso, ningu\u00e9m esteve melhor do que a Beija-Flor, que corretamente recebeu quatro notas 10, e a Mocidade, lamentavelmente despontuada. Outras baterias em ritmo de frevo foram pouco canetadas. Pena.<\/p>\n<p style=\"text-align: justify;\">Antes das considera\u00e7\u00f5es finais, deixo claro aqui que o objetivo dos textos de Carnaval do Ouro de Tolo n\u00e3o \u00e9 denegrir a imagem de nenhuma escola ou defender alguma outra, mas sim alertar para erros que v\u00eam sendo cometidos no julgamento dos desfiles, seja agora ou no passado (o que sempre apontamos na s\u00e9rie Trinta Atos).<a href=\"http:\/\/www.pedromigao.com.br\/ourodetolo\/wp-content\/uploads\/2014\/03\/20140302_000032.jpg\"><img loading=\"lazy\" decoding=\"async\" class=\"alignright size-medium wp-image-23998\" alt=\"20140302_000032\" src=\"http:\/\/www.pedromigao.com.br\/ourodetolo\/wp-content\/uploads\/2014\/03\/20140302_000032-300x225.jpg\" width=\"300\" height=\"225\" srcset=\"http:\/\/www.pedromigao.com.br\/ourodetolo\/wp-content\/uploads\/2014\/03\/20140302_000032-300x225.jpg 300w, http:\/\/www.pedromigao.com.br\/ourodetolo\/wp-content\/uploads\/2014\/03\/20140302_000032-453x340.jpg 453w\" sizes=\"auto, (max-width: 300px) 100vw, 300px\" \/><\/a><\/p>\n<p style=\"text-align: justify;\">Torcemos para que os jurados sempre deem as notas mais corretas poss\u00edveis e, at\u00e9 que provem o contr\u00e1rio, acreditamos na isen\u00e7\u00e3o e boa \u00edndole dos julgadores. Mas fato \u00e9 que ocorreram aberra\u00e7\u00f5es no que foi um dos julgamentos mais bizarros j\u00e1 vistos na hist\u00f3ria dos desfiles. Que a Liesa tome atitudes para melhorar o julgamento e os maus julgadores n\u00e3o fa\u00e7am mais parte do quadro para os pr\u00f3ximos anos.<\/p>\n<p style=\"text-align: justify;\">Sobre as coloca\u00e7\u00f5es, na compara\u00e7\u00e3o com o que escrevi logo ap\u00f3s os desfiles, acertei quatro das seis escolas que voltar\u00e3o no s\u00e1bado. Sobre Salgueiro e Ilha, insisto que houve falhas nos quesitos que n\u00e3o foram despontuadas como deveriam e a Beija-Flor n\u00e3o deveria ter ficado fora do Desfile das Campe\u00e3s (sempre deixando claro que se levando em conta os quesitos). A Mangueira, a despeito de ter feito uma apresenta\u00e7\u00e3o fria, que me deixou desapontado como torcedor, n\u00e3o teve um julgamento dos mais adequados e poderia disputar a \u00faltima vaga com a Grande Rio.<\/p>\n<p style=\"text-align: justify;\">Na parte de baixo, insisto que o que fizeram com o Imp\u00e9rio da Tijuca foi vergonhoso, pois a escola passou com tranquilidade melhor do que S\u00e3o Clemente e Vila Isabel e n\u00e3o merecia ser rebaixada. Sobre a querida escola do bairro de Noel, fico triste por ter visto um desfile t\u00e3o lament\u00e1vel. Seja por qual motivo for, \u00e9 inaceit\u00e1vel que uma escola tradicional e da grandeza como \u00e9 a Vila chegue ao desfile de forma t\u00e3o pat\u00e9tica nos quesitos pl\u00e1sticos. Acabou que na apura\u00e7\u00e3o essas falhas n\u00e3o foram despontuadas como deveriam ser e a escola se salvou. Tomara que em 2015 a escola reaja.<\/p>\n<p style=\"text-align: justify;\">J\u00e1 no Grupo de Acesso, uma vit\u00f3ria merecida da Unidos do Viradouro, mas causaram surpresa a enxurrada de notas dez e a diferen\u00e7a para as demais escolas. Fico muito feliz pela Em Cima da Hora ter sido salva do rebaixamento, mesmo com as inaceit\u00e1veis notas que o antol\u00f3gico samba &#8220;Os Sert\u00f5es&#8221; recebeu &#8211; apenas um dez e um inacredit\u00e1vel 9,6.<\/p>\n<p style=\"text-align: justify;\">De resto, convido voc\u00eas a continuarem lendo a &#8216;Trinta Atos&#8217;, afinal ainda faltam algumas semanas para o fim da s\u00e9rie. E agrade\u00e7o a todos pela leitura durante esta \u00f3tima cobertura carnavalesca do Ouro de Tolo, convidando a ler os posts di\u00e1rios sobre diversos assuntos.<\/p>\n","protected":false},"excerpt":{"rendered":"<p>Nesta quinta-feira, o jornalista esportivo Fred Sabino comenta o julgamento do Grupo Especial do Rio de Janeiro e discorre quesito a quesito os problemas vistosTour Details<\/p>\n","protected":false},"author":14,"featured_media":23967,"comment_status":"open","ping_status":"open","sticky":false,"template":"","format":"standard","meta":{"footnotes":""},"categories":[20],"tags":[63,18,341,19,61,67,441,66,69,49,104,64,39,68,62],"class_list":["post-23947","post","type-post","status-publish","format-standard","has-post-thumbnail","hentry","category-sabinadas","tag-beija-flor","tag-carnaval","tag-carnaval-2014","tag-escolas-de-samba","tag-grande-rio","tag-imperatriz-leopoldinense","tag-imperio-da-tijuca","tag-mangueira","tag-mocidade-independente","tag-portela","tag-salgueiro","tag-sao-clemente","tag-uniao-da-ilha","tag-unidos-da-tijuca","tag-vila-isabel"],"_links":{"self":[{"href":"http:\/\/www.pedromigao.com.br\/ourodetolo\/wp-json\/wp\/v2\/posts\/23947","targetHints":{"allow":["GET"]}}],"collection":[{"href":"http:\/\/www.pedromigao.com.br\/ourodetolo\/wp-json\/wp\/v2\/posts"}],"about":[{"href":"http:\/\/www.pedromigao.com.br\/ourodetolo\/wp-json\/wp\/v2\/types\/post"}],"author":[{"embeddable":true,"href":"http:\/\/www.pedromigao.com.br\/ourodetolo\/wp-json\/wp\/v2\/users\/14"}],"replies":[{"embeddable":true,"href":"http:\/\/www.pedromigao.com.br\/ourodetolo\/wp-json\/wp\/v2\/comments?post=23947"}],"version-history":[{"count":0,"href":"http:\/\/www.pedromigao.com.br\/ourodetolo\/wp-json\/wp\/v2\/posts\/23947\/revisions"}],"wp:featuredmedia":[{"embeddable":true,"href":"http:\/\/www.pedromigao.com.br\/ourodetolo\/wp-json\/wp\/v2\/media\/23967"}],"wp:attachment":[{"href":"http:\/\/www.pedromigao.com.br\/ourodetolo\/wp-json\/wp\/v2\/media?parent=23947"}],"wp:term":[{"taxonomy":"category","embeddable":true,"href":"http:\/\/www.pedromigao.com.br\/ourodetolo\/wp-json\/wp\/v2\/categories?post=23947"},{"taxonomy":"post_tag","embeddable":true,"href":"http:\/\/www.pedromigao.com.br\/ourodetolo\/wp-json\/wp\/v2\/tags?post=23947"}],"curies":[{"name":"wp","href":"https:\/\/api.w.org\/{rel}","templated":true}]}}