{"id":23940,"date":"2014-03-06T04:47:14","date_gmt":"2014-03-06T07:47:14","guid":{"rendered":"http:\/\/www.pedromigao.com.br\/ourodetolo\/?p=23940"},"modified":"2014-03-05T20:56:35","modified_gmt":"2014-03-05T23:56:35","slug":"filho-prodigo-sao-paulo-um-carnaval-que-nao-se-respeita","status":"publish","type":"post","link":"http:\/\/www.pedromigao.com.br\/ourodetolo\/2014\/03\/filho-prodigo-sao-paulo-um-carnaval-que-nao-se-respeita\/","title":{"rendered":"Filho Pr\u00f3digo &#8211; &#8220;S\u00e3o Paulo: Um Carnaval que n\u00e3o se respeita&#8221;"},"content":{"rendered":"<p style=\"text-align: justify;\">O estudante <strong>Leonardo Dahi<\/strong> comenta os resultados de S\u00e3o Paulo.<\/p>\n<p style=\"text-align: justify;\"><span style=\"text-decoration: underline;\"><em><b>S\u00e3o Paulo: Um Carnaval que n\u00e3o se respeita<\/b><\/em><\/span><\/p>\n<p style=\"text-align: justify;\">Nesse ano, tal como em todos os outros anteriores, n\u00e3o pisei em nenhuma quadra de escola de samba de S\u00e3o Paulo. Fui a apenas um ensaio t\u00e9cnico, j\u00e1 nas suas duas \u00faltimas escolas, e fui ao Anhembi apenas no s\u00e1bado de Carnaval. Sexta assisti pela TV e ainda estou botando em dia os desfiles do Acesso no domingo.<\/p>\n<p style=\"text-align: justify;\">Por outro lado, li todas as sinopses divulgadas nos Grupo Especiais e de Acesso. Ouvi mais de 90% desses sambas concorrentes. Tinha todos os 22 hinos dos dois primeiros grupos decorados j\u00e1 em outubro. Fiz tudo isso porque gosto. Gosto de Carnaval, gosto de samba e gosto do Carnaval paulistano. Toda a informa\u00e7\u00e3o consumida sobre a folia paulistana foi consumida por prazer, ainda que \u201coff-tube\u201d.<\/p>\n<p style=\"text-align: justify;\">Paralelamente, e isso j\u00e1 vem de muito tempo, argumentei, conversei, \u00e0s vezes me exaltei, briguei, xinguei e discuti com v\u00e1rias pessoas pela internet sobre o que n\u00f3s temos para mostrar aqui na Terra da Garoa. Foram debates \u00e1rduos com quem n\u00e3o conhece a qualidade dos nossos sambistas e que, tolos, pensam que Carnaval s\u00f3 existe no Rio de Janeiro. Mais uma vez por prazer, divulguei um pouco o trabalho que se faz aqui para quem n\u00e3o conhecia. Certamente n\u00e3o foi o \u00fanico, muitos outros o fazem, ainda bem.<\/p>\n<p style=\"text-align: justify;\">\u00c9 por tudo isso que me sinto ofendido, desrespeitado e feito de palha\u00e7o pelo que ocorreu no Samb\u00f3dromo do Anhembi na tarde desta ter\u00e7a-feira. Mais uma vez, a Liga\/SP, voluntariamente ou n\u00e3o, usou da \u201ct\u00e1tica\u201d quase circense de fazer justi\u00e7a na primeira coloca\u00e7\u00e3o para maquiar um dos maiores absurdos de que eu j\u00e1 tive not\u00edcia na hist\u00f3ria do Carnaval \u2013 e a\u00ed incluo os anos de palha\u00e7adas no Grupo de Acesso carioca.<\/p>\n<p style=\"text-align: justify;\">Eu ainda n\u00e3o consegui descobrir se o corpo de julgadores da Liga \u00e9 incompetente ou desonesto, j\u00e1 que tenho provas contundentes das duas hip\u00f3teses a cada nota lida na Ter\u00e7a-Feira Gorda. E, de verdade, pouco me importa. Eticamente, faz diferen\u00e7a. No sentimento de vergonha, nenhuma.<\/p>\n<p style=\"text-align: justify;\">Sim, eu estou envergonhado de ter feito tudo isso que descrevi nos primeiros par\u00e1grafos. Envergonhado de fazer, como tantos outros, papel de palha\u00e7o. \u00c9 verdade que no Carnaval o resultado nem sempre importa, mas eu n\u00e3o consigo me ver de outra forma quando lembro do que pensava quando ouvia o samba da P\u00e9rola Negra, ou da emo\u00e7\u00e3o que senti quando vi a escola pisando no Anhembi.<\/p>\n<p style=\"text-align: justify;\">A bem da verdade, a Liga j\u00e1 estraga o meu Carnaval na apura\u00e7\u00e3o h\u00e1 muito tempo, seja nas notas ou nas medidas ineficientes para combater a bagun\u00e7a no Samb\u00f3dromo no dia da leitura das notas. Mas esse ano, confesso, fui pego de surpresa. E vou dizer porque.<\/p>\n<p style=\"text-align: justify;\">Quando voc\u00ea pensa no Carnaval, pensa em primeiro lugar nos desfiles. Voc\u00ea espera aquelas quatro noites de folia e n\u00e3o a tarde da apura\u00e7\u00e3o. \u00c9 \u00f3bvio, por\u00e9m, que voc\u00ea quer ver aquilo que passou pela Avenida refletido em nota. Claro que nunca o j\u00fari vai pensar do mesmo jeito que voc\u00ea, mas \u00e9 preciso que haja uma coer\u00eancia.<\/p>\n<p style=\"text-align: justify;\">Coer\u00eancia essa que n\u00e3o passou perto de existir no julgamento da P\u00e9rola Negra, que, voltando ao Grupo Especial (j\u00e1 foi absurdamente rebaixada em 2012), fez um desfile espetacular. N\u00e3o vi, na internet, nenhum coment\u00e1rio que n\u00e3o colocasse a escola entre as cinco melhores. At\u00e9 minha m\u00e3e, que costuma se pegar mais nos quesitos visuais para avaliar as escolas, disse ser \u201cimposs\u00edvel\u201d um rebaixamento que eu j\u00e1 temia h\u00e1 algum tempo no jogo de cartas marcadas que virou o Carnaval daqui.<\/p>\n<p style=\"text-align: justify;\">Todo mundo j\u00e1 imaginava que pudesse acontecer, mas \u00e9 chocante ver a escola em 13\u00ba e pen\u00faltimo lugar, sendo rebaixada de novo para o Grupo de Acesso. Qualquer um sabe, mesmo sem viver o dia a dia da escola, como foi dif\u00edcil para uma agremia\u00e7\u00e3o que bem pouco tempo atr\u00e1s ensaiava sob um viaduto, chegar nesse est\u00e1gio.<\/p>\n<p style=\"text-align: justify;\"><a href=\"http:\/\/www.pedromigao.com.br\/ourodetolo\/wp-content\/uploads\/2014\/03\/fmleandro-8300.jpg\"><img loading=\"lazy\" decoding=\"async\" class=\"alignleft size-full wp-image-23942\" alt=\"fmleandro-8300\" src=\"http:\/\/www.pedromigao.com.br\/ourodetolo\/wp-content\/uploads\/2014\/03\/fmleandro-8300.jpg\" width=\"300\" height=\"225\" \/><\/a>Sabemos bem do talento que tem esse rapaz chamado Andr\u00e9 Machado, que \u00e9 um dos melhores Carnavalescos do Brasil na atualidade e n\u00e3o abandonou a sua escola mesmo sendo prejudicado por estar em uma agremia\u00e7\u00e3o que, inexplicavelmente, nunca conquista os jurados. Sabemos como ele, Celsinho Mody, Mydras, Edilson Carlos Casal, Douglinhas Aguiar, al\u00e9m de tantos outros an\u00f4nimos, mereciam uma posi\u00e7\u00e3o melhor. N\u00f3s, enquanto consumidores da festa \u2013 inclusive em termos financeiros -, merec\u00edamos um pouco mais de respeito e lisura.<\/p>\n<p style=\"text-align: justify;\">Seria bobagem, minha, por\u00e9m, me ater apenas \u00e0 P\u00e9rola Negra para criticar o julgamento, que foi repleto de absurdos desde o primeiro quesito, fantasia. Nele, a Nen\u00ea de Vila Matilde, visivelmente uma das melhores nesse ponto, recebeu as piores notas, simplesmente 1,3 pontos atr\u00e1s da pen\u00faltima, Leandro de Itaquera.<\/p>\n<p style=\"text-align: justify;\">No segundo quesito, enredo, foram dadas 56 notas (quatro para cada uma das 14 escolas). Simplesmente 42 delas, foram 10. A mais baixa, um 9,8. A safra de enredos n\u00e3o foi ruim, mas teve coisas bem estranhas como uma homenagem \u00e0 Paul\u00ednia e outra \u00e0 Foz do Igua\u00e7u que, bons ou ruins, n\u00e3o mereciam nota 30. Situa\u00e7\u00e3o parecida com a de mestre-sala e porta-bandeira, que teve 44 notas m\u00e1ximas.<\/p>\n<p style=\"text-align: justify;\">Em comiss\u00e3o de frente, teve jurado dando 10 para a X-9, cuja roupa n\u00e3o acendeu como previsto devido \u00e0 chuva. A\u00ed veio evolu\u00e7\u00e3o com suas notas estranhas. A Mocidade, ainda mais pelo assalto \u00e0 uma de suas principais concorrentes, foi campe\u00e3 com justi\u00e7a. Por\u00e9m, \u00e9 inaceit\u00e1vel, repito, inaceit\u00e1vel, que tenha tirado nota 30 em evolu\u00e7\u00e3o sendo que abriu dois buracos bem em frente de onde eu estava e ainda por cima correu no fim para n\u00e3o estourar o tempo.<\/p>\n<p style=\"text-align: justify;\">Essa benevol\u00eancia n\u00e3o foi vista, por exemplo, com a Gavi\u00f5es, que perdeu quase tr\u00eas pontos no quesito. A Tatuap\u00e9, se foi julgada com pouqu\u00edssimo rigor em alegoria e fantasia, perdeu sete d\u00e9cimos inacredit\u00e1veis no quesito, enquanto a Tom Maior tirou 10 no primeiro m\u00f3dulo. Detalhe: o abre-alas da escola s\u00f3 entrou na Avenida quando o rel\u00f3gio marcava 13 minutos de desfile.<\/p>\n<p style=\"text-align: justify;\">E o que dizer de samba-enredo? Em uma safra complicad\u00edssima, 46 das 56 notas foram 10 (as outras 10 foram 9,9). Gavi\u00f5es da Fiel e Nen\u00ea de Vila Matilde tiraram nota 40, enquanto a Tatuap\u00e9, que tinha um dos melhores sambas do ano, perdeu um d\u00e9cimo mesmo com os descartes. Uma piada de mau gosto. Pelo segundo ano seguido, o quesito n\u00e3o representa nada e n\u00e3o d\u00e1 nem pra falar que seria ali que as escolas menos fortes no visual tirariam a diferen\u00e7a porque elas s\u00e3o as \u00fanicas penalizadas em geral. <em>[1]<\/em><\/p>\n<p style=\"text-align: justify;\">Leandro de Itaquera e Tatuap\u00e9, que levaram alegorias de gosto bastante duvidoso para a Avenida, foram nota 30 no quesito, enquanto a P\u00e9rola perdeu dois d\u00e9cimos com um dos melhores conjuntos aleg\u00f3ricos do ano. Ali\u00e1s, com exce\u00e7\u00e3o da escola da Vila Madalena para o mal e da Mocidade para o bem, todas foram beneficiadas e prejudicadas, o que me faz pensar que o j\u00fari \u00e9 s\u00f3 muito incompetente. A Tucuruvi, por exemplo, \u00e9 assaltada todo ano, mas em 2014 conseguiu quatro notas 10 em harmonia, que \u00e9 a pior do Grupo Especial.<\/p>\n<p style=\"text-align: justify;\">O resultado final nos traz um absurdo d\u00e9cimo segundo lugar para a Nen\u00ea, o rebaixamento j\u00e1 descrito da P\u00e9rola e o s\u00e9timo posto da muito rebaix\u00e1vel Tom Maior, al\u00e9m de um contest\u00e1vel vice-campeonato para a Rosas de Ouro, mas acabou, nessa salada de erros, sendo coerente \u2013 como \u00e9 larga a Liga, meu Deus &#8211; o que faz com que muita gente deixe pra l\u00e1. Afinal, que import\u00e2ncia tem a P\u00e9rola Negra? Fez-se justi\u00e7a no campeonato.<\/p>\n<p style=\"text-align: justify;\">\u00c9 por isso que continuamos tendo uma Liga que divulga seu regulamento dois dias antes do desfile, que diz no dito cujo que <em>\u201c<b>at\u00e9 <\/b>duas escolas podem subir e <b>at\u00e9 <\/b>duas podem cair\u201d. <\/em>Que pro\u00edbe o merchandising, mas deixa de punir a Tom Maior em dois pontos por causa do trator que entrou acoplado ao carro abre-alas<em> p<\/em>orque foi \u201cmotivo de for\u00e7a maior\u201d.<\/p>\n<p style=\"text-align: justify;\">Acredite que para eu dizer isso \u00e9 porque a injusti\u00e7a foi muito grande: se a P\u00e9rola Negra entrasse na justi\u00e7a virando a mesa, eu apoiaria. Porque se \u00e9 para ser uma bagun\u00e7a, que seus causadores sofram as consequ\u00eancias. Ainda existem outras pol\u00eamicas como a do \u201cenxerto\u201d (quando uma escola usa alegoria de outra em outro ano) da Terceiro Mil\u00eanio. N\u00e3o vi a tal alegoria, n\u00e3o vou opinar nem insinuar nada.<\/p>\n<p style=\"text-align: justify;\">Queria muito que as escolas de samba for\u00e7assem a Liga a fazer uma reflex\u00e3o. A Liga\/SP de Serginho Ferreira tem feito boas coisas pelo Carnaval aqui. O CD melhorou, o Grupo de Acesso est\u00e1 a\u00ed no Viva, o sistema de venda ingressos informatizado \u00e9 bom, mas n\u00e3o d\u00e1 para jogar tudo fora na ter\u00e7a.<\/p>\n<p style=\"text-align: justify;\">Enfim&#8230; Esse texto \u00e9, antes de tudo, um desabafo. Porque nesta ter\u00e7a-feira, por\u00e9m, o Carnaval de S\u00e3o Paulo me desrespeitou. Desrespeitou a todos os foli\u00f5es paulistanos. P\u00e9rola Negra, ent\u00e3o, nem se fala. Por\u00e9m, o maior desrespeitado pelo Carnaval de S\u00e3o Paulo, ironicamente, foi ele mesmo.<\/p>\n<p style=\"text-align: justify;\">Eu e todo mundo dever\u00edamos larga-lo. Principalmente quem de fato faz ele acontecer em barrac\u00f5es, quadras e ateli\u00eas, j\u00e1 que investem grande parte de seu tempo nisso. N\u00e3o o faremos. Dizem que samba \u00e9 resist\u00eancia e eles, acredito, continuar\u00e3o resistindo. Eu fico aqui, aplaudindo. Porque, afinal de contas, antes da decep\u00e7\u00e3o da ter\u00e7a-feira, vem a emo\u00e7\u00e3o e a rever\u00eancia da sexta, do s\u00e1bado e do domingo. Quero continuar acreditando que, no fim da hist\u00f3ria, tudo ainda vale a pena.<\/p>\n<p style=\"text-align: justify;\"><em>[N.do.E.: as notas de samba enredo foram inacredit\u00e1veis, em uma safra fraqu\u00edssima. A Gavi\u00f5es da Fiel ter gabaritado o quesito foi uma esculhamba\u00e7\u00e3o]<\/em><\/p>\n","protected":false},"excerpt":{"rendered":"<p>O estudante Leonardo Dahi comenta os resultados de S\u00e3o Paulo. S\u00e3o Paulo: Um Carnaval que n\u00e3o se respeita Nesse ano, tal como em todos osTour Details<\/p>\n","protected":false},"author":12,"featured_media":0,"comment_status":"open","ping_status":"open","sticky":false,"template":"","format":"standard","meta":{"footnotes":""},"categories":[351],"tags":[18,341,19],"class_list":["post-23940","post","type-post","status-publish","format-standard","hentry","category-filho-prodigo","tag-carnaval","tag-carnaval-2014","tag-escolas-de-samba"],"_links":{"self":[{"href":"http:\/\/www.pedromigao.com.br\/ourodetolo\/wp-json\/wp\/v2\/posts\/23940","targetHints":{"allow":["GET"]}}],"collection":[{"href":"http:\/\/www.pedromigao.com.br\/ourodetolo\/wp-json\/wp\/v2\/posts"}],"about":[{"href":"http:\/\/www.pedromigao.com.br\/ourodetolo\/wp-json\/wp\/v2\/types\/post"}],"author":[{"embeddable":true,"href":"http:\/\/www.pedromigao.com.br\/ourodetolo\/wp-json\/wp\/v2\/users\/12"}],"replies":[{"embeddable":true,"href":"http:\/\/www.pedromigao.com.br\/ourodetolo\/wp-json\/wp\/v2\/comments?post=23940"}],"version-history":[{"count":0,"href":"http:\/\/www.pedromigao.com.br\/ourodetolo\/wp-json\/wp\/v2\/posts\/23940\/revisions"}],"wp:attachment":[{"href":"http:\/\/www.pedromigao.com.br\/ourodetolo\/wp-json\/wp\/v2\/media?parent=23940"}],"wp:term":[{"taxonomy":"category","embeddable":true,"href":"http:\/\/www.pedromigao.com.br\/ourodetolo\/wp-json\/wp\/v2\/categories?post=23940"},{"taxonomy":"post_tag","embeddable":true,"href":"http:\/\/www.pedromigao.com.br\/ourodetolo\/wp-json\/wp\/v2\/tags?post=23940"}],"curies":[{"name":"wp","href":"https:\/\/api.w.org\/{rel}","templated":true}]}}