{"id":23919,"date":"2014-03-05T19:31:22","date_gmt":"2014-03-05T22:31:22","guid":{"rendered":"http:\/\/www.pedromigao.com.br\/ourodetolo\/?p=23919"},"modified":"2014-03-05T19:31:22","modified_gmt":"2014-03-05T22:31:22","slug":"historia-e-outros-assuntos-um-desfile-equilibrado-com-algumas-decepcoes-e-certezas","status":"publish","type":"post","link":"http:\/\/www.pedromigao.com.br\/ourodetolo\/2014\/03\/historia-e-outros-assuntos-um-desfile-equilibrado-com-algumas-decepcoes-e-certezas\/","title":{"rendered":"Hist\u00f3ria e Outros Assuntos: &#8220;Um desfile equilibrado, com algumas decep\u00e7\u00f5es e certezas&#8221;"},"content":{"rendered":"<p style=\"text-align: justify;\">O <strong>Mestre em Hist\u00f3ria Fabr\u00edcio Gomes<\/strong> coloca suas impress\u00f5es sobre o desfile do Grupo Especial deste ano. Lembro aos leitores que o texto foi escrito antes da apura\u00e7\u00e3o dos resultados.<\/p>\n<p style=\"text-align: justify;\"><span style=\"text-decoration: underline;\"><em><strong>Um desfile equilibrado, com algumas decep\u00e7\u00f5es e certezas<\/strong><\/em><\/span><\/p>\n<p style=\"text-align: justify;\">Este carnaval 2014 com certeza entrar\u00e1 para a hist\u00f3ria. Um carnaval que se mostrou equilibrado, bem antes das escolas pisarem na Avenida, com a escolha de enredos bem interessantes &#8211; Mocidade, Portela e Unidos da Tijuca, por exemplo -, outros que de in\u00edcio n\u00e3o pareciam t\u00e3o legais assim, mas que na hora H se mostraram bem resolvidos e desenvolvidos &#8211; Grande Rio e Uni\u00e3o da Ilha figuram nesse pante\u00e3o. E finalmente temas que criaram boas expectativas e se mostraram decepcionantes &#8211; nesse caso falo da S\u00e3o Clemente e da Vila Isabel, as duas escolas que mais decepcionaram no desenvolvimento de seus enredos.<\/p>\n<p style=\"text-align: justify;\"><a href=\"http:\/\/www.pedromigao.com.br\/ourodetolo\/wp-content\/uploads\/2014\/03\/image3.jpg\"><img loading=\"lazy\" decoding=\"async\" class=\"size-medium wp-image-23920 alignleft\" alt=\"image\" src=\"http:\/\/www.pedromigao.com.br\/ourodetolo\/wp-content\/uploads\/2014\/03\/image3-e1394040848535-225x300.jpg\" width=\"225\" height=\"300\" srcset=\"http:\/\/www.pedromigao.com.br\/ourodetolo\/wp-content\/uploads\/2014\/03\/image3-e1394040848535-225x300.jpg 225w, http:\/\/www.pedromigao.com.br\/ourodetolo\/wp-content\/uploads\/2014\/03\/image3-e1394040848535-255x340.jpg 255w\" sizes=\"auto, (max-width: 225px) 100vw, 225px\" \/><\/a>S\u00e3o Clemente e Vila Isabel fizeram os piores desfiles, lentos, arrastados e enfadonhos. O interessante enredo sobre a Favela, da S\u00e3o Clemente, foi repleto de clich\u00eas e previs\u00edvel ao extremo. Eu destacaria somente o abre-alas, que mostrava Antonio Conselheiro e seus combatentes no sert\u00e3o de Canudos, na Bahia. O nome Favela era de um arbusto existente em Belo Monte e foi encontrado por soldados que l\u00e1 estiveram no morro da Provid\u00eancia, aqui no Rio. Por isso que &#8220;favela&#8221; batizou o nome dos morros cariocas. A escola ficou devendo.<\/p>\n<p style=\"text-align: justify;\"><a href=\"http:\/\/www.pedromigao.com.br\/ourodetolo\/wp-content\/uploads\/2014\/03\/image4.jpg\"><img loading=\"lazy\" decoding=\"async\" class=\"size-medium wp-image-23921 alignright\" alt=\"image\" src=\"http:\/\/www.pedromigao.com.br\/ourodetolo\/wp-content\/uploads\/2014\/03\/image4-e1394040989830-225x300.jpg\" width=\"225\" height=\"300\" srcset=\"http:\/\/www.pedromigao.com.br\/ourodetolo\/wp-content\/uploads\/2014\/03\/image4-e1394040989830-225x300.jpg 225w, http:\/\/www.pedromigao.com.br\/ourodetolo\/wp-content\/uploads\/2014\/03\/image4-e1394040989830-255x340.jpg 255w, http:\/\/www.pedromigao.com.br\/ourodetolo\/wp-content\/uploads\/2014\/03\/image4-e1394040989830.jpg 1224w\" sizes=\"auto, (max-width: 225px) 100vw, 225px\" \/><\/a><\/p>\n<p style=\"text-align: justify;\">J\u00e1 a Vila Isabel mostrou seus retratos. N\u00e3o de um Brasil Plural, como diz seu enredo, mas de uma escola fragmentada, repleta de problemas pol\u00edticos e, principalmente, sem dinheiro. Fui a um ensaio da Vila no in\u00edcio de janeiro e fiquei espantado com a quadra vazia &#8211; aten\u00e7\u00e3o, estamos aqui falando de uma campe\u00e3 do ano anterior, que lutava pelo bicampeonato. Geralmente quando uma escola vence, seus ensaios s\u00e3o disputados, j\u00e1 que teoricamente a escola est\u00e1 na m\u00eddia. A comiss\u00e3o de frente n\u00e3o apresentou nada de interessante, alegorias mal acabadas e principalmente o grande problema das fantasias &#8211; onze alas deixaram de desfilar, outras tantas desfilaram sem metade da fantasia, e a roupa de sua rainha de bateria chegou dez minutos antes, de motoboy, da escola entrar na Avenida. Muitos integrantes se recusaram a desfilar, sabendo que as fantasias n\u00e3o foram entregues, e a diretoria teve que buscar &#8220;novos componentes&#8221; nas barracas pr\u00f3ximas da Sapuca\u00ed. Pobre Vila, o desfile foi o retrato de sua fase atual.<\/p>\n<p style=\"text-align: justify;\"><a href=\"http:\/\/www.pedromigao.com.br\/ourodetolo\/wp-content\/uploads\/2014\/03\/image6.jpg\"><img loading=\"lazy\" decoding=\"async\" class=\"aligncenter size-medium wp-image-23923\" alt=\"image\" src=\"http:\/\/www.pedromigao.com.br\/ourodetolo\/wp-content\/uploads\/2014\/03\/image6-300x225.jpg\" width=\"300\" height=\"225\" srcset=\"http:\/\/www.pedromigao.com.br\/ourodetolo\/wp-content\/uploads\/2014\/03\/image6-300x225.jpg 300w, http:\/\/www.pedromigao.com.br\/ourodetolo\/wp-content\/uploads\/2014\/03\/image6-453x340.jpg 453w, http:\/\/www.pedromigao.com.br\/ourodetolo\/wp-content\/uploads\/2014\/03\/image6.jpg 1632w\" sizes=\"auto, (max-width: 300px) 100vw, 300px\" \/><\/a>Pela l\u00f3gica, por apresentarem tantos erros, S\u00e3o Clemente e Vila Isabel deveriam disputar para ver quem cai. Mas se persistir a l\u00f3gica da Liesa, cair\u00e1 o Imp\u00e9rio da Tijuca &#8211; que se n\u00e3o fez a Avenida &#8220;tremer&#8221;, ao menos n\u00e3o comprometeu sua apresenta\u00e7\u00e3o e fez um bom desfile.<\/p>\n<p style=\"text-align: justify;\"><a href=\"http:\/\/www.pedromigao.com.br\/ourodetolo\/wp-content\/uploads\/2014\/03\/image5.jpg\"><img loading=\"lazy\" decoding=\"async\" class=\"aligncenter size-medium wp-image-23922\" alt=\"image\" src=\"http:\/\/www.pedromigao.com.br\/ourodetolo\/wp-content\/uploads\/2014\/03\/image5-300x225.jpg\" width=\"300\" height=\"225\" srcset=\"http:\/\/www.pedromigao.com.br\/ourodetolo\/wp-content\/uploads\/2014\/03\/image5-300x225.jpg 300w, http:\/\/www.pedromigao.com.br\/ourodetolo\/wp-content\/uploads\/2014\/03\/image5-453x340.jpg 453w, http:\/\/www.pedromigao.com.br\/ourodetolo\/wp-content\/uploads\/2014\/03\/image5.jpg 1632w\" sizes=\"auto, (max-width: 300px) 100vw, 300px\" \/><\/a>Como pontos fortes da festa cito o resgate de auto-estima da Portela, que desfilou como nunca. Al\u00e9m de um \u00f3timo samba, o trabalho desenvolvido pelo Alexandre Louzada se sobressaiu. Muito luxo e garra traduziram a passagem da \u00e1guia de Madureira pela Passarela do Samba, o que certamente credenciar\u00e1 a Portela a almejar voos mais altos na apura\u00e7\u00e3o deste ano. Mas o desfile da azul e branca n\u00e3o foi s\u00f3 de coisas boas: a comiss\u00e3o de frente n\u00e3o aconteceu na Avenida e o casal de mestre-sala e porta-bandeira ficou devendo uma boa apresenta\u00e7\u00e3o.<\/p>\n<p style=\"text-align: justify;\"><a href=\"http:\/\/www.pedromigao.com.br\/ourodetolo\/wp-content\/uploads\/2014\/03\/image7.jpg\"><img loading=\"lazy\" decoding=\"async\" class=\"aligncenter size-medium wp-image-23924\" alt=\"image\" src=\"http:\/\/www.pedromigao.com.br\/ourodetolo\/wp-content\/uploads\/2014\/03\/image7-300x225.jpg\" width=\"300\" height=\"225\" srcset=\"http:\/\/www.pedromigao.com.br\/ourodetolo\/wp-content\/uploads\/2014\/03\/image7-300x225.jpg 300w, http:\/\/www.pedromigao.com.br\/ourodetolo\/wp-content\/uploads\/2014\/03\/image7-453x340.jpg 453w\" sizes=\"auto, (max-width: 300px) 100vw, 300px\" \/><\/a>Auto-estima tamb\u00e9m apresentado pela Mocidade, que d\u00e1 ao seu torcedor a esperan\u00e7a de promissores carnavais para o pr\u00f3ximo ano. O pessoal da harmonia da escola estava vestido com uma camisa do Sport Recife &#8211; time do cora\u00e7\u00e3o do Fernando Pinto, um dos homenageados &#8211; e campe\u00e3o bi\u00f4nico &#8211; aquele que foi, sem nunca ter sido &#8211; do Campeonato Brasileiro de 1987.<\/p>\n<p style=\"text-align: justify;\"><a href=\"http:\/\/www.pedromigao.com.br\/ourodetolo\/wp-content\/uploads\/2014\/03\/image8.jpg\"><img loading=\"lazy\" decoding=\"async\" class=\"aligncenter size-medium wp-image-23925\" alt=\"image\" src=\"http:\/\/www.pedromigao.com.br\/ourodetolo\/wp-content\/uploads\/2014\/03\/image8-300x225.jpg\" width=\"300\" height=\"225\" srcset=\"http:\/\/www.pedromigao.com.br\/ourodetolo\/wp-content\/uploads\/2014\/03\/image8-300x225.jpg 300w, http:\/\/www.pedromigao.com.br\/ourodetolo\/wp-content\/uploads\/2014\/03\/image8-453x340.jpg 453w, http:\/\/www.pedromigao.com.br\/ourodetolo\/wp-content\/uploads\/2014\/03\/image8.jpg 1632w\" sizes=\"auto, (max-width: 300px) 100vw, 300px\" \/><\/a>Outro ponto que gostaria de ressaltar \u00e9 o amadurecimento de algumas escolas no tratamento de enredos biogr\u00e1ficos. Era muito comum assistirmos desfiles chat\u00edssimos, previs\u00edveis e cronol\u00f3gicos, com in\u00edcio, meio e fim, e que no fim das contas acabavam por &#8220;resgatar&#8221; a figura do homenageado, al\u00e7ando este a um patamar de &#8220;mito&#8221; e lenda. Imperatriz, Unidos da Tijuca e Grande Rio (que homenageou os 200 anos da cidade de Maric\u00e1, mas de uma forma bastante diferente dos enredos patrocinados que at\u00e9 ent\u00e3o foram levados para a Sapuca\u00ed) mudaram essa forma.<\/p>\n<p style=\"text-align: justify;\"><a href=\"http:\/\/www.pedromigao.com.br\/ourodetolo\/wp-content\/uploads\/2014\/03\/image9.jpg\"><img loading=\"lazy\" decoding=\"async\" class=\"aligncenter size-medium wp-image-23926\" alt=\"image\" src=\"http:\/\/www.pedromigao.com.br\/ourodetolo\/wp-content\/uploads\/2014\/03\/image9-300x225.jpg\" width=\"300\" height=\"225\" srcset=\"http:\/\/www.pedromigao.com.br\/ourodetolo\/wp-content\/uploads\/2014\/03\/image9-300x225.jpg 300w, http:\/\/www.pedromigao.com.br\/ourodetolo\/wp-content\/uploads\/2014\/03\/image9-453x340.jpg 453w\" sizes=\"auto, (max-width: 300px) 100vw, 300px\" \/><\/a>Decerto que a Unidos da Tijuca j\u00e1 fizera isso no enredo sobre Luiz Gonzaga, em 2012, e agora, utilizou o tema da velocidade para levar Ayrton Senna para a pista de desfiles. J\u00e1 a Imperatriz criou um paralelo entre Arthur Antunes Coimbra &#8211; o Zico &#8211; e o Rei Arthur, que tamb\u00e9m &#8220;lutava&#8221; contra cavaleiros. Foram, sem d\u00favidas, desfiles inteligentes e que renderam bastante.<\/p>\n<p style=\"text-align: justify;\"><a href=\"http:\/\/www.pedromigao.com.br\/ourodetolo\/wp-content\/uploads\/2014\/03\/image10.jpg\"><img loading=\"lazy\" decoding=\"async\" class=\"aligncenter size-medium wp-image-23927\" alt=\"image\" src=\"http:\/\/www.pedromigao.com.br\/ourodetolo\/wp-content\/uploads\/2014\/03\/image10-300x225.jpg\" width=\"300\" height=\"225\" srcset=\"http:\/\/www.pedromigao.com.br\/ourodetolo\/wp-content\/uploads\/2014\/03\/image10-300x225.jpg 300w, http:\/\/www.pedromigao.com.br\/ourodetolo\/wp-content\/uploads\/2014\/03\/image10-453x340.jpg 453w\" sizes=\"auto, (max-width: 300px) 100vw, 300px\" \/><\/a>A Mangueira decepcionou com um samba que era excelente no CD, mas que morreu na Avenida. Desfilou com cores muito bonitas, mas alguma coisa estava fora de sintonia. Algumas id\u00e9ias for\u00e7adas e alegorias fora de prop\u00f3sito. Ficou devendo.<\/p>\n<p style=\"text-align: justify;\"><a href=\"http:\/\/www.pedromigao.com.br\/ourodetolo\/wp-content\/uploads\/2014\/03\/image11.jpg\"><img loading=\"lazy\" decoding=\"async\" class=\"aligncenter size-medium wp-image-23928\" alt=\"image\" src=\"http:\/\/www.pedromigao.com.br\/ourodetolo\/wp-content\/uploads\/2014\/03\/image11-300x225.jpg\" width=\"300\" height=\"225\" srcset=\"http:\/\/www.pedromigao.com.br\/ourodetolo\/wp-content\/uploads\/2014\/03\/image11-300x225.jpg 300w, http:\/\/www.pedromigao.com.br\/ourodetolo\/wp-content\/uploads\/2014\/03\/image11-453x340.jpg 453w, http:\/\/www.pedromigao.com.br\/ourodetolo\/wp-content\/uploads\/2014\/03\/image11.jpg 1632w\" sizes=\"auto, (max-width: 300px) 100vw, 300px\" \/><\/a>Um dos belos e criativos desfiles que assisti foi o da Uni\u00e3o da Ilha. Para o bem do carnaval eu gostaria que a Ilha retornasse no s\u00e1bado das campe\u00e3s. Seria um pr\u00eamio para a escola, que vem trabalhando duro nos \u00faltimos anos, e principalmente ao seu carnavalesco. Um desfile colorido, leve, divertido e com a cara da Uni\u00e3o da Ilha.<\/p>\n<p style=\"text-align: justify;\"><a href=\"http:\/\/www.pedromigao.com.br\/ourodetolo\/wp-content\/uploads\/2014\/03\/image12.jpg\"><img loading=\"lazy\" decoding=\"async\" class=\"aligncenter size-medium wp-image-23929\" alt=\"image\" src=\"http:\/\/www.pedromigao.com.br\/ourodetolo\/wp-content\/uploads\/2014\/03\/image12-300x225.jpg\" width=\"300\" height=\"225\" srcset=\"http:\/\/www.pedromigao.com.br\/ourodetolo\/wp-content\/uploads\/2014\/03\/image12-300x225.jpg 300w, http:\/\/www.pedromigao.com.br\/ourodetolo\/wp-content\/uploads\/2014\/03\/image12-453x340.jpg 453w\" sizes=\"auto, (max-width: 300px) 100vw, 300px\" \/><\/a>Justamente do lado oposto da Uni\u00e3o da Ilha est\u00e1 a Beija-Flor, que apresentou um festival de equ\u00edvocos em seu desfile, a come\u00e7ar por uma comiss\u00e3o de frente confusa. Uma crise de identidade: era comiss\u00e3o de frente ou era casal de mestre-sala e porta-bandeira?<\/p>\n<p style=\"text-align: justify;\"><a href=\"http:\/\/www.pedromigao.com.br\/ourodetolo\/wp-content\/uploads\/2014\/03\/image13.jpg\"><img loading=\"lazy\" decoding=\"async\" class=\"aligncenter size-medium wp-image-23930\" alt=\"image\" src=\"http:\/\/www.pedromigao.com.br\/ourodetolo\/wp-content\/uploads\/2014\/03\/image13-300x225.jpg\" width=\"300\" height=\"225\" srcset=\"http:\/\/www.pedromigao.com.br\/ourodetolo\/wp-content\/uploads\/2014\/03\/image13-300x225.jpg 300w, http:\/\/www.pedromigao.com.br\/ourodetolo\/wp-content\/uploads\/2014\/03\/image13-453x340.jpg 453w\" sizes=\"auto, (max-width: 300px) 100vw, 300px\" \/><\/a>O que era aquela parafern\u00e1lia? Um tabuleiro de xadrez? Um palco de shows igual aquele que os artistas v\u00e3o se exibir no Big Brother? Toda aquela estrutura faz a gente pensar sobre o papel da comiss\u00e3o de frente nas escolas de samba &#8211; a Grande Rio tamb\u00e9m sofreu esse problema, com seu &#8220;homem-bala&#8221;. As comiss\u00f5es de frente v\u00eam se transformando negativamente e, sem querer ser tradicionalista (n\u00e3o \u00e9 meu perfil ser), j\u00e1 percebo que alegorias (n\u00e3o falo de trip\u00e9s) comp\u00f5em o quesito.<\/p>\n<p style=\"text-align: justify;\"><a href=\"http:\/\/www.pedromigao.com.br\/ourodetolo\/wp-content\/uploads\/2014\/03\/image14.jpg\"><img loading=\"lazy\" decoding=\"async\" class=\"aligncenter size-medium wp-image-23931\" alt=\"image\" src=\"http:\/\/www.pedromigao.com.br\/ourodetolo\/wp-content\/uploads\/2014\/03\/image14-300x225.jpg\" width=\"300\" height=\"225\" srcset=\"http:\/\/www.pedromigao.com.br\/ourodetolo\/wp-content\/uploads\/2014\/03\/image14-300x225.jpg 300w, http:\/\/www.pedromigao.com.br\/ourodetolo\/wp-content\/uploads\/2014\/03\/image14-453x340.jpg 453w, http:\/\/www.pedromigao.com.br\/ourodetolo\/wp-content\/uploads\/2014\/03\/image14.jpg 1632w\" sizes=\"auto, (max-width: 300px) 100vw, 300px\" \/><\/a>A Beija-Flor apresentou um samba fraco e um desenvolvimento de enredo bastante confuso. Ora mostrou as civiliza\u00e7\u00f5es antigas e o surgimento da comunica\u00e7\u00e3o (a escrita, a prensa de Gutemberg, os papiros etc), ora apresentou Faust\u00e3o, Toni &#8220;\u00c9 Friboi?&#8221; Ramos e Pedro Bial&#8230; O antigo Boni, que dava broncas hom\u00e9ricas em seu gabinete na Rede Globo dos anos 1970\/80, n\u00e3o aprovaria o desfile da Beija-Flor e mandaria La\u00edla e sua turma fazerem de novo.<\/p>\n<p style=\"text-align: justify;\"><a href=\"http:\/\/www.pedromigao.com.br\/ourodetolo\/wp-content\/uploads\/2014\/03\/image15.jpg\"><img loading=\"lazy\" decoding=\"async\" class=\"aligncenter size-medium wp-image-23932\" alt=\"image\" src=\"http:\/\/www.pedromigao.com.br\/ourodetolo\/wp-content\/uploads\/2014\/03\/image15-300x225.jpg\" width=\"300\" height=\"225\" srcset=\"http:\/\/www.pedromigao.com.br\/ourodetolo\/wp-content\/uploads\/2014\/03\/image15-300x225.jpg 300w, http:\/\/www.pedromigao.com.br\/ourodetolo\/wp-content\/uploads\/2014\/03\/image15-453x340.jpg 453w\" sizes=\"auto, (max-width: 300px) 100vw, 300px\" \/><\/a>E por fim, o Salgueiro, que eu particularmente esperava mais, talvez pelo grande clima de expectativa criado em cima do desfile. O primeiro setor salgueirense foi um primor de beleza. Mas o excelente samba-enredo e a bateria Furiosa foram prejudicados pelo sistema de som da Avenida. Mesmo assim, n\u00e3o descarto sua vit\u00f3ria. Mas eu esperava mais, talvez uma catarse ao final do desfile &#8211; que n\u00e3o aconteceu.<\/p>\n","protected":false},"excerpt":{"rendered":"<p>O Mestre em Hist\u00f3ria Fabr\u00edcio Gomes coloca suas impress\u00f5es sobre o desfile do Grupo Especial deste ano. Lembro aos leitores que o texto foi escritoTour Details<\/p>\n","protected":false},"author":28,"featured_media":23840,"comment_status":"open","ping_status":"open","sticky":false,"template":"","format":"standard","meta":{"footnotes":""},"categories":[22],"tags":[18,341,19],"class_list":["post-23919","post","type-post","status-publish","format-standard","has-post-thumbnail","hentry","category-cacique-de-ramos","tag-carnaval","tag-carnaval-2014","tag-escolas-de-samba"],"_links":{"self":[{"href":"http:\/\/www.pedromigao.com.br\/ourodetolo\/wp-json\/wp\/v2\/posts\/23919","targetHints":{"allow":["GET"]}}],"collection":[{"href":"http:\/\/www.pedromigao.com.br\/ourodetolo\/wp-json\/wp\/v2\/posts"}],"about":[{"href":"http:\/\/www.pedromigao.com.br\/ourodetolo\/wp-json\/wp\/v2\/types\/post"}],"author":[{"embeddable":true,"href":"http:\/\/www.pedromigao.com.br\/ourodetolo\/wp-json\/wp\/v2\/users\/28"}],"replies":[{"embeddable":true,"href":"http:\/\/www.pedromigao.com.br\/ourodetolo\/wp-json\/wp\/v2\/comments?post=23919"}],"version-history":[{"count":1,"href":"http:\/\/www.pedromigao.com.br\/ourodetolo\/wp-json\/wp\/v2\/posts\/23919\/revisions"}],"predecessor-version":[{"id":23943,"href":"http:\/\/www.pedromigao.com.br\/ourodetolo\/wp-json\/wp\/v2\/posts\/23919\/revisions\/23943"}],"wp:featuredmedia":[{"embeddable":true,"href":"http:\/\/www.pedromigao.com.br\/ourodetolo\/wp-json\/wp\/v2\/media\/23840"}],"wp:attachment":[{"href":"http:\/\/www.pedromigao.com.br\/ourodetolo\/wp-json\/wp\/v2\/media?parent=23919"}],"wp:term":[{"taxonomy":"category","embeddable":true,"href":"http:\/\/www.pedromigao.com.br\/ourodetolo\/wp-json\/wp\/v2\/categories?post=23919"},{"taxonomy":"post_tag","embeddable":true,"href":"http:\/\/www.pedromigao.com.br\/ourodetolo\/wp-json\/wp\/v2\/tags?post=23919"}],"curies":[{"name":"wp","href":"https:\/\/api.w.org\/{rel}","templated":true}]}}