{"id":23631,"date":"2014-03-05T10:49:01","date_gmt":"2014-03-05T13:49:01","guid":{"rendered":"http:\/\/www.pedromigao.com.br\/ourodetolo\/?p=23631"},"modified":"2014-03-05T00:00:44","modified_gmt":"2014-03-05T03:00:44","slug":"historias-brasileiras-os-astros-do-carnaval","status":"publish","type":"post","link":"http:\/\/www.pedromigao.com.br\/ourodetolo\/2014\/03\/historias-brasileiras-os-astros-do-carnaval\/","title":{"rendered":"Hist\u00f3rias Brasileiras: &#8220;Os astros do Carnaval&#8221;"},"content":{"rendered":"<p style=\"text-align: justify;\">Como prometido, aqui a segunda parte da discuss\u00e3o sobre o protagonismo (ou n\u00e3o) das escolas de samba no Carnaval do Rio em <span style=\"color: #ff6600;\"><a href=\"http:\/\/www1.folha.uol.com.br\/opiniao\/tendenciasdebates\/\" target=\"_blank\"><span style=\"color: #ff6600;\">textos publicados na Folha de S\u00e3o Paulo<\/span><\/a><\/span>. Agora, a opini\u00e3o do <strong>colunista Luiz Augusto Simas,<\/strong> cuja opini\u00e3o \u00e9 a de que as agremia\u00e7\u00f5es perderam essa posi\u00e7\u00e3o em rela\u00e7\u00e3o aos blocos de rua.<\/p>\n<p style=\"text-align: justify;\"><span style=\"text-decoration: underline;\"><em><strong>Os astros do Carnaval<\/strong><\/em><\/span><\/p>\n<p style=\"text-align: justify;\">O crescimento do Carnaval de rua, facilmente verificado no Rio de Janeiro (em propor\u00e7\u00f5es impactantes) e em S\u00e3o Paulo, deixa no ar a impress\u00e3o de que o protagonismo da festa est\u00e1 mudando de m\u00e3os. As centenas de blocos de rua, arrastando multid\u00f5es impens\u00e1veis h\u00e1 pouco tempo, parecem dizer, entre fanfarras, que a bastilha das escolas de samba caiu e um novo regime se vislumbra na corte do rei Momo.<\/p>\n<p style=\"text-align: justify;\">O desfile das escolas de samba nunca primou pela espontaneidade ou pelo car\u00e1ter de subvers\u00e3o da ordem, dois elementos normalmente associados ao Carnaval. O concurso entre as agremia\u00e7\u00f5es \u00e9, ao contr\u00e1rio, caracterizado pela ideia de disciplina, adequa\u00e7\u00e3o aos regulamentos, media\u00e7\u00e3o do poder p\u00fablico e outros fatores que o caracterizam como uma manifesta\u00e7\u00e3o enquadrada em princ\u00edpios relativamente previs\u00edveis.<\/p>\n<p style=\"text-align: justify;\">A despeito disso, as escolas de samba se legitimaram brilhantemente como espa\u00e7os de exerc\u00edcio da alegria, constru\u00e7\u00e3o de identidades e renova\u00e7\u00e3o de la\u00e7os comunit\u00e1rios das camadas populares urbanas.<\/p>\n<p style=\"text-align: justify;\">Acompanhando o furdun\u00e7o h\u00e1 muitos anos, tenho a n\u00edtida percep\u00e7\u00e3o de que boa parte do perfil comunit\u00e1rio das escolas de samba foi para o belel\u00e9u. As agremia\u00e7\u00f5es patinam na encruzilhada entre o discurso do apego \u00e0 tradi\u00e7\u00e3o e os ditames de certa l\u00f3gica empresarial. Esta \u00faltima enxerga os desfiles mais como um evento rent\u00e1vel, de acordo com as expectativas do mercado, do que como manifesta\u00e7\u00e3o cultural n\u00e3o mensur\u00e1vel pela circula\u00e7\u00e3o de capitais.<\/p>\n<p style=\"text-align: justify;\">Palco para a exibi\u00e7\u00e3o de celebridades duvidosas e para egolatria de certos carnavalescos, engolida pela supremacia do aparato visual em detrimento do sambista, as escolas de samba t\u00eam hoje dificuldades de renovar as rela\u00e7\u00f5es de pertencimento com o meio do qual sa\u00edram.<\/p>\n<p style=\"text-align: justify;\">Fantasias despropositadas, que mais parecem trambolhos dif\u00edceis de carregar, rigor marcial dos passos marcados e enquadramento em ensaios exaustivos geram desfiles repetitivos, que mais se assemelham a paradas militares, t\u00e3o emocionantes quanto uma corrida de c\u00e1gados sob efeito de Rivotril. As exce\u00e7\u00f5es honrosas confirmam a regra.<\/p>\n<p style=\"text-align: justify;\">O Carnaval de rua, enquanto isso, atra\u00ed o foli\u00e3o que, livre das amarras, quer apenas brincar sem o risco de encontrar pela frente um diretor de harmonia mal-humorado que o enquadre aos berros. Tal fen\u00f4meno, \u00e9 claro, tamb\u00e9m tem l\u00e1 as suas contradi\u00e7\u00f5es e percal\u00e7os. H\u00e1 que se constatar, todavia, que a efus\u00e3o carnavalesca anda muito mais pr\u00f3xima das esquinas do que dos samb\u00f3dromos, com seus lugares mais nobres ocupados por turistas pouco afeitos ao meio do samba.<\/p>\n<p style=\"text-align: justify;\">O Carnaval \u00e9 uma festa din\u00e2mica, caracterizada pela constante inven\u00e7\u00e3o de novas formas de apropria\u00e7\u00e3o dos territ\u00f3rios e circula\u00e7\u00e3o de saberes. Corsos, grandes sociedades e ranchos j\u00e1 se sentiram soberanos e hoje s\u00e3o apenas p\u00e1lidas lembran\u00e7as das folias de outrora, sem qualquer expectativa de experimentar a vitalidade perdida. A roda da folia, afinal, gira e surpreende.<\/p>\n<p style=\"text-align: justify;\">As escolas de samba continuam com o protagonismo nas m\u00eddias tradicionais. S\u00e3o elas que rendem manchetes de jornais, vendem seus desfiles para o mundo inteiro e consagram celebridades de ocasi\u00e3o como musas da festa. Certamente aparecer\u00e3o como representantes de um Brasil dos sonhos, nas cerim\u00f4nias de abertura da Copa do Mundo e dos Jogos Ol\u00edmpicos de 2016, no Rio.<\/p>\n<p style=\"text-align: justify;\">O protagonismo que as escolas est\u00e3o come\u00e7ando a perder \u00e9 outro, e muito mais grave. Com a dilui\u00e7\u00e3o dos la\u00e7os de pertencimento entre a agremia\u00e7\u00e3o e seus componentes, os grandes e an\u00f4nimos astros da festa \u00e9 que est\u00e3o pulando fora dos samb\u00f3dromos: n\u00f3s, os foli\u00f5es.<\/p>\n<p style=\"text-align: justify;\"><strong>Foto: UOL<\/strong><\/p>\n","protected":false},"excerpt":{"rendered":"<p>Como prometido, aqui a segunda parte da discuss\u00e3o sobre o protagonismo (ou n\u00e3o) das escolas de samba no Carnaval do Rio em textos publicados naTour Details<\/p>\n","protected":false},"author":16,"featured_media":23636,"comment_status":"open","ping_status":"open","sticky":false,"template":"","format":"standard","meta":{"footnotes":""},"categories":[292],"tags":[341,19],"class_list":["post-23631","post","type-post","status-publish","format-standard","has-post-thumbnail","hentry","category-historias-brasileiras","tag-carnaval-2014","tag-escolas-de-samba"],"_links":{"self":[{"href":"http:\/\/www.pedromigao.com.br\/ourodetolo\/wp-json\/wp\/v2\/posts\/23631","targetHints":{"allow":["GET"]}}],"collection":[{"href":"http:\/\/www.pedromigao.com.br\/ourodetolo\/wp-json\/wp\/v2\/posts"}],"about":[{"href":"http:\/\/www.pedromigao.com.br\/ourodetolo\/wp-json\/wp\/v2\/types\/post"}],"author":[{"embeddable":true,"href":"http:\/\/www.pedromigao.com.br\/ourodetolo\/wp-json\/wp\/v2\/users\/16"}],"replies":[{"embeddable":true,"href":"http:\/\/www.pedromigao.com.br\/ourodetolo\/wp-json\/wp\/v2\/comments?post=23631"}],"version-history":[{"count":1,"href":"http:\/\/www.pedromigao.com.br\/ourodetolo\/wp-json\/wp\/v2\/posts\/23631\/revisions"}],"predecessor-version":[{"id":23633,"href":"http:\/\/www.pedromigao.com.br\/ourodetolo\/wp-json\/wp\/v2\/posts\/23631\/revisions\/23633"}],"wp:featuredmedia":[{"embeddable":true,"href":"http:\/\/www.pedromigao.com.br\/ourodetolo\/wp-json\/wp\/v2\/media\/23636"}],"wp:attachment":[{"href":"http:\/\/www.pedromigao.com.br\/ourodetolo\/wp-json\/wp\/v2\/media?parent=23631"}],"wp:term":[{"taxonomy":"category","embeddable":true,"href":"http:\/\/www.pedromigao.com.br\/ourodetolo\/wp-json\/wp\/v2\/categories?post=23631"},{"taxonomy":"post_tag","embeddable":true,"href":"http:\/\/www.pedromigao.com.br\/ourodetolo\/wp-json\/wp\/v2\/tags?post=23631"}],"curies":[{"name":"wp","href":"https:\/\/api.w.org\/{rel}","templated":true}]}}