{"id":22507,"date":"2014-01-30T03:47:01","date_gmt":"2014-01-30T05:47:01","guid":{"rendered":"http:\/\/www.pedromigao.com.br\/ourodetolo\/?p=22507"},"modified":"2014-01-28T17:56:44","modified_gmt":"2014-01-28T19:56:44","slug":"filho-prodigo-os-sambas-enredo-do-grupo-especial-de-sao-paulo-sabado","status":"publish","type":"post","link":"http:\/\/www.pedromigao.com.br\/ourodetolo\/2014\/01\/filho-prodigo-os-sambas-enredo-do-grupo-especial-de-sao-paulo-sabado\/","title":{"rendered":"Filho Pr\u00f3digo: &#8220;Os sambas-enredo do Grupo Especial de S\u00e3o Paulo &#8211; S\u00e1bado&#8221;"},"content":{"rendered":"<p style=\"text-align: justify;\">Hoje a segunda parte da s\u00e9rie do <strong>estudante Leonardo Dahi<\/strong> sobre os sambas enredo de S\u00e3o Paulo.<\/p>\n<p style=\"text-align: justify;\"><span style=\"text-decoration: underline;\"><em><strong>Os sambas-enredo do Grupo Especial de S\u00e3o Paulo &#8211; S\u00e1bado<\/strong><\/em><\/span><\/p>\n<p style=\"text-align: justify;\">Prosseguindo com as an\u00e1lises dos sambas do Grupo Especial, agora com as escolas do s\u00e1bado de Carnaval.<\/p>\n<p style=\"text-align: justify;\"><b>P\u00e9rola Negra<\/b><\/p>\n<p style=\"text-align: justify;\"><!--[if lt IE 9]><script>document.createElement('audio');<\/script><![endif]-->\n<audio class=\"wp-audio-shortcode\" id=\"audio-22507-1\" preload=\"none\" style=\"width: 100%;\" controls=\"controls\"><source type=\"audio\/mpeg\" src=\"http:\/\/www.pedromigao.com.br\/ourodetolo\/wp-content\/uploads\/2014\/01\/P\u00e9rola-2014.mp3?_=1\" \/><a href=\"http:\/\/www.pedromigao.com.br\/ourodetolo\/wp-content\/uploads\/2014\/01\/P\u00e9rola-2014.mp3\">http:\/\/www.pedromigao.com.br\/ourodetolo\/wp-content\/uploads\/2014\/01\/P\u00e9rola-2014.mp3<\/a><\/audio><\/p>\n<p style=\"text-align: justify;\"><i>Enredo: \u201cCaminhos segui, lugar encontrei \u2013 P\u00e9rola Negra, a suprema felicidade\u201d<\/i><\/p>\n<p style=\"text-align: justify;\"><i>Compositores: Japon\u00eas, Rogerinho, Luciano, Guilherme Cruz, Fernando e Andr\u00e9 Ricardo<\/i><\/p>\n<p style=\"text-align: justify;\"><i>Int\u00e9rpretes: Celsinho Mody e Mydras Schmidt<\/i><\/p>\n<p style=\"text-align: justify;\">Voltando ao Grupo Especial ap\u00f3s um absurdo rebaixamento em 2012, a P\u00e9rola Negra, comemorando 40 anos, vem falar da busca pela felicidade corroborando com a marca que deixou em sua \u00faltima passagem na elite: grandes sambas.<\/p>\n<p style=\"text-align: justify;\">Esse samba \u00e9 diferente e, por isso, pode causar estranheza \u00e0 primeira audi\u00e7\u00e3o. Por\u00e9m, ouvindo com mais aten\u00e7\u00e3o, fica clara a riqueza po\u00e9tica e mel\u00f3dica deste que \u00e9 o melhor samba do Grupo Especial.<\/p>\n<p style=\"text-align: justify;\">A primeira parte \u00e9 absurdamente bonita falando da busca pela felicidade em tempos antigos. O refr\u00e3o do meio, parte menos empolgante do hino da escola da Vila Madalena, tamb\u00e9m passa bem. Mas o ponto alto do samba \u00e9 a parte final, especialmente o trecho que alude \u00e0 pr\u00f3pria escola, que \u00e9 onde o enredo vai encontrar a felicidade: <i>\u201ca vida n\u00e3o teria sentido \/ sem voc\u00ea eu sei que n\u00e3o vivo \/ eterna paix\u00e3o \u00e9 o meu pavilh\u00e3o\u201d.<\/i><\/p>\n<p style=\"text-align: justify;\">E ent\u00e3o vem o \u00e1pice, o trecho que tem sido berrado pelos componentes da escola com uma garra \u00edmpar (foi poss\u00edvel perceber na festa de lan\u00e7amento do CD): <i>\u201c40 anos de samba, celeiro de bambas \/ vem cantar \/ a Madalena vai te emocionar\u201d.<\/i><\/p>\n<p style=\"text-align: justify;\">\u00c9 ele que nos leva a um dos mais fortes refr\u00e3os de 2014<i>: \u201cchegou a Vila da felicidade \/ exemplo maior de comunidade \/ raz\u00e3o do meu viver, sou louco por voc\u00ea \/ P\u00e9rola Negra at\u00e9 morrer\u201d.<\/i><\/p>\n<p style=\"text-align: justify;\">Ali\u00e1s, esse \u00e9 um samba que \u00e9 a cara da P\u00e9rola Negra: bonito, bem trabalhado melodicamente e com trechos que mexem com o componente. Tal como em 2013, com o samba\u00e7o da Nen\u00ea, devemos ter uma grande abertura no s\u00e1bado de Carnaval.<\/p>\n<p style=\"text-align: justify;\">Quanto aos int\u00e9rpretes, ap\u00f3s a aposentadoria do grande Douglinhas, a escola trouxe o excelente Celsinho. Carism\u00e1tico como sempre, ele tem mais uma grande interpreta\u00e7\u00e3o embora parecesse ligeiramente rouco. Prata da casa, Mydras, ainda um pouco \u201ccru\u201d para a fun\u00e7\u00e3o de int\u00e9rprete, leva o samba com corre\u00e7\u00e3o.<\/p>\n<p style=\"text-align: justify;\"><b>Nota: 10,0.<\/b><\/p>\n<p style=\"text-align: justify;\"><b>Gavi\u00f5es da Fiel<\/b><\/p>\n<p style=\"text-align: justify;\"><i>Enredo: \u201cR9 \u2013 O voo real do Fen\u00f4meno\u201d<\/i><\/p>\n<p style=\"text-align: justify;\"><i>Compositores: Jos\u00e9 Rifai, Ernesto Teixeira, Grand\u00e3o, Preto, Cain\u00e3, Sukata, Netinho da Carioca e Max<\/i><\/p>\n<p style=\"text-align: justify;\"><i>Int\u00e9rprete: Ernesto Teixeira<\/i><\/p>\n<p style=\"text-align: justify;\">Apenas uma palavra: rid\u00edculo.<\/p>\n<p style=\"text-align: justify;\">\u00c9 um absurdo uma escola com a discografia que a Gavi\u00f5es tem \u2013 a melhor do Brasil nas d\u00e9cadas de 90 e 2000 \u2013 ir com um samba desses para a Avenida. Ele n\u00e3o \u00e9 s\u00f3 ruim: \u00e9 tosco.<\/p>\n<p style=\"text-align: justify;\">Com todo o respeito a esses grandes nomes da Gavi\u00f5es, Jos\u00e9 Rifai e Ernesto Teixeira, o samba que eles compuseram com seus parceiros est\u00e1 muito, mas muito abaixo do que se espera de um samba. A come\u00e7ar pelo refr\u00e3o principal, que n\u00e3o quer dizer nada com nada e tem um \u201cgooooooool\u201d mais narrado que cantado.<\/p>\n<p style=\"text-align: justify;\">\u00c0 parte esse refr\u00e3o, a letra \u00e9 razoavelmente boa, mas a melodia \u00e9 um completo desastre do in\u00edcio ao fim. Tem subidas de tom for\u00e7adas, \u00e9 truncada em umas partes, acelerada demais em outras e torna o samba dif\u00edcil de cantar e de ser entendido. Falei da letra, ela ainda tem um erro no final que \u00e9 \u201cpedir licen\u00e7a\u201d para homenagear Ronaldo Fen\u00f4meno ao dizer: \u201cmeu samba \u00e9 uma singela homenagem\u201d.<\/p>\n<p style=\"text-align: justify;\">N\u00e3o sei se estou sendo rigoroso demais por ser a minha escola, mas estou muito, muito decepcionado. \u00c9 o pior samba do grupo com certa folga. Ernesto Teixeira n\u00e3o foi mal, mas tamb\u00e9m n\u00e3o brilhou ao cantar o samba. De bom mesmo s\u00f3 o alusivo: <i>\u201cningu\u00e9m melhor do que n\u00f3s \/ pra soltar a nossa voz \/ sou Gavi\u00e3o e o meu grito \u00e9 feroz&#8230;\u201d.<\/i><\/p>\n<p style=\"text-align: justify;\"><b>Nota: 8,6.<\/b><\/p>\n<p style=\"text-align: justify;\"><b>Mocidade<\/b><\/p>\n<p style=\"text-align: justify;\"><i>Enredo: \u201cAndar Com F\u00e9 Eu Vou&#8230; Que A F\u00e9 N\u00e3o Costuma Falhar\u201d<\/i><\/p>\n<p style=\"text-align: justify;\"><i>Compositores: Ana Martins, China da Morada, Douglas Sabi\u00e3o, Marcio Bueno, Rodriguinho e Victor Alves<\/i><\/p>\n<p style=\"text-align: justify;\"><i>Int\u00e9rprete: Igor Sorriso<\/i><\/p>\n<p style=\"text-align: justify;\">Esse \u00e9 um samba do qual eu n\u00e3o tenho uma opini\u00e3o consolidada. Falando sobre a f\u00e9, a bicampe\u00e3 Mocidade Alegre tem um samba bem abaixo dos \u00faltimos dois apresentados pela Morada do Samba.<\/p>\n<p style=\"text-align: justify;\">Primeiramente por conta do refr\u00e3o principal, que \u00e9 bem fraco e arrastado. O resto, n\u00e3o chega a ser ruim, mas \u00e9 ligeiramente estranho. Ele dificulta o canto do componente, pois \u00e9 um pouco \u201cgritado\u201d. A letra n\u00e3o \u00e9 muito inspirada, mas resume bem o enredo. Gosto muito do refr\u00e3o do meio e do trecho final da segunda parte.<\/p>\n<p style=\"text-align: justify;\">\u00c9 complicado explicar: n\u00e3o \u00e9 um samba ruim, \u00e9 at\u00e9 bom, mas \u00e9 uma faixa que posso tranquilamente deixar de ouvir.<\/p>\n<p style=\"text-align: justify;\"><b>Nota: 9,5.<\/b><\/p>\n<p style=\"text-align: justify;\"><b>Nen\u00ea<\/b><\/p>\n<p style=\"text-align: justify;\"><i>Enredo: \u201cPaix\u00f5es proibidas e outros amores\u201d<\/i><\/p>\n<p style=\"text-align: justify;\"><i>Compositores: Mois\u00e9s Santiago, Gabriel Cacique, Luciano Rosa, Marcelo Careca e Gabriel Feij\u00e3o<\/i><\/p>\n<p style=\"text-align: justify;\"><i>Int\u00e9rprete: Agnaldo Amaral<\/i><\/p>\n<p style=\"text-align: justify;\">Outro grande desastre, outra grande decep\u00e7\u00e3o. Ap\u00f3s o apote\u00f3tico samba de 2013, a Nen\u00ea de Vila Matilde tem um s\u00e9rio candidato a pior samba de sua hist\u00f3ria nesse desfile sobre as paix\u00f5es proibidas ao longo da hist\u00f3ria.<\/p>\n<p style=\"text-align: justify;\">Apesar da faixa ter apenas cinco minutos e trinta e nove segundos, \u00e9 um samba que n\u00e3o acaba nunca. Arrastado, tem uma letra que sente uma necessidade absurda de ficar citando o nome da escola o tempo todo e carrega uma melodia t\u00e3o ruim quanto a da Gavi\u00f5es. Isso sem falar em versos que beiram a tosquice como \u201cPierrot e Colombina num sonho real\u201d.<\/p>\n<p style=\"text-align: justify;\">\u00c9 dif\u00edcil entender, com todo o respeito a essa parceria cheia de nomes talentosos, especialmente o de Mois\u00e9s Santiago, como a escola do Presidente Mantega n\u00e3o escolheu a bel\u00edssima obra de J. Velloso e Cl\u00e1udio Russo.<\/p>\n<p style=\"text-align: justify;\">Antes que eu me esque\u00e7a: gosto do Agnaldo Amaral, mas que interpreta\u00e7\u00e3o horr\u00edvel. Gritando o tempo todo, muito ruim. Uma pena.<\/p>\n<p style=\"text-align: justify;\"><b>Nota: 8,9.<\/b><\/p>\n<p style=\"text-align: justify;\"><b>\u00c1guia de Ouro<\/b><\/p>\n<p style=\"text-align: justify;\"><audio class=\"wp-audio-shortcode\" id=\"audio-22507-2\" preload=\"none\" style=\"width: 100%;\" controls=\"controls\"><source type=\"audio\/mpeg\" src=\"http:\/\/www.pedromigao.com.br\/ourodetolo\/wp-content\/uploads\/2014\/01\/\u00c1guia-de-Ouro-2014.mp3?_=2\" \/><a href=\"http:\/\/www.pedromigao.com.br\/ourodetolo\/wp-content\/uploads\/2014\/01\/\u00c1guia-de-Ouro-2014.mp3\">http:\/\/www.pedromigao.com.br\/ourodetolo\/wp-content\/uploads\/2014\/01\/\u00c1guia-de-Ouro-2014.mp3<\/a><\/audio><\/p>\n<p style=\"text-align: justify;\"><i>Enredo: \u201cA velha Bahia apresenta o centen\u00e1rio do poeta cancioneiro Dorival Cayimmi\u201d<\/i><\/p>\n<p style=\"text-align: justify;\"><i>Compositores: Vitor Gabriel, Rodrigo Minuetto, Rodolfo Minuetto, Cruz, Bruno Tomageski, Pel\u00e9zinho, J. Corr\u00eaa e W. Silva<\/i><\/p>\n<p style=\"text-align: justify;\"><i>Int\u00e9rprete: Serginho do Porto<\/i><\/p>\n<p style=\"text-align: justify;\">Esse seria, com tranquilidade, o melhor samba de 2014, mesmo sendo mais um dos que n\u00e3o tiveram sua sinopse divulgada. Homenageando o centen\u00e1rio de Dorival Cayimmi, ele tem uma melodia gostosa, que nos remete \u00e0 sambas que tem a Bahia como cen\u00e1rio principal.<\/p>\n<p style=\"text-align: justify;\">A letra \u00e9 muito inspirada e tem momentos de perfeita sincronia com a melodia e bateria do Mestre Juca, como nos versos: <i>\u201ctem batucaj\u00e9 no abaet\u00e9 \/ mist\u00e9rios do ar\u201d.<\/i> O refr\u00e3o do meio tamb\u00e9m \u00e9 fort\u00edssimo: \u201cna lavagem do Bonfim, bate o tambor \/ a saia da baiana tem ax\u00e9 \/ tem mironga no cong\u00e1 \/ ora yeye\u00f4, m\u00e3e menininha do Gantois\u201d.<\/p>\n<p style=\"text-align: justify;\">Esse samba me conquista mesmo \u00e9 na segunda parte, que j\u00e1 come\u00e7a muito bonito<i>: \u201ce sobre as ondas do mar \/ o velho Ita partiu \/ sua viola a tocar \/ a dor que o negro sentiu (ah, sentiu) \/ poeta, cancioneiro \/ apaixonado pelo Rio de Janeiro \/ nos seus balangad\u00e3ns mostrou \/ o que \u00e9 que a baiana tem\u201d. <\/i><\/p>\n<p style=\"text-align: justify;\">Ele ainda faz uma refer\u00eancia muito bem sacada \u00e0 homenagem feita pela Esta\u00e7\u00e3o Primeira de Mangueira \u00e0 este poeta em seus \u00faltimos versos: <i>\u201cdesceu o morro da Mangueira \/ de verde e rosa s\u00f3 no surdo de primeira\u201d.<\/i> Enfim, um samb\u00e3o que ganhou uma grande interpreta\u00e7\u00e3o do Serginho do Porto. S\u00f3 que&#8230;<\/p>\n<p style=\"text-align: justify;\">S\u00f3 que a\u00ed vem o refr\u00e3o que leva o que era o melhor samba do ano a perder pontos comigo. Eu acho esse refr\u00e3o absolutamente mal constru\u00eddo, a come\u00e7ar pelo \u201cCayimmi do meu cora\u00e7\u00e3o\u201d, que acho muito estranho. E a\u00ed vem o pior verso do samba: \u201csupercampe\u00e3 do povo\u201d. Com todo o respeito, a \u00c1guia de Ouro nunca foi supercampe\u00e3 de nada.<\/p>\n<p style=\"text-align: justify;\"><b>Nota: 9,8.<\/b><\/p>\n<p style=\"text-align: justify;\"><b>Imp\u00e9rio<\/b><\/p>\n<p style=\"text-align: justify;\"><i>Enredo: \u201cSustentabilidade, construindo um mundo novo\u201d<\/i><\/p>\n<p style=\"text-align: justify;\"><i>Compositores: Leo Reis, Turko, Mody, Fabiano Henrique, Biel, Paulinho B.P. e Marquinhos<\/i><\/p>\n<p style=\"text-align: justify;\"><i>Int\u00e9rprete: Carlos J\u00fanior<\/i><\/p>\n<p style=\"text-align: justify;\">A Imp\u00e9rio de Casa Verde nunca foi uma escola que teve no quesito samba-enredo o seu ponto mais forte. A\u00ed anuncia para 2014 um enredo sobre sustentabilidade. Foi a deixa para o mundo do samba esperar mais um samba daqueles bem chatos, sonolentos, modorrentos.<\/p>\n<p style=\"text-align: justify;\">Pois, gostemos da obra ou n\u00e3o, fomos surpreendidos. O samba pode n\u00e3o ser um \u201cSublime Pergaminho\u201d, mas trata um tema dif\u00edcil de se carnavalizar de maneira bem alegre. E n\u00e3o \u00e9 um alegre bobo. \u00c9 um samba alegre melodicamente, mas que, na letra, transmite bem as mensagens (essas, sim, chatinhas, mas a\u00ed \u00e9 culpa do enredo) que o enredo espera passar.<\/p>\n<p style=\"text-align: justify;\">N\u00e3o \u00e9, insisto, um samba perfeito. Ele tem algumas subidas em tom desagrad\u00e1veis e um refr\u00e3o do meio ligeiramente arrastado e gritado, mas passa bem, muito bem. Deve ajudar a Imp\u00e9rio de Casa Verde a quebrar um pouco a imagem que construiu nesses anos todos. Destaque tamb\u00e9m para o jovem Carlos J\u00fanior, que tem cantado melhor a cada ano.<\/p>\n<p style=\"text-align: justify;\"><b>Nota: 9,7.<\/b><\/p>\n<p style=\"text-align: justify;\"><b>Tatuap\u00e9<\/b><\/p>\n<p style=\"text-align: justify;\"><audio class=\"wp-audio-shortcode\" id=\"audio-22507-3\" preload=\"none\" style=\"width: 100%;\" controls=\"controls\"><source type=\"audio\/mpeg\" src=\"http:\/\/www.pedromigao.com.br\/ourodetolo\/wp-content\/uploads\/2014\/01\/Tatuap\u00e9.mp3?_=3\" \/><a href=\"http:\/\/www.pedromigao.com.br\/ourodetolo\/wp-content\/uploads\/2014\/01\/Tatuap\u00e9.mp3\">http:\/\/www.pedromigao.com.br\/ourodetolo\/wp-content\/uploads\/2014\/01\/Tatuap\u00e9.mp3<\/a><\/audio><\/p>\n<p style=\"text-align: justify;\"><i>Enredo: \u201cPoder, f\u00e9 e devo\u00e7\u00e3o. S\u00e3o Jorge Guerreiro\u201d<\/i><\/p>\n<p style=\"text-align: justify;\"><i>Compositores: M\u00e1rcio Andr\u00e9, M\u00e1rcio Andr\u00e9 Filho e Vaguinho<\/i><\/p>\n<p style=\"text-align: justify;\"><i>Int\u00e9rpretes: Wander Pires e Vaguinho (Part. Especial: Leci Brand\u00e3o)<\/i><\/p>\n<p style=\"text-align: justify;\">Sabe quando voc\u00ea pega birra de um samba porque gostava de outro concorrente? Ent\u00e3o, eu gostava mais do samba do Lequinho da Mangueira na disputa da Tatuap\u00e9, mas ganhou esse da\u00ed.<\/p>\n<p style=\"text-align: justify;\">E veja voc\u00ea: ganhou um samba defendido por um cara que foi anunciado como novo int\u00e9rprete da escola no dia da final e composto pelo outro int\u00e9rprete da agremia\u00e7\u00e3o ao lado de uma dupla fortemente ligada \u00e0 Uni\u00e3o da Ilha do Governador, que foi l\u00e1 se apresentar na final. Mas deve ser s\u00f3 coincid\u00eancia.<\/p>\n<p style=\"text-align: justify;\">Brincadeiras (ou n\u00e3o) \u00e0 parte, meses depois, devo reconhecer que \u00e9 um samba\u00e7o. Falando sobre S\u00e3o Jorge, ele deve segurar muita gente no Anhembi. Ele tem um refr\u00e3o principal fort\u00edssimo: <i>\u201ceu amanhe\u00e7o nos bra\u00e7os da f\u00e9 \/ vim do clar\u00e3o da lua, sou Tatuap\u00e9 \/ canto forte em ora\u00e7\u00e3o, meus inimigos n\u00e3o me alcan\u00e7ar\u00e3o\u201d.<\/i><\/p>\n<p style=\"text-align: justify;\">A primeira parte \u00e9 bem trabalhada e, no meio da mesma, h\u00e1 uma mudan\u00e7a na melodia que ficou muito bem constru\u00edda. Outra mudan\u00e7a ocorre no refr\u00e3o do meio, que destoa do resto do samba em termos mel\u00f3dicos, mas n\u00e3o compromete muito. A segunda parte \u00e9 mais chorada e casou muito bem com os int\u00e9rpretes. \u00c9 um belo samba.<\/p>\n<p style=\"text-align: justify;\">O excelente Vaguinho ganhou a companhia do sempre brilhante Wander Pires que, quando economiza nas firulas, fica ainda melhor. O samba ainda conta com a luxuosa participa\u00e7\u00e3o de Leci Brand\u00e3o que, desde que foi homenageada pela escola, ainda no Grupo de Acesso, em 2012, criou forte liga\u00e7\u00e3o com a Acad\u00eamicos do Tatuap\u00e9.<\/p>\n<p style=\"text-align: justify;\"><b>Nota: 9,9.<\/b><\/p>\n<p style=\"text-align: justify;\"><b>Considera\u00e7\u00f5es finais: <\/b>safra um pouco complicada, de n\u00edvel bastante inferior \u00e0s de 2012 e 2013 que, se tinha mais sambas de qualidade duvidosa, tinha um n\u00famero bem maior de obras marcantes. S\u00e3o cinco boas obras, mas no m\u00e1ximo duas que possam ficar por algum tempo na cabe\u00e7a de quem gosta de Carnaval. Eis os meus sambas preferidos, do melhor para o pior:<\/p>\n<ol style=\"text-align: justify;\">\n<li>P\u00e9rola<\/li>\n<li>Tucuruvi<\/li>\n<li>Leandro<\/li>\n<li>Tatuap\u00e9<\/li>\n<li>\u00c1guia<\/li>\n<li>Vai-Vai<\/li>\n<li>Imp\u00e9rio<\/li>\n<li>Drag\u00f5es<\/li>\n<li>Mocidade<\/li>\n<li>Rosas<\/li>\n<li>X-9<\/li>\n<li>Tom Maior<\/li>\n<li>Nen\u00ea<\/li>\n<li>Gavi\u00f5es<\/li>\n<\/ol>\n<p style=\"text-align: justify;\">\n","protected":false},"excerpt":{"rendered":"<p>Hoje a segunda parte da s\u00e9rie do estudante Leonardo Dahi sobre os sambas enredo de S\u00e3o Paulo. Os sambas-enredo do Grupo Especial de S\u00e3o PauloTour Details<\/p>\n","protected":false},"author":12,"featured_media":0,"comment_status":"open","ping_status":"open","sticky":false,"template":"","format":"standard","meta":{"footnotes":""},"categories":[351],"tags":[18,341,12,19],"class_list":["post-22507","post","type-post","status-publish","format-standard","hentry","category-filho-prodigo","tag-carnaval","tag-carnaval-2014","tag-cultura","tag-escolas-de-samba"],"_links":{"self":[{"href":"http:\/\/www.pedromigao.com.br\/ourodetolo\/wp-json\/wp\/v2\/posts\/22507","targetHints":{"allow":["GET"]}}],"collection":[{"href":"http:\/\/www.pedromigao.com.br\/ourodetolo\/wp-json\/wp\/v2\/posts"}],"about":[{"href":"http:\/\/www.pedromigao.com.br\/ourodetolo\/wp-json\/wp\/v2\/types\/post"}],"author":[{"embeddable":true,"href":"http:\/\/www.pedromigao.com.br\/ourodetolo\/wp-json\/wp\/v2\/users\/12"}],"replies":[{"embeddable":true,"href":"http:\/\/www.pedromigao.com.br\/ourodetolo\/wp-json\/wp\/v2\/comments?post=22507"}],"version-history":[{"count":0,"href":"http:\/\/www.pedromigao.com.br\/ourodetolo\/wp-json\/wp\/v2\/posts\/22507\/revisions"}],"wp:attachment":[{"href":"http:\/\/www.pedromigao.com.br\/ourodetolo\/wp-json\/wp\/v2\/media?parent=22507"}],"wp:term":[{"taxonomy":"category","embeddable":true,"href":"http:\/\/www.pedromigao.com.br\/ourodetolo\/wp-json\/wp\/v2\/categories?post=22507"},{"taxonomy":"post_tag","embeddable":true,"href":"http:\/\/www.pedromigao.com.br\/ourodetolo\/wp-json\/wp\/v2\/tags?post=22507"}],"curies":[{"name":"wp","href":"https:\/\/api.w.org\/{rel}","templated":true}]}}