{"id":21757,"date":"2014-01-13T14:07:30","date_gmt":"2014-01-13T16:07:30","guid":{"rendered":"http:\/\/www.pedromigao.com.br\/ourodetolo\/?p=21757"},"modified":"2015-12-22T22:00:11","modified_gmt":"2015-12-23T00:00:11","slug":"sambodromo-em-30-atos-1998-o-polemico-empate-entre-mangueira-e-beija-flor","status":"publish","type":"post","link":"http:\/\/www.pedromigao.com.br\/ourodetolo\/2014\/01\/sambodromo-em-30-atos-1998-o-polemico-empate-entre-mangueira-e-beija-flor\/","title":{"rendered":"Samb\u00f3dromo em 30 Atos &#8211; &#8220;1998: O pol\u00eamico empate entre Mangueira e Beija-Flor&#8221;"},"content":{"rendered":"<p style=\"text-align: justify;\">Nesta segunda-feira, a s\u00e9rie Samb\u00f3dromo em Trinta Atos, <strong>do jornalista esportivo Fred Sabino<\/strong>, chega \u00e0 metade e relembra o Carnaval de 1998, cujo t\u00edtulo foi dividido entre a empolgante Mangueira, que homenageou Chico Buarque de Hollanda, e a Beija-Flor, que n\u00e3o estava cotada entre as favoritas mas encerrou o jejum de t\u00edtulos com um enredo sobre lendas dos \u00edndios marajoaras.<\/p>\n<p style=\"text-align: justify;\"><strong><span style=\"text-decoration: underline;\"><em>1998: O pol\u00eamico empate entre Mangueira e Beija-Flor<\/em><\/span><\/strong><\/p>\n<p style=\"text-align: justify;\">Uma mudan\u00e7a no regulamento marcou a fase pr\u00e9-carnavalesca de 1998: o julgamento teria mais jurados, subindo de quatro para cinco por quesito. Seriam descartadas a menor e maior notas de cada quesito na apura\u00e7\u00e3o.<\/p>\n<p style=\"text-align: justify;\">Ao contr\u00e1rio de 1997, quando enredos e sambas estiveram num n\u00edvel bastante inferior ao habitual, os temas apresentados pelas agremia\u00e7\u00f5es e as composi\u00e7\u00f5es escolhidas voltaram a ter boa qualidade na sua maioria, o que era um alento \u00e0s comunidades, torcedores e cr\u00edticos em geral.<\/p>\n<p style=\"text-align: justify;\">Na prepara\u00e7\u00e3o das escolas, todos os olhos estavam voltados para a Viradouro e Jo\u00e3ozinho Trinta. De novo sob os holofotes, o grande carnavalesco optou pelo enredo &#8220;Orfeu, o negro do Carnaval&#8221;. O samba era dos melhores do ano e foi incansavelmente tocado nas r\u00e1dios (sim, naquela \u00e9poca isso ainda acontecia&#8230;).<\/p>\n<p style=\"text-align: justify;\">J\u00e1 a vice-campe\u00e3 Mocidade Independente de Padre Miguel escolheu um enredo sobre as estrelas e ainda homenagearia o patrono Castor de Andrade, morto em 1997. Outra estrela homenageada seria Chico Buarque de Hollanda, pela Mangueira, que contratou o carnavalesco Alexandre Louzada. A escolha do samba foi pol\u00eamica, pois ganhou uma composi\u00e7\u00e3o feita apenas por paulistas &#8211; Leci Brand\u00e3o, que teve seu samba cortado nas eliminat\u00f3rias, n\u00e3o gostou.<\/p>\n<p style=\"text-align: justify;\">A Beija-Flor de Nil\u00f3polis resolveu inovar para 1998: descentralizou a confec\u00e7\u00e3o do desfile e formou uma comiss\u00e3o de Carnaval em detrimento de apenas um carnavalesco na concep\u00e7\u00e3o. O enredo escolhido foi\u00a0\u201cPar\u00e1, o mundo m\u00edstico dos Caruanas nas \u00e1guas do Patu-Anu\u201d.<\/p>\n<p style=\"text-align: justify;\">Quem causou pol\u00eamica foi a emergente Unidos do Porto da Pedra: o enredo \u201cSamba no p\u00e9 e m\u00e3os ao alto, isto \u00e9 um assalto\u201d pretendia criticar a impunidade para os crimes no Brasil com bom humor. A Imperatriz Leopoldinense de Rosa Magalh\u00e3es escolheu um tema sobre o futuro, algo bem diferente do que vinha colocando na avenida.<\/p>\n<p style=\"text-align: justify;\">Por sua vez, o Salgueiro teria Parintins como enredo, enquanto a Portela (que contava com o retorno de Carlinhos Maracan\u00e3 \u00e0 presid\u00eancia) falaria sobre a magia da noite com o melhor samba-enredo do ano, e a Grande Rio homenagearia o centen\u00e1rio de Luiz Carlos Prestes. J\u00e1 a Vila Isabel tinha um enredo confuso, sobre as guerras que transformaram o mundo.<\/p>\n<p style=\"text-align: justify;\">Depois de quase cair em 1997, a Uni\u00e3o da Ilha apostaria na interessante hist\u00f3ria do fot\u00f3grafo franc\u00eas Pierre Verger, que se converteu ao candombl\u00e9 no Brasil &#8211; o samba era excelente e a escola ainda contratou o brilhante int\u00e9rprete Rixxa.<\/p>\n<p style=\"text-align: justify;\">Quem causava boas expectativas era a Unidos da Tijuca, que decidiu homenagear o centen\u00e1rio de um dos clubes mais populares do pa\u00eds, o Vasco da Gama. O samba, tamb\u00e9m muito tocado nas r\u00e1dios, tinha um refr\u00e3o popular\u00edssimo e o clube estava no centro das aten\u00e7\u00f5es pois era o campe\u00e3o brasileiro de futebol. A novidade era a contrata\u00e7\u00e3o do carnavalesco Oswaldo Jardim, que vinha de dois bons trabalhos na Mangueira.<\/p>\n<p style=\"text-align: justify;\">Completariam o desfile duas escolas que estavam de volta ao Grupo Especial ap\u00f3s resultado pol\u00eamico no Acesso em 1997: a Tradi\u00e7\u00e3o, com enredo sobre a Amaz\u00f4nia, e a Caprichosos de Pilares, com tema sobre a ra\u00e7a negra e um excelente samba.<\/p>\n<p style=\"text-align: justify;\"><strong>OS DEFILES<\/strong><\/p>\n<p style=\"text-align: justify;\">De fato, para quem voltava \u00e0 elite e, portanto, abria os desfiles, a Caprichosos se comportou muito bem, obrigado. Depois de um atraso ap\u00f3s homenagem da escola a Castor de Andrade, o samba teve na (\u00f3tima) condu\u00e7\u00e3o o jovem Jackson Martins, que de cara mostrou a categoria que marcaria sua carreira at\u00e9 ele ser covardemente assassinado em 2004.<\/p>\n<p style=\"text-align: justify;\">O tema era de f\u00e1cil leitura, pois abordava a origem da ra\u00e7a e ainda homenageava negros como Nelson Mandela, Pel\u00e9 e Benedita da Silva. E o samba-enredo teve boa aceita\u00e7\u00e3o por parte do p\u00fablico.<\/p>\n<p style=\"text-align: justify;\">O carnavalesco Jer\u00f4nimo Guimar\u00e3es, ap\u00f3s o fracasso no Imp\u00e9rio Serrano em 1997, dividiu bem o enredo. O conjunto visual, embora sem grande luxo devido \u00e0 limita\u00e7\u00e3o de recursos da escola, passava bem a ideia e a Caprichosos terminou o desfile com boas possibilidades de permanecer no grupo.<\/p>\n<p style=\"text-align: justify;\"><img loading=\"lazy\" decoding=\"async\" class=\"size-full wp-image-38927 alignleft\" src=\"http:\/\/www.pedromigao.com.br\/ourodetolo\/wp-content\/uploads\/2014\/01\/salgueiro1998.jpg\" alt=\"salgueiro1998\" width=\"300\" height=\"402\" srcset=\"http:\/\/www.pedromigao.com.br\/ourodetolo\/wp-content\/uploads\/2014\/01\/salgueiro1998.jpg 300w, http:\/\/www.pedromigao.com.br\/ourodetolo\/wp-content\/uploads\/2014\/01\/salgueiro1998-224x300.jpg 224w, http:\/\/www.pedromigao.com.br\/ourodetolo\/wp-content\/uploads\/2014\/01\/salgueiro1998-254x340.jpg 254w\" sizes=\"auto, (max-width: 300px) 100vw, 300px\" \/>&#8220;Agraciada&#8221; com a posi\u00e7\u00e3o de segunda escola a entrar na avenida, o Salgueiro apresentou o enredo &#8220;Parintins, a ilha do boi-bumb\u00e1&#8221;. O samba, embora marcheado como vinha acontecendo nos anos p\u00f3s-Ita, ganhou o p\u00fablico no in\u00edcio do desfile gra\u00e7as a mais uma animada condu\u00e7\u00e3o do cantor Quinho e \u00e0 sempre maravilhosa bateria de Mestre Louro, ganhadora do Estandarte de Ouro.<\/p>\n<p style=\"text-align: justify;\">O conjunto aleg\u00f3rico concebido pelo carnavalesco M\u00e1rio Borriello passava o enredo com corre\u00e7\u00e3o e a escola mostrou na Sapuca\u00ed, al\u00e9m, claro, da lenda do boi-bumb\u00e1, grandes esculturas dos animais e monstros retratados nas lendas daquele local, sempre com uso de muitas cores.<\/p>\n<p style=\"text-align: justify;\">A eterna rivalidade Garantido x Caprichoso tamb\u00e9m n\u00e3o poderia ficar fora do desfile e foi clara a preocupa\u00e7\u00e3o do carnavalesco em retratar esteticamente com grande fidelidade a famosa rivalidade paritinense.<\/p>\n<p style=\"text-align: justify;\">Apesar de ter desfilado melhor do que em 1997 no conjunto, o Salgueiro n\u00e3o conseguiu manter o pique do come\u00e7o de sua apresenta\u00e7\u00e3o, at\u00e9 porque tinha mais de 4500 componentes e a vaz\u00e3o desse povo todo foi complicada nas \u00faltimas alas. De qualquer forma, um bom momento da escola.<\/p>\n<p style=\"text-align: justify;\">Por outro lado, a Unidos de Vila Isabel fez sua pior apresenta\u00e7\u00e3o em anos. A sinopse do enredo\u00a0\u201cL\u00e1grimas, suor e conquistas no mundo em transforma\u00e7\u00e3o\u201d falava da necessidade de os homens se sacrificarem para conquistar os ideais da sociedade, mas o desfile foi extremamente problem\u00e1tico.<\/p>\n<p style=\"text-align: justify;\">Carros aleg\u00f3ricos (medianos, diga-se de passagem) quebraram, a evolu\u00e7\u00e3o foi descompassada (a bateria n\u00e3o parou no boxe) e o samba, embora de melodia muito agrad\u00e1vel, n\u00e3o pegou. Um ano para os torcedores da Vila esquecerem.<\/p>\n<p style=\"text-align: justify;\">J\u00e1 a Acad\u00eamicos do Grande Rio fez um belo desfile sobre Luiz Carlos Prestes. O samba era dos melhores do ano e descrevia bem o enredo, sem contar que tinha um dos refr\u00f5es mais conhecidos daquele Carnaval: <em>&#8220;Ah, eu t\u00f4 maluco, amor! Ah, quero reformas j\u00e1\/ Ah, quero paz e amar! Sou Caxias, vou marchar!&#8221;<\/em>. A bateria, que passou a ser comandada por Mestre Odilon, teve um desempenho sensacional, com uma cad\u00eancia deliciosa e paradinhas bem executadas e corajosas.<\/p>\n<p style=\"text-align: justify;\">Max Lopes fez um trabalho excepcional na confec\u00e7\u00e3o de alegorias e fantasias, estas ent\u00e3o de extrema felicidade. A trajet\u00f3ria do l\u00edder comunista foi muito bem contada. Gostei especialmente do abre-alas com os tanques de guerra e esculturas simbolizando a Coluna Prestes, e da ala coreografada a seguir, com soldados.<\/p>\n<p style=\"text-align: justify;\">A escola manteve o n\u00edvel durante toda a sua apresenta\u00e7\u00e3o, que relembrou a lideran\u00e7a de Prestes no PCB, a luta contra o regime militar e o poema do chileno Pablo Neruda dedicado a ele. O p\u00fablico acolheu a escola at\u00e9 o fim do desfile e houve at\u00e9 alguns gritos de &#8220;\u00e9 campe\u00e3&#8221;.<\/p>\n<p style=\"text-align: justify;\">O desfile ainda teve a presen\u00e7a de muitos artistas, o que seria uma das marcas registradas da escola nos anos seguintes. De qualquer forma, foi a melhor apresenta\u00e7\u00e3o da Grande Rio no Grupo Especial at\u00e9 ent\u00e3o.<\/p>\n<p style=\"text-align: justify;\">A Unidos do Porto da Pedra foi a quinta a se exibir e passou longe de repetir o grande desfile de 1997. A proposta do enredo sobre os ladr\u00f5es e a impunidade n\u00e3o foi bem assimilada pelo p\u00fablico e o samba n\u00e3o ajudou, com um refr\u00e3o central de gosto bem duvidoso e exagerado: <em>&#8220;O culpado fez o bem, o inocente, o mal\/Tudo mundo \u00e9 jurado neste Carnaval&#8221;<\/em>.<\/p>\n<p style=\"text-align: justify;\">At\u00e9 o ingl\u00eas Ronald Biggs, famoso assaltante do Trem Pagador e que vivia fugido\u00a0no Brasil, foi citado. Sem alegorias de impacto, salvou-se s\u00f3 a criativa comiss\u00e3o de frente, com presidi\u00e1rios carregando pequenas celas.<\/p>\n<p style=\"text-align: justify;\">Quem tamb\u00e9m n\u00e3o reeditou sua \u00f3tima participa\u00e7\u00e3o do ano anterior foi a Mocidade. A sinopse falava muito sobre as estrelas e a forma como estas influenciam a vida das pessoas. O abre-alas, representando o sistema solar em dourado, era espetacular, mas as alegorias seguintes, embora bem acabadas, n\u00e3o causaram tanto impacto.<\/p>\n<p style=\"text-align: justify;\">Para piorar, o samba n\u00e3o era dos melhores e nem mesmo a grande bateria e o cantor Wander Pires o salvaram, tanto que a Mocidade teve uma harmonia aqu\u00e9m em rela\u00e7\u00e3o \u00e0s suas tradi\u00e7\u00f5es. No fim, a evolu\u00e7\u00e3o tamb\u00e9m foi descompassada, pois o tempo estava acabando e as \u00faltimas alas apressaram o passo, o que \u00e9 sempre ruim.<\/p>\n<p style=\"text-align: justify;\">Mas o grande problema para a Verde e Branco foi o que me pareceu um excesso de preocupa\u00e7\u00e3o em homenagear o patrono Castor de Andrade, o que acabou descaracterizando na pr\u00e1tica a proposta inicial do enredo &#8211; na sinopse s\u00f3 as \u00faltimas linhas citavam Castor. Uma escultura do patrono comandando uma espa\u00e7onave fechou a bonita por\u00e9m confusa apresenta\u00e7\u00e3o da Mocidade.<\/p>\n<p style=\"text-align: justify;\"><a href=\"http:\/\/www.pedromigao.com.br\/ourodetolo\/wp-content\/uploads\/2014\/01\/portela98.jpg\"><img loading=\"lazy\" decoding=\"async\" class=\"size-medium wp-image-21841 alignleft\" src=\"http:\/\/www.pedromigao.com.br\/ourodetolo\/wp-content\/uploads\/2014\/01\/portela98-300x228.jpg\" alt=\"portela98\" width=\"300\" height=\"228\" srcset=\"http:\/\/www.pedromigao.com.br\/ourodetolo\/wp-content\/uploads\/2014\/01\/portela98-300x228.jpg 300w, http:\/\/www.pedromigao.com.br\/ourodetolo\/wp-content\/uploads\/2014\/01\/portela98-445x340.jpg 445w, http:\/\/www.pedromigao.com.br\/ourodetolo\/wp-content\/uploads\/2014\/01\/portela98.jpg 469w\" sizes=\"auto, (max-width: 300px) 100vw, 300px\" \/><\/a>A Portela fechou a primeira noite de desfiles com uma excelente apresenta\u00e7\u00e3o, que remeteu a seus grandes momentos. Para come\u00e7ar, Paulinho de Viola se uniu ao novo int\u00e9rprete principal Rogerinho para cantar &#8220;Foi um rio que passou em minha vida&#8221; no esquenta (foto). Simplesmente emocionante e uma inje\u00e7\u00e3o de garra e emo\u00e7\u00e3o aos componentes.<\/p>\n<p style=\"text-align: justify;\">O enredo sobre a noite era de f\u00e1cil leitura e o samba de Noca da Portela, Colombo, J. Rocha e Darcy Maravilha era o melhor da safra, com uma melodia dolente e letra po\u00e9tica. A Tabajara do Samba imprimiu uma \u00f3tima cad\u00eancia e, a exemplo do samba-enredo, era praticamente uma certeza de cinco notas dez.<\/p>\n<p style=\"text-align: justify;\">Apesar de um problema na abertura das asas da \u00e1guia, as alegorias do carnavalesco Ilvamar Magalh\u00e3es tiveram bom efeito, mesmo sem luxo (ele pr\u00f3prio falava isso publicamente) mas com uma boa jun\u00e7\u00e3o entre as cores da escola e tonalidades mais escuras, afinal, o tema era a noite.<\/p>\n<p style=\"text-align: justify;\">O desfile abordou temas como o amor durante a noite, os animais que se aventuram no escurecer e at\u00e9 as profiss\u00f5es noturnas t\u00edpicas como prostitutas e gar\u00e7ons. As fantasias tamb\u00e9m passaram com corre\u00e7\u00e3o a proposta do enredo e os componentes cantaram muito bem o samba durante todo o tempo. Mesmo sem passar impress\u00e3o de t\u00edtulo, foi o melhor desfile de domingo, \u00e0 frente de Grande Rio, Salgueiro e Mocidade.<\/p>\n<p style=\"text-align: justify;\">A Tradi\u00e7\u00e3o come\u00e7ou o desfile de segunda com uma apresenta\u00e7\u00e3o fria e que sem d\u00favida poderia levar a escola ao descenso. O enredo era ecologicamente correto, colocando\u00a0a Amaz\u00f4nia como pulm\u00e3o do mundo, mas o conjunto visual, embora descrevesse o enredo, ficou devendo. A bateria estava acelerada pro meu gosto, mas fez boas conven\u00e7\u00f5es e paradinhas.<\/p>\n<p style=\"text-align: justify;\">No entanto, o\u00a0samba era longo e arrastado, e a evolu\u00e7\u00e3o foi descompassada, tanto que a tradicional ala de cadeirantes passou velozmente pois o tempo estava prestes a estourar. Para piorar, uma baiana passou mal e deixou a pista no \u00faltimo minuto regulamentar. Ufa! Mas o risco de rebaixamento era iminente.<\/p>\n<p><a href=\"http:\/\/www.pedromigao.com.br\/ourodetolo\/wp-content\/uploads\/2014\/01\/Mangueira98h.jpg\"><img loading=\"lazy\" decoding=\"async\" class=\"wp-image-21921 aligncenter\" src=\"http:\/\/www.pedromigao.com.br\/ourodetolo\/wp-content\/uploads\/2014\/01\/Mangueira98h-532x340.jpg\" alt=\"Mangueira98h\" width=\"582\" height=\"360\" \/><\/a><\/p>\n<p style=\"text-align: justify;\">Se o primeiro desfile da noite foi frio, o segundo foi quente do come\u00e7o ao fim e fez surgir a primeira candidata forte ao t\u00edtulo: a Esta\u00e7\u00e3o Primeira de Mangueira. O enredo sobre Chico Buarque j\u00e1 proporcionaria um clamor popular pelo pr\u00f3prio personagem. Mas a Verde e Rosa rendeu a Chico uma homenagem inesquec\u00edvel. Para ele e os amantes do Carnaval.<\/p>\n<p style=\"text-align: justify;\">Cercado por um batalh\u00e3o de jornalistas na concentra\u00e7\u00e3o, Chico respondeu sobre a emo\u00e7\u00e3o de ser homenageado pela Verde e Rosa. Com bom-humor, ele cravou: <em>&#8220;Estou tranquilo, voc\u00eas est\u00e3o querendo que eu fique nervoso, mas eu n\u00e3o vou ficar nervoso!&#8221;<\/em>.<\/p>\n<p style=\"text-align: justify;\">O cantor e compositor j\u00e1 provocou as primeiras emo\u00e7\u00f5es antes mesmo do esquenta. Com acompanhamento do amigo Luiz Carlos Vinhas no piano, Chico subiu ao carro de som e cantou o famoso verso <em>&#8220;Vai passar nessa avenida um samba popular&#8230;&#8221;<\/em> Em seguida, Jamel\u00e3o, acompanhado do estreante Luizito e de Eraldo Ca\u00ea, entoou o hino verde e rosa &#8220;Exalta\u00e7\u00e3o \u00e0 Mangueira&#8221;. O p\u00fablico acompanhou a escola com milhares de bandeirinhas no esquenta e em todo o desfile.<\/p>\n<p style=\"text-align: justify;\">O samba dos paulistas Nelson Dalla Rosa, Carlinhos das Camisas, Nelson Csipai e Villas Boas, t\u00e3o injustamente criticado na fase pr\u00e9-carnavalesca, rendeu de forma impressionante do come\u00e7o ao fim, sempre, \u00e9 claro, impulsionado por Jamel\u00e3o e a bateria de Alcir Explos\u00e3o, esta num andamento acelerado mas\u00a0 muito firme, com a cl\u00e1ssica batida seca do surdo um.<\/p>\n<p style=\"text-align: justify;\">A Mangueira causou excelente impress\u00e3o logo com a comiss\u00e3o de frente (acima), que passava a ser comandada pelo dan\u00e7arino Carlinhos de Jesus. Os componentes estavam muito bem fantasiados e simbolizavam a \u00d3pera do Malandro, um dos cl\u00e1ssicos de Chico, com uma coreografia sensacional.<\/p>\n<p style=\"text-align: justify;\"><a href=\"http:\/\/www.pedromigao.com.br\/ourodetolo\/wp-content\/uploads\/2014\/01\/mangueira98f.jpg\"><img loading=\"lazy\" decoding=\"async\" class=\"size-full wp-image-21885 alignleft\" src=\"http:\/\/www.pedromigao.com.br\/ourodetolo\/wp-content\/uploads\/2014\/01\/mangueira98f.jpg\" alt=\"mangueira98f\" width=\"300\" height=\"225\" \/><\/a>O carro abre-alas, chamado &#8220;Para ver a banda passar&#8221; tinha bons efeitos em neon na palavra Mangueira e reunia amigos do cantor, como Jo\u00e3o Nogueira, Nana Caymmi, Maria Beth\u00e2nia e Zizi Possi, mas as esculturas da parte superior n\u00e3o me agradaram tanto &#8211; inclusive a de Chico estava ligeiramente torta. Outros amigos, como Beth Carvalho e Gilberto Gil, desfilaram no ch\u00e3o (foto).<\/p>\n<p style=\"text-align: justify;\"><a href=\"http:\/\/www.pedromigao.com.br\/ourodetolo\/wp-content\/uploads\/2014\/01\/Mangueira98d.jpg\"><img loading=\"lazy\" decoding=\"async\" class=\"size-medium wp-image-21845 alignleft\" src=\"http:\/\/www.pedromigao.com.br\/ourodetolo\/wp-content\/uploads\/2014\/01\/Mangueira98d-300x160.jpg\" alt=\"Mangueira98d\" width=\"300\" height=\"160\" srcset=\"http:\/\/www.pedromigao.com.br\/ourodetolo\/wp-content\/uploads\/2014\/01\/Mangueira98d-300x160.jpg 300w, http:\/\/www.pedromigao.com.br\/ourodetolo\/wp-content\/uploads\/2014\/01\/Mangueira98d-550x294.jpg 550w, http:\/\/www.pedromigao.com.br\/ourodetolo\/wp-content\/uploads\/2014\/01\/Mangueira98d.jpg 940w\" sizes=\"auto, (max-width: 300px) 100vw, 300px\" \/><\/a>As demais alegorias tamb\u00e9m respeitavam as cores da escola e contavam bem o enredo, embora n\u00e3o fossem t\u00e3o luxuosas &#8211; ali\u00e1s, 1998 n\u00e3o foi um ano dos mais auspiciosos em alegorias para quase todas as escolas, creio eu, devido \u00e0 crise asi\u00e1tica de 1997 que refletiu no Brasil.<\/p>\n<p style=\"text-align: justify;\"><a href=\"http:\/\/www.pedromigao.com.br\/ourodetolo\/wp-content\/uploads\/2014\/01\/Mangueira98b.jpg\"><img loading=\"lazy\" decoding=\"async\" class=\"size-medium wp-image-21843 alignleft\" src=\"http:\/\/www.pedromigao.com.br\/ourodetolo\/wp-content\/uploads\/2014\/01\/Mangueira98b-300x261.jpg\" alt=\"Mangueira98b\" width=\"300\" height=\"261\" srcset=\"http:\/\/www.pedromigao.com.br\/ourodetolo\/wp-content\/uploads\/2014\/01\/Mangueira98b-300x261.jpg 300w, http:\/\/www.pedromigao.com.br\/ourodetolo\/wp-content\/uploads\/2014\/01\/Mangueira98b.jpg 354w\" sizes=\"auto, (max-width: 300px) 100vw, 300px\" \/><\/a>As fantasias tamb\u00e9m estavam leves e corretas, a despeito de alguns problemas de acabamento. Mas as alas estavam divididas com coer\u00eancia e passeavam pelos sucessos de Chico e o lado pol\u00edtico do cantor, especialmente na \u00e9poca da ditadura militar. A evolu\u00e7\u00e3o da escola n\u00e3o teve grandes descompassos, o que antes era uma preocupa\u00e7\u00e3o pelo contingente de 4500 componentes.<\/p>\n<p style=\"text-align: justify;\"><a href=\"http:\/\/www.pedromigao.com.br\/ourodetolo\/wp-content\/uploads\/2014\/01\/mangueira98e.jpg\"><img loading=\"lazy\" decoding=\"async\" class=\"size-medium wp-image-21844 alignleft\" src=\"http:\/\/www.pedromigao.com.br\/ourodetolo\/wp-content\/uploads\/2014\/01\/mangueira98e-300x235.jpg\" alt=\"mangueira98e\" width=\"300\" height=\"235\" srcset=\"http:\/\/www.pedromigao.com.br\/ourodetolo\/wp-content\/uploads\/2014\/01\/mangueira98e-300x235.jpg 300w, http:\/\/www.pedromigao.com.br\/ourodetolo\/wp-content\/uploads\/2014\/01\/mangueira98e-433x340.jpg 433w, http:\/\/www.pedromigao.com.br\/ourodetolo\/wp-content\/uploads\/2014\/01\/mangueira98e.jpg 448w\" sizes=\"auto, (max-width: 300px) 100vw, 300px\" \/><\/a>O grande homenageado desfilou com um terno rosa, camisa verde e chap\u00e9u Panam\u00e1 no (este sim) luxuoso carro dos baluartes, ao lado do inesquec\u00edvel Carlos Cacha\u00e7a, numa cena emocionante. O p\u00fablico n\u00e3o parou de aplaudir Chico em nenhum momento e o g\u00eanio retribuiu sempre sorrindo e tirando o chap\u00e9u.<\/p>\n<p style=\"text-align: justify;\">O fim do desfile reservou outra agrad\u00e1vel surpresa: uma ala formou um mosaico com o rosto de Chico, em alus\u00e3o \u00e0 can\u00e7\u00e3o &#8220;Retrato em Branco e Preto&#8221;, e rendeu \u00f3timo efeito. O p\u00fablico aplaudiu com entusiasmo e recebeu a escola na Apoteose com os gritos de &#8220;\u00e9 campe\u00e3&#8221;.<\/p>\n<p style=\"text-align: justify;\">Foi uma aula de garra e samba no p\u00e9, no desfile que mais levantou o p\u00fablico. Restava saber se as pequenas falhas de alegorias e fantasias seriam amea\u00e7a. Confesso que como torcedor pela primeira vez desde que comecei a ver os desfiles, senti a escola com reais chances de t\u00edtulo. Mas ainda era cedo, claro.<\/p>\n<p style=\"text-align: justify;\"><img loading=\"lazy\" decoding=\"async\" class=\"size-medium wp-image-38931 alignleft\" src=\"http:\/\/www.pedromigao.com.br\/ourodetolo\/wp-content\/uploads\/2014\/01\/imperatriz1998-300x190.jpg\" alt=\"imperatriz1998\" width=\"300\" height=\"190\" srcset=\"http:\/\/www.pedromigao.com.br\/ourodetolo\/wp-content\/uploads\/2014\/01\/imperatriz1998-300x190.jpg 300w, http:\/\/www.pedromigao.com.br\/ourodetolo\/wp-content\/uploads\/2014\/01\/imperatriz1998.jpg 499w\" sizes=\"auto, (max-width: 300px) 100vw, 300px\" \/>At\u00e9 porque a Imperatriz Leopoldinense logo a seguir fez mais uma das suas t\u00edpicas apresenta\u00e7\u00f5es de extrema corre\u00e7\u00e3o e bom gosto, com fantasias e alegorias impec\u00e1veis. O enredo &#8220;Quase no ano 2000&#8221; falava sobre a evolu\u00e7\u00e3o do homem e as perspectivas para o novo mil\u00eanio que se aproximava. E Rosa Magalh\u00e3es, numa tem\u00e1tica diametralmente oposta ao que estava acostumada a mostrar, brilhou como sempre na concep\u00e7\u00e3o, com uma est\u00e9tica high tech no melhor estilo Renato Lage.<\/p>\n<p style=\"text-align: justify;\">A comiss\u00e3o de frente gresilense voltou a agradar e os componentes simbolizavam \u00cdcaros. Gostei muito da alegoria que remetia ao filme &#8220;Metr\u00f3polis&#8221; e das fantasias de rob\u00f4s dos ritmistas da bateria. O casal de mestre-sala e porta-bandeira formado por Chiquinho e Maria Helena (filho e m\u00e3e) voltou a brilhar e a escola evoluiu sem sobressaltos.<\/p>\n<p style=\"text-align: justify;\">O \u00fanico sen\u00e3o, assim como nos carnavais nos anos anteriores, foi que a escola passou fria e o p\u00fablico n\u00e3o reagiu. Isso porque o enredo, apesar de bem contado na avenida, n\u00e3o era de t\u00e3o f\u00e1cil assimila\u00e7\u00e3o e o samba, embora corret\u00edssimo, n\u00e3o era vibrante, apesar da grande atua\u00e7\u00e3o (mais uma) do int\u00e9rprete Preto J\u00f3ia.<\/p>\n<p style=\"text-align: justify;\">A Imperatriz deixou a avenida com a miss\u00e3o cumprida e como uma das melhores escolas do ano. Mas era preciso esperar para ver se, a exemplo de outros anos, s\u00f3 a t\u00e9cnica bastaria para a escola ser campe\u00e3, porque a Mangueira tinha feito uma exibi\u00e7\u00e3o bem mais empolgante.<\/p>\n<p style=\"text-align: justify;\"><a href=\"http:\/\/www.pedromigao.com.br\/ourodetolo\/wp-content\/uploads\/2014\/01\/Viradouro98.jpg\"><img loading=\"lazy\" decoding=\"async\" class=\"size-medium wp-image-21842 alignleft\" src=\"http:\/\/www.pedromigao.com.br\/ourodetolo\/wp-content\/uploads\/2014\/01\/Viradouro98-300x169.jpg\" alt=\"Viradouro98\" width=\"300\" height=\"169\" srcset=\"http:\/\/www.pedromigao.com.br\/ourodetolo\/wp-content\/uploads\/2014\/01\/Viradouro98-300x169.jpg 300w, http:\/\/www.pedromigao.com.br\/ourodetolo\/wp-content\/uploads\/2014\/01\/Viradouro98-550x309.jpg 550w, http:\/\/www.pedromigao.com.br\/ourodetolo\/wp-content\/uploads\/2014\/01\/Viradouro98.jpg 976w\" sizes=\"auto, (max-width: 300px) 100vw, 300px\" \/><\/a>J\u00e1 a campe\u00e3 Unidos do Viradouro tamb\u00e9m se credenciou a brigar pelo campeonato e fez um desfile mais vibrante do que a Imperatriz. O enredo desenvolvido por Jo\u00e3ozinho Trinta era baseado no filme &#8220;Orfeu Negro&#8221;, inspirado na mitologia grega e na hist\u00f3ria de amor entre Orfeu e Eur\u00eddice, s\u00f3 que adaptado ao Rio de Janeiro durante o Carnaval.<\/p>\n<p style=\"text-align: justify;\">Para entender o enredo: o Orfeu brasileiro vivia no morro e era o deus da m\u00fasica, que fazia o sol raiar e encantava as mulheres com os acordes de seu viol\u00e3o. Mas seu \u00fanico amor era mesmo Eur\u00eddice. S\u00f3 que no dia em que a escola de samba da sua comunidade o homenagearia, Eur\u00eddice morre com um tiro. Sem rumo, Orfeu n\u00e3o participa do desfile e despreza as outras mulheres, que o empurram Orfeu do alto do morro para a morte. A escola vence o Carnaval e Orfeu \u00e9 glorificado ap\u00f3s sua morte.<\/p>\n<p style=\"text-align: justify;\">O samba, um dos melhores do ano, foi muito bem conduzido por Dominguinhos e o p\u00fablico acompanhou a escola. N\u00e3o tanto como no desfile da Mangueira, mas tamb\u00e9m\u00a0com empolga\u00e7\u00e3o. Jo\u00e3o 30 fez uma divis\u00e3o crom\u00e1tica que valorizava o dourado, o prateado e cores escuras e s\u00f3 no fim do desfile outras tonalidades (incluindo o vermelho e branco da escola) foram mostradas. Mas se sobraram empolga\u00e7\u00e3o e bom gosto, contratempos aconteceram.<\/p>\n<p style=\"text-align: justify;\">A bateria de Mestre Jorj\u00e3o, que em 1997 havia sido destaque, voltou a empolgar o p\u00fablico com paradinhas, uma no estilo funk, mas teve alguns problemas. Outro sen\u00e3o aconteceu com a peruca da porta-bandeira Patr\u00edcia (que desfilou gr\u00e1vida), o que poderia gerar perda de pontos.<\/p>\n<p style=\"text-align: justify;\">Al\u00e9m disso, Jo\u00e3ozinho Trinta alterou parte do roteiro do desfile a pedido da produ\u00e7\u00e3o do filme que revisitaria a obra original de 1959 e gravaria cenas no cortejo &#8211; isso tamb\u00e9m poderia render problemas na apura\u00e7\u00e3o. Para piorar, falhas no sistema de som atrapalharam a harmonia da escola, apesar da vibra\u00e7\u00e3o dos componentes.<\/p>\n<p style=\"text-align: justify;\">Mesmo com esses problemas, que poderiam custar a vit\u00f3ria \u00e0 escola, o enredo foi muito bem recebido pelo p\u00fablico e cr\u00edtica. Afinal, como j\u00e1 dito, o samba rendeu muito, as alegorias (embora sem tanto impacto como em 1997) eram criativas e pertinentes, e as\u00a0fantasias, al\u00e9m de bonitas, eram leves,\u00a0permitindo aos desfilantes uma boa desenvoltura. A Viradouro, a exemplo da Mangueira, foi recebida na Apoteose com gritos de &#8220;bicampe\u00e3&#8221;.<\/p>\n<p style=\"text-align: justify;\"><img loading=\"lazy\" decoding=\"async\" class=\"alignnone wp-image-38932\" src=\"http:\/\/www.pedromigao.com.br\/ourodetolo\/wp-content\/uploads\/2014\/01\/beija-flor-1998.jpg\" alt=\"beija-flor-1998\" width=\"590\" height=\"369\" srcset=\"http:\/\/www.pedromigao.com.br\/ourodetolo\/wp-content\/uploads\/2014\/01\/beija-flor-1998.jpg 960w, http:\/\/www.pedromigao.com.br\/ourodetolo\/wp-content\/uploads\/2014\/01\/beija-flor-1998-300x188.jpg 300w, http:\/\/www.pedromigao.com.br\/ourodetolo\/wp-content\/uploads\/2014\/01\/beija-flor-1998-768x480.jpg 768w, http:\/\/www.pedromigao.com.br\/ourodetolo\/wp-content\/uploads\/2014\/01\/beija-flor-1998-544x340.jpg 544w\" sizes=\"auto, (max-width: 590px) 100vw, 590px\" \/><\/p>\n<p style=\"text-align: justify;\">A Beija-Flor de Nil\u00f3polis fez uma apresenta\u00e7\u00e3o superior em rela\u00e7\u00e3o ao mediano desfile de 1997, embora com tema confuso. O enredo era baseado no livro\u00a0&#8220;O mundo m\u00edstico dos Caruanas e a revolta de sua ave&#8221;, escrito pela Paj\u00e9 Zeneida Lima, que vivia na Ilha de Maraj\u00f3. A obra contava\u00a0sobre as lendas e tradi\u00e7\u00f5es dos \u00edndios daquela regi\u00e3o.<\/p>\n<p style=\"text-align: justify;\"><a href=\"http:\/\/www.pedromigao.com.br\/ourodetolo\/wp-content\/uploads\/2014\/01\/beija-flor1998e.jpg\"><img loading=\"lazy\" decoding=\"async\" class=\"size-medium wp-image-21836 alignleft\" src=\"http:\/\/www.pedromigao.com.br\/ourodetolo\/wp-content\/uploads\/2014\/01\/beija-flor1998e-300x209.jpg\" alt=\"beija-flor1998e\" width=\"300\" height=\"209\" srcset=\"http:\/\/www.pedromigao.com.br\/ourodetolo\/wp-content\/uploads\/2014\/01\/beija-flor1998e-300x209.jpg 300w, http:\/\/www.pedromigao.com.br\/ourodetolo\/wp-content\/uploads\/2014\/01\/beija-flor1998e-486x340.jpg 486w, http:\/\/www.pedromigao.com.br\/ourodetolo\/wp-content\/uploads\/2014\/01\/beija-flor1998e.jpg 600w\" sizes=\"auto, (max-width: 300px) 100vw, 300px\" \/><\/a>A comiss\u00e3o de Carnaval liderada pelo experiente La\u00edla concebeu um desfile sem d\u00favida muito bem realizado plasticamente, mas o enredo era mesmo dif\u00edcil para o p\u00fablico entender. O samba, embora de \u00f3tima melodia e maravilhosamente conduzido por Neguinho (foto), falava sobre Patu-Anu, surgimento do Girador, que criou as sete cidades\u00a0governadas por Au\u00ed, \u00edndios Caruanas. Complicada, n\u00e3o?<\/p>\n<p style=\"text-align: justify;\"><a href=\"http:\/\/www.pedromigao.com.br\/ourodetolo\/wp-content\/uploads\/2014\/01\/beija-flor1998c.jpg\"><img loading=\"lazy\" decoding=\"async\" class=\"size-medium wp-image-21834 alignleft\" src=\"http:\/\/www.pedromigao.com.br\/ourodetolo\/wp-content\/uploads\/2014\/01\/beija-flor1998c-300x205.jpg\" alt=\"beija-flor1998c\" width=\"300\" height=\"205\" srcset=\"http:\/\/www.pedromigao.com.br\/ourodetolo\/wp-content\/uploads\/2014\/01\/beija-flor1998c-300x205.jpg 300w, http:\/\/www.pedromigao.com.br\/ourodetolo\/wp-content\/uploads\/2014\/01\/beija-flor1998c-496x340.jpg 496w, http:\/\/www.pedromigao.com.br\/ourodetolo\/wp-content\/uploads\/2014\/01\/beija-flor1998c.jpg 600w\" sizes=\"auto, (max-width: 300px) 100vw, 300px\" \/><\/a>As alegorias eram grandes e imponentes, mas as fantasias, mesmo bem acabadas, se mostraram pesadas, o que dificultou a vida dos componentes. Apesar disso, a comunidade nilopolitana como sempre cantou o samba, que teve \u00f3timo acompanhamento por parte da bateria.<\/p>\n<p style=\"text-align: justify;\">Pena que no fim do desfile houve uma certa correria entre as \u00faltimas alas, que se mostraram um tanto emboladas, pois o tempo de 80 minutos estava acabando. Diante disso tudo, e com a pouca receptividade por parte do p\u00fablico, naquele momento parecia dif\u00edcil a Beija-Flor brigar com Mangueira, Imperatriz e Viradouro pelo t\u00edtulo, apesar de ter passado correta na maioria dos quesitos.<\/p>\n<p style=\"text-align: justify;\"><a href=\"http:\/\/www.pedromigao.com.br\/ourodetolo\/wp-content\/uploads\/2014\/01\/tijuca98.jpg\"><img loading=\"lazy\" decoding=\"async\" class=\"size-medium wp-image-21875 alignleft\" src=\"http:\/\/www.pedromigao.com.br\/ourodetolo\/wp-content\/uploads\/2014\/01\/tijuca98-226x300.jpg\" alt=\"tijuca98\" width=\"226\" height=\"300\" srcset=\"http:\/\/www.pedromigao.com.br\/ourodetolo\/wp-content\/uploads\/2014\/01\/tijuca98-226x300.jpg 226w, http:\/\/www.pedromigao.com.br\/ourodetolo\/wp-content\/uploads\/2014\/01\/tijuca98-256x340.jpg 256w, http:\/\/www.pedromigao.com.br\/ourodetolo\/wp-content\/uploads\/2014\/01\/tijuca98.jpg 300w\" sizes=\"auto, (max-width: 226px) 100vw, 226px\" \/><\/a>Pen\u00faltima escola a se apresentar, a Unidos da Tijuca fez um desfile simp\u00e1tico no enredo em homenagem ao Vasco da Gama. O carnavalesco Oswaldo Jardim iniciou o desenvolvimento do enredo lembrando a hist\u00f3ria do navegador portugu\u00eas e os 500 anos da expedi\u00e7\u00e3o mar\u00edtima \u00e0s \u00cdndias. Depois, o clube da Cruz de Malta teve a sua hist\u00f3ria visitada em alegorias com diversas esculturas em espuma (uma marca do saudoso carnavalesc0) e boas fantasias.<\/p>\n<p style=\"text-align: justify;\">O t\u00e9cnico Ant\u00f4nio Lopes e muitos jogadores campe\u00f5es brasileiros em 1997 marcaram presen\u00e7a nos carros aleg\u00f3ricos, com grande destaque para o Animal Edmundo, que vivia o auge da idolatria com a torcida vasca\u00edna e desfilou ao lado de Roberto Dinamite.<\/p>\n<p style=\"text-align: justify;\">Mas, lamentavelmente, o ent\u00e3o vice-presidente de futebol do clube, Eurico Miranda, atrapalhou a evolu\u00e7\u00e3o da escola ao brigar no meio da pista com fot\u00f3grafos e cinegrafistas, causando uma enorme confus\u00e3o em frente \u00e0s cabines de jurados.<\/p>\n<p style=\"text-align: justify;\">O samba, como se esperava, teve excelente efeito, principalmente no refr\u00e3o principal. Mesmo sem uma apresenta\u00e7\u00e3o arrebatadora, a Tijuca deixou boa impress\u00e3o e a expectativa era a de a escola ficar no meio da tabela, a famosa zona da marola.<\/p>\n<p style=\"text-align: justify;\">A Uni\u00e3o da Ilha encerrou os desfiles de 1998 numa apresenta\u00e7\u00e3o bonita, por\u00e9m problem\u00e1tica, no enredo \u201cFatumbi, a Ilha de Todos os Santos\u201d, do carnavalesco Milton Cunha. Em termos de concep\u00e7\u00e3o, o visual era bom, mas alguns carros aleg\u00f3ricos literalmente tiveram peda\u00e7os que despencaram no meio da pista.<\/p>\n<p style=\"text-align: justify;\">Os componentes cantaram muito bem o samba com Rixxa e salvaram a apresenta\u00e7\u00e3o insulana. A bateria de Mestre Paul\u00e3o tamb\u00e9m levantou a escola, com mais uma brilhante apresenta\u00e7\u00e3o. Mas a Ilha deixou a pista sem muitas esperan\u00e7as de voltar no Desfile das Campe\u00e3s.<\/p>\n<p style=\"text-align: justify;\"><strong>REPERCUSS\u00c3O E APURA\u00c7\u00c3O<\/strong><\/p>\n<p style=\"text-align: justify;\">Quando acabaram os desfiles, o povo discutia quem tinha sido a melhor: Mangueira ou Viradouro? Mesmo com outras boas apresenta\u00e7\u00f5es, sobretudo de Imperatriz, Portela, Beija-Flor e Grande Rio, as duas escolas que mais encantaram p\u00fablico e cr\u00edtica eram as favoritas destacadas segundo os jornais, apesar de a sempre criteriosa equipe da TV Manchete ter elogiado muito a agremia\u00e7\u00e3o de Nil\u00f3polis.<\/p>\n<p style=\"text-align: justify;\">Na abertura dos envelopes do primeiro quesito (Mestre-sala e Porta-bandeira), o primeiro rev\u00e9s, j\u00e1 esperado, da Viradouro: duas notas 9, um 9,5 e dois dez, enquanto Salgueiro, Mangueira, Imperatriz, Beija-Flor e Tradi\u00e7\u00e3o sa\u00edram na frente, com tr\u00eas notas 10 v\u00e1lidas.<\/p>\n<p style=\"text-align: justify;\">Em Alegorias e Adere\u00e7os, os mangueirenses respiraram aliviados, pois tiveram quatro dez e apenas um 9,5 que acabaria descartado, assim como a Imperatriz, esta de forma surpreendente j\u00e1 que tinha o melhor conjunto aleg\u00f3rico do ano. Apenas Beija-Flor e Viradouro obtiveram cinco notas dez.<\/p>\n<p style=\"text-align: justify;\">A leitura das notas seguiu e Mangueira, Beija-Flor e Imperatriz continuaram dividindo a lideran\u00e7a, enquanto a Viradouro perdeu mais pontos em quesitos como Fantasia e Evolu\u00e7\u00e3o. Com dois 9,5 em samba-enredo, a Imperatriz saiu da lideran\u00e7a.<\/p>\n<p style=\"text-align: justify;\">No \u00faltimo quesito (Bateria), a \u00faltima decep\u00e7\u00e3o para a Viradouro: a escola levou um 8 (descartado) e um 9,5 que at\u00e9 hoje n\u00e3o descem na garganta de seus torcedores. Um dos jurados alegou que a escola apresentou &#8220;excesso de efeitos, virando marcha&#8221; e ainda atravessou, enquanto outro afirmou que houve &#8220;momentos claros de imprecis\u00e3o&#8221;.<\/p>\n<p style=\"text-align: justify;\">No fim, Mangueira e Beija-Flor atingiram os 270 pontos e ficaram com o t\u00edtulo, com a Imperatriz em terceiro (269,5), Portela em quarto (264), Viradouro num frustrante quinto lugar (262,5) e a Mocidade em sexto (261,5). Ca\u00edram a Unidos da Tijuca (injustamente) e a Unidos do Porto da Pedra, enquanto Imp\u00e9rio Serrano e S\u00e3o Clemente garantiram a volta ao Grupo Especial.<\/p>\n<p style=\"text-align: justify;\">At\u00e9 hoje uma &#8220;casca de banana&#8221; no regulamento gera pol\u00eamica. Para 1998, ficou acertado que as notas descartadas n\u00e3o serviriam para um poss\u00edvel desempate seja qual fosse a posi\u00e7\u00e3o. Ou seja, apenas haveria desempate por quesito, como houve por exemplo para a sexta posi\u00e7\u00e3o entre Mocidade e Salgueiro em samba-enredo.\u00a0Como Mangueira e Beija-Flor conseguiram 100% de aproveitamento nas notas v\u00e1lidas, n\u00e3o havia como qualquer quesito servir para dar o t\u00edtulo a apenas uma escola.<\/p>\n<p style=\"text-align: justify;\">De fato, se a vit\u00f3ria da Mangueira foi considerada justa, a mudan\u00e7a do regulamento permitiu \u00e0 Beija-Flor tamb\u00e9m ficar com o t\u00edtulo, j\u00e1 que, analisando os n\u00fameros absolutos, a Verde e Rosa teve apenas duas notas diferentes de dez em toda a apura\u00e7\u00e3o enquanto a Azul e Branco teve notas abaixo de dez descartadas em quatro quesitos. Tamb\u00e9m causou estranheza a Viradouro ter ficado t\u00e3o atr\u00e1s, pois esta,\u00a0assim como Portela e Imperatriz, fez um desfile melhor\u00a0em diversos quesitos do que a escola nilopolitana. Coisas do Carnaval&#8230;<\/p>\n<p style=\"text-align: justify;\">Sob forte chuva de ver\u00e3o na Pra\u00e7a da Apoteose, as torcidas e diretorias de Mangueira e Beija-Flor comemoraram muito o t\u00edtulo, especialmente os grandes cantores Jamel\u00e3o e Neguinho, que, fi\u00e9is \u00e0s suas escolas, tamb\u00e9m atravessavam longo jejum de conquistas (11 e 15 anos, respectivamente).<\/p>\n<p style=\"text-align: justify;\">Por outro lado, duas escolas se mostraram revoltadas com o resultado: a Viradouro e a Tijuca. Jo\u00e3ozinho Trinta chegou a dizer que houve uma &#8220;pajelan\u00e7a nos bastidores&#8221;, em clara alus\u00e3o \u00e0 Beija-Flor. J\u00e1 os tijucanos reclamaram que os jurados canetaram a escola por causa do comportamento de Eurico Miranda e por restri\u00e7\u00f5es club\u00edsticas ao Vasco.<\/p>\n<p style=\"text-align: justify;\">A indigna\u00e7\u00e3o pelos lados de Niter\u00f3i continuou no Desfile das Campe\u00e3s e componentes carregaram uma grande faixa perguntando: por qu\u00ea? E Mestre Jorj\u00e3o voltou a caprichar nas paradinhas estilo funk.<\/p>\n<p style=\"text-align: justify;\"><strong>RESULTADO FINAL<\/strong><\/p>\n<table style=\"width: 590px; height: 300px;\">\n<tbody>\n<tr>\n<td>POS.<\/td>\n<td>ESCOLA<\/td>\n<td>PONTOS<\/td>\n<\/tr>\n<tr>\n<td>1\u00ba<\/td>\n<td>Esta\u00e7\u00e3o Primeira de Mangueira<\/td>\n<td>270<\/td>\n<\/tr>\n<tr>\n<td><\/td>\n<td>Beija-Flor de Nil\u00f3polis<\/td>\n<td>270<\/td>\n<\/tr>\n<tr>\n<td>3\u00ba<\/td>\n<td>Imperatriz Leopoldinense<\/td>\n<td>269,5<\/td>\n<\/tr>\n<tr>\n<td>4\u00ba<\/td>\n<td>Portela<\/td>\n<td>264<\/td>\n<\/tr>\n<tr>\n<td>5\u00ba<\/td>\n<td>Unidos do Viradouro<\/td>\n<td>262,5<\/td>\n<\/tr>\n<tr>\n<td>6\u00ba<\/td>\n<td>Mocidade Independente de Padre Miguel<\/td>\n<td>261,5<\/td>\n<\/tr>\n<tr>\n<td>7\u00ba<\/td>\n<td>Acad\u00eamicos do Salgueiro<\/td>\n<td>261,5<\/td>\n<\/tr>\n<tr>\n<td>8\u00ba<\/td>\n<td>Acad\u00eamicos do Grande Rio<\/td>\n<td>255,5<\/td>\n<\/tr>\n<tr>\n<td>9\u00ba<\/td>\n<td>Uni\u00e3o da Ilha do Governador<\/td>\n<td>255<\/td>\n<\/tr>\n<tr>\n<td>10\u00ba<\/td>\n<td>Caprichosos de Pilares<\/td>\n<td>253,5<\/td>\n<\/tr>\n<tr>\n<td>11\u00ba<\/td>\n<td>Tradi\u00e7\u00e3o<\/td>\n<td>247<\/td>\n<\/tr>\n<tr>\n<td>12\u00ba<\/td>\n<td>Unidos de Vila Isabel<\/td>\n<td>246<\/td>\n<\/tr>\n<tr>\n<td>13\u00ba<\/td>\n<td>Unidos da Tijuca<\/td>\n<td>225 (rebaixada)<\/td>\n<\/tr>\n<tr>\n<td>14\u00ba<\/td>\n<td>Unidos do Porto da Pedra<\/td>\n<td>223 (rebaixada)<\/td>\n<\/tr>\n<\/tbody>\n<\/table>\n<p style=\"text-align: justify;\">\n<p style=\"text-align: justify;\"><b>CURIOSIDADES<\/b><\/p>\n<p style=\"text-align: justify;\">&#8211; Foi o \u00faltimo desfile transmitido pela TV Manchete, que naquela altura j\u00e1 estava em crise profunda, pouco mais de dois anos depois da morte de Adolpho Bloch. No meio de 1999, a emissora carioca foi vendida e o canal passou a se chamar Rede TV.<\/p>\n<p style=\"text-align: justify;\">&#8211; Na TV Globo, a novidade foi a participa\u00e7\u00e3o de Isabela Scalabrini na narra\u00e7\u00e3o ao lado de Fernando Vanucci.<\/p>\n<p style=\"text-align: justify;\">&#8211; A conquista de 1998 foi a primeira da Beija-Flor no samb\u00f3dromo. Com outros seis t\u00edtulos (2003, 2004, 2005, 2007, 2008 e 2011), a escola honraria o apelido de\u00a0\u00a0Deusa da Passarela.<\/p>\n<p style=\"text-align: justify;\">&#8211; Pouco depois dos desfiles, foram produzidos dois CDs bem bacanas: um com os sambas de 1998 gravados durante as apresenta\u00e7\u00f5es oficiais das escolas e outro s\u00f3 com os esquentas de cada agremia\u00e7\u00e3o naquele ano. Gostei especialmente do segundo, com hinos como &#8220;Exalta\u00e7\u00e3o \u00e0 Mangueira&#8221; e &#8220;Foi um rio que passou em minha vida&#8221;, al\u00e9m de sambas hist\u00f3ricos como &#8220;Kizomba&#8221; e &#8220;Liberdade liberdade, abre as asas sobre n\u00f3s&#8221;.<\/p>\n<p style=\"text-align: justify;\">&#8211; Falando em grava\u00e7\u00f5es, o Salgueiro, insatisfeito com a Gravasamba, resolveu comercializar um pr\u00f3prio compacto com seu samba-enredo. Com todo o respeito, n\u00e3o curti o resultado. E o hino salgueirense de 1998 tamb\u00e9m n\u00e3o apareceu no CD ao vivo.<\/p>\n<p style=\"text-align: justify;\">&#8211; Jamel\u00e3o conquistou seu \u00faltimo pr\u00eamio do Estandarte de Ouro, totalizando seis. Um como destaque masculino (1975) e cinco como int\u00e9rprete (1982, 1990, 1992, 1996 e 1998).<\/p>\n<p style=\"text-align: justify;\"><strong>CANTINHO DO EDITOR &#8211; por Pedro Mig\u00e3o<\/strong><\/p>\n<p style=\"text-align: justify;\">A Portela depois deste desfile ficaria nove carnavais seguidos afastada do Desfile das Campe\u00e3s. Durante este per\u00edodo somente em 2002 e em 2004 a agremia\u00e7\u00e3o faria desfiles que a credenciariam a tal. 1998 tamb\u00e9m marca a \u00faltima vez em que &#8220;Foi Um Rio Que Passou em minha Vida&#8221; foi cantada no esquenta da escola.<\/p>\n<p style=\"text-align: justify;\">A perman\u00eancia da Caprichosos no Especial sendo a primeira a desfilar no domingo somente seria repetida pela Uni\u00e3o da Ilha em 2010. Todas as &#8220;primeiras de domingo&#8221; neste per\u00edodo foram inapelavelmente mandadas de volta ao Grupo de Acesso.<\/p>\n<p style=\"text-align: justify;\">As hist\u00f3rias de bastidores daquele ano indicam que o rebaixamento da Unidos da Tijuca teve muito a ver com a tentativa do mandat\u00e1rio do Vasco Eurico Miranda de influir na pol\u00edtica do carnaval. A Porto da Pedra esteve envolvida em grande pol\u00eamica com a Riotur antes do desfile devido ao seu enredo, e o refr\u00e3o do samba insinuava que a escola teria sido &#8220;roubada&#8221; no resultado do ano anterior.<\/p>\n<p style=\"text-align: justify;\"><span style=\"text-decoration: underline;\"><a href=\"http:\/\/www.youtube.com\/watch?v=xkIcOw5s5j4\" target=\"_blank\"><span style=\"color: #ff6600; text-decoration: underline;\">O Imp\u00e9rio Serrano, com enredo de tem\u00e1tica africana<\/span><\/a><\/span>, venceu o Grupo de Acesso com nota m\u00e1xima em tudo &#8211; em outro resultado muito contestado pelos amantes do carnaval. <span style=\"text-decoration: underline;\"><a href=\"http:\/\/www.youtube.com\/watch?v=3moZXBM1pyc\" target=\"_blank\"><span style=\"color: #ff6600; text-decoration: underline;\">A S\u00e3o Clemente foi a vice campe\u00e3<\/span><\/a><\/span> e tamb\u00e9m ascendeu ao Grupo Especial com enredo sobre &#8220;os poderes do povo&#8221;. Uma curiosidade: a Acad\u00eamicos da Rocinha foi &#8220;bi-rebaixada&#8221;, caindo para o Grupo B.<\/p>\n<p style=\"text-align: justify;\">Este, que desfilou na sexta feira de carnaval, teve a Unidos do Jacarezinho como vencedora e a Villa Rica vice, ambas ascendendo ao Acesso A.<\/p>\n<p style=\"text-align: justify;\">Consta que os herdeiros de Luiz Carlos Prestes n\u00e3o ficaram muito satisfeitos com a homenagem. A alega\u00e7\u00e3o \u00e9 que se mostrou mais os lugares onde ele viveu que propriamente sua vida e legado.<\/p>\n<p style=\"text-align: justify;\">Segundo o recente livro lan\u00e7ado sobre a Mocidade o enredo n\u00e3o tinha originalmente inten\u00e7\u00e3o de homenagear Castor de Andrade, que faleceu quando o desfile j\u00e1 estava sendo preparado. Em entrevista ao livro o ent\u00e3o carnavalesco Renato Lage pontua que ficou bastante aborrecido com as insinua\u00e7\u00f5es de que todo\u00a0 o enredo era uma homenagem ao patrono.<\/p>\n<p style=\"text-align: justify;\">A Viradouro tamb\u00e9m foi acusada de ter pl\u00e1gio em seu samba enredo durante o per\u00edodo pr\u00e9 carnavalesco. Pl\u00e1gio ou n\u00e3o, foi penalizada no quesito.<\/p>\n<p style=\"text-align: justify;\">O desfile da Ilha <span style=\"color: #ff6600;\"><a style=\"color: #ff6600;\" href=\"http:\/\/www.pedromigao.com.br\/ourodetolo\/2009\/10\/samba-de-terca-fatumbi-a-ilha-de-todos-os-santos\/\" target=\"_blank\">j\u00e1 foi retratado na s\u00e9rie &#8220;Samba de Ter\u00e7a&#8221;<\/a><\/span>, e uma <span style=\"color: #ff6600;\"><a style=\"color: #ff6600;\" href=\"http:\/\/www.pedromigao.com.br\/ourodetolo\/2011\/08\/orun-aye-vai-comecar-de-novo-a-mae-de-todas-as-disputas\/\" target=\"_blank\">coluna do compositor Aloisio Villar contou a hist\u00f3ria da disputa de samba daquele ano<\/a><\/span>. Em coment\u00e1rio ao post que escrevi o ent\u00e3o carnavalesco Milton Cunha revelou que se mudou da Beija Flor para a Uni\u00e3o da Ilha (algo que seria impens\u00e1vel nos dias de hoje) porque &#8220;n\u00e3o aguentava mais o La\u00edla&#8221;&#8230;<\/p>\n<p style=\"text-align: justify;\">A Imperatriz perdeu o campeonato exatamente em samba-enredo. Nos anos seguintes, sob a presid\u00eancia de Luiz Pacheco Drummond na Liesa, a ala de compositores da escola se firmaria como a melhor do Rio aos olhos dos jurados, sempre com todas as notas m\u00e1ximas. Por outro lado, o carro que retratava o filme &#8220;Metr\u00f3polis&#8221; era sensacional, em uma boa incurs\u00e3o da carnavalesca Rosa Magalh\u00e3es em tem\u00e1tica mais &#8220;futurista&#8221;.<\/p>\n<p style=\"text-align: justify;\">Ap\u00f3s quatro anos consecutivos entregando carnavais inacabados, o carnavalesco Roberto Szaniecki ficaria fora do carnaval carioca em 1998. Ele assinou o desfile da Gavi\u00f5es da Fiel, em S\u00e3o Paulo.<\/p>\n<p style=\"text-align: justify;\"><strong>Links<\/strong><\/p>\n<p>O desfile campe\u00e3o da Mangueira em 1998<\/p>\n<p><iframe loading=\"lazy\" title=\"Carnaval Completo - Mangueira 1998\" width=\"525\" height=\"394\" src=\"https:\/\/www.youtube.com\/embed\/eYTCCD1V3Z4?feature=oembed\" frameborder=\"0\" allow=\"accelerometer; autoplay; clipboard-write; encrypted-media; gyroscope; picture-in-picture; web-share\" referrerpolicy=\"strict-origin-when-cross-origin\" allowfullscreen><\/iframe><\/p>\n<p style=\"text-align: justify;\">O outro desfile campe\u00e3o, da Beija-Flor<\/p>\n<p><iframe loading=\"lazy\" title=\"Carnaval Completo - Beija Flor 1998\" width=\"525\" height=\"394\" src=\"https:\/\/www.youtube.com\/embed\/E0WE9OSpX4s?feature=oembed\" frameborder=\"0\" allow=\"accelerometer; autoplay; clipboard-write; encrypted-media; gyroscope; picture-in-picture; web-share\" referrerpolicy=\"strict-origin-when-cross-origin\" allowfullscreen><\/iframe><\/p>\n<p style=\"text-align: justify;\">A apresenta\u00e7\u00e3o que reconduziu a Portela ao Desfile das Campe\u00e3s<\/p>\n<p>https:\/\/www.youtube.com\/watch?v=zW5d9AW0x2c<\/p>\n<p style=\"text-align: justify;\">A empolgante exibi\u00e7\u00e3o da Viradouro<\/p>\n<p><iframe loading=\"lazy\" title=\"Desfile Completo Viradouro 1998\" width=\"525\" height=\"394\" src=\"https:\/\/www.youtube.com\/embed\/s5eGmBooDkA?feature=oembed\" frameborder=\"0\" allow=\"accelerometer; autoplay; clipboard-write; encrypted-media; gyroscope; picture-in-picture; web-share\" referrerpolicy=\"strict-origin-when-cross-origin\" allowfullscreen><\/iframe><\/p>\n","protected":false},"excerpt":{"rendered":"<p>Nesta segunda-feira, a s\u00e9rie Samb\u00f3dromo em Trinta Atos, do jornalista esportivo Fred Sabino, chega \u00e0 metade e relembra o Carnaval de 1998, cujo t\u00edtulo foiTour Details<\/p>\n","protected":false},"author":14,"featured_media":21889,"comment_status":"open","ping_status":"open","sticky":false,"template":"","format":"standard","meta":{"footnotes":""},"categories":[353],"tags":[481,63,18,19,66,187],"class_list":["post-21757","post","type-post","status-publish","format-standard","has-post-thumbnail","hentry","category-trinta-atos","tag-481","tag-beija-flor","tag-carnaval","tag-escolas-de-samba","tag-mangueira","tag-viradouro"],"_links":{"self":[{"href":"http:\/\/www.pedromigao.com.br\/ourodetolo\/wp-json\/wp\/v2\/posts\/21757","targetHints":{"allow":["GET"]}}],"collection":[{"href":"http:\/\/www.pedromigao.com.br\/ourodetolo\/wp-json\/wp\/v2\/posts"}],"about":[{"href":"http:\/\/www.pedromigao.com.br\/ourodetolo\/wp-json\/wp\/v2\/types\/post"}],"author":[{"embeddable":true,"href":"http:\/\/www.pedromigao.com.br\/ourodetolo\/wp-json\/wp\/v2\/users\/14"}],"replies":[{"embeddable":true,"href":"http:\/\/www.pedromigao.com.br\/ourodetolo\/wp-json\/wp\/v2\/comments?post=21757"}],"version-history":[{"count":1,"href":"http:\/\/www.pedromigao.com.br\/ourodetolo\/wp-json\/wp\/v2\/posts\/21757\/revisions"}],"predecessor-version":[{"id":21933,"href":"http:\/\/www.pedromigao.com.br\/ourodetolo\/wp-json\/wp\/v2\/posts\/21757\/revisions\/21933"}],"wp:featuredmedia":[{"embeddable":true,"href":"http:\/\/www.pedromigao.com.br\/ourodetolo\/wp-json\/wp\/v2\/media\/21889"}],"wp:attachment":[{"href":"http:\/\/www.pedromigao.com.br\/ourodetolo\/wp-json\/wp\/v2\/media?parent=21757"}],"wp:term":[{"taxonomy":"category","embeddable":true,"href":"http:\/\/www.pedromigao.com.br\/ourodetolo\/wp-json\/wp\/v2\/categories?post=21757"},{"taxonomy":"post_tag","embeddable":true,"href":"http:\/\/www.pedromigao.com.br\/ourodetolo\/wp-json\/wp\/v2\/tags?post=21757"}],"curies":[{"name":"wp","href":"https:\/\/api.w.org\/{rel}","templated":true}]}}