{"id":21573,"date":"2014-01-03T12:12:49","date_gmt":"2014-01-03T14:12:49","guid":{"rendered":"http:\/\/www.pedromigao.com.br\/ourodetolo\/?p=21573"},"modified":"2014-01-03T14:37:34","modified_gmt":"2014-01-03T16:37:34","slug":"resenha-literaria-porta-bandeiras","status":"publish","type":"post","link":"http:\/\/www.pedromigao.com.br\/ourodetolo\/2014\/01\/resenha-literaria-porta-bandeiras\/","title":{"rendered":"Resenha Liter\u00e1ria: &#8220;Porta-Bandeiras&#8221;"},"content":{"rendered":"<p style=\"text-align: justify;\">Depois de longo interregno, nossa se\u00e7\u00e3o dedicada \u00e0s resenhas de livros est\u00e1 de volta. N\u00e3o tenho conseguido resenhar tudo que leio, mas este &#8220;Porta-Bandeiras&#8221;, do jornalista especializado Aydano Andr\u00e9 Motta &#8211; de quem tenho a honra de privar da amizade &#8211; n\u00e3o pode faltar aqui.<\/p>\n<p style=\"text-align: justify;\">Dentro da s\u00e9rie &#8220;Cadernos de Samba&#8221;, que neste 2013 ganhou a sua segunda s\u00e9rie &#8211; englobando tamb\u00e9m livros sobre o Salgueiro e a Mocidade Independente de Padre Miguel, Aydano conta as hist\u00f3rias de 11 porta bandeiras consideradas das melhores do carnaval, al\u00e9m de um pr\u00f3logo contando as origens da fun\u00e7\u00e3o.<\/p>\n<p style=\"text-align: justify;\">Conta Aydano, jornalista especializado em carnaval, que a primeira origem estava no minueto dan\u00e7ado pelos escravos a fim de mimetizar as dan\u00e7as de seus senhores. Os pares evolu\u00edram at\u00e9 se tornarem o baliza e a porta estandarte dos ranchos carnavalescos, que possu\u00edam fun\u00e7\u00e3o muito importante: um dos objetivos era roubar bandeiras alheias e cabia a eles proteger o sagrado s\u00edmbolo.<\/p>\n<p style=\"text-align: justify;\">Al\u00e9m disso, os ent\u00e3o estandartes, depois bandeiras eram levadas aos poderosos da \u00e9poca para serem &#8220;beijadas&#8221;, o que em minha leitura deu origem ao ritual existente at\u00e9 hoje de se &#8220;beijar&#8221; a bandeira em eventos. Nas escolas de samba, originalmente o julgamento era \u00e0 confec\u00e7\u00e3o da bandeira e n\u00e3o \u00e0 dan\u00e7a do casal, que se tornaria quesito apenas em 1958. Em 1980 e 81 n\u00e3o houve julgamento, e em 1990 o quesito, junto com Comiss\u00e3o de Frente, teve peso menor no julgamento.<\/p>\n<p style=\"text-align: justify;\">O autor conta as hist\u00f3rias e as est\u00f3rias de um time de respeito: Dod\u00f4, Mocinha, Neide, Vilma, Maria Helena, Rita, D\u00f3ris, Selminha Sorriso, Lucinha Nobre, Giovanna e Marcella. Fa\u00e7o aqui uma lembran\u00e7a a uma porta bandeira que n\u00e3o faz parte do livro, mas que me deu a honra de, pela primeira vez, beijar a bandeira da minha Portela: Ana Paula.<\/p>\n<p style=\"text-align: justify;\">Em poucas palavras, resumo uma a uma as porta bandeiras enfocadas:<\/p>\n<p style=\"text-align: justify;\"><strong><a href=\"http:\/\/www.pedromigao.com.br\/ourodetolo\/wp-content\/uploads\/2014\/01\/probe.jpg\"><img loading=\"lazy\" decoding=\"async\" class=\"alignleft size-full wp-image-21575\" alt=\"probe\" src=\"http:\/\/www.pedromigao.com.br\/ourodetolo\/wp-content\/uploads\/2014\/01\/probe.jpg\" width=\"255\" height=\"184\" \/><\/a>1 &#8211; Dod\u00f4<\/strong>: considerada como a pioneira, ligada sempre \u00e0 Portela, mostra os tempos hist\u00f3ricos da fun\u00e7\u00e3o. Foi porta bandeira da \u00c1guia de 1935 a 1966, at\u00e9 1957 como primeira na fun\u00e7\u00e3o &#8211; sendo substitu\u00edda por ningu\u00e9m menos que Vilma Nascimento. Depois ocuparia outras fun\u00e7\u00f5es na escola e em 2004 seria madrinha da bateria portelense &#8211; curiosamente, no ano em que desfilei como ritmista (foto ao lado).<\/p>\n<p style=\"text-align: justify;\"><strong>2 &#8211; Mocinha<\/strong>: lenda da Mangueira, desfilou de 1939 at\u00e9 1988, com um interregno na d\u00e9cada de 50 devido ao ci\u00fame do marido. Mas, tendo a grande Neide na mesma escola, foi primeira porta bandeira apenas em 1966 e de 1981 a 1988 &#8211; com uma passagem em 1982 pela Caprichosos de Pilares, ent\u00e3o no segundo grupo. Ainda assim, foi Estandarte de Ouro como segunda &#8211; algo que apenas Lucinha Nobre repetiria.<\/p>\n<p style=\"text-align: justify;\"><strong>3 &#8211; Neide:<\/strong> outra lenda da Mangueira, literalmente morreu pela escola, com apenas 40 anos. Tinha um c\u00e2ncer no \u00fatero e n\u00e3o quis se tratar, escondendo a doen\u00e7a, para n\u00e3o perder o lugar. Pentacampe\u00e3 consecutiva do Estandarte de Ouro, foi porta bandeira da Mangueira de 1954 a 1980, \u00e0 exce\u00e7\u00e3o de 1966 quando n\u00e3o desfilou por diverg\u00eancias com a diretoria. Ao lado de Vilma divide as prefer\u00eancias sobre quem seria a maior porta bandeira da hist\u00f3ria.<\/p>\n<p style=\"text-align: justify;\"><strong>4 &#8211; Vilma:<\/strong> a maior porta bandeira da Portela e, a meu ju\u00edzo, a maior de todas. Foi descoberta por Natal dan\u00e7ando com uma bandeira da Portela em 1952, em uma das casas de show de Carlos Machado. Foi convidada por Natal, mas resistiu at\u00e9 1957, quando finalmente assumiu o pavilh\u00e3o azul e branco e se tornaria &#8220;o Cisne da passarela&#8221;. N\u00e3o desfilou em 1969 por diverg\u00eancias com a diretoria &#8211; Natal estava preso e o ent\u00e3o vice presidente Nilo Figueiredo (esse mesmo, leitor, acredite) n\u00e3o pagara a roupa do ano anterior nas casas de tecidos. Retornou em 1977 e se despediria definitivamente em 1979, defendendo depois o pavilh\u00e3o da Uni\u00e3o da Ilha em 1982 e posteriormente a Tradi\u00e7\u00e3o. Danielle, sua filha ca\u00e7ula, \u00e9 atual porta bandeira da \u00c1guia e leg\u00edtima sucessora da maior de todas.<\/p>\n<p style=\"text-align: justify;\"><a style=\"text-align: justify;\" href=\"http:\/\/www.pedromigao.com.br\/ourodetolo\/wp-content\/uploads\/2013\/05\/20130519_092739.jpg\"><img loading=\"lazy\" decoding=\"async\" class=\"size-large wp-image-17709 alignright\" alt=\"20130519_092739\" src=\"http:\/\/www.pedromigao.com.br\/ourodetolo\/wp-content\/uploads\/2013\/05\/20130519_092739-255x340.jpg\" width=\"255\" height=\"340\" srcset=\"http:\/\/www.pedromigao.com.br\/ourodetolo\/wp-content\/uploads\/2013\/05\/20130519_092739-255x340.jpg 255w, http:\/\/www.pedromigao.com.br\/ourodetolo\/wp-content\/uploads\/2013\/05\/20130519_092739-225x300.jpg 225w\" sizes=\"auto, (max-width: 255px) 100vw, 255px\" \/><\/a>Costumo dizer que s\u00f3 dois portelenses me fizeram chorar: um foi Paulinho da Viola (em 95) e a outra Vilma, em 2009.<\/p>\n<p style=\"text-align: justify;\"><strong>5 &#8211; Maria Helena<\/strong>: porta bandeira sin\u00f4nima de Imperatriz, tem uma hist\u00f3ria de vida que \u00e9 uma li\u00e7\u00e3o. Morou muito tempo na rua, trabalhou como dom\u00e9stica at\u00e9 se aposentar em 2008. Passou pela Unidos da Ponte e pela Uni\u00e3o da Ilha at\u00e9 estrear pela Imperatriz, em 1982. Uma curiosidade \u00e9 que seu filho Chiquinho, seu mestre sala por muitos anos, simplesmente detesta samba e carnaval!<\/p>\n<p style=\"text-align: justify;\"><strong>6 &#8211; Rita<\/strong>: a porta bandeira branca em um meio negro, a pioneira porta bandeira de classe m\u00e9dia em um meio pobre. Era professora de educa\u00e7\u00e3o f\u00edsica at\u00e9 vencer o concurso para ser porta bandeira do Salgueiro em 1983. Al\u00e9m do Salgueiro passou por escolas como a Grande Rio e o Imp\u00e9rio Serrano, onde mais tarde seria diretora.<\/p>\n<p style=\"text-align: justify;\">Rita tamb\u00e9m seria uma precursora da profissionaliza\u00e7\u00e3o das porta bandeiras, ao pedir US$10 mil \u00e0 Grande Rio em 1993 e depois R$50 mil ao Salgueiro em 2006. Guardadas as devidas propor\u00e7\u00f5es, a trajet\u00f3ria de Rita no mundo do carnaval lembra a minha pr\u00f3pria no meio do samba &#8211; e o curioso \u00e9 que eu, crian\u00e7a e pr\u00e9 adolescente, admirava a beleza dela.<\/p>\n<p style=\"text-align: justify;\"><strong>7 &#8211; D\u00f3ris<\/strong>: esposa de \u00c9lcio PV, lend\u00e1rio mestre sala, fez hist\u00f3ria na Beija Flor de Nil\u00f3polis. Cinco carnavais na escola, dois no Salgueiro, um na Grande Rio na estreia da escola no Especial em 1991 &#8211; como veem, desde o in\u00edcio a escola de Caxias tem o h\u00e1bito de comprar e n\u00e3o formar seus segmentos&#8230;<\/p>\n<p style=\"text-align: justify;\"><strong>8 &#8211; Selminha Sorriso:<\/strong> ex-passista, surgiu como porta bandeira no Imp\u00e9rio Serrano, foi campe\u00e3 na Est\u00e1cio, mas se consagrou mesmo na Beija Flor de Nil\u00f3polis, onde at\u00e9 hoje \u00e9 a primeira porta bandeira. Uma curiosidade: ela \u00e9 esposa do vice presidente da Portela, Marcos Falcon.<\/p>\n<p style=\"text-align: justify;\"><a href=\"http:\/\/www.pedromigao.com.br\/ourodetolo\/wp-content\/uploads\/2014\/01\/BAb5XMhCMAEwo6V.jpg\"><img loading=\"lazy\" decoding=\"async\" class=\"aligncenter size-large wp-image-21580\" alt=\"BAb5XMhCMAEwo6V\" src=\"http:\/\/www.pedromigao.com.br\/ourodetolo\/wp-content\/uploads\/2014\/01\/BAb5XMhCMAEwo6V-453x340.jpg\" width=\"453\" height=\"340\" srcset=\"http:\/\/www.pedromigao.com.br\/ourodetolo\/wp-content\/uploads\/2014\/01\/BAb5XMhCMAEwo6V-453x340.jpg 453w, http:\/\/www.pedromigao.com.br\/ourodetolo\/wp-content\/uploads\/2014\/01\/BAb5XMhCMAEwo6V-300x225.jpg 300w, http:\/\/www.pedromigao.com.br\/ourodetolo\/wp-content\/uploads\/2014\/01\/BAb5XMhCMAEwo6V.jpg 1024w\" sizes=\"auto, (max-width: 453px) 100vw, 453px\" \/><\/a><strong>9 &#8211; Lucinha Nobre<\/strong>: a estrela, o pav\u00e3o e a \u00e1guia. Mocidade, Unidos da Tijuca e Portela. Tr\u00eas marcas indel\u00e9veis em sua alma, tr\u00eas marcas do carnaval carioca. Tamb\u00e9m de uma fam\u00edlia de classe m\u00e9dia, enfrentou altos e baixos, mas \u00e9 a outra porta bandeira a ganhar o Estandarte de Ouro na fun\u00e7\u00e3o de segunda, pela Mocidade em 1993.<\/p>\n<p style=\"text-align: justify;\">Lucinha \u00e9 outra v\u00edtima da eterna dificuldade de Nilo Figueiredo em efetuar pagamentos&#8230;<\/p>\n<p><iframe loading=\"lazy\" title=\"Portela_06_01_2010 MS&amp;PB\" width=\"525\" height=\"394\" src=\"https:\/\/www.youtube.com\/embed\/-H72nubfFc4?feature=oembed\" frameborder=\"0\" allow=\"accelerometer; autoplay; clipboard-write; encrypted-media; gyroscope; picture-in-picture; web-share\" referrerpolicy=\"strict-origin-when-cross-origin\" allowfullscreen><\/iframe><\/p>\n<p style=\"text-align: justify;\"><strong>10 &#8211; Giovanna:<\/strong> leg\u00edtima sucessora de Mocinha e Neide, saiu da Mangueira movida pelo profissionalismo. Foi campe\u00e3 na Unidos da Tijuca e agora ir\u00e1 estrear na Vila Isabel para 2014.<\/p>\n<p style=\"text-align: justify;\"><strong>11 &#8211; Marcella Alves<\/strong>: de volta ao Salgueiro para 2014, enfrentou o desafio de ter sido a \u00a0primeira porta bandeira da Mangueira criada fora da escola. Mas para quem aos 9 anos j\u00e1 exercia o of\u00edcio como uma adulta e aos 17 conversava de igual para igual com o lend\u00e1rio Maninho, patrono do Salgueiro, ela tirou de letra.<\/p>\n<p style=\"text-align: justify;\"><a href=\"http:\/\/www.travessa.com.br\/ONZE_MULHERES_INCRIVEIS_DO_CARNAVAL_CARIOCA_HISTORIAS_DE_PORTA_BANDEIRAS\/artigo\/effc2fef-9f2c-4032-a81b-2d5cdca23432\" target=\"_blank\"><span style=\"color: #ff6600;\">Na Livraria da Travessa, custa R$33<\/span><\/a>. Bom texto, leitura r\u00e1pida e que recomendo fortemente. Como pai de duas meninas espero que uma delas siga a tradi\u00e7\u00e3o de Dod\u00f4, Vilma e Lucinha&#8230;<\/p>\n","protected":false},"excerpt":{"rendered":"<p>Depois de longo interregno, nossa se\u00e7\u00e3o dedicada \u00e0s resenhas de livros est\u00e1 de volta. N\u00e3o tenho conseguido resenhar tudo que leio, mas este &#8220;Porta-Bandeiras&#8221;, doTour Details<\/p>\n","protected":false},"author":2,"featured_media":0,"comment_status":"open","ping_status":"open","sticky":false,"template":"","format":"standard","meta":{"footnotes":""},"categories":[289],"tags":[18,73,74],"class_list":["post-21573","post","type-post","status-publish","format-standard","hentry","category-pedro-migao","tag-carnaval","tag-livros","tag-resenha-literaria"],"_links":{"self":[{"href":"http:\/\/www.pedromigao.com.br\/ourodetolo\/wp-json\/wp\/v2\/posts\/21573","targetHints":{"allow":["GET"]}}],"collection":[{"href":"http:\/\/www.pedromigao.com.br\/ourodetolo\/wp-json\/wp\/v2\/posts"}],"about":[{"href":"http:\/\/www.pedromigao.com.br\/ourodetolo\/wp-json\/wp\/v2\/types\/post"}],"author":[{"embeddable":true,"href":"http:\/\/www.pedromigao.com.br\/ourodetolo\/wp-json\/wp\/v2\/users\/2"}],"replies":[{"embeddable":true,"href":"http:\/\/www.pedromigao.com.br\/ourodetolo\/wp-json\/wp\/v2\/comments?post=21573"}],"version-history":[{"count":0,"href":"http:\/\/www.pedromigao.com.br\/ourodetolo\/wp-json\/wp\/v2\/posts\/21573\/revisions"}],"wp:attachment":[{"href":"http:\/\/www.pedromigao.com.br\/ourodetolo\/wp-json\/wp\/v2\/media?parent=21573"}],"wp:term":[{"taxonomy":"category","embeddable":true,"href":"http:\/\/www.pedromigao.com.br\/ourodetolo\/wp-json\/wp\/v2\/categories?post=21573"},{"taxonomy":"post_tag","embeddable":true,"href":"http:\/\/www.pedromigao.com.br\/ourodetolo\/wp-json\/wp\/v2\/tags?post=21573"}],"curies":[{"name":"wp","href":"https:\/\/api.w.org\/{rel}","templated":true}]}}