{"id":21007,"date":"2013-12-30T14:28:54","date_gmt":"2013-12-30T16:28:54","guid":{"rendered":"http:\/\/www.pedromigao.com.br\/ourodetolo\/?p=21007"},"modified":"2015-12-21T19:15:46","modified_gmt":"2015-12-21T21:15:46","slug":"sambodromo-em-30-atos-1996-o-fim-do-reinado-da-imperatriz-e-a-explosao-da-mocidade","status":"publish","type":"post","link":"http:\/\/www.pedromigao.com.br\/ourodetolo\/2013\/12\/sambodromo-em-30-atos-1996-o-fim-do-reinado-da-imperatriz-e-a-explosao-da-mocidade\/","title":{"rendered":"Samb\u00f3dromo em 30 Atos &#8211; &#8220;1996: O fim do reinado da Imperatriz e a explos\u00e3o da Mocidade&#8221;"},"content":{"rendered":"<p style=\"text-align: justify;\">Nesta segunda-feira, a 13\u00aa coluna da s\u00e9rie Samb\u00f3dromo em Trinta Atos, <strong>do jornalista Fred Sabino<\/strong>, relembra o longo e interessante desfile de 1996, marcado pela \u00faltima conquista da Mocidade Independente de Padre Miguel, que impediu o tricampeonato da Imperatriz Leopoldinense, al\u00e9m de um desfile inesquec\u00edvel do Imp\u00e9rio Serrano em homenagem ao soci\u00f3logo Betinho.<\/p>\n<p style=\"text-align: justify;\"><span style=\"text-decoration: underline;\"><em><strong>1996: O fim do reinado da Imperatriz e a explos\u00e3o da Mocidade<\/strong><\/em><\/span><\/p>\n<p style=\"text-align: justify;\">Ainda sob os ecos da pol\u00eamica vit\u00f3ria da Imperatriz Leopoldinense, a escolas iniciaram a prepara\u00e7\u00e3o visando ao desfile de 1996. O que se perguntava na cr\u00edtica especializada e nas rodas de bar era: se em 1995 a Imperatriz levou mesmo com a falta de um carro aleg\u00f3rico na pista, algu\u00e9m conseguiria det\u00ea-la?<\/p>\n<p style=\"text-align: justify;\">Dif\u00edcil imaginar isso, at\u00e9 porque, a despeito da injusta vit\u00f3ria de 1995, nenhuma outra agremia\u00e7\u00e3o mantinha um padr\u00e3o t\u00e3o elevado de qualidade em suas apresenta\u00e7\u00f5es nos cinco anos anteriores. Os enredos eram interessantes, os sambas, bem escolhidos, e os desfiles, bem realizados. Outras escolas tinham bons momentos, mas oscilavam.<\/p>\n<p style=\"text-align: justify;\">Pois bem, nada mais natural ent\u00e3o que a Imperatriz fosse favorit\u00edssima ao tricampeonato. At\u00e9 porque o enredo\u00a0\u201cA Imperatriz Leopoldinense honrosamente apresenta: Leopoldina, a Imperatriz do Brasil\u201d prometia mais uma apresenta\u00e7\u00e3o exuberante. O samba de Dominguinhos do Est\u00e1cio, Jurandir, China e De Marco era o melhor do ano ao lado da obra do Imp\u00e9rio Serrano.<\/p>\n<p style=\"text-align: justify;\">A participa\u00e7\u00e3o de Dominguinhos na eliminat\u00f3ria de sambas da Imperatriz rendeu problemas para o int\u00e9rprete, que foi desligado da Est\u00e1cio de S\u00e1 pelo presidente Acyr Pereira. Dominguinhos sequer gravou no CD (j\u00e1 era CD) o samba do Est\u00e1cio sobre a moderniza\u00e7\u00e3o do Rio e o Teleporto, constru\u00eddo bem onde era a quadra da escola, na Cidade Nova.<\/p>\n<p style=\"text-align: justify;\">Depois do do\u00eddo vice em 1995, a Portela escolheu outro enredo de f\u00e1cil comunica\u00e7\u00e3o com o p\u00fablico: \u201cEssa gente bronzeada mostra seu valor\u201d falaria sobre a M\u00fasica Popular Brasileira. Mas o samba estava longe de ser aquela &#8220;pedrada&#8221; como a do ano anterior.<\/p>\n<p style=\"text-align: justify;\">J\u00e1 a Beija-Flor apostaria num enredo mais denso, sobre o que seria a origem do homem no Brasil. A Mocidade teria uma tem\u00e1tica bem diferente: o enredo &#8220;Criador e Criatura&#8221; contaria a hist\u00f3ria das cria\u00e7\u00f5es divinas e dos grandes artistas e inventores da humanidade dos s\u00e9culos anteriores at\u00e9 os anos contempor\u00e2neos.<\/p>\n<p style=\"text-align: justify;\">O Salgueiro entraria na avenida com um enredo exaltando a cultura italiana no Brasil, enquanto a Mangueira, com novo carnavalesco (Oswaldo Jardim) levaria ao p\u00fablico as lendas e hist\u00f3rias do Maranh\u00e3o. A Vila Isabel tamb\u00e9m falaria sobre a cultura de um estado, o Rio Grande do Sul.<\/p>\n<p style=\"text-align: justify;\">Brasileira tamb\u00e9m desfilaria a Viradouro de Jo\u00e3ozinho Trinta, que exaltaria os aspectos tipicamente nacionais. J\u00e1 o Imp\u00e9rio Serrano tamb\u00e9m teria um enredo nacional, mas cr\u00edtico: &#8220;E ver\u00e1s que um filho teu n\u00e3o foge \u00e0 luta&#8221; homenagearia o soci\u00f3logo Betinho e prometia um severo alerta ao problema da fome no pa\u00eds. O samba era sensacional.<\/p>\n<p style=\"text-align: justify;\">A Grande Rio, por sua vez, contaria como foi a \u00e9poca da coloniza\u00e7\u00e3o brasileira marcada pela influ\u00eancia espanhola. A Unidos da Tijuca tamb\u00e9m escolheu um enredo hist\u00f3rico, sobre Zumbi dos Palmares.<\/p>\n<p style=\"text-align: justify;\">Outras escolas teriam tem\u00e1ticas mais leves: a Uni\u00e3o da Ilha contaria a hist\u00f3ria da galinha d&#8217;Angola, a Caprichosos faria um passeio pelo universo do chocolate, a Tradi\u00e7\u00e3o teria um enredo sobre a cerveja e o tema da Unidos da Ponte era sobre as sombras (guarda-chuvas e guarda-s\u00f3is).<\/p>\n<p style=\"text-align: justify;\">Completavam o Grupo Especial de 1996 a estreante Unidos do Porto da Pedra, com um enredo sobre a hist\u00f3ria da folia de Carnaval em todos os cantos do planeta, e o Imp\u00e9rio da Tijuca, com um tema curioso: como seria a vida do Nordeste se a regi\u00e3o fosse independente do Brasil?<\/p>\n<p style=\"text-align: justify;\"><strong>OS DESFILES<\/strong><\/p>\n<p style=\"text-align: justify;\">O Imperinho abriu os desfiles com uma atra\u00e7\u00e3o nos bastidores: Miguel Falabella, ele mesmo, no auge da popularidade como apresentador do V\u00eddeo Show, era o carnavalesco da escola.<\/p>\n<p style=\"text-align: justify;\">&#8220;O Reino Unido Independente do Nordeste&#8221; at\u00e9 que era um enredo com boas sacadas, mas a quebra de alegorias atrapalhou muito a escola, que n\u00e3o conseguiu empolgar, at\u00e9 porque o samba n\u00e3o era dos mais populares.<\/p>\n<p style=\"text-align: justify;\">Segunda a desfilar, a Grande Rio tamb\u00e9m teve problemas, com a quebra do carro abre-alas e descompassos na evolu\u00e7\u00e3o. Mas o enredo &#8220;Na Era dos Felipes, o Brasil era Espanhol&#8221; foi bem desenvolvido pelo carnavalesco Roberto Szaniecki, com bom conjunto aleg\u00f3rico e de fantasias.<\/p>\n<p style=\"text-align: justify;\">O samba foi um sacode, principalmente no refr\u00e3o <em>&#8220;Imponho, sou Grande Rio, amor\/Dando um banho de cultura, eu vou\/Pro abra\u00e7o da galera, me leva\/Lindo como o p\u00f4r do sol, eu sou&#8221;<\/em>. A bateria de Mestre Maur\u00edcio teve excelente andamento e ganhou o Estandarte de Ouro, e a escola se recuperou do come\u00e7o dif\u00edcil com seu melhor desfile no Grupo Especial desde a volta, em 1993.<\/p>\n<p style=\"text-align: justify;\">A Caprichosos apostou mais uma vez na irrever\u00eancia no seu enredo &#8220;Samba sabor chocolate&#8221;, mas teve uma apresenta\u00e7\u00e3o muito irregular. O excelente quarteto de int\u00e9rpretes formado por Luizito, Carlinhos de Pilares, este de volta \u00e0 escola ap\u00f3s quatro anos, e os jovens Jackson Martins e Z\u00e9 Paulo Sierra at\u00e9 levantou o samba, que n\u00e3o era brilhante mas caiu no gosto do p\u00fablico.<\/p>\n<p style=\"text-align: justify;\">Mas a divis\u00e3o crom\u00e1tica da escola pareceu um pouco pesada, j\u00e1 que o marrom do chocolate realmente tornava dif\u00edcil a tarefa de respeitar o azul e branco da escola, e, embora as alegorias e fantasias estivessem bem acabadas, um tema como chocolate era mesmo estranho para carnavalizar. Para piorar, a evolu\u00e7\u00e3o da escola foi lenta e confusa.<\/p>\n<p style=\"text-align: justify;\">O Salgueiro entrou com for\u00e7a na avenida para defender o enredo &#8220;Anarquistas, sim, mas nem todos&#8221; sobre a imigra\u00e7\u00e3o italiana. E foi com sobras o melhor desfile at\u00e9 ent\u00e3o. O samba era valente e foi defendido com garra por Quinho, e a bateria de Mestre Louro, que tinha at\u00e9 a triatleta Fernanda Keller tocando surdo, era quase certeza de uma chuva de notas 10. As bandeirinhas distribu\u00eddas pela diretoria aos torcedores renderam um belo espet\u00e1culo na arquibancada.<\/p>\n<p style=\"text-align: justify;\">A comiss\u00e3o de frente com pierrots conquistou o p\u00fablico com bel\u00edssimas fantasias brancas e suas evolu\u00e7\u00f5es bastante simp\u00e1ticas. O abre-alas concebido pelo carnavalesco Fabio Borges era lind\u00edssimo e simbolizava um cora\u00e7\u00e3o com o s\u00edmbolo do Salgueiro em homenagem a dois de seus fundadores que eram italianos, Pedro Siciliano (Peru) e Paulinho Santoro (Italianinho). O grande Xang\u00f4 era o destaque do carro, que tinha grande impacto.<\/p>\n<p style=\"text-align: justify;\">As demais alegorias e alas simbolizaram diversos aspectos \u00edtalo-brasileiros como as col\u00f4nias agr\u00edcolas, o crescimento de S\u00e3o Paulo e at\u00e9 a Sociedade Esportiva Palmeiras.<\/p>\n<p style=\"text-align: justify;\">Lamentavelmente o ter\u00e7o final do desfile foi marcado por descompassos na evolu\u00e7\u00e3o. Como sempre, o Salgueiro desfilou com um contingente muito grande e a vaz\u00e3o desse povo todo foi complicada. De qualquer forma, uma excelente apresenta\u00e7\u00e3o da Vermelho e Branco.<\/p>\n<p style=\"text-align: justify;\">A Uni\u00e3o da Ilha foi a escola seguinte a desfilar, com o enredo &#8220;A Viagem da Pintada Encantada&#8221;, do carnavalesco Chico Spinoza, e come\u00e7ou muito bem sua apresenta\u00e7\u00e3o, com uma criativa comiss\u00e3o de frente com caravelas como adere\u00e7os simbolizando a navega\u00e7\u00e3o que ajudou a levar a galinha d&#8217;Angola a outras regi\u00f5es do mundo.<\/p>\n<p style=\"text-align: justify;\">O bom samba foi defendido com corre\u00e7\u00e3o pelo estreante Ito Melodia, mas um problema atravancou a at\u00e9 ent\u00e3o vibrante apresenta\u00e7\u00e3o da escola: uma das alegorias ficou empacada no viaduto pr\u00f3ximo \u00e0 Sapuca\u00ed e a evolu\u00e7\u00e3o foi para o belel\u00e9u. Claro, a escola teve de correr e a dire\u00e7\u00e3o de harmonia decidiu que a bateria n\u00e3o entraria no box. Pena.<\/p>\n<p style=\"text-align: justify;\">Aguardada com ansiedade depois da \u00f3tima apresenta\u00e7\u00e3o do ano anterior, a Portela nem de longe reeditou aqueles momentos inesquec\u00edveis. O enredo at\u00e9 que prometia, mas ficou um gosto de quero mais depois do desfile, principalmente porque o samba n\u00e3o empolgou, mesmo contando com Rixxa no canto e a grande bateria na sustenta\u00e7\u00e3o.<\/p>\n<p style=\"text-align: justify;\">A \u00e1guia foi um pouco mais t\u00edmida do que as anteriores e, embora muito bem acabada, com belos movimentos e jogo de luzes, n\u00e3o causou aquele impacto que dela sempre se espera. As demais alegorias e fantasias tamb\u00e9m estavam com bom acabamento e cores, mas n\u00e3o tinham tanta criatividade como na apresenta\u00e7\u00e3o do Salgueiro.<\/p>\n<p style=\"text-align: justify;\">Para piorar, a evolu\u00e7\u00e3o foi bastante lenta e alegorias empacaram na dispers\u00e3o. Infelizmente, a escola acabou estourando o tempo em dois minutos, o que certamente causaria uma perda importante de pontos. A imagem das baianas correndo como podiam na Pra\u00e7a da Apoteose foi triste.<\/p>\n<p style=\"text-align: justify;\">Houve atraso para a entrada da Unidos do Viradouro na avenida devido aos problemas com as alegorias da Portela. Mesmo com o problema ainda n\u00e3o totalmente resolvido, o desfile come\u00e7ou com uma grande queima de fogos, mas a festa acabou ali.<\/p>\n<p style=\"text-align: justify;\">Surpreendentemente o acabamento e a concep\u00e7\u00e3o das alegorias do enredo de Jo\u00e3ozinho Trinta &#8220;Aquarela do Brasil no ano 2000&#8221; foram um desastre. As fantasias estavam melhores, mas a precariedade do conjunto aleg\u00f3rico pesou negativamente no que foi o pior desfile da Viradouro em sua passagem pelo Grupo Especial &#8211; nem mesmo em 2010, quando caiu, a escola passou t\u00e3o mal.<\/p>\n<p style=\"text-align: justify;\">Al\u00e9m do mais, o samba n\u00e3o era dos melhores e, inexplicavelmente, da metade para o fim do desfile passou a ser cantado uma oitava abaixo do normal, o que contribuiu para desanimar ainda mais a j\u00e1 arrastada harmonia da escola.<\/p>\n<p style=\"text-align: justify;\">No fim, os carros da Viradouro ainda se embolaram com os da Portela na dispers\u00e3o, o que deixou exaltados os diretores da escola de Niter\u00f3i. \u00c9 claro que isso atrapalhou o fim do desfile, mas na verdade toda a apresenta\u00e7\u00e3o havia sido terr\u00edvel. Apenas a bateria de Mestre Jorj\u00e3o, com muita firmeza e \u00f3timas paradinhas, se salvou.<\/p>\n<p style=\"text-align: justify;\"><a href=\"http:\/\/www.pedromigao.com.br\/ourodetolo\/wp-content\/uploads\/2013\/12\/viradouro.jpg\"><img loading=\"lazy\" decoding=\"async\" class=\"size-thumbnail wp-image-21121 alignleft\" src=\"http:\/\/www.pedromigao.com.br\/ourodetolo\/wp-content\/uploads\/2013\/12\/viradouro-150x150.jpg\" alt=\"viradouro\" width=\"150\" height=\"150\" \/><\/a>Se o atraso para a entrada da Viradouro na pista j\u00e1 foi grande, o come\u00e7o da apresenta\u00e7\u00e3o da Mocidade Independente de Padre Miguel demorou ainda mais. Houve uma enorme dificuldade para que as alegorias de Portela e Viradouro fossem retiradas da Pra\u00e7a da Apoteose (foto).<\/p>\n<p style=\"text-align: justify;\">Alegava a diretoria da Viradouro que, como a Portela n\u00e3o conseguia levar os carros da Rua Frei Caneca (nas proximidades da Pra\u00e7a da Apoteose) \u00a0para mais longe,\u00a0n\u00e3o era poss\u00edvel escoar as demais alegorias.<\/p>\n<p style=\"text-align: justify;\"><a href=\"http:\/\/www.pedromigao.com.br\/ourodetolo\/wp-content\/uploads\/2013\/12\/mocidade96e1.jpg\"><img loading=\"lazy\" decoding=\"async\" class=\"size-medium wp-image-21113 alignleft\" src=\"http:\/\/www.pedromigao.com.br\/ourodetolo\/wp-content\/uploads\/2013\/12\/mocidade96e1-300x247.jpg\" alt=\"mocidade96e\" width=\"300\" height=\"247\" srcset=\"http:\/\/www.pedromigao.com.br\/ourodetolo\/wp-content\/uploads\/2013\/12\/mocidade96e1-300x247.jpg 300w, http:\/\/www.pedromigao.com.br\/ourodetolo\/wp-content\/uploads\/2013\/12\/mocidade96e1-411x340.jpg 411w, http:\/\/www.pedromigao.com.br\/ourodetolo\/wp-content\/uploads\/2013\/12\/mocidade96e1.jpg 436w\" sizes=\"auto, (max-width: 300px) 100vw, 300px\" \/><\/a>Para desespero da Mocidade, o dia j\u00e1 estava clareaando e a escola desfilaria sob sol, o que atrapalharia muito o impacto visual dos efeitos especiais das alegorias preparadas por Renato Lage. O int\u00e9rprete Wander Pires teve de se desdobrar ao cantar v\u00e1rios sambas de esquenta (Inclusive Ziriguidum 2001, que teve cinco passadas) para animar os componentes.<\/p>\n<p style=\"text-align: justify;\"><span style=\"text-align: justify;\">Ainda sem que todas as alegorias da Viradouro tivessem sido retiradas, a Mocidade finalmente iniciou o seu desfile, com quase tr\u00eas horas de atraso. E foi, sem sombra de d\u00favidas, a melhor apresenta\u00e7\u00e3o de domingo. Mesmo sem que os efeitos especiais tivessem todo o impacto, as alegorias se mostraram espetaculares, passando com perfei\u00e7\u00e3o a proposta do enredo, que abordava as cria\u00e7\u00f5es do homem e as divinas.<\/span><\/p>\n<p style=\"text-align: justify;\"><a href=\"http:\/\/www.pedromigao.com.br\/ourodetolo\/wp-content\/uploads\/2013\/12\/mocidade96.jpg\"><img loading=\"lazy\" decoding=\"async\" class=\"size-medium wp-image-21064 alignleft\" src=\"http:\/\/www.pedromigao.com.br\/ourodetolo\/wp-content\/uploads\/2013\/12\/mocidade96-300x191.jpg\" alt=\"mocidade96\" width=\"300\" height=\"191\" srcset=\"http:\/\/www.pedromigao.com.br\/ourodetolo\/wp-content\/uploads\/2013\/12\/mocidade96-300x191.jpg 300w, http:\/\/www.pedromigao.com.br\/ourodetolo\/wp-content\/uploads\/2013\/12\/mocidade96-532x340.jpg 532w, http:\/\/www.pedromigao.com.br\/ourodetolo\/wp-content\/uploads\/2013\/12\/mocidade96.jpg 720w\" sizes=\"auto, (max-width: 300px) 100vw, 300px\" \/><\/a>A comiss\u00e3o de frente simbolizava &#8220;o criador e suas criaturas&#8221;, e estava extraordin\u00e1ria, com seus componentes fantasiados de Frankenstein e o ator Cesar Macedo fantasiado com seu pr\u00f3prio personagem na Escolinha do Professor Raimundo, o professor Eug\u00eanio.<\/p>\n<p style=\"text-align: justify;\">O abre-alas se chamava &#8220;&#8230;E se fez o mundo&#8221;, com um globo metade met\u00e1lico, metade com terra e mar, estava exuberante e ainda soltava fuma\u00e7a. Em seguida, come\u00e7ou uma viagem brilhante pelas origens da cria\u00e7\u00e3o do mundo, com destaque para a alegoria &#8220;Elementos da Natureza&#8221;, que tinham plantas e animais.<\/p>\n<p style=\"text-align: justify;\"><a href=\"http:\/\/www.pedromigao.com.br\/ourodetolo\/wp-content\/uploads\/2013\/12\/mocidade96h.jpg\"><img loading=\"lazy\" decoding=\"async\" class=\" wp-image-21071 alignleft\" src=\"http:\/\/www.pedromigao.com.br\/ourodetolo\/wp-content\/uploads\/2013\/12\/mocidade96h-219x300.jpg\" alt=\"mocidade96h\" width=\"300\" height=\"420\" \/><\/a>Mas nada chamou mais a aten\u00e7\u00e3o do que a alegoria de Ad\u00e3o e Eva, com o ator Beto Simas e a modelo Luiza Ambiel, que estava no auge da popularidade pelo sucesso na Banheira do Gugu. Outro carro muito bonito era o que simbolizava a cria\u00e7\u00e3o dos beb\u00eas de laborat\u00f3rio.<\/p>\n<p style=\"text-align: justify;\">As fantasias, multicoloridas de acordo com cada est\u00e1gio do enredo, renderam bel\u00edssismo efeito e estavam \u00e0 altura das alegorias.\u00a0A fantasia de Robocop dos componentes da bateria tamb\u00e9m era supercriativa. Fernando Pamplona resumiu: <em>&#8220;A Mocidade foi perfeita e Renato Lage mostrou seu estilo personal\u00edssimo&#8221;<\/em>.<\/p>\n<p style=\"text-align: justify;\">A bateria de Mestre Co\u00e9 esteve cadenciada e conquistou o p\u00fablico com suas paradinhas.\u00a0Com uma evolu\u00e7\u00e3o vibrante e sem descompassos, a Mocidade chegou \u00e0 Apoteose credenciada a brigar pelo campeonato. O trecho do refr\u00e3o principal que dizia <em>&#8220;A bomba que explode nesse Carnaval\/\u00c9 a Mocidade levantando o seu astral&#8221;<\/em> foi cumprido \u00e0 risca.<\/p>\n<p style=\"text-align: justify;\">Encerrou o desfile de domingo, j\u00e1 na segunda de manh\u00e3, a Unidos da Ponte, numa ant\u00edtese do que foi a Mocidade. Samba arrastado, alegorias pequenas e enredo sem atrativos.<\/p>\n<p style=\"text-align: justify;\">O p\u00fablico, que j\u00e1 resistia bravamente ao sol e ao atraso at\u00e9 o desfile da Mocidade, n\u00e3o aguentou e deixou o samb\u00f3dromo \u00e0s moscas. Salvaram-se apenas a empolga\u00e7\u00e3o dos componentes e bateria, porque at\u00e9 mesmo a evolu\u00e7\u00e3o, apesar do n\u00famero menor de desfilantes, foi cheia de buracos.<\/p>\n<p style=\"text-align: justify;\">Por outro lado, a segunda-feira come\u00e7ou com uma agradabil\u00edssima surpresa vinda de S\u00e3o Gon\u00e7alo. No seu primeiro desfile no Grupo Especial, a Unidos do Porto da Pedra brilhou com o enredo &#8220;Um carnaval dos carnavais&#8221;, que mostrava como era a folia por todo o planeta.<\/p>\n<p style=\"text-align: justify;\">O carnavalesco Mauro Quintaes caprichou na concep\u00e7\u00e3o pl\u00e1stica da escola, que agradou do come\u00e7o ao fim com suas alas e alegorias multicoloridas e o belo acabamento de todo o conjunto.<\/p>\n<p style=\"text-align: justify;\">O samba contava bem o enredo e tinha boa melodia, e o cantor Wantuir, que fazia sua estreia como primeiro int\u00e9rprete de uma escola do Grupo Especial, mostrou a categoria que marcaria sua carreira dali em diante.<\/p>\n<p style=\"text-align: justify;\"><a href=\"http:\/\/www.pedromigao.com.br\/ourodetolo\/wp-content\/uploads\/2013\/12\/betinho.jpg\"><img loading=\"lazy\" decoding=\"async\" class=\"alignnone wp-image-21075\" src=\"http:\/\/www.pedromigao.com.br\/ourodetolo\/wp-content\/uploads\/2013\/12\/betinho-550x315.jpg\" alt=\"betinho\" width=\"590\" height=\"335\" \/><\/a><\/p>\n<p style=\"text-align: justify;\">Passada a boa apresenta\u00e7\u00e3o da Porto da Pedra, o Imp\u00e9rio Serrano entrou na pista para se recuperar dos maus desfiles dos dois anos anteriores. E obteve total \u00eaxito, mesmo envolto em dificuldades financeiras. Foi um desfile emocionante e inesquec\u00edvel &#8211; <span style=\"color: #ff9900;\"><a href=\"http:\/\/www.pedromigao.com.br\/ourodetolo\/2010\/10\/samba-de-terca-veras-que-um-filho-teu-nao-foge-a-luta\/\" target=\"_blank\"><span style=\"color: #ff9900;\"><span style=\"text-decoration: underline;\"><span style=\"color: #ff6600; text-decoration: underline;\">o Mig\u00e3o j\u00e1 escreveu sobre isso no blog<\/span><\/span>.<\/span><\/a><\/span><\/p>\n<p style=\"text-align: justify;\">O enredo sobre o programa &#8220;A\u00e7\u00e3o Contra a Fome&#8221;, na verdade uma grande homenagem ao\u00a0soci\u00f3logo Herbert de Souza, o Betinho,\u00a0rendeu um samba antol\u00f3gico de Arlindo Cruz,\u00a0Alu\u00edsio Machado, Lula, Beto Pernada e \u00cdndio do Imp\u00e9rio.<\/p>\n<p style=\"text-align: justify;\">E o j\u00e1 conhecido cantor Jorginho do Imp\u00e9rio, filho do grande Mano D\u00e9cio da Viola, defendeu de gra\u00e7a um samba na avenida pela primeira vez para ajudar a escola do cora\u00e7\u00e3o.<\/p>\n<p style=\"text-align: justify;\">A escola entrou com uma garra impressionante. Cantou e contou muito bem o enredo, apesar da limita\u00e7\u00e3o est\u00e9tica pela situa\u00e7\u00e3o financeira cr\u00edtica, e\u00a0clamou por um tratamento melhor aos mais pobres. A bateria, como de costume, esteve maravilhosamente cadenciada e o samba rendeu de forma espetacular.<\/p>\n<p style=\"text-align: justify;\">Mas a maior emo\u00e7\u00e3o ocorreu mesmo quando Betinho desfilou no \u00faltimo carro (foto acima), n\u00e3o \u00e0 toa chamado &#8220;Um ser de luz&#8221;. Um ano e meio antes de morrer de Aids (devido a uma contamina\u00e7\u00e3o por transfus\u00e3o de sangue, necess\u00e1ria pela sua hemofilia), o soci\u00f3logo levou muita gente \u00e0s l\u00e1grimas.<\/p>\n<p style=\"text-align: justify;\">Se n\u00e3o dava para brigar com o poderio das escolas mais bem estruturadas da \u00e9poca, como Imperatriz, Mocidade, Salgueiro e Beija-Flor, o Menino de 47 mostrou que estava vivo. O samba agradeceu com uma rever\u00eancia.<\/p>\n<p style=\"text-align: justify;\">Terceira escola a desfilar, o Est\u00e1cio de S\u00e1 ficou devendo no enredo\u00a0\u201cDe um novo mundo eu sou, uma nova cidade serei\u201d. O samba at\u00e9 que era agrad\u00e1vel, na bela interpreta\u00e7\u00e3o de David do Pandeiro (que substituiu Dominguinhos), e a bateria de Mestre Ci\u00e7a esteve firme.<\/p>\n<p style=\"text-align: justify;\">Mas o conjunto aleg\u00f3rico pecou em criatividade e acabamento, e o enredo acabou se tornando um tanto confuso para p\u00fablico e cr\u00edtica. O desfile n\u00e3o teve graves problemas, mas foi arrastado.<\/p>\n<p style=\"text-align: justify;\">J\u00e1 a Unidos da Tijuca teve um desfile ca\u00f3tico. O enredo sobre Zumbi dos Palmares, cuja morte completava 300 anos, teve um excelente samba puxado por Paulinho Mocidade.<\/p>\n<p style=\"text-align: justify;\">Mas um inc\u00eandio (rapidamente controlado) no carro abre-alas foi o pren\u00fancio do que viria a seguir, com alegorias quebradas, evolu\u00e7\u00e3o embolada e confusa e correria das \u00faltimas alas. Mais uma escola que ficou devendo.<\/p>\n<p style=\"text-align: justify;\">A Unidos de Vila Isabel foi outra agremia\u00e7\u00e3o que n\u00e3o reeditou seus grandes momentos. O enredo sobre o Rio Grande do Sul era chamado de &#8220;A her\u00f3ica cavalgada de um povo&#8221;, mas de her\u00f3ico o desfile n\u00e3o teve nada. Isso porque o samba, embora tivesse boa letra e melodia, n\u00e3o tinha a pegada caracter\u00edsticas da hist\u00f3rica galeria de obras da Vila.<\/p>\n<p style=\"text-align: justify;\">Como resultado, a escola passou sem cantar com a garra costumeira. Alegorias e fantasias at\u00e9 que estavam corretas, embora n\u00e3o fossem de grande impacto. Foi o t\u00edpico desfile de meio de tabela.<\/p>\n<p style=\"text-align: justify;\">A sexta escola a desfilar na segunda-feira foi a bicampe\u00e3 Imperatriz Leopoldinense, que, num enredo bem \u00e0 sua fei\u00e7\u00e3o, fez uma exibi\u00e7\u00e3o absolutamente arrebatadora e impec\u00e1vel ao contar a hist\u00f3ria\u00a0\u00a0da imperatriz do Brasil, Dona Leopoldina, que foi casada com Dom Pedro I.<\/p>\n<p style=\"text-align: justify;\"><a href=\"http:\/\/www.pedromigao.com.br\/ourodetolo\/wp-content\/uploads\/2013\/12\/dominguinhospretojoiaelymar.jpg\"><img loading=\"lazy\" decoding=\"async\" class=\"size-medium wp-image-21108 alignleft\" src=\"http:\/\/www.pedromigao.com.br\/ourodetolo\/wp-content\/uploads\/2013\/12\/dominguinhospretojoiaelymar-300x209.jpg\" alt=\"dominguinhospretojoiaelymar\" width=\"300\" height=\"209\" srcset=\"http:\/\/www.pedromigao.com.br\/ourodetolo\/wp-content\/uploads\/2013\/12\/dominguinhospretojoiaelymar-300x209.jpg 300w, http:\/\/www.pedromigao.com.br\/ourodetolo\/wp-content\/uploads\/2013\/12\/dominguinhospretojoiaelymar-486x340.jpg 486w, http:\/\/www.pedromigao.com.br\/ourodetolo\/wp-content\/uploads\/2013\/12\/dominguinhospretojoiaelymar.jpg 600w\" sizes=\"auto, (max-width: 300px) 100vw, 300px\" \/><\/a>Como j\u00e1 escrevi, o samba era excepcional e Preto J\u00f3ia teve a ilustre companhia de Dominguinhos do Est\u00e1cio no carro de som. O lindo esquenta com o samba de quadra &#8220;Rainha de Ramos&#8221; tamb\u00e9m contou com o gresilense Elymar Santos ao lado dos dois int\u00e9rpretes (foto). Belo come\u00e7o para um desfile igualmente belo.<\/p>\n<p style=\"text-align: justify;\"><a href=\"http:\/\/www.pedromigao.com.br\/ourodetolo\/wp-content\/uploads\/2013\/12\/imperatriz-1996.jpg\"><img loading=\"lazy\" decoding=\"async\" class=\"size-medium wp-image-21110 alignleft\" src=\"http:\/\/www.pedromigao.com.br\/ourodetolo\/wp-content\/uploads\/2013\/12\/imperatriz-1996-300x231.jpg\" alt=\"imperatriz 1996\" width=\"300\" height=\"231\" srcset=\"http:\/\/www.pedromigao.com.br\/ourodetolo\/wp-content\/uploads\/2013\/12\/imperatriz-1996-300x231.jpg 300w, http:\/\/www.pedromigao.com.br\/ourodetolo\/wp-content\/uploads\/2013\/12\/imperatriz-1996.jpg 317w\" sizes=\"auto, (max-width: 300px) 100vw, 300px\" \/><\/a>A agremia\u00e7\u00e3o teve ajuda financeira do governo da \u00c1ustria, j\u00e1 que, como dizia o samba, <em>&#8220;E foi da \u00c1ustria, a escolhida\/Carolina Josefa Leopoldina&#8221;<\/em>. A comiss\u00e3o de frente (foto) foi um dos destaques, com os componentes munidos de violinos, como se estivessem no casamento de Leopoldina com D.Pedro.<\/p>\n<p style=\"text-align: justify;\">Mas o conjunto de alegorias e fantasias concebido por \u00a0Rosa Magalh\u00e3es\u00a0foi ainda mais deslumbrante. O carro abre-alas, por exemplo, mesclava o bom gosto nas esculturas de p\u00e1ssaros \u00a0t\u00edpicos do Brasil com efeitos de luzes. J\u00e1 a alegoria &#8220;Passeio de Tren\u00f3&#8221; simulava uma tempestade de neve t\u00edpica da \u00c1ustria, com excelente efeito.<\/p>\n<p style=\"text-align: justify;\"><a href=\"http:\/\/www.pedromigao.com.br\/ourodetolo\/wp-content\/uploads\/2013\/12\/imperatriz961.jpg\"><img loading=\"lazy\" decoding=\"async\" class=\" wp-image-21106 alignleft\" src=\"http:\/\/www.pedromigao.com.br\/ourodetolo\/wp-content\/uploads\/2013\/12\/imperatriz961-307x340.jpg\" alt=\"imperatriz96\" width=\"300\" height=\"331\" srcset=\"http:\/\/www.pedromigao.com.br\/ourodetolo\/wp-content\/uploads\/2013\/12\/imperatriz961-307x340.jpg 307w, http:\/\/www.pedromigao.com.br\/ourodetolo\/wp-content\/uploads\/2013\/12\/imperatriz961.jpg 560w\" sizes=\"auto, (max-width: 300px) 100vw, 300px\" \/><\/a>Um dos destaques que representaram D.Pedro I foi o cantor Sidney Magal, na alegoria que retratava o noivado com Leopoldina (foto). Outro D.Pedro saiu no \u00faltimo carro, que representava o monumento \u00e0 Independ\u00eancia na Pra\u00e7a Tiradentes. Todos os carros com concep\u00e7\u00e3o, acabamento e mensagem absolutamente impec\u00e1veis.<\/p>\n<p style=\"text-align: justify;\">Com tanto luxo e requinte, a Imperatriz apenas deu uma pequena vacilada em evolu\u00e7\u00e3o, j\u00e1 que as fantasias, apesar de maravilhosas e pertinentes ao enredo, de fato eram grandes. Mesmo assim, os componentes cantaram o tempo todo o samba e a escola terminou sua apresenta\u00e7\u00e3o como candidat\u00edssima a mais um t\u00edtulo.<\/p>\n<p style=\"text-align: justify;\">Pro meu gosto, a Imperatriz fez seu melhor desfile na d\u00e9cada, superior at\u00e9 mesmo \u00e0s apresenta\u00e7\u00f5es do bicampeonato, pois teve o que se espera de uma escola em qualidade: enredo, samba, bateria, quesitos pl\u00e1sticos&#8230; Pode n\u00e3o ter sido a apresenta\u00e7\u00e3o mais contagiante de todos os tempos, mas que foi exemplar, isso foi.<\/p>\n<p style=\"text-align: justify;\">Outra bela apresenta\u00e7\u00e3o da noite foi feita pela Beija-Flor. O enredo de Milton Cunha procurava na Serra da Capivara, no estado do Piau\u00ed, a explica\u00e7\u00e3o para o elo perdido e a evolu\u00e7\u00e3o do homem.<\/p>\n<p style=\"text-align: justify;\">E, embora tenha havido uma certa apela\u00e7\u00e3o no momento em que se colocaram \u00f3rg\u00e3os sexuais enormes nas chamadas pinturas rupestres, o enredo foi muito bem desenvolvido, com fantasias e alegorias adequadas.<\/p>\n<p style=\"text-align: justify;\">O samba era forte e a comunidade nilopolitana, como de costume, teve excelente harmonia, mantendo o pique do come\u00e7o ao fim do desfile. Sem d\u00favida a Beija-Flor brigaria pelas primeiras posi\u00e7\u00f5es, mas, a meu ver, com um conjunto pior do que apresentaram Imperatriz, Mocidade, Salgueiro e Imp\u00e9rio Serrano.<\/p>\n<p style=\"text-align: justify;\">A pen\u00faltima escola a desfilar foi a Tradi\u00e7\u00e3o, que levou ao p\u00fablico uma cerveja daquelas que n\u00e3o descem direito. Plasticamente a escola n\u00e3o teve criatividade e o samba, que era chato, de fato confirmou seu arrastamento no desfile. Ao contr\u00e1rio de anos anteriores, os componentes n\u00e3o passaram animados e a escola corria risco de cair.<\/p>\n<p style=\"text-align: justify;\"><a href=\"http:\/\/www.pedromigao.com.br\/ourodetolo\/wp-content\/uploads\/2013\/12\/mangueira96.jpg\"><img loading=\"lazy\" decoding=\"async\" class=\"size-medium wp-image-21063 alignleft\" src=\"http:\/\/www.pedromigao.com.br\/ourodetolo\/wp-content\/uploads\/2013\/12\/mangueira96-300x190.jpg\" alt=\"mangueira96\" width=\"300\" height=\"190\" srcset=\"http:\/\/www.pedromigao.com.br\/ourodetolo\/wp-content\/uploads\/2013\/12\/mangueira96-300x190.jpg 300w, http:\/\/www.pedromigao.com.br\/ourodetolo\/wp-content\/uploads\/2013\/12\/mangueira96-534x340.jpg 534w, http:\/\/www.pedromigao.com.br\/ourodetolo\/wp-content\/uploads\/2013\/12\/mangueira96.jpg 786w\" sizes=\"auto, (max-width: 300px) 100vw, 300px\" \/><\/a>J\u00e1 a Esta\u00e7\u00e3o Primeira de Mangueira encerrou muito bem os desfiles de 1996. Depois de anos de problemas, a Verde e Rosa tinha novo presidente (Elmo Jos\u00e9 dos Santos, o Rato do Tamborim) e o slogan da escola era &#8220;Muda, Mangueira!&#8221; E, com dia claro, a Velha Manga mostrou realmente que estava mudando.<\/p>\n<p style=\"text-align: justify;\">O enredo &#8220;Os tambores da Mangueira na Terra da Encantaria&#8221;, do carnavalesco Oswaldo Jardim, falava sobre o Maranh\u00e3o e o conjunto pl\u00e1stico da escola foi criativo e bem acabado como h\u00e1 tempos n\u00e3o se via. Lan\u00e7ando m\u00e3o de uma de suas mais marcantes caracter\u00edsticas, o carnavalesco usou materiais mais baratos e leves, como a espuma, e conseguiu \u00f3timo efeito como nas alegorias &#8220;Brincando de ser \u00edndio&#8221; (com um enorme sapo), &#8220;Cors\u00e1rios do Velho Mundo&#8221; e &#8220;Ana Jansen&#8221;.<\/p>\n<p style=\"text-align: justify;\">Mas a Mangueira n\u00e3o deixou de lado sua grande for\u00e7a: a garra e emo\u00e7\u00e3o. Para come\u00e7ar, o abre-alas levava baluartes como os saudosos Carlos Cacha\u00e7a, Delegado, Mocinha, Dona Zica e Dona Neuma. Simplesmente emocionante. E o samba, que ningu\u00e9m dava tanta bola antes do desfile, rendeu muito bem, com a escola cantando do come\u00e7o ao fim com o inigual\u00e1vel Jamel\u00e3o, que acabaria agraciado de novo com o Estandarte de Ouro.<\/p>\n<p style=\"text-align: justify;\">A bateria como sempre esteve firme e o conjunto da Esta\u00e7\u00e3o Primeira foi corret\u00edssimo, com uma acertada divis\u00e3o crom\u00e1tica de fantasias e alegorias, que, se n\u00e3o estavam no n\u00edvel de uma Mocidade ou uma Imperatriz, contavam muito bem o enredo. J\u00e1 com sol forte, a Mangueira terminou o desfile dando a impress\u00e3o de que voltaria no s\u00e1bado das campe\u00e3s.<\/p>\n<p style=\"text-align: justify;\"><strong>REPERCUSS\u00c3O E APURA\u00c7\u00c3O<\/strong><\/p>\n<p style=\"text-align: justify;\">Terminado o desfile, o consenso era de que Imperatriz e Mocidade brigariam palmo a palmo pelo campeonato. Era a t\u00e9cnica e requinte de Rosa Magalh\u00e3es contra a criatividade e tecnologia de Renato Lage. Salgueiro, Beija-Flor, Imp\u00e9rio Serrano e Mangueira tamb\u00e9m realizaram alguns dos melhores desfiles do ano, mas corriam por fora.<\/p>\n<p style=\"text-align: justify;\">Na apura\u00e7\u00e3o, Imperatriz, Mocidade, Beija-Flor e Mangueira largaram na frente como se esperava, mas a escola de Nil\u00f3polis e a Esta\u00e7\u00e3o Primeira ficaram para tr\u00e1s depois do quesito Conjunto, deixando a lideran\u00e7a dividida entre as duas Verde e Branco.<\/p>\n<p style=\"text-align: justify;\">No quesito Evolu\u00e7\u00e3o, a Imperatriz levou um 8,5 que acabou descartado, mas um 9,5 fez a escola sair da lideran\u00e7a e Mocidade ficou isolada na frente. No fim, a escola de Padre Miguel at\u00e9 teve menos notas 10 no geral do que a Imperatriz, mas em nenhum quesito teve menos do que quatro 10, o que garantiu a vit\u00f3ria gra\u00e7as aos descartes da pior nota.<\/p>\n<p style=\"text-align: justify;\">Refor\u00e7ando: sem desmerecer a Mocidade, que fez um desfile brilhante, mas pro meu gosto a Imperatriz realizou a melhor apresenta\u00e7\u00e3o do ano no conjunto da obra e, se a apura\u00e7\u00e3o de 1996 fosse por &#8220;pontos corridos&#8221;, a Rainha de Ramos teria sido tricampe\u00e3. Mas o &#8220;se&#8221; n\u00e3o joga e nem ganha Carnaval.<\/p>\n<p style=\"text-align: justify;\">Afinal, em 1995 a Imperatriz foi bicampe\u00e3 com uma alegoria a menos e com outra escola, no caso a Portela, tendo feito uma apresenta\u00e7\u00e3o melhor. Castigo merecido? Castigo planejado? N\u00e3o sei, mas que a Imperatriz me pareceu a melhor de 1996 nos dez quesitos, disso n\u00e3o tenho d\u00favidas.<\/p>\n<p style=\"text-align: justify;\">Completaram as seis primeiras posi\u00e7\u00f5es a Beija-Flor em terceiro, Mangueira em quarto, Salgueiro em quinto e o Imp\u00e9rio Serrano brilhantemente em sexto lugar. Ca\u00edram quatro agremia\u00e7\u00f5es: Caprichosos, Tradi\u00e7\u00e3o, Imp\u00e9rio da Tijuca e Unidos da Ponte.<\/p>\n<p style=\"text-align: justify;\">No Acesso, subiram para o Grupo Especial\u00a0a Acad\u00eamicos de Santa Cruz, seis anos depois do \u00faltimo rebaixamento, e a Acad\u00eamicos da Rocinha, que \u00a0pela primeira vez conseguiu uma vaga na elite.<\/p>\n<p style=\"text-align: justify;\">No Desfile das Campe\u00e3s, a Mocidade p\u00f4de desfilar \u00e0 noite como pretendia e conseguiu mostrar todos os efeitos especiais planejados para a apresenta\u00e7\u00e3o oficial. E foi tudo espetacular. Os integrantes da comiss\u00e3o de frente tiraram as m\u00e1scaras e saudaram a todos. A bateria do saudoso Mestre Co\u00e9 esteve ainda mais cadenciada, valorizando ainda mais o samba.<\/p>\n<p style=\"text-align: justify;\"><strong>RESULTADO FINAL<\/strong><\/p>\n<table style=\"width: 590px; height: 300px;\">\n<tbody>\n<tr>\n<td>POS.<\/td>\n<td>ESCOLA<\/td>\n<td>PONTOS<\/td>\n<\/tr>\n<tr>\n<td>1\u00ba<\/td>\n<td>Mocidade Independente de Padre Miguel<\/td>\n<td>300<\/td>\n<\/tr>\n<tr>\n<td>2\u00ba<\/td>\n<td>Imperatriz Leopoldinense<\/td>\n<td>299,5<\/td>\n<\/tr>\n<tr>\n<td>3\u00ba<\/td>\n<td>Beija-Flor de Nil\u00f3polis<\/td>\n<td>299<\/td>\n<\/tr>\n<tr>\n<td>4\u00ba<\/td>\n<td>Esta\u00e7\u00e3o Primeira de Mangueira<\/td>\n<td>297,5<\/td>\n<\/tr>\n<tr>\n<td>5\u00ba<\/td>\n<td>Acad\u00eamicos do Salgueiro<\/td>\n<td>297,5<\/td>\n<\/tr>\n<tr>\n<td>6\u00ba<\/td>\n<td>Imp\u00e9rio Serrano<\/td>\n<td>294<\/td>\n<\/tr>\n<tr>\n<td>7\u00ba<\/td>\n<td>Unidos de Vila Isabel<\/td>\n<td>292<\/td>\n<\/tr>\n<tr>\n<td>8\u00ba<\/td>\n<td>Portela<\/td>\n<td>291,5<\/td>\n<\/tr>\n<tr>\n<td>9\u00ba<\/td>\n<td>Unidos do Porto da Pedra<\/td>\n<td>289,5<\/td>\n<\/tr>\n<tr>\n<td>10\u00ba<\/td>\n<td>Est\u00e1cio de S\u00e1<\/td>\n<td>287,5<\/td>\n<\/tr>\n<tr>\n<td>11\u00ba<\/td>\n<td>Acad\u00eamicos do Grande Rio<\/td>\n<td>286,5<\/td>\n<\/tr>\n<tr>\n<td>12\u00ba<\/td>\n<td>Uni\u00e3o da Ilha do Governador<\/td>\n<td>286<\/td>\n<\/tr>\n<tr>\n<td>13\u00ba<\/td>\n<td>Unidos do Viradouro<\/td>\n<td>284,5<\/td>\n<\/tr>\n<tr>\n<td>14\u00ba<\/td>\n<td>Unidos da Tijuca<\/td>\n<td>283<\/td>\n<\/tr>\n<tr>\n<td>15\u00ba<\/td>\n<td>Caprichosos de Pilares<\/td>\n<td>283 (rebaixada)<\/td>\n<\/tr>\n<tr>\n<td>16\u00ba<\/td>\n<td>Tradi\u00e7\u00e3o<\/td>\n<td>275 (rebaixada)<\/td>\n<\/tr>\n<tr>\n<td>17\u00ba<\/td>\n<td>Imp\u00e9rio da Tijuca<\/td>\n<td>254 (rebaixada)<\/td>\n<\/tr>\n<tr>\n<td>18\u00ba<\/td>\n<td>Unidos da Ponte<\/td>\n<td>251 (rebaixada)<\/td>\n<\/tr>\n<\/tbody>\n<\/table>\n<p style=\"text-align: justify;\">\n<p style=\"text-align: justify;\"><strong>CURIOSIDADES<\/strong><\/p>\n<p style=\"text-align: justify;\">&#8211; O Carnaval de 1996 teve uma imagem impressionantemente triste: devido ao temporal que arrasou a cidade naquele m\u00eas de fevereiro, a Mocidade Unida de Jacarepagu\u00e1 foi extremamente prejudicada e <span style=\"text-decoration: underline; color: #ff6600;\"><a href=\"https:\/\/www.google.com.br\/url?sa=t&amp;rct=j&amp;q=&amp;esrc=s&amp;source=web&amp;cd=1&amp;cad=rja&amp;ved=0CCwQtwIwAA&amp;url=http%3A%2F%2Fwww.youtube.com%2Fwatch%3Fv%3DN6lwzhSP5Jg&amp;ei=w1C8UufiCoitsASuv4DQBA&amp;usg=AFQjCNF_42vvcjjQR5C-I47bzPc1SzT9Ww&amp;sig2=6_-jlSx9t8tYJ7Y7GgqbMw&amp;bvm=bv.58187178,d.cWc\" target=\"_blank\"><span style=\"color: #ff6600; text-decoration: underline;\">desfilou apenas com poucos componentes e um surdo simbolizando a dor pela perda de pessoas e de alegorias e fantasias<\/span><\/a><\/span>.<\/p>\n<p style=\"text-align: justify;\">&#8211; Outra escola prejudicada foi a Unidos de Villa Rica, que simplesmente n\u00e3o desfilou em 1996, sendo rebaixada para o terceiro grupo.<\/p>\n<p style=\"text-align: justify;\">&#8211; Durante o desfile da Uni\u00e3o da Ilha, <span style=\"text-decoration: underline; color: #ff6600;\"><a href=\"http:\/\/www.youtube.com\/watch?v=cN3PASwXYqo\" target=\"_blank\"><span style=\"color: #ff6600; text-decoration: underline;\">o narrador Paulo Stein fez uma emocionante homenagem ao fundador da TV Manchete, Adolpho Bloch, morto meses antes<\/span><\/a><\/span>.<\/p>\n<p style=\"text-align: justify;\">&#8211; Foi o \u00faltimo t\u00edtulo da Mocidade Independente de Padre Miguel, que consequentemente est\u00e1 num jejum de 19 anos sem ganhar o Carnaval. Entre as escolas j\u00e1 campe\u00e3s na elite e que ainda est\u00e3o ativas, os jejuns s\u00e3o os seguintes:\u00a0Vizinha Faladeira (78 anos), Imp\u00e9rio Serrano (33), Portela (31), Est\u00e1cio de S\u00e1 (23), Viradouro (18), Imperatriz (14), Mangueira (13),\u00a0Salgueiro (6) e Unidos da Tijuca (1).<\/p>\n<p style=\"text-align: justify;\">&#8211; O 13\u00ba lugar com a Unidos do Viradouro em 1996 foi o pior resultado de Joa\u00e3ozinho Trinta como carnavalesco de uma escola de samba no Grupo Especial.<\/p>\n<p style=\"text-align: justify;\">&#8211; Com o rebaixamento, o Imp\u00e9rio da Tijuca amargou 17 carnavais consecutivos nos grupos de Acesso. A escola s\u00f3 voltaria \u00e0 elite em 2014.<\/p>\n<p style=\"text-align: justify;\">&#8211; A excelente apresenta\u00e7\u00e3o na estreia no Grupo Especial rendeu \u00e0 Unidos do Porto da Pedra uma rara premia\u00e7\u00e3o: o Estandarte de Ouro de revela\u00e7\u00e3o do Carnaval-96. Rara porque em apenas numa outra ocasi\u00e3o, uma agremia\u00e7\u00e3o foi eleita a revela\u00e7\u00e3o: a Caprichosos de Pilares, em 1983.<\/p>\n<p style=\"text-align: justify;\">&#8211; Falando em Caprichosos, foi o primeiro rebaixamento da escola desde a chegada \u00e0 elite em 1983. A escola voltaria ao Grupo Especial em 1998 e ficaria at\u00e9 2006, quando seria definitivamente rebaixada. Hoje a agremia\u00e7\u00e3o est\u00e1 no Grupo A, a segunda divis\u00e3o dos desfiles.<\/p>\n<p style=\"text-align: justify;\">&#8211; O refr\u00e3o principal do samba do Est\u00e1cio acabaria sendo adaptado para a propaganda do Telecurso 2000, da TV Globo. O original <em>&#8220;O teleporto est\u00e1 no ar\/\u00c9 nessa que eu vou me ligar\/Na era da modernidade\/Uma nova cidade ser\u00e1&#8221;<\/em> virou\u00a0<em>&#8220;O telecurso est\u00e1 no ar\/\u00c9 nessa que eu vou me ligar\/Na era da modernidade\/\u00c9 assim que eu vou estudar&#8221;<\/em>.<\/p>\n<p style=\"text-align: justify;\"><strong>CANTINHO DO EDITOR &#8211; por Pedro Mig\u00e3o<\/strong><\/p>\n<p style=\"text-align: justify;\">Confesso que discordo do Fred e acho muito justa a vit\u00f3ria da Mocidade Independente, a que assisti do antigo Setor 4 (hoje, 10). O desfile da Imperatriz foi um dos mais frios a que assisti na minha vida &#8211; a escola passou gelada.<\/p>\n<p style=\"text-align: justify;\">A Portela sofreu com a quebra de um carro exatamente \u00e0 frente de onde estava, o que acabou acarretando no estouro do tempo. Reza a lenda que o (fraco) samba se sagrou vencedor no concurso pelo fato da parceria ter pago contas de luz e \u00e1gua atrasadas da escola.<\/p>\n<p style=\"text-align: justify;\">Por falar em disputa de samba a da Vila Isabel deste ano \u00e9 conhecida entre torcedores e simpatizantes como &#8220;A Heroica Marmelada de um Povo&#8221;, em t\u00edtulo auto-explicativo. Muita gente diz que o resultado foi determinado pela &#8220;rapaziada&#8221;, preterindo o belo samba do compositor Andr\u00e9 Diniz.<\/p>\n<p style=\"text-align: justify;\">Conta o amigo Aydano Andr\u00e9 Motta em seu rec\u00e9m lan\u00e7ado livro sobre porta bandeiras que Rita, do Imp\u00e9rio Serrano, teve uma \u00e1spera discuss\u00e3o com a ent\u00e3o vice presidente Neide Coimbra porque seu resplendor estava inadequado e ela queria tirar. Ela tirou, o mestre sala Claudinho (filho de Neide) n\u00e3o, e este despencou em frente ao primeiro jurado&#8230;<\/p>\n<p style=\"text-align: justify;\">A carteirinha que ganhei do carnavalesco Ernesto do Nascimento para frequentar os ensaios do Imp\u00e9rio Serrano foi minha primeira liga\u00e7\u00e3o formal com uma escola de samba. Tamb\u00e9m foi a primeira vez em que acompanhei de perto a prepara\u00e7\u00e3o de um desfile &#8211; muita gente na escola acha at\u00e9 hoje que sou filho do falecido carnavalesco.<\/p>\n<p style=\"text-align: justify;\">\u00c9 com felicidade que hoje vejo o sensacional samba do Imp\u00e9rio claramente datado. O Brasil superou quase que totalmente a fome.<\/p>\n<p style=\"text-align: justify;\">Apesar dos in\u00fameros problemas enfrentados, deve-se ressaltar a brilhante performance da bateria e do puxador Paulinho Mocidade no desfile da Tijuca. Ali\u00e1s, Zumbi \u00e9 considerado um tema &#8220;azarado&#8221; nos desfiles.<\/p>\n<p style=\"text-align: justify;\">A Est\u00e1cio de S\u00e1, que j\u00e1 sofria com problemas financeiros, teve na perda de sua quadra um golpe definitivo.<\/p>\n<p style=\"text-align: justify;\">Onde eu estava se cantava assim o refr\u00e3o do Imp\u00e9rio da Tijuca: <em>&#8220;Eu acordei \/ foi ilus\u00e3o \/ Voltei direto pra Segunda Divis\u00e3o&#8230;&#8221;<\/em><\/p>\n<p style=\"text-align: justify;\">Me causou espanto o abre alas da Mangueira todo em neon \u00e0s oito da manh\u00e3&#8230; Mas sem d\u00favida foi um belo desfile da escola.<\/p>\n<p style=\"text-align: justify;\">O Arranco venceu o Grupo de Acesso B, que se disputou na sexta feira de carnaval, com a Acad\u00eamicos do Dend\u00ea e seu interessante enredo sobre o &#8220;ponha-se para fora&#8221; de D. Jo\u00e3o VI na segunda posi\u00e7\u00e3o e tamb\u00e9m promovida.<\/p>\n<p style=\"text-align: justify;\"><strong>Links<\/strong><\/p>\n<p style=\"text-align: justify;\">O desfile campe\u00e3o da Mocidade Independente em 1996<br \/>\nhttp:\/\/www.youtube.com\/watch?v=kFTSocuQ6sE<\/p>\n<p style=\"text-align: justify;\">A grande exibi\u00e7\u00e3o da Imperatriz Leopoldinense<br \/>\nhttp:\/\/www.youtube.com\/watch?v=lnJnViIV1Xw<\/p>\n<p style=\"text-align: justify;\">A apresenta\u00e7\u00e3o que marcou a ressurei\u00e7\u00e3o da Mangueira<br \/>\nhttp:\/\/www.youtube.com\/watch?v=AlqPRnhVENo<\/p>\n<p style=\"text-align: justify;\">O emocionante e inesquec\u00edvel desfile do Imp\u00e9rio Serrano<br \/>\nhttp:\/\/www.youtube.com\/watch?v=i9dILZnOldg<\/p>\n<p style=\"text-align: justify;\"><strong>Fotos: O Globo, Extra e reprodu\u00e7\u00e3o de internet<\/strong><\/p>\n","protected":false},"excerpt":{"rendered":"<p>Nesta segunda-feira, a 13\u00aa coluna da s\u00e9rie Samb\u00f3dromo em Trinta Atos, do jornalista Fred Sabino, relembra o longo e interessante desfile de 1996, marcado pelaTour Details<\/p>\n","protected":false},"author":14,"featured_media":21067,"comment_status":"open","ping_status":"open","sticky":false,"template":"","format":"standard","meta":{"footnotes":""},"categories":[353],"tags":[448,18,19,67,143,69],"class_list":["post-21007","post","type-post","status-publish","format-standard","has-post-thumbnail","hentry","category-trinta-atos","tag-448","tag-carnaval","tag-escolas-de-samba","tag-imperatriz-leopoldinense","tag-imperio-serrano","tag-mocidade-independente"],"_links":{"self":[{"href":"http:\/\/www.pedromigao.com.br\/ourodetolo\/wp-json\/wp\/v2\/posts\/21007","targetHints":{"allow":["GET"]}}],"collection":[{"href":"http:\/\/www.pedromigao.com.br\/ourodetolo\/wp-json\/wp\/v2\/posts"}],"about":[{"href":"http:\/\/www.pedromigao.com.br\/ourodetolo\/wp-json\/wp\/v2\/types\/post"}],"author":[{"embeddable":true,"href":"http:\/\/www.pedromigao.com.br\/ourodetolo\/wp-json\/wp\/v2\/users\/14"}],"replies":[{"embeddable":true,"href":"http:\/\/www.pedromigao.com.br\/ourodetolo\/wp-json\/wp\/v2\/comments?post=21007"}],"version-history":[{"count":0,"href":"http:\/\/www.pedromigao.com.br\/ourodetolo\/wp-json\/wp\/v2\/posts\/21007\/revisions"}],"wp:featuredmedia":[{"embeddable":true,"href":"http:\/\/www.pedromigao.com.br\/ourodetolo\/wp-json\/wp\/v2\/media\/21067"}],"wp:attachment":[{"href":"http:\/\/www.pedromigao.com.br\/ourodetolo\/wp-json\/wp\/v2\/media?parent=21007"}],"wp:term":[{"taxonomy":"category","embeddable":true,"href":"http:\/\/www.pedromigao.com.br\/ourodetolo\/wp-json\/wp\/v2\/categories?post=21007"},{"taxonomy":"post_tag","embeddable":true,"href":"http:\/\/www.pedromigao.com.br\/ourodetolo\/wp-json\/wp\/v2\/tags?post=21007"}],"curies":[{"name":"wp","href":"https:\/\/api.w.org\/{rel}","templated":true}]}}