{"id":19256,"date":"2013-10-11T12:15:04","date_gmt":"2013-10-11T15:15:04","guid":{"rendered":"http:\/\/www.pedromigao.com.br\/ourodetolo\/?p=19256"},"modified":"2013-10-11T09:49:38","modified_gmt":"2013-10-11T12:49:38","slug":"bissexta-o-bloco-negro","status":"publish","type":"post","link":"http:\/\/www.pedromigao.com.br\/ourodetolo\/2013\/10\/bissexta-o-bloco-negro\/","title":{"rendered":"Bissexta: &#8220;O Bloco Negro&#8221;"},"content":{"rendered":"<p style=\"text-align: justify;\">A coluna do <strong>advogado Walter Monteiro<\/strong> traz uma outra perspectiva sobre o movimento &#8220;black bloc&#8221; e as recentes depreda\u00e7\u00f5es ocorridas no Rio de Janeiro.<\/p>\n<p style=\"text-align: justify;\"><span style=\"text-decoration: underline;\"><em><strong>O Bloco Negro<\/strong><\/em><\/span><\/p>\n<p style=\"text-align: justify;\">O Brasil j\u00e1 conhece o Lobo Mau do ano, aquele que apavora as criancinhas, come a vovozinha e bota abaixo a casa dos 3 porquinhos: \u00e9 o Black Bloc, aquela gente mascarada vestida de preto, que toca o terror nas manifesta\u00e7\u00f5es de rua.<\/p>\n<p style=\"text-align: justify;\">A grande vantagem dessa Bissexta \u00e9 que n\u00e3o estou aqui para ser simp\u00e1tico a ningu\u00e9m e menos ainda para engrossar o coro do senso comum e das percep\u00e7\u00f5es generalizadas. Por isso mesmo me dou o direito de dizer coisas surpreendentes. Dentre elas, revelar minha simpatia pelos Black Blocs.<\/p>\n<p style=\"text-align: justify;\">Black Bloc n\u00e3o \u00e9 um grupo, uma organiza\u00e7\u00e3o ou uma ideologia: \u00e9 uma t\u00e1tica de mobiliza\u00e7\u00e3o, o radicalismo em estado bruto. Em tempos que as diferen\u00e7as entre esquerda e direita haviam sido reduzidas no Brasil \u00e0 querelas envolvendo o Mensal\u00e3o e disputas por fatias do poder, a molecada botou o bloco negro na rua para lembrar que o sesquicenten\u00e1rio embate \u00e9 movido a um enfrentamento muito mais s\u00e9rio.<\/p>\n<p style=\"text-align: justify;\">Jovens esquerdistas sempre foram incendi\u00e1rios, n\u00e3o h\u00e1 nada de novo nisso. Montoneros, Tupamaros, Sandinistas. Ah, mas lutavam contra ditaduras&#8230;.certo, mas e a Brigate Rosse, que mandou Aldo Moro, ex-Primeiro Ministro italiano, para o lado de l\u00e1? E o Baader Meinhof, que teve at\u00e9 m\u00fasica do Legi\u00e3o Urbana em sua homenagem, lembrando que a viol\u00eancia \u00e9 t\u00e3o fascinante, mesmo que as vidas sejam t\u00e3o normais?<\/p>\n<p style=\"text-align: justify;\">N\u00e3o estou aqui defendendo atentados terroristas, sequestros de pol\u00edticos ou coisas ainda mais s\u00e9rias, entendam bem. Estou apenas lembrando que a viol\u00eancia, em maior ou menor grau, sempre esteve presente na vanguarda dos socialistas.<\/p>\n<p style=\"text-align: justify;\">E toda a esquerda brasileira, inclusive os ultramoderados (que \u00e9 o meu caso, afinal n\u00e3o pega bem um senhor de meia idade como eu achar correto quebrar vidra\u00e7a de ag\u00eancia banc\u00e1ria), deve ao Black Bloc o resgate das ruas.<\/p>\n<p style=\"text-align: justify;\">Faz pouco tempo, mas ainda assim a gente n\u00e3o entendeu por inteiro o que aconteceu em junho. O MPL \u2013 Movimento Passe Livre, resolveu se insurgir contra o aumento de R$ 0,20 na passagem de \u00f4nibus em S\u00e3o Paulo. A pol\u00edcia reagiu muito mal \u00e0s primeiras manifesta\u00e7\u00f5es e andou dando uns cascudos at\u00e9 em alguns jornalistas em servi\u00e7o.<\/p>\n<p style=\"text-align: justify;\">Como n\u00e3o se bate em jornalista impunemente, rapidamente os meios de comunica\u00e7\u00e3o mudaram o tom e passaram a ser simp\u00e1ticos \u00e0 causa. E, de repente, j\u00e1 n\u00e3o era mais por vinte centavos. Estava todo mundo na rua, gritando, protestando, reclamando. Para piorar, come\u00e7ava a Copa das Confedera\u00e7\u00f5es. O Brasil viveu uma catarse coletiva.<\/p>\n<p style=\"text-align: justify;\">Mas a cada dia, as manifesta\u00e7\u00f5es de rua assumiam um corte mais conservador. De repente, parecia que era o \u201cBasta!\u201d que estava dando as cartas. Narcisa Tamborindeguy foi para a rua, entusiasmada, bradar que o povo, unido, n\u00e3o precisa de partido. O MPL tirou o time de campo. A burguesia se agitou. A esquerda se assustou.<\/p>\n<p style=\"text-align: justify;\">E quando tudo parecia perdido, o radicalismo Black Bloc apavorou quem n\u00e3o entendia do riscado e achava que passeata era uma esp\u00e9cie de micareta sem abad\u00e1. Meia d\u00fazia de coquet\u00e9is molotov mandaram a playboyzada de volta para a rave e deixaram as ruas para os agitadores de sempre.<\/p>\n<p style=\"text-align: justify;\">\u00c9 correta essa t\u00e1tica? A meu ver, de jeito nenhum. \u00c9 uma op\u00e7\u00e3o por estreitar a luta, afastando setores refrat\u00e1rios \u00e0s a\u00e7\u00f5es mais diretas.<\/p>\n<p style=\"text-align: justify;\">Mas o movimento dos professores cariocas, com o Black Bloc na linha de frente, talvez sugira que eles vieram para ficar. E v\u00e3o acirrar ainda mais as contradi\u00e7\u00f5es, um caminho muito pouco usual entre os brasileiros, sempre adeptos da concilia\u00e7\u00e3o e da acomoda\u00e7\u00e3o.<\/p>\n<p style=\"text-align: justify;\">Eu sei l\u00e1 o que nos espera&#8230;s\u00f3 sei que eu sinto uma certa simpatia de ver a energia pulsante dessa mo\u00e7ada que nada teme e que luta com raiva. Eu sei, isso n\u00e3o \u00e9 bonito, n\u00e3o combina comigo, nem com ningu\u00e9m que tenha mais de 30 anos&#8230;n\u00e3o quero explicar. S\u00f3 quero dizer que se a causa \u00e9 nobre, toda forma de luta vale a pena.<\/p>\n<p style=\"text-align: justify;\">E para provar que nada \u00e9 t\u00e3o novo assim, me despe\u00e7o bem clich\u00ea, com um poeminha dos anos 80:<\/p>\n<p style=\"text-align: justify;\"><em>&#8220;N\u00e3o sei se tudo vai arder,\u2028 como algum l\u00edquido inflam\u00e1vel. <\/em><br \/>\n<em>O \u2028que mais pode acontecer \u2028num pa\u00eds pobre e miser\u00e1vel?\u2028<\/em><br \/>\n<em>E ainda pode se encontrar\u2028 quem acredite no futuro&#8230;<\/em><br \/>\n<em>Quem quer manter a ordem?\u2028 Quem quer criar desordem?&#8221;<\/em><\/p>\n<p style=\"text-align: justify;\">Ousar lutar, ousar vencer.<\/p>\n","protected":false},"excerpt":{"rendered":"<p>A coluna do advogado Walter Monteiro traz uma outra perspectiva sobre o movimento &#8220;black bloc&#8221; e as recentes depreda\u00e7\u00f5es ocorridas no Rio de Janeiro. OTour Details<\/p>\n","protected":false},"author":10,"featured_media":0,"comment_status":"open","ping_status":"open","sticky":false,"template":"","format":"standard","meta":{"footnotes":""},"categories":[38],"tags":[24,27],"class_list":["post-19256","post","type-post","status-publish","format-standard","hentry","category-bissexta","tag-politica","tag-sociedade"],"_links":{"self":[{"href":"http:\/\/www.pedromigao.com.br\/ourodetolo\/wp-json\/wp\/v2\/posts\/19256","targetHints":{"allow":["GET"]}}],"collection":[{"href":"http:\/\/www.pedromigao.com.br\/ourodetolo\/wp-json\/wp\/v2\/posts"}],"about":[{"href":"http:\/\/www.pedromigao.com.br\/ourodetolo\/wp-json\/wp\/v2\/types\/post"}],"author":[{"embeddable":true,"href":"http:\/\/www.pedromigao.com.br\/ourodetolo\/wp-json\/wp\/v2\/users\/10"}],"replies":[{"embeddable":true,"href":"http:\/\/www.pedromigao.com.br\/ourodetolo\/wp-json\/wp\/v2\/comments?post=19256"}],"version-history":[{"count":0,"href":"http:\/\/www.pedromigao.com.br\/ourodetolo\/wp-json\/wp\/v2\/posts\/19256\/revisions"}],"wp:attachment":[{"href":"http:\/\/www.pedromigao.com.br\/ourodetolo\/wp-json\/wp\/v2\/media?parent=19256"}],"wp:term":[{"taxonomy":"category","embeddable":true,"href":"http:\/\/www.pedromigao.com.br\/ourodetolo\/wp-json\/wp\/v2\/categories?post=19256"},{"taxonomy":"post_tag","embeddable":true,"href":"http:\/\/www.pedromigao.com.br\/ourodetolo\/wp-json\/wp\/v2\/tags?post=19256"}],"curies":[{"name":"wp","href":"https:\/\/api.w.org\/{rel}","templated":true}]}}