{"id":19054,"date":"2013-10-01T14:51:33","date_gmt":"2013-10-01T17:51:33","guid":{"rendered":"http:\/\/www.pedromigao.com.br\/ourodetolo\/?p=19054"},"modified":"2013-10-01T14:31:38","modified_gmt":"2013-10-01T17:31:38","slug":"made-in-usa-disputa-da-portela-semana-5%e2%80%b3","status":"publish","type":"post","link":"http:\/\/www.pedromigao.com.br\/ourodetolo\/2013\/10\/made-in-usa-disputa-da-portela-semana-5%e2%80%b3\/","title":{"rendered":"Made in USA: \u201cDisputa da Portela, Semana 5\u2033"},"content":{"rendered":"<p style=\"text-align: justify;\">Hoje o <strong>colunista Rafael Rafic<\/strong> traz mais uma parcial da disputa de sambas da Portela para o carnaval 2014.<\/p>\n<p style=\"text-align: justify;\"><span style=\"text-decoration: underline;\"><em><strong>Disputa da Portela, Semana 5<\/strong><\/em><\/span><\/p>\n<p style=\"text-align: justify;\">Chegamos \u00e0s \u00faltimas semanas para a defini\u00e7\u00e3o do samba da Portela de 2014. Essa semana j\u00e1 tivemos a fase que chamo de &#8220;oitavas-de-final&#8221; e um aumento do n\u00famero de passadas por samba. De quatro nas fases anteriores passou-se a seis: duas sem bateria e quatro com.<\/p>\n<p style=\"text-align: justify;\">Pode parecer pouco, mas apenas isso j\u00e1 desmascara um samba que \u00e9 s\u00f3 &#8220;de arranque&#8221; e cansa com o tempo de outro samba que pode sustentar a escola 82 minutos na avenida. Foi o primeiro teste de resist\u00eancia aplicado aos concorrentes.<\/p>\n<p style=\"text-align: justify;\">Mais uma vez a noite foi aberta com um bom grupo de pagode. Para o come\u00e7o dos trabalhos do palco oficial, foram 3 passadas do Hino da Portela e sete do samba de 2013 para a apresenta\u00e7\u00e3o do casal de mestre-sala e porta-bandeira. Ap\u00f3s isso come\u00e7amos as apresenta\u00e7\u00f5es dos sambas concorrentes, que mais uma vez n\u00e3o tiveram uma noite inspirada.<\/p>\n<p style=\"text-align: justify;\">A primeira parceria foi a de Gerson PM e Glorioso. Eles dispensaram Nino do Mil\u00eanio de vez e contrataram Ciganerey em seu lugar. A diferen\u00e7a de qualidade \u00e9 absurda e isso foi demonstrado nas duas boas passagens sem bateria que Ciganerey comandou. O problema \u00e9 que o samba \u00e9 cansativo demais. Se arrastou solenemente por quatro passadas intermin\u00e1veis. Na minha opini\u00e3o, este samba j\u00e1 deveria ter ca\u00eddo h\u00e1 tr\u00eas semanas atras.<\/p>\n<p style=\"text-align: justify;\">Logo depois veio Davi Correa. Mais uma vez Davi trouxe torcida numerosa, mas pecou no mesmo ponto da semana passada: o refr\u00e3o principal, muito bom, explodia e o refr\u00e3o do meio ainda segurava, mas as duas estrofres entre eles tinham uma queda vertiginosa: ningu\u00e9m cantava. Como ponto positivo, o samba passou com louvor no teste de resist\u00eancia.<\/p>\n<p style=\"text-align: justify;\">A terceira parceria foi a de Noca da Portela. Sem Gilsinho no palco, o samba, que j\u00e1 n\u00e3o empolgava, n\u00e3o causou nenhuma rea\u00e7\u00e3o da quadra al\u00e9m da numerosa e muda torcida de sempre da parceria. Samba n\u00e3o aguentou as 6 passadas e cansou no final, especialmente a primeira estrofe.<\/p>\n<p style=\"text-align: justify;\">O seguinte foi o da parceria de Celso Lopes. A torcida voltou ao seu tamanho normal, por\u00e9m foi mais uma apresenta\u00e7\u00e3o sem empolga\u00e7\u00e3o, apesar de Wander Pires. Se o samba j\u00e1 era chato em 4 passadas, em 6 passadas ficou insuport\u00e1vel.<\/p>\n<p style=\"text-align: justify;\">Depois veio Waldir 59. Aqui tenho que reconhecer um erro de avalia\u00e7\u00e3o meu. Semana passada eu apontei que este samba vinha crescendo e poderia ser o terceiro finalista da disputa, mas devo admitir que ele ficou clamorosamente reprovado na audi\u00e7\u00e3o de seis passadas. Depois da terceira passada o samba come\u00e7ou a cansar e eu agradeci muito quando terminou: o samba ficou insuportavelmente chato.<\/p>\n<p style=\"text-align: justify;\">Ent\u00e3o veio a parceria de Luis Carlos M\u00e1ximo e Toninho Nascimento. Sem a presen\u00e7a dos Guerreiros da \u00c1guia, que segundo informa\u00e7\u00f5es estavam na final do Imp\u00e9rio da Tijuca, a torcida foi bastante diminuta em rela\u00e7\u00e3o \u00e0s outras apresenta\u00e7\u00f5es. A parceria tamb\u00e9m n\u00e3o pode contar com Tinga no palco, pelo mesmo motivo.<\/p>\n<p style=\"text-align: justify;\">N\u00e3o bastassem as condi\u00e7\u00f5es acima, Rogerinho cometeu um equ\u00edvoco a meu ver: deixou as duas passadas sem bateria quase em sua totalidade s\u00f3 no &#8216;gog\u00f3&#8217; da torcida. Por mais que a torcida cantasse muito o samba (eu incluso nela), ela j\u00e1 vinha de 5 minutos de cantoria \u00e0 capella (do samba inteiro, frise-se) quando o palco ainda passava o som e faltou densidade no canto.<\/p>\n<p style=\"text-align: justify;\">Quando eu j\u00e1 come\u00e7ava a temer por um desastre, eis que o inesperado ocorreu. A bateria entrou endiabrada no samba, tocando forte, &#8220;caindo dentro&#8221; e com v\u00e1rios componentes cantando o samba a plenos pulm\u00f5es. Resultado: a bateria trouxe de volta a apresenta\u00e7\u00e3o aos eixos e a partir da\u00ed o samba veio numa crescente at\u00e9 o final, salvando ainda uma boa apresenta\u00e7\u00e3o. Samba passou com louvores no teste de resist\u00eancia e mostrou que aguentaria f\u00e1cil mais muitas passadas.<\/p>\n<p style=\"text-align: justify;\">Me deu a impress\u00e3o que este \u00e9 o samba que a maior parte da bateria escolheu como seu preferido.<\/p>\n<p style=\"text-align: justify;\">A parceria seguinte, de Jorge do Batuke, fez uma apresenta\u00e7\u00e3o feij\u00e3o com arroz, dentro das limita\u00e7\u00f5es do samba, que mereceu chegar at\u00e9 aqui mas dava mostras de ter chegado no limite.<\/p>\n<p style=\"text-align: justify;\">Para finalizar a noite, Fernando Bom Cabelo e Karlinhos Madureira tamb\u00e9m fizeram o de sempre. Muita torcida e pouco canto. O samba cansou um pouco no final, mas nada muito forte. Por\u00e9m a receptividade da quadra tamb\u00e9m foi pequena.<\/p>\n<p style=\"text-align: justify;\">Diferentemente das outras semanas, me absterei de apontar a melhor apresenta\u00e7\u00e3o da noite porque desta vez n\u00e3o achei que nenhuma tenha se destacado a ponto de ser apontada claramente como a melhor; todas tiveram defeitos vistosos, umas por mais tempo outras por menos.<\/p>\n<p style=\"text-align: justify;\">Ao fim, os cortes da noite foram as parcerias de Jorge do Batuke, Waldir 59 e Fernando Bom Cabelo\/Karlinhos Madureira. J\u00e1 estamos em um ponto que n\u00e3o d\u00e1 mais para falar em cortes justos ou injustos (apenas M\u00e1ximo e Davi est\u00e3o acima disso), por\u00e9m a \u00fanica parceria que em minha opini\u00e3o claramente n\u00e3o tem um samba para aguentar a atual fase da disputa \u00e9 a parceria de Glorioso e esta n\u00e3o caiu.<\/p>\n<p style=\"text-align: justify;\">Dos cinco sambas restantes, n\u00e3o consigo ver como, ao menos em qualidade de samba, as parcerias de Celso Lopes e Glorioso fa\u00e7am parte da final.<\/p>\n<p style=\"text-align: justify;\">Assim, arrisco que a final ser\u00e1 entre os sambas de M\u00e1ximo, Davi e Noca. Ou seja, o atual tri-campe\u00e3o da escola (tetra no total) enfrentaria os dois recordistas de vit\u00f3rias na Portela, com sete sambas Davi Correa e seis Noca, em uma final de significado hist\u00f3rico gigantesco para a escola.<\/p>\n<p style=\"text-align: justify;\">Finalizando, um fato inusitado. Ap\u00f3s o an\u00fancio dos classificados, como j\u00e1 \u00e9 tradi\u00e7\u00e3o, a torcida do samba de Glorioso contou o refr\u00e3o de seu samba em comemora\u00e7\u00e3o. Por\u00e9m, logo ap\u00f3s cantar uma vez o samba, logo depois eles come\u00e7aram a entoar o j\u00e1 famoso &#8220;Vou de mar a mar, mareia&#8221; do samba de M\u00e1ximo e Toninho. Vai entender&#8230;<\/p>\n<p style=\"text-align: justify;\"><em>Fatos r\u00e1pidos;<\/em><\/p>\n<p style=\"text-align: justify;\">&#8211; Patricia Nery fez sua primeira visita \u00e0 quadra ap\u00f3s sua recondu\u00e7\u00e3o ao posto de Rainha de Bateria e sambou a frente da bateria.<\/p>\n<p style=\"text-align: justify;\">&#8211; A Portela recebeu tamb\u00e9m a visita do Rei Momo.<\/p>\n<p style=\"text-align: justify;\">&#8211; Palco oficial complet\u00edssimo: Wantuir, Rogerinho, Rixxa, Cremilson e Klebinho;<\/p>\n<p style=\"text-align: justify;\">&#8211; Playlist do encerramento com o palco oficial: E o Povo na Rua Cantando &#8230; \u00c9 feito uma Reza um Ritual (Portela 2012), Tributo a Vaidade (Portela 91), Das Maravilhas do Mar, Fez-se o Esplendor de uma Noite (Portela 81), Gosto que me Enrosco (Portela 95), Ser de Luz (e mais uma vez a quadra deu uma pequena desanimada com essa m\u00fasica) e Portela na Avenida;<\/p>\n<p style=\"text-align: justify;\">&#8211; Quartas-de-final confimada para a pr\u00f3xima 6\u00aa feira, dia 4\/10. Praticamente teremos uma emenda da eliminat\u00f3ria com a feijoada da familia portelense do dia seguinte.<\/p>\n<p style=\"text-align: justify;\">&#8211; Serginho e Falcon mais uma vez presentes \u00e0 quadra;<\/p>\n<p style=\"text-align: justify;\"><em>(Foto: Facebook Portela)<\/em><\/p>\n","protected":false},"excerpt":{"rendered":"<p>Hoje o colunista Rafael Rafic traz mais uma parcial da disputa de sambas da Portela para o carnaval 2014. Disputa da Portela, Semana 5 ChegamosTour Details<\/p>\n","protected":false},"author":9,"featured_media":0,"comment_status":"open","ping_status":"open","sticky":false,"template":"","format":"standard","meta":{"footnotes":""},"categories":[47],"tags":[18,341,19,49],"class_list":["post-19054","post","type-post","status-publish","format-standard","hentry","category-made-in-usa","tag-carnaval","tag-carnaval-2014","tag-escolas-de-samba","tag-portela"],"_links":{"self":[{"href":"http:\/\/www.pedromigao.com.br\/ourodetolo\/wp-json\/wp\/v2\/posts\/19054","targetHints":{"allow":["GET"]}}],"collection":[{"href":"http:\/\/www.pedromigao.com.br\/ourodetolo\/wp-json\/wp\/v2\/posts"}],"about":[{"href":"http:\/\/www.pedromigao.com.br\/ourodetolo\/wp-json\/wp\/v2\/types\/post"}],"author":[{"embeddable":true,"href":"http:\/\/www.pedromigao.com.br\/ourodetolo\/wp-json\/wp\/v2\/users\/9"}],"replies":[{"embeddable":true,"href":"http:\/\/www.pedromigao.com.br\/ourodetolo\/wp-json\/wp\/v2\/comments?post=19054"}],"version-history":[{"count":0,"href":"http:\/\/www.pedromigao.com.br\/ourodetolo\/wp-json\/wp\/v2\/posts\/19054\/revisions"}],"wp:attachment":[{"href":"http:\/\/www.pedromigao.com.br\/ourodetolo\/wp-json\/wp\/v2\/media?parent=19054"}],"wp:term":[{"taxonomy":"category","embeddable":true,"href":"http:\/\/www.pedromigao.com.br\/ourodetolo\/wp-json\/wp\/v2\/categories?post=19054"},{"taxonomy":"post_tag","embeddable":true,"href":"http:\/\/www.pedromigao.com.br\/ourodetolo\/wp-json\/wp\/v2\/tags?post=19054"}],"curies":[{"name":"wp","href":"https:\/\/api.w.org\/{rel}","templated":true}]}}