{"id":18981,"date":"2013-09-24T16:33:36","date_gmt":"2013-09-24T19:33:36","guid":{"rendered":"http:\/\/www.pedromigao.com.br\/ourodetolo\/?p=18981"},"modified":"2013-09-26T13:31:05","modified_gmt":"2013-09-26T16:31:05","slug":"aglutinando-ideias-o-rato-da-garrafa-e-a-genialidade-inutil-do-brasileiro","status":"publish","type":"post","link":"http:\/\/www.pedromigao.com.br\/ourodetolo\/2013\/09\/aglutinando-ideias-o-rato-da-garrafa-e-a-genialidade-inutil-do-brasileiro\/","title":{"rendered":"Aglutinando Ideias: &#8220;O rato da garrafa e a genialidade (in\u00fatil?) do brasileiro&#8221;"},"content":{"rendered":"<p style=\"text-align: justify;\">Temos a<strong> estreia de uma nova coluna no Ouro de Tolo. \u00c9 a &#8220;Aglutinando Ideias&#8221;, do especialista no Terceiro Setor e Ministro religioso Marcos Mattiuzzo<\/strong>. Ser\u00e1 quinzenal e tratar\u00e1 de temas atuais, com pitadas de religi\u00e3o e de iniciativas no Terceiro Setor.<\/p>\n<p style=\"text-align: justify;\">Na estreia Mattiuzzo parte do &#8220;viral&#8221; do rato na Coca Cola para analisar algumas quest\u00f5es inerentes.<\/p>\n<p style=\"text-align: justify;\"><span style=\"text-decoration: underline;\"><em><span style=\"font-family: verdana,sans-serif;\"><b>O rato da garrafa e a genialidade (in\u00fatil?) do brasileiro<\/b><\/span><\/em><\/span><\/p>\n<p style=\"text-align: justify;\">Essa semana fui surpreendido com a hist\u00f3ria do rato na garrafa de coca cola. Diversas redes sociais mostravam mensagens compartilhadas com uma piada que eu n\u00e3o entendi de imediato.<\/p>\n<p style=\"text-align: justify;\">Eram gatos com r\u00f3tulos de coca cola, garrafas com ratoeiras, um gato supervisionando uma linha de produ\u00e7\u00e3o inteira de refrigerante, enfim; um novo meme ganha destaque. At\u00e9 a\u00ed tudo bem, \u00e9 a mais nova piada da internet e como \u00e0s vezes se faz preciso refrescar a cabe\u00e7a, nada mais interessante que a cultura in\u00fatil, por\u00e9m divertida, para ajudar a n\u00e3o pensar em nada de importante por alguns minutos. Sendo assim, pesquisei rapidamente sobre a tal piada e, para minha surpresa, o que se mostrava ser um assunto corriqueiro e sem sentido \u00e9 na verdade algo alarmante.<\/p>\n<p style=\"text-align: justify;\">N\u00e3o, eu n\u00e3o vou falar do problema do rato dentro da garrafa. Outros seres e objetos j\u00e1 foram encontrados, acidentalmente ou n\u00e3o: essas fatalidades acontecem. Hoje \u00e9 o rato da Coca, ontem foi o suco Ades, o Toddynho j\u00e1 teve seu momento e o caso da soda caustica no leite nem se fala. Se f\u00f4ssemos mencionar todos precisar\u00edamos de muito tempo. A quest\u00e3o recente \u00e9 muito mais assustadora, pois pesquisando o porqu\u00ea das piadinhas, assisti ao v\u00eddeo que deu origem a todo burburinho.<\/p>\n<p style=\"text-align: justify;\">Voc\u00eas assistiram? Eu precisei rever muitas vezes para acreditar que um assunto t\u00e3o s\u00e9rio virou uma brincadeira. Fiquei refletindo e buscando entender como a situa\u00e7\u00e3o se transmutou em piada de sentido totalmente duvidoso.<\/p>\n<p style=\"text-align: justify;\">A hist\u00f3ria real \u00e9 t\u00e3o complicada e absurda que torna o fato de se ter encontrado um rato em uma garrafa de refrigerante totalmente irrelevante. Assistam ao v\u00eddeo e tirem suas pr\u00f3prias conclus\u00f5es. Mas, o pior de tudo \u00e9 ver a criatividade do brasileiro \u2013 cuja originalidade nata \u00e9 reconhecida e, at\u00e9, apreciada em todo o mundo, ser despejada ralo abaixo em piadas que nos fazem rir, quando deveriam nos levar a questionar.<\/p>\n<p style=\"text-align: justify;\">Fiquei pensando se essa hist\u00f3ria tivesse tomado outro rumo: se tivesse seguido os passos das convoca\u00e7\u00f5es virtuais para as manifesta\u00e7\u00f5es que temos visto pelas ruas, assustando outros ratos que precisariam estar presos em celas ao inv\u00e9s de garrafas&#8230; Mas isso \u00e9 assunto para outro artigo&#8230;<\/p>\n<p style=\"text-align: justify;\">J\u00e1 imaginaram se todos publicassem que n\u00e3o ir\u00edamos consumir mais um gole do refrigerante enquanto o caso do senhor do v\u00eddeo n\u00e3o fosse resolvido? Analise a cena: voc\u00ea chega no mercado e ao pegar a garrafa do ratinho algu\u00e9m fala assim:<em> &#8211; \u201cEi, voc\u00ea n\u00e3o est\u00e1 sabendo da nova onda da internet? Estamos em campanha para ajudar a resolver o problema de um irm\u00e3o nosso brasileiro. Eu tamb\u00e9m gosto dessa marca, mas quero ver se mudamos esse pa\u00eds para melhor. Ent\u00e3o, s\u00f3 dessa vez, leve outra marca. Ou, se preferir, pense em sua sa\u00fade e beba mais agua ou suco da fruta.\u201d<\/em><\/p>\n<p style=\"text-align: justify;\">A\u00ed poder\u00edamos tirar a prova se os poderosos realmente calam a Justi\u00e7a. Se pressionam para retardar o processo, pois parece ser uma causa perdida para a Coca Cola e, se mediante seus interesses, eles podem acelerar o processo e chegar a um bom acordo com o cidad\u00e3o brasileiro, que luta por justi\u00e7a contra uma grande multinacional americana. Voc\u00ea realmente n\u00e3o se incomoda com isso?<\/p>\n<p style=\"text-align: justify;\">Vamos fazer um teste: criamos o movimento \u201cResolvam o caso do irm\u00e3o brasileiro ou n\u00e3o consumimos mais seus produtos\u201d. J\u00e1 pensou em piadas onde o ratinho \u00e9 Davi e a Coca Golias? Ou o can\u00e1rio brasileiro, nocauteando a \u00e1guia americana? Ou todos n\u00f3s brasileiros vencendo a injusti\u00e7a e o jogo de interesses onde quem perde \u00e9 sempre a gente?<\/p>\n<p style=\"text-align: justify;\">N\u00e3o \u00e9 nada contra a Coca Cola, ou qualquer outra grande empresa. Isso \u00e9 um alerta ao povo, que ainda n\u00e3o entendeu que faz parte do jogo, que n\u00e3o adianta falar que foi passado para tr\u00e1s, que foi enganado se foi incapaz de ao menos se interessar pelo real fato por tr\u00e1s da not\u00edcia. N\u00e3o s\u00e3o por vinte centavos e nem por um rato em uma garrafa!<\/p>\n<p style=\"text-align: justify;\">Vamos nos mobilizar novamente?<\/p>\n","protected":false},"excerpt":{"rendered":"<p>Temos a estreia de uma nova coluna no Ouro de Tolo. \u00c9 a &#8220;Aglutinando Ideias&#8221;, do especialista no Terceiro Setor e Ministro religioso Marcos Mattiuzzo.Tour Details<\/p>\n","protected":false},"author":24,"featured_media":0,"comment_status":"open","ping_status":"open","sticky":false,"template":"","format":"standard","meta":{"footnotes":""},"categories":[352],"tags":[141,24,6],"class_list":["post-18981","post","type-post","status-publish","format-standard","hentry","category-aglutinando-ideias","tag-alimentos","tag-politica","tag-vida-cotidiana"],"_links":{"self":[{"href":"http:\/\/www.pedromigao.com.br\/ourodetolo\/wp-json\/wp\/v2\/posts\/18981","targetHints":{"allow":["GET"]}}],"collection":[{"href":"http:\/\/www.pedromigao.com.br\/ourodetolo\/wp-json\/wp\/v2\/posts"}],"about":[{"href":"http:\/\/www.pedromigao.com.br\/ourodetolo\/wp-json\/wp\/v2\/types\/post"}],"author":[{"embeddable":true,"href":"http:\/\/www.pedromigao.com.br\/ourodetolo\/wp-json\/wp\/v2\/users\/24"}],"replies":[{"embeddable":true,"href":"http:\/\/www.pedromigao.com.br\/ourodetolo\/wp-json\/wp\/v2\/comments?post=18981"}],"version-history":[{"count":0,"href":"http:\/\/www.pedromigao.com.br\/ourodetolo\/wp-json\/wp\/v2\/posts\/18981\/revisions"}],"wp:attachment":[{"href":"http:\/\/www.pedromigao.com.br\/ourodetolo\/wp-json\/wp\/v2\/media?parent=18981"}],"wp:term":[{"taxonomy":"category","embeddable":true,"href":"http:\/\/www.pedromigao.com.br\/ourodetolo\/wp-json\/wp\/v2\/categories?post=18981"},{"taxonomy":"post_tag","embeddable":true,"href":"http:\/\/www.pedromigao.com.br\/ourodetolo\/wp-json\/wp\/v2\/tags?post=18981"}],"curies":[{"name":"wp","href":"https:\/\/api.w.org\/{rel}","templated":true}]}}